{"id":320332,"date":"2024-01-09T15:06:09","date_gmt":"2024-01-09T18:06:09","guid":{"rendered":"https:\/\/www.notibras.com\/site\/?p=320332"},"modified":"2024-01-09T15:06:09","modified_gmt":"2024-01-09T18:06:09","slug":"assassino-de-dona-de-pastelaria-morre-de-diarreia","status":"publish","type":"post","link":"https:\/\/www.notibras.com\/site\/assassino-de-dona-de-pastelaria-morre-de-diarreia\/","title":{"rendered":"Assassino de dona de pastelaria morre de diarreia"},"content":{"rendered":"<p>Mal pisei na delegacia, o delegado Antunes, com aquela costumeira cara de buldogue velho, me chamou no canto.<\/p>\n<p>&#8211; Cardoso, descubra onde est\u00e1 o filho da puta que matou a Clarice.<\/p>\n<p>&#8211; Clarice? A dona da pastelaria da esquina?<\/p>\n<p>&#8211; Por acaso conhece outra?<\/p>\n<p>&#8211; N\u00e3o, mas n\u00e3o sabia que ela foi assassinada. Ali\u00e1s, conhe\u00e7o, sim, outra Clarice.<\/p>\n<p>&#8211; Qual outra Clarice voc\u00ea conhece, seu mentecapto?<\/p>\n<p>&#8211; A escritora Clarice Lispector.<\/p>\n<p>&#8211; Pare de goza\u00e7\u00e3o e v\u00e1 atr\u00e1s do paradeiro do namorado da Clarice.<\/p>\n<p>Apanhei meu guarda-chuva, um pequeno caderno onde fa\u00e7o anota\u00e7\u00f5es e uma caneta. Voltei para a rua e fui direto para a pastelaria. Ao atravessar, vi algo que me chamou a aten\u00e7\u00e3o: um outdoor de propaganda de lingeries. Isso me fez ligar para o delegado.<\/p>\n<p>&#8211; Cardoso, o que foi agora?<\/p>\n<p>&#8211; \u00c9 que eu queria saber como voc\u00ea sabe que o namorado da Clarice \u00e9 pagodeiro?<\/p>\n<p>&#8211; Como assim?<\/p>\n<p>&#8211; Voc\u00ea falou pra eu ir atr\u00e1s do pagodeiro do namorado da Clarice.<\/p>\n<p>&#8211; N\u00e3o falei nada disso, falei para voc\u00ea ir atr\u00e1s do paradeiro, o local onde pode estar o maldito.<\/p>\n<p>&#8211; Ah, t\u00e1! Estou indo at\u00e9 a pastelaria da esquina ver se encontro algumas pistas. Quer que eu pegue algum pastel?<\/p>\n<p>&#8211; N\u00e3o, seu imbecil! N\u00e3o quero nenhuma porra de pastel! S\u00f3 quero que voc\u00ea volte \u00e0 delegacia com alguma resposta sobre o paradeiro do filho da puta. Paradeiro!!!<\/p>\n<p>Desliguei o celular adentrando a pastelaria. O local estava bem organizado, nem parecia ter havido um crime ali. Fui at\u00e9 o balc\u00e3o, onde estava Giovanna, filha mais velha de Clarice. Ela sorriu mostrando seus belos dentes brancos, retribu\u00ed n\u00e3o mostrando os meus dentes amarelados de cigarro. Quando fui question\u00e1-la sobre o ocorrido, ela me disse que o crime havia ocorrido na casa da sua m\u00e3e, que ficava a duas quadras de onde est\u00e1vamos. Agradeci e fui at\u00e9 a resid\u00eancia da v\u00edtima.<\/p>\n<p>Quando cheguei, encontrei a porta de madeira em peda\u00e7os, a janela de vidro com um enorme buraco. Entrei olhando todos os detalhes poss\u00edveis e imagin\u00e1veis da sala, tirei algumas fotos com o meu celular, fui para os outros c\u00f4modos e repeti os procedimentos.<\/p>\n<p>Anotei algumas coisas no caderninho, n\u00e3o encontrei nenhuma pista de onde poderia estar o namorado da Clarice. No entanto, quando eu estava saindo do banheiro, fui interpelado por um policial, que havia acabado de chegar. Eu o conhecia de vista, mas n\u00e3o sabia seu nome, j\u00e1 que ele era lotado em outra delegacia. Eu me apresentei e, ent\u00e3o, soube que seu nome era Souza.<\/p>\n<p>H\u00e1 anos nesse ramo, sei que existe muita rivalidade entre policiais. Entretanto, Souza me mostrou uma fotografia do suspeito, bem como disse que seu nome era Juvenal. Ele tamb\u00e9m me falou que o delegado Gonzaga h\u00e1 tempos estava atr\u00e1s de Juvenal, que era um perigoso traficante de entorpecentes. Agradeci pelas informa\u00e7\u00f5es e nos despedimos amigavelmente.<\/p>\n<p>Assim que saio da resid\u00eancia da defunta, eis que passa na rua um carro tocando uma m\u00fasica, que eu at\u00e9 agora me pergunto se foi coincid\u00eancia ou galhofa da mente do escritor deste conto, pois estava tocando a m\u00fasica Inara\u00ed do Katinguel\u00ea. Segurei o riso, olhei para o policial Souza, que j\u00e1 estava entrando na viatura e parti.<\/p>\n<p>Perambulei pelo bairro por quase duas horas, mas nenhuma pista. Senti a bexiga estourando. Nisso, entrei no boteco do Bigode e fui ao banheiro. Quando coloquei o meu amigo para fora, eis que comecei a ouvir alguns sons intestinais vindos logo atr\u00e1s. Virei o rosto e, ent\u00e3o, constatei que, apesar da porta fechada, que havia algu\u00e9m sentado no vaso. Os sons eram de uma diarreia digna dos filmes mais escatol\u00f3gicos.<\/p>\n<p>Curioso pra ver a cara do artista, prendi a respira\u00e7\u00e3o para n\u00e3o me sufocar com aquele fedor. De repente, a porta se abriu e, ent\u00e3o, o improv\u00e1vel aconteceu. O dono daqueles peidos era justamente Juvenal, o namorado da pobre Clarice. O sujeito, depois de fazer tanta for\u00e7a para expelir o conte\u00fado das tripas, acabou tendo um infarto e caiu duro na cer\u00e2mica fria do banheiro.<\/p>\n<p>N\u00e3o consegui acreditar na sorte grande. Sem tempo para pensar em bobagens, saquei meu celular e liguei para o delegado Antunes.<\/p>\n<p>&#8211; Doutor, caso resolvido. Encontrei o cag\u00e3o!<\/p>\n","protected":false},"excerpt":{"rendered":"<p>Mal pisei na delegacia, o delegado Antunes, com aquela costumeira cara de buldogue velho, me chamou no canto. &#8211; Cardoso, descubra onde est\u00e1 o filho da puta que matou a Clarice. &#8211; Clarice? A dona da pastelaria da esquina? &#8211; Por acaso conhece outra? &#8211; N\u00e3o, mas n\u00e3o sabia que ela foi assassinada. Ali\u00e1s, conhe\u00e7o, [&hellip;]<\/p>\n","protected":false},"author":2,"featured_media":320333,"comment_status":"closed","ping_status":"closed","sticky":false,"template":"","format":"standard","meta":{"_acf_changed":false,"footnotes":""},"categories":[161],"tags":[],"class_list":["post-320332","post","type-post","status-publish","format-standard","has-post-thumbnail","hentry","category-quadradinho-em-foco"],"acf":[],"yoast_head":"<!-- This site is optimized with the Yoast SEO plugin v27.2 - https:\/\/yoast.com\/product\/yoast-seo-wordpress\/ -->\n<title>Assassino de dona de pastelaria morre de diarreia - Notibras<\/title>\n<meta name=\"robots\" content=\"index, follow, max-snippet:-1, max-image-preview:large, max-video-preview:-1\" \/>\n<link rel=\"canonical\" href=\"https:\/\/www.notibras.com\/site\/assassino-de-dona-de-pastelaria-morre-de-diarreia\/\" \/>\n<meta property=\"og:locale\" content=\"pt_BR\" \/>\n<meta property=\"og:type\" content=\"article\" \/>\n<meta property=\"og:title\" content=\"Assassino de dona de pastelaria morre de diarreia - Notibras\" \/>\n<meta property=\"og:description\" content=\"Mal pisei na delegacia, o delegado Antunes, com aquela costumeira cara de buldogue velho, me chamou no canto. &#8211; Cardoso, descubra onde est\u00e1 o filho da puta que matou a Clarice. &#8211; Clarice? A dona da pastelaria da esquina? &#8211; Por acaso conhece outra? &#8211; N\u00e3o, mas n\u00e3o sabia que ela foi assassinada. Ali\u00e1s, conhe\u00e7o, [&hellip;]\" \/>\n<meta property=\"og:url\" content=\"https:\/\/www.notibras.com\/site\/assassino-de-dona-de-pastelaria-morre-de-diarreia\/\" \/>\n<meta property=\"og:site_name\" content=\"Notibras\" \/>\n<meta property=\"article:publisher\" content=\"https:\/\/www.facebook.com\/notibras\/\" \/>\n<meta property=\"article:published_time\" content=\"2024-01-09T18:06:09+00:00\" \/>\n<meta property=\"og:image\" content=\"https:\/\/www.notibras.com\/site\/wp-content\/uploads\/2024\/01\/5fb2358a-952f-4886-b5e8-76250895a9b0.jpeg\" \/>\n\t<meta property=\"og:image:width\" content=\"1023\" \/>\n\t<meta property=\"og:image:height\" content=\"1280\" \/>\n\t<meta property=\"og:image:type\" content=\"image\/jpeg\" \/>\n<meta name=\"author\" content=\"Reda\u00e7\u00e3o\" \/>\n<meta name=\"twitter:card\" content=\"summary_large_image\" \/>\n<meta name=\"twitter:creator\" content=\"@Notibras\" \/>\n<meta name=\"twitter:site\" content=\"@Notibras\" \/>\n<meta name=\"twitter:label1\" content=\"Escrito por\" \/>\n\t<meta name=\"twitter:data1\" content=\"Reda\u00e7\u00e3o\" \/>\n\t<meta name=\"twitter:label2\" content=\"Est. tempo de leitura\" \/>\n\t<meta name=\"twitter:data2\" content=\"4 minutos\" \/>\n<script type=\"application\/ld+json\" class=\"yoast-schema-graph\">{\"@context\":\"https:\/\/schema.org\",\"@graph\":[{\"@type\":\"Article\",\"@id\":\"https:\/\/www.notibras.com\/site\/assassino-de-dona-de-pastelaria-morre-de-diarreia\/#article\",\"isPartOf\":{\"@id\":\"https:\/\/www.notibras.com\/site\/assassino-de-dona-de-pastelaria-morre-de-diarreia\/\"},\"author\":{\"name\":\"Reda\u00e7\u00e3o\",\"@id\":\"https:\/\/www.notibras.com\/site\/#\/schema\/person\/36ab0979449956132d3e5b517ea76ac8\"},\"headline\":\"Assassino de dona de pastelaria morre de diarreia\",\"datePublished\":\"2024-01-09T18:06:09+00:00\",\"mainEntityOfPage\":{\"@id\":\"https:\/\/www.notibras.com\/site\/assassino-de-dona-de-pastelaria-morre-de-diarreia\/\"},\"wordCount\":751,\"publisher\":{\"@id\":\"https:\/\/www.notibras.com\/site\/#organization\"},\"image\":{\"@id\":\"https:\/\/www.notibras.com\/site\/assassino-de-dona-de-pastelaria-morre-de-diarreia\/#primaryimage\"},\"thumbnailUrl\":\"https:\/\/www.notibras.com\/site\/wp-content\/uploads\/2024\/01\/5fb2358a-952f-4886-b5e8-76250895a9b0.jpeg\",\"articleSection\":[\"Quadradinho em Foco\"],\"inLanguage\":\"pt-BR\"},{\"@type\":\"WebPage\",\"@id\":\"https:\/\/www.notibras.com\/site\/assassino-de-dona-de-pastelaria-morre-de-diarreia\/\",\"url\":\"https:\/\/www.notibras.com\/site\/assassino-de-dona-de-pastelaria-morre-de-diarreia\/\",\"name\":\"Assassino de dona de pastelaria morre de diarreia - Notibras\",\"isPartOf\":{\"@id\":\"https:\/\/www.notibras.com\/site\/#website\"},\"primaryImageOfPage\":{\"@id\":\"https:\/\/www.notibras.com\/site\/assassino-de-dona-de-pastelaria-morre-de-diarreia\/#primaryimage\"},\"image\":{\"@id\":\"https:\/\/www.notibras.com\/site\/assassino-de-dona-de-pastelaria-morre-de-diarreia\/#primaryimage\"},\"thumbnailUrl\":\"https:\/\/www.notibras.com\/site\/wp-content\/uploads\/2024\/01\/5fb2358a-952f-4886-b5e8-76250895a9b0.jpeg\",\"datePublished\":\"2024-01-09T18:06:09+00:00\",\"breadcrumb\":{\"@id\":\"https:\/\/www.notibras.com\/site\/assassino-de-dona-de-pastelaria-morre-de-diarreia\/#breadcrumb\"},\"inLanguage\":\"pt-BR\",\"potentialAction\":[{\"@type\":\"ReadAction\",\"target\":[\"https:\/\/www.notibras.com\/site\/assassino-de-dona-de-pastelaria-morre-de-diarreia\/\"]}]},{\"@type\":\"ImageObject\",\"inLanguage\":\"pt-BR\",\"@id\":\"https:\/\/www.notibras.com\/site\/assassino-de-dona-de-pastelaria-morre-de-diarreia\/#primaryimage\",\"url\":\"https:\/\/www.notibras.com\/site\/wp-content\/uploads\/2024\/01\/5fb2358a-952f-4886-b5e8-76250895a9b0.jpeg\",\"contentUrl\":\"https:\/\/www.notibras.com\/site\/wp-content\/uploads\/2024\/01\/5fb2358a-952f-4886-b5e8-76250895a9b0.jpeg\",\"width\":1023,\"height\":1280},{\"@type\":\"BreadcrumbList\",\"@id\":\"https:\/\/www.notibras.com\/site\/assassino-de-dona-de-pastelaria-morre-de-diarreia\/#breadcrumb\",\"itemListElement\":[{\"@type\":\"ListItem\",\"position\":1,\"name\":\"In\u00edcio\",\"item\":\"https:\/\/www.notibras.com\/site\/\"},{\"@type\":\"ListItem\",\"position\":2,\"name\":\"Assassino de dona de pastelaria morre de diarreia\"}]},{\"@type\":\"WebSite\",\"@id\":\"https:\/\/www.notibras.com\/site\/#website\",\"url\":\"https:\/\/www.notibras.com\/site\/\",\"name\":\"Notibras\",\"description\":\"Not\u00edcias de Bras\u00edlia, do Brasil e do Mundo\",\"publisher\":{\"@id\":\"https:\/\/www.notibras.com\/site\/#organization\"},\"potentialAction\":[{\"@type\":\"SearchAction\",\"target\":{\"@type\":\"EntryPoint\",\"urlTemplate\":\"https:\/\/www.notibras.com\/site\/?s={search_term_string}\"},\"query-input\":{\"@type\":\"PropertyValueSpecification\",\"valueRequired\":true,\"valueName\":\"search_term_string\"}}],\"inLanguage\":\"pt-BR\"},{\"@type\":\"Organization\",\"@id\":\"https:\/\/www.notibras.com\/site\/#organization\",\"name\":\"Grupo Notibras de Comunica\u00e7\u00e3o\",\"url\":\"https:\/\/www.notibras.com\/site\/\",\"logo\":{\"@type\":\"ImageObject\",\"inLanguage\":\"pt-BR\",\"@id\":\"https:\/\/www.notibras.com\/site\/#\/schema\/logo\/image\/\",\"url\":\"https:\/\/www.notibras.com\/site\/wp-content\/uploads\/2023\/01\/notibras23.png\",\"contentUrl\":\"https:\/\/www.notibras.com\/site\/wp-content\/uploads\/2023\/01\/notibras23.png\",\"width\":350,\"height\":87,\"caption\":\"Grupo Notibras de Comunica\u00e7\u00e3o\"},\"image\":{\"@id\":\"https:\/\/www.notibras.com\/site\/#\/schema\/logo\/image\/\"},\"sameAs\":[\"https:\/\/www.facebook.com\/notibras\/\",\"https:\/\/x.com\/Notibras\",\"https:\/\/www.instagram.com\/notibras\/\"]},{\"@type\":\"Person\",\"@id\":\"https:\/\/www.notibras.com\/site\/#\/schema\/person\/36ab0979449956132d3e5b517ea76ac8\",\"name\":\"Reda\u00e7\u00e3o\",\"image\":{\"@type\":\"ImageObject\",\"inLanguage\":\"pt-BR\",\"@id\":\"https:\/\/secure.gravatar.com\/avatar\/e0a867bdedb85fd243eadf09663511f96fc81e0720a4a42581f334ad4303aa6b?s=96&d=mm&r=g\",\"url\":\"https:\/\/secure.gravatar.com\/avatar\/e0a867bdedb85fd243eadf09663511f96fc81e0720a4a42581f334ad4303aa6b?s=96&d=mm&r=g\",\"contentUrl\":\"https:\/\/secure.gravatar.com\/avatar\/e0a867bdedb85fd243eadf09663511f96fc81e0720a4a42581f334ad4303aa6b?s=96&d=mm&r=g\",\"caption\":\"Reda\u00e7\u00e3o\"}}]}<\/script>\n<!-- \/ Yoast SEO plugin. -->","yoast_head_json":{"title":"Assassino de dona de pastelaria morre de diarreia - Notibras","robots":{"index":"index","follow":"follow","max-snippet":"max-snippet:-1","max-image-preview":"max-image-preview:large","max-video-preview":"max-video-preview:-1"},"canonical":"https:\/\/www.notibras.com\/site\/assassino-de-dona-de-pastelaria-morre-de-diarreia\/","og_locale":"pt_BR","og_type":"article","og_title":"Assassino de dona de pastelaria morre de diarreia - Notibras","og_description":"Mal pisei na delegacia, o delegado Antunes, com aquela costumeira cara de buldogue velho, me chamou no canto. &#8211; Cardoso, descubra onde est\u00e1 o filho da puta que matou a Clarice. &#8211; Clarice? A dona da pastelaria da esquina? &#8211; Por acaso conhece outra? &#8211; N\u00e3o, mas n\u00e3o sabia que ela foi assassinada. Ali\u00e1s, conhe\u00e7o, [&hellip;]","og_url":"https:\/\/www.notibras.com\/site\/assassino-de-dona-de-pastelaria-morre-de-diarreia\/","og_site_name":"Notibras","article_publisher":"https:\/\/www.facebook.com\/notibras\/","article_published_time":"2024-01-09T18:06:09+00:00","og_image":[{"width":1023,"height":1280,"url":"https:\/\/www.notibras.com\/site\/wp-content\/uploads\/2024\/01\/5fb2358a-952f-4886-b5e8-76250895a9b0.jpeg","type":"image\/jpeg"}],"author":"Reda\u00e7\u00e3o","twitter_card":"summary_large_image","twitter_creator":"@Notibras","twitter_site":"@Notibras","twitter_misc":{"Escrito por":"Reda\u00e7\u00e3o","Est. tempo de leitura":"4 minutos"},"schema":{"@context":"https:\/\/schema.org","@graph":[{"@type":"Article","@id":"https:\/\/www.notibras.com\/site\/assassino-de-dona-de-pastelaria-morre-de-diarreia\/#article","isPartOf":{"@id":"https:\/\/www.notibras.com\/site\/assassino-de-dona-de-pastelaria-morre-de-diarreia\/"},"author":{"name":"Reda\u00e7\u00e3o","@id":"https:\/\/www.notibras.com\/site\/#\/schema\/person\/36ab0979449956132d3e5b517ea76ac8"},"headline":"Assassino de dona de pastelaria morre de diarreia","datePublished":"2024-01-09T18:06:09+00:00","mainEntityOfPage":{"@id":"https:\/\/www.notibras.com\/site\/assassino-de-dona-de-pastelaria-morre-de-diarreia\/"},"wordCount":751,"publisher":{"@id":"https:\/\/www.notibras.com\/site\/#organization"},"image":{"@id":"https:\/\/www.notibras.com\/site\/assassino-de-dona-de-pastelaria-morre-de-diarreia\/#primaryimage"},"thumbnailUrl":"https:\/\/www.notibras.com\/site\/wp-content\/uploads\/2024\/01\/5fb2358a-952f-4886-b5e8-76250895a9b0.jpeg","articleSection":["Quadradinho em Foco"],"inLanguage":"pt-BR"},{"@type":"WebPage","@id":"https:\/\/www.notibras.com\/site\/assassino-de-dona-de-pastelaria-morre-de-diarreia\/","url":"https:\/\/www.notibras.com\/site\/assassino-de-dona-de-pastelaria-morre-de-diarreia\/","name":"Assassino de dona de pastelaria morre de diarreia - Notibras","isPartOf":{"@id":"https:\/\/www.notibras.com\/site\/#website"},"primaryImageOfPage":{"@id":"https:\/\/www.notibras.com\/site\/assassino-de-dona-de-pastelaria-morre-de-diarreia\/#primaryimage"},"image":{"@id":"https:\/\/www.notibras.com\/site\/assassino-de-dona-de-pastelaria-morre-de-diarreia\/#primaryimage"},"thumbnailUrl":"https:\/\/www.notibras.com\/site\/wp-content\/uploads\/2024\/01\/5fb2358a-952f-4886-b5e8-76250895a9b0.jpeg","datePublished":"2024-01-09T18:06:09+00:00","breadcrumb":{"@id":"https:\/\/www.notibras.com\/site\/assassino-de-dona-de-pastelaria-morre-de-diarreia\/#breadcrumb"},"inLanguage":"pt-BR","potentialAction":[{"@type":"ReadAction","target":["https:\/\/www.notibras.com\/site\/assassino-de-dona-de-pastelaria-morre-de-diarreia\/"]}]},{"@type":"ImageObject","inLanguage":"pt-BR","@id":"https:\/\/www.notibras.com\/site\/assassino-de-dona-de-pastelaria-morre-de-diarreia\/#primaryimage","url":"https:\/\/www.notibras.com\/site\/wp-content\/uploads\/2024\/01\/5fb2358a-952f-4886-b5e8-76250895a9b0.jpeg","contentUrl":"https:\/\/www.notibras.com\/site\/wp-content\/uploads\/2024\/01\/5fb2358a-952f-4886-b5e8-76250895a9b0.jpeg","width":1023,"height":1280},{"@type":"BreadcrumbList","@id":"https:\/\/www.notibras.com\/site\/assassino-de-dona-de-pastelaria-morre-de-diarreia\/#breadcrumb","itemListElement":[{"@type":"ListItem","position":1,"name":"In\u00edcio","item":"https:\/\/www.notibras.com\/site\/"},{"@type":"ListItem","position":2,"name":"Assassino de dona de pastelaria morre de diarreia"}]},{"@type":"WebSite","@id":"https:\/\/www.notibras.com\/site\/#website","url":"https:\/\/www.notibras.com\/site\/","name":"Notibras","description":"Not\u00edcias de Bras\u00edlia, do Brasil e do Mundo","publisher":{"@id":"https:\/\/www.notibras.com\/site\/#organization"},"potentialAction":[{"@type":"SearchAction","target":{"@type":"EntryPoint","urlTemplate":"https:\/\/www.notibras.com\/site\/?s={search_term_string}"},"query-input":{"@type":"PropertyValueSpecification","valueRequired":true,"valueName":"search_term_string"}}],"inLanguage":"pt-BR"},{"@type":"Organization","@id":"https:\/\/www.notibras.com\/site\/#organization","name":"Grupo Notibras de Comunica\u00e7\u00e3o","url":"https:\/\/www.notibras.com\/site\/","logo":{"@type":"ImageObject","inLanguage":"pt-BR","@id":"https:\/\/www.notibras.com\/site\/#\/schema\/logo\/image\/","url":"https:\/\/www.notibras.com\/site\/wp-content\/uploads\/2023\/01\/notibras23.png","contentUrl":"https:\/\/www.notibras.com\/site\/wp-content\/uploads\/2023\/01\/notibras23.png","width":350,"height":87,"caption":"Grupo Notibras de Comunica\u00e7\u00e3o"},"image":{"@id":"https:\/\/www.notibras.com\/site\/#\/schema\/logo\/image\/"},"sameAs":["https:\/\/www.facebook.com\/notibras\/","https:\/\/x.com\/Notibras","https:\/\/www.instagram.com\/notibras\/"]},{"@type":"Person","@id":"https:\/\/www.notibras.com\/site\/#\/schema\/person\/36ab0979449956132d3e5b517ea76ac8","name":"Reda\u00e7\u00e3o","image":{"@type":"ImageObject","inLanguage":"pt-BR","@id":"https:\/\/secure.gravatar.com\/avatar\/e0a867bdedb85fd243eadf09663511f96fc81e0720a4a42581f334ad4303aa6b?s=96&d=mm&r=g","url":"https:\/\/secure.gravatar.com\/avatar\/e0a867bdedb85fd243eadf09663511f96fc81e0720a4a42581f334ad4303aa6b?s=96&d=mm&r=g","contentUrl":"https:\/\/secure.gravatar.com\/avatar\/e0a867bdedb85fd243eadf09663511f96fc81e0720a4a42581f334ad4303aa6b?s=96&d=mm&r=g","caption":"Reda\u00e7\u00e3o"}}]}},"amp_enabled":true,"_links":{"self":[{"href":"https:\/\/www.notibras.com\/site\/wp-json\/wp\/v2\/posts\/320332","targetHints":{"allow":["GET"]}}],"collection":[{"href":"https:\/\/www.notibras.com\/site\/wp-json\/wp\/v2\/posts"}],"about":[{"href":"https:\/\/www.notibras.com\/site\/wp-json\/wp\/v2\/types\/post"}],"author":[{"embeddable":true,"href":"https:\/\/www.notibras.com\/site\/wp-json\/wp\/v2\/users\/2"}],"replies":[{"embeddable":true,"href":"https:\/\/www.notibras.com\/site\/wp-json\/wp\/v2\/comments?post=320332"}],"version-history":[{"count":1,"href":"https:\/\/www.notibras.com\/site\/wp-json\/wp\/v2\/posts\/320332\/revisions"}],"predecessor-version":[{"id":320334,"href":"https:\/\/www.notibras.com\/site\/wp-json\/wp\/v2\/posts\/320332\/revisions\/320334"}],"wp:featuredmedia":[{"embeddable":true,"href":"https:\/\/www.notibras.com\/site\/wp-json\/wp\/v2\/media\/320333"}],"wp:attachment":[{"href":"https:\/\/www.notibras.com\/site\/wp-json\/wp\/v2\/media?parent=320332"}],"wp:term":[{"taxonomy":"category","embeddable":true,"href":"https:\/\/www.notibras.com\/site\/wp-json\/wp\/v2\/categories?post=320332"},{"taxonomy":"post_tag","embeddable":true,"href":"https:\/\/www.notibras.com\/site\/wp-json\/wp\/v2\/tags?post=320332"}],"curies":[{"name":"wp","href":"https:\/\/api.w.org\/{rel}","templated":true}]}}