{"id":320335,"date":"2024-01-09T00:26:32","date_gmt":"2024-01-09T03:26:32","guid":{"rendered":"https:\/\/www.notibras.com\/site\/?p=320335"},"modified":"2024-01-09T15:28:43","modified_gmt":"2024-01-09T18:28:43","slug":"contribuintes-ja-indicaram-24-mi-de-reais-em-creditos","status":"publish","type":"post","link":"https:\/\/www.notibras.com\/site\/contribuintes-ja-indicaram-24-mi-de-reais-em-creditos\/","title":{"rendered":"Contribuintes j\u00e1 indicaram 24 mi de reais em cr\u00e9ditos"},"content":{"rendered":"<p>J\u00e1 est\u00e1 valendo o prazo para os contribuintes do Distrito Federal indicarem o cr\u00e9dito do Nota Legal. Segundo a Secretaria de Fazenda do DF (Sefaz-DF), at\u00e9 a tarde desta segunda-feira (8) haviam sido indicados mais de R$ 23,5 milh\u00f5es em cr\u00e9ditos, que poder\u00e3o resultar em abatimentos no IPVA ou no IPTU de 2024. Ao todo, foram quase 87 mil indica\u00e7\u00f5es feitas por contribuintes.<\/p>\n<p>Deste total, 74% dos cr\u00e9ditos foram indicados para abatimentos no IPVA deste ano \u2013 percentual que corresponde a um valor de quase R$ 17 milh\u00f5es. Os abatimentos no IPTU, por sua vez, ultrapassam R$ 5,75 milh\u00f5es.<\/p>\n<p>Para indicar os cr\u00e9ditos, \u00e9 necess\u00e1rio acessar o site do Nota Legal e informar dados pessoais, como identidade (RG) e Cadastro de Pessoa F\u00edsica (CPF). O cadastro deve ser realizado at\u00e9 31 de janeiro e \u00e9 imprescind\u00edvel que as informa\u00e7\u00f5es fornecidas estejam em conformidade com a base de dados da Receita Federal.<\/p>\n<p>Quem se cadastrou em anos anteriores tamb\u00e9m deve acessar o endere\u00e7o eletr\u00f4nico para atualizar os dados pessoais. S\u00f3 assim ser\u00e1 poss\u00edvel emitir o boleto banc\u00e1rio com o valor atualizado dos impostos.<\/p>\n<p>Atualmente, o DF conta com 800 mil consumidores n\u00e3o cadastrados no programa e com saldo acima de R$ 25. Esses contribuintes tamb\u00e9m podem utilizar os respectivos cr\u00e9ditos, desde que possuam im\u00f3vel ou ve\u00edculo em seu nome.<\/p>\n<p><strong>Aten\u00e7\u00e3o<\/strong><br \/>\nOs cr\u00e9ditos do Nota Legal s\u00e3o pessoais e intransfer\u00edveis, ou seja, para o abatimento no IPVA ou IPTU, \u00e9 preciso que o bem seja de propriedade do contribuinte.<\/p>\n<p>No caso do imposto incidente sobre autom\u00f3veis, os dados do ve\u00edculo em quest\u00e3o devem estar em conformidade com o cadastro junto ao Departamento de Tr\u00e2nsito do Distrito Federal (Detran). Para abatimento no IPTU, \u00e9 necess\u00e1rio comprovar a posse do im\u00f3vel.<\/p>\n<p>Contribuintes que n\u00e3o possuem bens tribut\u00e1veis podem requerer o pagamento dos cr\u00e9ditos em dinheiro. A modalidade s\u00f3 ser\u00e1 disponibilizada a partir de 1\u00ba de junho. Nesse caso, tamb\u00e9m \u00e9 preciso acessar a plataforma do programa e cadastrar os dados pessoais para dep\u00f3sito em conta corrente ou poupan\u00e7a.<\/p>\n<p><strong>O programa<\/strong><br \/>\nCriado em 2008, o Nota Legal, al\u00e9m de possibilitar a redu\u00e7\u00e3o dos encargos, estimula a emiss\u00e3o de notas fiscais em todo territ\u00f3rio do DF, impulsionando o combate \u00e0 informalidade e fortalece a arrecada\u00e7\u00e3o do Imposto sobre Circula\u00e7\u00e3o de Mercadorias e Servi\u00e7os (ICMS) e do Imposto Sobre Servi\u00e7os de Qualquer Natureza (ISS).<\/p>\n<p>Toda vez que \u00e9 emitida a nota fiscal, o cliente e o tomador de servi\u00e7os est\u00e3o contribuindo para que o Estado obtenha meios de arrecadar recursos que s\u00e3o revertidos em infraestrutura para a cidade. Al\u00e9m disso, o programa objetiva refor\u00e7ar, junto ao contribuinte, a import\u00e2ncia da tributa\u00e7\u00e3o, j\u00e1 que os tributos exercem fun\u00e7\u00e3o socioecon\u00f4mica e viabilizam a\u00e7\u00f5es em benef\u00edcio da sociedade.<\/p>\n<p>Quem participa do programa tamb\u00e9m concorre ao Sorteio do Programa do Nota Legal (PNL), que ocorre duas vezes ao ano com premia\u00e7\u00e3o de 12,6 mil bilhetes, totalizando R$ 3 milh\u00f5es em pr\u00eamios. O maior pr\u00eamio concede ao ganhador um valor total de R$ 500 mil em dinheiro.<\/p>\n","protected":false},"excerpt":{"rendered":"<p>J\u00e1 est\u00e1 valendo o prazo para os contribuintes do Distrito Federal indicarem o cr\u00e9dito do Nota Legal. Segundo a Secretaria de Fazenda do DF (Sefaz-DF), at\u00e9 a tarde desta segunda-feira (8) haviam sido indicados mais de R$ 23,5 milh\u00f5es em cr\u00e9ditos, que poder\u00e3o resultar em abatimentos no IPVA ou no IPTU de 2024. Ao todo, [&hellip;]<\/p>\n","protected":false},"author":2,"featured_media":320336,"comment_status":"closed","ping_status":"closed","sticky":false,"template":"","format":"standard","meta":{"_acf_changed":false,"footnotes":""},"categories":[161],"tags":[],"class_list":["post-320335","post","type-post","status-publish","format-standard","has-post-thumbnail","hentry","category-quadradinho-em-foco"],"acf":[],"yoast_head":"<!-- This site is optimized with the Yoast SEO plugin v27.2 - https:\/\/yoast.com\/product\/yoast-seo-wordpress\/ -->\n<title>Contribuintes j\u00e1 indicaram 24 mi de reais em cr\u00e9ditos - Notibras<\/title>\n<meta name=\"robots\" content=\"index, follow, max-snippet:-1, max-image-preview:large, max-video-preview:-1\" \/>\n<link rel=\"canonical\" href=\"https:\/\/www.notibras.com\/site\/contribuintes-ja-indicaram-24-mi-de-reais-em-creditos\/\" \/>\n<meta property=\"og:locale\" content=\"pt_BR\" \/>\n<meta property=\"og:type\" content=\"article\" \/>\n<meta property=\"og:title\" content=\"Contribuintes j\u00e1 indicaram 24 mi de reais em cr\u00e9ditos - Notibras\" \/>\n<meta property=\"og:description\" content=\"J\u00e1 est\u00e1 valendo o prazo para os contribuintes do Distrito Federal indicarem o cr\u00e9dito do Nota Legal. Segundo a Secretaria de Fazenda do DF (Sefaz-DF), at\u00e9 a tarde desta segunda-feira (8) haviam sido indicados mais de R$ 23,5 milh\u00f5es em cr\u00e9ditos, que poder\u00e3o resultar em abatimentos no IPVA ou no IPTU de 2024. Ao todo, [&hellip;]\" \/>\n<meta property=\"og:url\" content=\"https:\/\/www.notibras.com\/site\/contribuintes-ja-indicaram-24-mi-de-reais-em-creditos\/\" \/>\n<meta property=\"og:site_name\" content=\"Notibras\" \/>\n<meta property=\"article:publisher\" content=\"https:\/\/www.facebook.com\/notibras\/\" \/>\n<meta property=\"article:published_time\" content=\"2024-01-09T03:26:32+00:00\" \/>\n<meta property=\"article:modified_time\" content=\"2024-01-09T18:28:43+00:00\" \/>\n<meta property=\"og:image\" content=\"https:\/\/www.notibras.com\/site\/wp-content\/uploads\/2024\/01\/notalegal.31.jpg\" \/>\n\t<meta property=\"og:image:width\" content=\"2560\" \/>\n\t<meta property=\"og:image:height\" content=\"1707\" \/>\n\t<meta property=\"og:image:type\" content=\"image\/jpeg\" \/>\n<meta name=\"author\" content=\"Reda\u00e7\u00e3o\" \/>\n<meta name=\"twitter:card\" content=\"summary_large_image\" \/>\n<meta name=\"twitter:creator\" content=\"@Notibras\" \/>\n<meta name=\"twitter:site\" content=\"@Notibras\" \/>\n<meta name=\"twitter:label1\" content=\"Escrito por\" \/>\n\t<meta name=\"twitter:data1\" content=\"Reda\u00e7\u00e3o\" \/>\n\t<meta name=\"twitter:label2\" content=\"Est. tempo de leitura\" \/>\n\t<meta name=\"twitter:data2\" content=\"3 minutos\" \/>\n<script type=\"application\/ld+json\" class=\"yoast-schema-graph\">{\"@context\":\"https:\/\/schema.org\",\"@graph\":[{\"@type\":\"Article\",\"@id\":\"https:\/\/www.notibras.com\/site\/contribuintes-ja-indicaram-24-mi-de-reais-em-creditos\/#article\",\"isPartOf\":{\"@id\":\"https:\/\/www.notibras.com\/site\/contribuintes-ja-indicaram-24-mi-de-reais-em-creditos\/\"},\"author\":{\"name\":\"Reda\u00e7\u00e3o\",\"@id\":\"https:\/\/www.notibras.com\/site\/#\/schema\/person\/36ab0979449956132d3e5b517ea76ac8\"},\"headline\":\"Contribuintes j\u00e1 indicaram 24 mi de reais em cr\u00e9ditos\",\"datePublished\":\"2024-01-09T03:26:32+00:00\",\"dateModified\":\"2024-01-09T18:28:43+00:00\",\"mainEntityOfPage\":{\"@id\":\"https:\/\/www.notibras.com\/site\/contribuintes-ja-indicaram-24-mi-de-reais-em-creditos\/\"},\"wordCount\":544,\"publisher\":{\"@id\":\"https:\/\/www.notibras.com\/site\/#organization\"},\"image\":{\"@id\":\"https:\/\/www.notibras.com\/site\/contribuintes-ja-indicaram-24-mi-de-reais-em-creditos\/#primaryimage\"},\"thumbnailUrl\":\"https:\/\/www.notibras.com\/site\/wp-content\/uploads\/2024\/01\/notalegal.31.jpg\",\"articleSection\":[\"Quadradinho em Foco\"],\"inLanguage\":\"pt-BR\"},{\"@type\":\"WebPage\",\"@id\":\"https:\/\/www.notibras.com\/site\/contribuintes-ja-indicaram-24-mi-de-reais-em-creditos\/\",\"url\":\"https:\/\/www.notibras.com\/site\/contribuintes-ja-indicaram-24-mi-de-reais-em-creditos\/\",\"name\":\"Contribuintes j\u00e1 indicaram 24 mi de reais em cr\u00e9ditos - Notibras\",\"isPartOf\":{\"@id\":\"https:\/\/www.notibras.com\/site\/#website\"},\"primaryImageOfPage\":{\"@id\":\"https:\/\/www.notibras.com\/site\/contribuintes-ja-indicaram-24-mi-de-reais-em-creditos\/#primaryimage\"},\"image\":{\"@id\":\"https:\/\/www.notibras.com\/site\/contribuintes-ja-indicaram-24-mi-de-reais-em-creditos\/#primaryimage\"},\"thumbnailUrl\":\"https:\/\/www.notibras.com\/site\/wp-content\/uploads\/2024\/01\/notalegal.31.jpg\",\"datePublished\":\"2024-01-09T03:26:32+00:00\",\"dateModified\":\"2024-01-09T18:28:43+00:00\",\"breadcrumb\":{\"@id\":\"https:\/\/www.notibras.com\/site\/contribuintes-ja-indicaram-24-mi-de-reais-em-creditos\/#breadcrumb\"},\"inLanguage\":\"pt-BR\",\"potentialAction\":[{\"@type\":\"ReadAction\",\"target\":[\"https:\/\/www.notibras.com\/site\/contribuintes-ja-indicaram-24-mi-de-reais-em-creditos\/\"]}]},{\"@type\":\"ImageObject\",\"inLanguage\":\"pt-BR\",\"@id\":\"https:\/\/www.notibras.com\/site\/contribuintes-ja-indicaram-24-mi-de-reais-em-creditos\/#primaryimage\",\"url\":\"https:\/\/www.notibras.com\/site\/wp-content\/uploads\/2024\/01\/notalegal.31.jpg\",\"contentUrl\":\"https:\/\/www.notibras.com\/site\/wp-content\/uploads\/2024\/01\/notalegal.31.jpg\",\"width\":2560,\"height\":1707},{\"@type\":\"BreadcrumbList\",\"@id\":\"https:\/\/www.notibras.com\/site\/contribuintes-ja-indicaram-24-mi-de-reais-em-creditos\/#breadcrumb\",\"itemListElement\":[{\"@type\":\"ListItem\",\"position\":1,\"name\":\"In\u00edcio\",\"item\":\"https:\/\/www.notibras.com\/site\/\"},{\"@type\":\"ListItem\",\"position\":2,\"name\":\"Contribuintes j\u00e1 indicaram 24 mi de reais em cr\u00e9ditos\"}]},{\"@type\":\"WebSite\",\"@id\":\"https:\/\/www.notibras.com\/site\/#website\",\"url\":\"https:\/\/www.notibras.com\/site\/\",\"name\":\"Notibras\",\"description\":\"Not\u00edcias de Bras\u00edlia, do Brasil e do Mundo\",\"publisher\":{\"@id\":\"https:\/\/www.notibras.com\/site\/#organization\"},\"potentialAction\":[{\"@type\":\"SearchAction\",\"target\":{\"@type\":\"EntryPoint\",\"urlTemplate\":\"https:\/\/www.notibras.com\/site\/?s={search_term_string}\"},\"query-input\":{\"@type\":\"PropertyValueSpecification\",\"valueRequired\":true,\"valueName\":\"search_term_string\"}}],\"inLanguage\":\"pt-BR\"},{\"@type\":\"Organization\",\"@id\":\"https:\/\/www.notibras.com\/site\/#organization\",\"name\":\"Grupo Notibras de Comunica\u00e7\u00e3o\",\"url\":\"https:\/\/www.notibras.com\/site\/\",\"logo\":{\"@type\":\"ImageObject\",\"inLanguage\":\"pt-BR\",\"@id\":\"https:\/\/www.notibras.com\/site\/#\/schema\/logo\/image\/\",\"url\":\"https:\/\/www.notibras.com\/site\/wp-content\/uploads\/2023\/01\/notibras23.png\",\"contentUrl\":\"https:\/\/www.notibras.com\/site\/wp-content\/uploads\/2023\/01\/notibras23.png\",\"width\":350,\"height\":87,\"caption\":\"Grupo Notibras de Comunica\u00e7\u00e3o\"},\"image\":{\"@id\":\"https:\/\/www.notibras.com\/site\/#\/schema\/logo\/image\/\"},\"sameAs\":[\"https:\/\/www.facebook.com\/notibras\/\",\"https:\/\/x.com\/Notibras\",\"https:\/\/www.instagram.com\/notibras\/\"]},{\"@type\":\"Person\",\"@id\":\"https:\/\/www.notibras.com\/site\/#\/schema\/person\/36ab0979449956132d3e5b517ea76ac8\",\"name\":\"Reda\u00e7\u00e3o\",\"image\":{\"@type\":\"ImageObject\",\"inLanguage\":\"pt-BR\",\"@id\":\"https:\/\/secure.gravatar.com\/avatar\/e0a867bdedb85fd243eadf09663511f96fc81e0720a4a42581f334ad4303aa6b?s=96&d=mm&r=g\",\"url\":\"https:\/\/secure.gravatar.com\/avatar\/e0a867bdedb85fd243eadf09663511f96fc81e0720a4a42581f334ad4303aa6b?s=96&d=mm&r=g\",\"contentUrl\":\"https:\/\/secure.gravatar.com\/avatar\/e0a867bdedb85fd243eadf09663511f96fc81e0720a4a42581f334ad4303aa6b?s=96&d=mm&r=g\",\"caption\":\"Reda\u00e7\u00e3o\"}}]}<\/script>\n<!-- \/ Yoast SEO plugin. -->","yoast_head_json":{"title":"Contribuintes j\u00e1 indicaram 24 mi de reais em cr\u00e9ditos - Notibras","robots":{"index":"index","follow":"follow","max-snippet":"max-snippet:-1","max-image-preview":"max-image-preview:large","max-video-preview":"max-video-preview:-1"},"canonical":"https:\/\/www.notibras.com\/site\/contribuintes-ja-indicaram-24-mi-de-reais-em-creditos\/","og_locale":"pt_BR","og_type":"article","og_title":"Contribuintes j\u00e1 indicaram 24 mi de reais em cr\u00e9ditos - Notibras","og_description":"J\u00e1 est\u00e1 valendo o prazo para os contribuintes do Distrito Federal indicarem o cr\u00e9dito do Nota Legal. Segundo a Secretaria de Fazenda do DF (Sefaz-DF), at\u00e9 a tarde desta segunda-feira (8) haviam sido indicados mais de R$ 23,5 milh\u00f5es em cr\u00e9ditos, que poder\u00e3o resultar em abatimentos no IPVA ou no IPTU de 2024. Ao todo, [&hellip;]","og_url":"https:\/\/www.notibras.com\/site\/contribuintes-ja-indicaram-24-mi-de-reais-em-creditos\/","og_site_name":"Notibras","article_publisher":"https:\/\/www.facebook.com\/notibras\/","article_published_time":"2024-01-09T03:26:32+00:00","article_modified_time":"2024-01-09T18:28:43+00:00","og_image":[{"width":2560,"height":1707,"url":"https:\/\/www.notibras.com\/site\/wp-content\/uploads\/2024\/01\/notalegal.31.jpg","type":"image\/jpeg"}],"author":"Reda\u00e7\u00e3o","twitter_card":"summary_large_image","twitter_creator":"@Notibras","twitter_site":"@Notibras","twitter_misc":{"Escrito por":"Reda\u00e7\u00e3o","Est. tempo de leitura":"3 minutos"},"schema":{"@context":"https:\/\/schema.org","@graph":[{"@type":"Article","@id":"https:\/\/www.notibras.com\/site\/contribuintes-ja-indicaram-24-mi-de-reais-em-creditos\/#article","isPartOf":{"@id":"https:\/\/www.notibras.com\/site\/contribuintes-ja-indicaram-24-mi-de-reais-em-creditos\/"},"author":{"name":"Reda\u00e7\u00e3o","@id":"https:\/\/www.notibras.com\/site\/#\/schema\/person\/36ab0979449956132d3e5b517ea76ac8"},"headline":"Contribuintes j\u00e1 indicaram 24 mi de reais em cr\u00e9ditos","datePublished":"2024-01-09T03:26:32+00:00","dateModified":"2024-01-09T18:28:43+00:00","mainEntityOfPage":{"@id":"https:\/\/www.notibras.com\/site\/contribuintes-ja-indicaram-24-mi-de-reais-em-creditos\/"},"wordCount":544,"publisher":{"@id":"https:\/\/www.notibras.com\/site\/#organization"},"image":{"@id":"https:\/\/www.notibras.com\/site\/contribuintes-ja-indicaram-24-mi-de-reais-em-creditos\/#primaryimage"},"thumbnailUrl":"https:\/\/www.notibras.com\/site\/wp-content\/uploads\/2024\/01\/notalegal.31.jpg","articleSection":["Quadradinho em Foco"],"inLanguage":"pt-BR"},{"@type":"WebPage","@id":"https:\/\/www.notibras.com\/site\/contribuintes-ja-indicaram-24-mi-de-reais-em-creditos\/","url":"https:\/\/www.notibras.com\/site\/contribuintes-ja-indicaram-24-mi-de-reais-em-creditos\/","name":"Contribuintes j\u00e1 indicaram 24 mi de reais em cr\u00e9ditos - Notibras","isPartOf":{"@id":"https:\/\/www.notibras.com\/site\/#website"},"primaryImageOfPage":{"@id":"https:\/\/www.notibras.com\/site\/contribuintes-ja-indicaram-24-mi-de-reais-em-creditos\/#primaryimage"},"image":{"@id":"https:\/\/www.notibras.com\/site\/contribuintes-ja-indicaram-24-mi-de-reais-em-creditos\/#primaryimage"},"thumbnailUrl":"https:\/\/www.notibras.com\/site\/wp-content\/uploads\/2024\/01\/notalegal.31.jpg","datePublished":"2024-01-09T03:26:32+00:00","dateModified":"2024-01-09T18:28:43+00:00","breadcrumb":{"@id":"https:\/\/www.notibras.com\/site\/contribuintes-ja-indicaram-24-mi-de-reais-em-creditos\/#breadcrumb"},"inLanguage":"pt-BR","potentialAction":[{"@type":"ReadAction","target":["https:\/\/www.notibras.com\/site\/contribuintes-ja-indicaram-24-mi-de-reais-em-creditos\/"]}]},{"@type":"ImageObject","inLanguage":"pt-BR","@id":"https:\/\/www.notibras.com\/site\/contribuintes-ja-indicaram-24-mi-de-reais-em-creditos\/#primaryimage","url":"https:\/\/www.notibras.com\/site\/wp-content\/uploads\/2024\/01\/notalegal.31.jpg","contentUrl":"https:\/\/www.notibras.com\/site\/wp-content\/uploads\/2024\/01\/notalegal.31.jpg","width":2560,"height":1707},{"@type":"BreadcrumbList","@id":"https:\/\/www.notibras.com\/site\/contribuintes-ja-indicaram-24-mi-de-reais-em-creditos\/#breadcrumb","itemListElement":[{"@type":"ListItem","position":1,"name":"In\u00edcio","item":"https:\/\/www.notibras.com\/site\/"},{"@type":"ListItem","position":2,"name":"Contribuintes j\u00e1 indicaram 24 mi de reais em cr\u00e9ditos"}]},{"@type":"WebSite","@id":"https:\/\/www.notibras.com\/site\/#website","url":"https:\/\/www.notibras.com\/site\/","name":"Notibras","description":"Not\u00edcias de Bras\u00edlia, do Brasil e do Mundo","publisher":{"@id":"https:\/\/www.notibras.com\/site\/#organization"},"potentialAction":[{"@type":"SearchAction","target":{"@type":"EntryPoint","urlTemplate":"https:\/\/www.notibras.com\/site\/?s={search_term_string}"},"query-input":{"@type":"PropertyValueSpecification","valueRequired":true,"valueName":"search_term_string"}}],"inLanguage":"pt-BR"},{"@type":"Organization","@id":"https:\/\/www.notibras.com\/site\/#organization","name":"Grupo Notibras de Comunica\u00e7\u00e3o","url":"https:\/\/www.notibras.com\/site\/","logo":{"@type":"ImageObject","inLanguage":"pt-BR","@id":"https:\/\/www.notibras.com\/site\/#\/schema\/logo\/image\/","url":"https:\/\/www.notibras.com\/site\/wp-content\/uploads\/2023\/01\/notibras23.png","contentUrl":"https:\/\/www.notibras.com\/site\/wp-content\/uploads\/2023\/01\/notibras23.png","width":350,"height":87,"caption":"Grupo Notibras de Comunica\u00e7\u00e3o"},"image":{"@id":"https:\/\/www.notibras.com\/site\/#\/schema\/logo\/image\/"},"sameAs":["https:\/\/www.facebook.com\/notibras\/","https:\/\/x.com\/Notibras","https:\/\/www.instagram.com\/notibras\/"]},{"@type":"Person","@id":"https:\/\/www.notibras.com\/site\/#\/schema\/person\/36ab0979449956132d3e5b517ea76ac8","name":"Reda\u00e7\u00e3o","image":{"@type":"ImageObject","inLanguage":"pt-BR","@id":"https:\/\/secure.gravatar.com\/avatar\/e0a867bdedb85fd243eadf09663511f96fc81e0720a4a42581f334ad4303aa6b?s=96&d=mm&r=g","url":"https:\/\/secure.gravatar.com\/avatar\/e0a867bdedb85fd243eadf09663511f96fc81e0720a4a42581f334ad4303aa6b?s=96&d=mm&r=g","contentUrl":"https:\/\/secure.gravatar.com\/avatar\/e0a867bdedb85fd243eadf09663511f96fc81e0720a4a42581f334ad4303aa6b?s=96&d=mm&r=g","caption":"Reda\u00e7\u00e3o"}}]}},"amp_enabled":true,"_links":{"self":[{"href":"https:\/\/www.notibras.com\/site\/wp-json\/wp\/v2\/posts\/320335","targetHints":{"allow":["GET"]}}],"collection":[{"href":"https:\/\/www.notibras.com\/site\/wp-json\/wp\/v2\/posts"}],"about":[{"href":"https:\/\/www.notibras.com\/site\/wp-json\/wp\/v2\/types\/post"}],"author":[{"embeddable":true,"href":"https:\/\/www.notibras.com\/site\/wp-json\/wp\/v2\/users\/2"}],"replies":[{"embeddable":true,"href":"https:\/\/www.notibras.com\/site\/wp-json\/wp\/v2\/comments?post=320335"}],"version-history":[{"count":1,"href":"https:\/\/www.notibras.com\/site\/wp-json\/wp\/v2\/posts\/320335\/revisions"}],"predecessor-version":[{"id":320337,"href":"https:\/\/www.notibras.com\/site\/wp-json\/wp\/v2\/posts\/320335\/revisions\/320337"}],"wp:featuredmedia":[{"embeddable":true,"href":"https:\/\/www.notibras.com\/site\/wp-json\/wp\/v2\/media\/320336"}],"wp:attachment":[{"href":"https:\/\/www.notibras.com\/site\/wp-json\/wp\/v2\/media?parent=320335"}],"wp:term":[{"taxonomy":"category","embeddable":true,"href":"https:\/\/www.notibras.com\/site\/wp-json\/wp\/v2\/categories?post=320335"},{"taxonomy":"post_tag","embeddable":true,"href":"https:\/\/www.notibras.com\/site\/wp-json\/wp\/v2\/tags?post=320335"}],"curies":[{"name":"wp","href":"https:\/\/api.w.org\/{rel}","templated":true}]}}