{"id":320341,"date":"2024-01-09T15:51:14","date_gmt":"2024-01-09T18:51:14","guid":{"rendered":"https:\/\/www.notibras.com\/site\/?p=320341"},"modified":"2024-01-09T15:55:05","modified_gmt":"2024-01-09T18:55:05","slug":"entenda-os-sintomas-e-o-tratamento-da-doenca","status":"publish","type":"post","link":"https:\/\/www.notibras.com\/site\/entenda-os-sintomas-e-o-tratamento-da-doenca\/","title":{"rendered":"Entenda os sintomas e o tratamento da doen\u00e7a"},"content":{"rendered":"<p>O per\u00edodo chuvoso no Distrito Federal come\u00e7ou e \u00e9 preciso redobrar a aten\u00e7\u00e3o com os poss\u00edveis criadouros do mosquito da dengue \u2013 Aedes Aegypti -, que se reproduz em dep\u00f3sitos de \u00e1gua parada. Com o aumento da chance de dissemina\u00e7\u00e3o da doen\u00e7a, a popula\u00e7\u00e3o precisa estar atenta aos sintomas, pois o agravamento do quadro pode trazer graves consequ\u00eancias.<\/p>\n<p>A dengue \u00e9 uma arbovirose urbana transmitida pela picada da f\u00eamea do Aedes Aegypti. H\u00e1 quatro sorotipos diferentes (DENV-1, DENV-2, DENV-3 e DENV-4) e, no momento, ainda n\u00e3o h\u00e1 medicamentos espec\u00edficos para o v\u00edrus. A melhor forma de combate tem sido a preven\u00e7\u00e3o, por meio da elimina\u00e7\u00e3o das condi\u00e7\u00f5es de reprodu\u00e7\u00e3o do mosquito, mantendo o espa\u00e7o sempre limpo e sem poss\u00edveis ac\u00famulos de \u00e1gua.<\/p>\n<p>Apesar de os sintomas da doen\u00e7a serem muito semelhantes aos de gripe e resfriado, o m\u00e9dico de fam\u00edlia e comunidade da Secretaria de Sa\u00fade (SES-DF), Fernando Aires, explica que a principal diferen\u00e7a \u00e9 a intensidade de cada um deles. \u201cA dengue se destaca pela febre abrupta, a intensidade das dores musculares e a possibilidade de evolu\u00e7\u00e3o para complica\u00e7\u00f5es graves, o que \u00e9 menos comum em outras viroses\u201d, detalha.<\/p>\n<p>Em 2023, at\u00e9 a \u00faltima semana do ano, de acordo com o Boletim Epidemiol\u00f3gico 47, foram notificados 52.864 casos suspeitos da doen\u00e7a, dos quais 40.934 eram prov\u00e1veis.<\/p>\n<p>Com rela\u00e7\u00e3o \u00e0 situa\u00e7\u00e3o epidemiol\u00f3gica nas regi\u00f5es administrativas, Ceil\u00e2ndia apresentou o maior n\u00famero de casos prov\u00e1veis (5.280), seguida de Samambaia (3.518), Recanto das Emas (2.566), Brazl\u00e2ndia (2.545) e Taguatinga (2.169). Essas cinco RAs concentraram 41,7% dos casos prov\u00e1veis de dengue no Distrito Federal.<\/p>\n<p><strong>Sintomas<\/strong><br \/>\nOs principais sintomas s\u00e3o febre alta (acima de 38\u00baC); dor no corpo e articula\u00e7\u00f5es; dor atr\u00e1s dos olhos; mal-estar; falta de apetite; dor de cabe\u00e7a e manchas vermelhas no corpo.<\/p>\n<p>De acordo com Aires, \u00e9 preciso procurar uma unidade de sa\u00fade a qualquer sinal de febre, principalmente se a pessoa estiver em locais com alto n\u00famero de casos da doen\u00e7a, e buscar orienta\u00e7\u00e3o m\u00e9dica.<\/p>\n<p>\u201cAqueles que j\u00e1 foram avaliados e medicados, devem retornar para nova avalia\u00e7\u00e3o, principalmente, se observar piora dos sintomas\u201d, afirma.<\/p>\n<p>Quando a doen\u00e7a se apresenta com sinais de alarme, os sintomas apresentados s\u00e3o: dores fortes na barriga; v\u00f4mitos persistentes; sangramentos no nariz, boca ou fezes; tonturas e\/ou muito cansa\u00e7o. J\u00e1 a dengue grave, se caracteriza por extravasamento de plasma e\/ou hemorragias que podem levar o paciente a choque grave e at\u00e9 \u00e0 morte.<\/p>\n<p>Mulheres gr\u00e1vidas, crian\u00e7as e idosos t\u00eam mais chances de desenvolver complica\u00e7\u00f5es. Os riscos aumentam quando o indiv\u00edduo tem alguma doen\u00e7a cr\u00f4nica, como asma br\u00f4nquica, diabetes mellitus, anemia falciforme, hipertens\u00e3o, al\u00e9m de infec\u00e7\u00f5es pr\u00e9vias por outros sorotipos.<\/p>\n<p><strong>Tratamento<\/strong><br \/>\nPara casos graves recomenda-se buscar atendimento em UPAs e nos hospitais regionais. Como n\u00e3o h\u00e1 medicamento pr\u00f3prio para o combate ao v\u00edrus, o principal tratamento para a dengue \u00e9 a hidrata\u00e7\u00e3o correta, calculada de acordo com o peso. Para aliviar os sintomas, \u00e9 necess\u00e1rio a prescri\u00e7\u00e3o de anti-inflamat\u00f3rios, al\u00e9m de repouso, tudo com o devido acompanhamento m\u00e9dico.<\/p>\n<p>A pessoa com suspeita de dengue n\u00e3o deve se automedicar, pois h\u00e1 medicamentos que acarretam a piora do quadro, como os salicilatos (AAS, por exemplo). Os anti-inflamat\u00f3rios n\u00e3o hormonais \u2013 cetoprofeno, ibuprofeno, diclofenaco, nimesulida e outros \u2013 e as drogas com potencial hemorr\u00e1gico tamb\u00e9m n\u00e3o devem ser utilizadas.<\/p>\n<p>\u201cCaso esteja com sintomas de dengue e utilize AAS todos os dias, procure orienta\u00e7\u00e3o em uma unidade de sa\u00fade para saber se deve continuar tomando a medica\u00e7\u00e3o\u201d, orienta o especialista.<\/p>\n<p>Na maioria dos casos leves, a dengue tem cura espont\u00e2nea ap\u00f3s 10 dias.<\/p>\n<p><strong>Atendimento<\/strong><br \/>\nO usu\u00e1rio precisa buscar a unidade b\u00e1sica de sa\u00fade (UBS) de refer\u00eancia, porta de entrada do cidad\u00e3o ao Sistema \u00danico de Sa\u00fade (SUS). \u00c9 poss\u00edvel encontrar a UBS de refer\u00eancia por meio do site InfoSa\u00fade, adicionando o C\u00f3digo de Endere\u00e7amento Postal (CEP).<\/p>\n<p>Para casos graves, nos quais as pessoas apresentem sinais de alarme, recomenda-se buscar atendimento em unidades de pronto atendimento (UPAs) e hospitais regionais.<\/p>\n","protected":false},"excerpt":{"rendered":"<p>O per\u00edodo chuvoso no Distrito Federal come\u00e7ou e \u00e9 preciso redobrar a aten\u00e7\u00e3o com os poss\u00edveis criadouros do mosquito da dengue \u2013 Aedes Aegypti -, que se reproduz em dep\u00f3sitos de \u00e1gua parada. Com o aumento da chance de dissemina\u00e7\u00e3o da doen\u00e7a, a popula\u00e7\u00e3o precisa estar atenta aos sintomas, pois o agravamento do quadro pode [&hellip;]<\/p>\n","protected":false},"author":2,"featured_media":320342,"comment_status":"closed","ping_status":"closed","sticky":false,"template":"","format":"standard","meta":{"_acf_changed":false,"footnotes":""},"categories":[161],"tags":[],"class_list":["post-320341","post","type-post","status-publish","format-standard","has-post-thumbnail","hentry","category-quadradinho-em-foco"],"acf":[],"yoast_head":"<!-- This site is optimized with the Yoast SEO plugin v27.2 - https:\/\/yoast.com\/product\/yoast-seo-wordpress\/ -->\n<title>Entenda os sintomas e o tratamento da doen\u00e7a - Notibras<\/title>\n<meta name=\"robots\" content=\"index, follow, max-snippet:-1, max-image-preview:large, max-video-preview:-1\" \/>\n<link rel=\"canonical\" href=\"https:\/\/www.notibras.com\/site\/entenda-os-sintomas-e-o-tratamento-da-doenca\/\" \/>\n<meta property=\"og:locale\" content=\"pt_BR\" \/>\n<meta property=\"og:type\" content=\"article\" \/>\n<meta property=\"og:title\" content=\"Entenda os sintomas e o tratamento da doen\u00e7a - Notibras\" \/>\n<meta property=\"og:description\" content=\"O per\u00edodo chuvoso no Distrito Federal come\u00e7ou e \u00e9 preciso redobrar a aten\u00e7\u00e3o com os poss\u00edveis criadouros do mosquito da dengue \u2013 Aedes Aegypti -, que se reproduz em dep\u00f3sitos de \u00e1gua parada. Com o aumento da chance de dissemina\u00e7\u00e3o da doen\u00e7a, a popula\u00e7\u00e3o precisa estar atenta aos sintomas, pois o agravamento do quadro pode [&hellip;]\" \/>\n<meta property=\"og:url\" content=\"https:\/\/www.notibras.com\/site\/entenda-os-sintomas-e-o-tratamento-da-doenca\/\" \/>\n<meta property=\"og:site_name\" content=\"Notibras\" \/>\n<meta property=\"article:publisher\" content=\"https:\/\/www.facebook.com\/notibras\/\" \/>\n<meta property=\"article:published_time\" content=\"2024-01-09T18:51:14+00:00\" \/>\n<meta property=\"article:modified_time\" content=\"2024-01-09T18:55:05+00:00\" \/>\n<meta property=\"og:image\" content=\"https:\/\/www.notibras.com\/site\/wp-content\/uploads\/2024\/01\/denguebrenoesaki.jpg\" \/>\n\t<meta property=\"og:image:width\" content=\"2048\" \/>\n\t<meta property=\"og:image:height\" content=\"1360\" \/>\n\t<meta property=\"og:image:type\" content=\"image\/jpeg\" \/>\n<meta name=\"author\" content=\"Reda\u00e7\u00e3o\" \/>\n<meta name=\"twitter:card\" content=\"summary_large_image\" \/>\n<meta name=\"twitter:creator\" content=\"@Notibras\" \/>\n<meta name=\"twitter:site\" content=\"@Notibras\" \/>\n<meta name=\"twitter:label1\" content=\"Escrito por\" \/>\n\t<meta name=\"twitter:data1\" content=\"Reda\u00e7\u00e3o\" \/>\n\t<meta name=\"twitter:label2\" content=\"Est. tempo de leitura\" \/>\n\t<meta name=\"twitter:data2\" content=\"4 minutos\" \/>\n<script type=\"application\/ld+json\" class=\"yoast-schema-graph\">{\"@context\":\"https:\/\/schema.org\",\"@graph\":[{\"@type\":\"Article\",\"@id\":\"https:\/\/www.notibras.com\/site\/entenda-os-sintomas-e-o-tratamento-da-doenca\/#article\",\"isPartOf\":{\"@id\":\"https:\/\/www.notibras.com\/site\/entenda-os-sintomas-e-o-tratamento-da-doenca\/\"},\"author\":{\"name\":\"Reda\u00e7\u00e3o\",\"@id\":\"https:\/\/www.notibras.com\/site\/#\/schema\/person\/36ab0979449956132d3e5b517ea76ac8\"},\"headline\":\"Entenda os sintomas e o tratamento da doen\u00e7a\",\"datePublished\":\"2024-01-09T18:51:14+00:00\",\"dateModified\":\"2024-01-09T18:55:05+00:00\",\"mainEntityOfPage\":{\"@id\":\"https:\/\/www.notibras.com\/site\/entenda-os-sintomas-e-o-tratamento-da-doenca\/\"},\"wordCount\":731,\"publisher\":{\"@id\":\"https:\/\/www.notibras.com\/site\/#organization\"},\"image\":{\"@id\":\"https:\/\/www.notibras.com\/site\/entenda-os-sintomas-e-o-tratamento-da-doenca\/#primaryimage\"},\"thumbnailUrl\":\"https:\/\/www.notibras.com\/site\/wp-content\/uploads\/2024\/01\/denguebrenoesaki.jpg\",\"articleSection\":[\"Quadradinho em Foco\"],\"inLanguage\":\"pt-BR\"},{\"@type\":\"WebPage\",\"@id\":\"https:\/\/www.notibras.com\/site\/entenda-os-sintomas-e-o-tratamento-da-doenca\/\",\"url\":\"https:\/\/www.notibras.com\/site\/entenda-os-sintomas-e-o-tratamento-da-doenca\/\",\"name\":\"Entenda os sintomas e o tratamento da doen\u00e7a - Notibras\",\"isPartOf\":{\"@id\":\"https:\/\/www.notibras.com\/site\/#website\"},\"primaryImageOfPage\":{\"@id\":\"https:\/\/www.notibras.com\/site\/entenda-os-sintomas-e-o-tratamento-da-doenca\/#primaryimage\"},\"image\":{\"@id\":\"https:\/\/www.notibras.com\/site\/entenda-os-sintomas-e-o-tratamento-da-doenca\/#primaryimage\"},\"thumbnailUrl\":\"https:\/\/www.notibras.com\/site\/wp-content\/uploads\/2024\/01\/denguebrenoesaki.jpg\",\"datePublished\":\"2024-01-09T18:51:14+00:00\",\"dateModified\":\"2024-01-09T18:55:05+00:00\",\"breadcrumb\":{\"@id\":\"https:\/\/www.notibras.com\/site\/entenda-os-sintomas-e-o-tratamento-da-doenca\/#breadcrumb\"},\"inLanguage\":\"pt-BR\",\"potentialAction\":[{\"@type\":\"ReadAction\",\"target\":[\"https:\/\/www.notibras.com\/site\/entenda-os-sintomas-e-o-tratamento-da-doenca\/\"]}]},{\"@type\":\"ImageObject\",\"inLanguage\":\"pt-BR\",\"@id\":\"https:\/\/www.notibras.com\/site\/entenda-os-sintomas-e-o-tratamento-da-doenca\/#primaryimage\",\"url\":\"https:\/\/www.notibras.com\/site\/wp-content\/uploads\/2024\/01\/denguebrenoesaki.jpg\",\"contentUrl\":\"https:\/\/www.notibras.com\/site\/wp-content\/uploads\/2024\/01\/denguebrenoesaki.jpg\",\"width\":2048,\"height\":1360},{\"@type\":\"BreadcrumbList\",\"@id\":\"https:\/\/www.notibras.com\/site\/entenda-os-sintomas-e-o-tratamento-da-doenca\/#breadcrumb\",\"itemListElement\":[{\"@type\":\"ListItem\",\"position\":1,\"name\":\"In\u00edcio\",\"item\":\"https:\/\/www.notibras.com\/site\/\"},{\"@type\":\"ListItem\",\"position\":2,\"name\":\"Entenda os sintomas e o tratamento da doen\u00e7a\"}]},{\"@type\":\"WebSite\",\"@id\":\"https:\/\/www.notibras.com\/site\/#website\",\"url\":\"https:\/\/www.notibras.com\/site\/\",\"name\":\"Notibras\",\"description\":\"Not\u00edcias de Bras\u00edlia, do Brasil e do Mundo\",\"publisher\":{\"@id\":\"https:\/\/www.notibras.com\/site\/#organization\"},\"potentialAction\":[{\"@type\":\"SearchAction\",\"target\":{\"@type\":\"EntryPoint\",\"urlTemplate\":\"https:\/\/www.notibras.com\/site\/?s={search_term_string}\"},\"query-input\":{\"@type\":\"PropertyValueSpecification\",\"valueRequired\":true,\"valueName\":\"search_term_string\"}}],\"inLanguage\":\"pt-BR\"},{\"@type\":\"Organization\",\"@id\":\"https:\/\/www.notibras.com\/site\/#organization\",\"name\":\"Grupo Notibras de Comunica\u00e7\u00e3o\",\"url\":\"https:\/\/www.notibras.com\/site\/\",\"logo\":{\"@type\":\"ImageObject\",\"inLanguage\":\"pt-BR\",\"@id\":\"https:\/\/www.notibras.com\/site\/#\/schema\/logo\/image\/\",\"url\":\"https:\/\/www.notibras.com\/site\/wp-content\/uploads\/2023\/01\/notibras23.png\",\"contentUrl\":\"https:\/\/www.notibras.com\/site\/wp-content\/uploads\/2023\/01\/notibras23.png\",\"width\":350,\"height\":87,\"caption\":\"Grupo Notibras de Comunica\u00e7\u00e3o\"},\"image\":{\"@id\":\"https:\/\/www.notibras.com\/site\/#\/schema\/logo\/image\/\"},\"sameAs\":[\"https:\/\/www.facebook.com\/notibras\/\",\"https:\/\/x.com\/Notibras\",\"https:\/\/www.instagram.com\/notibras\/\"]},{\"@type\":\"Person\",\"@id\":\"https:\/\/www.notibras.com\/site\/#\/schema\/person\/36ab0979449956132d3e5b517ea76ac8\",\"name\":\"Reda\u00e7\u00e3o\",\"image\":{\"@type\":\"ImageObject\",\"inLanguage\":\"pt-BR\",\"@id\":\"https:\/\/secure.gravatar.com\/avatar\/e0a867bdedb85fd243eadf09663511f96fc81e0720a4a42581f334ad4303aa6b?s=96&d=mm&r=g\",\"url\":\"https:\/\/secure.gravatar.com\/avatar\/e0a867bdedb85fd243eadf09663511f96fc81e0720a4a42581f334ad4303aa6b?s=96&d=mm&r=g\",\"contentUrl\":\"https:\/\/secure.gravatar.com\/avatar\/e0a867bdedb85fd243eadf09663511f96fc81e0720a4a42581f334ad4303aa6b?s=96&d=mm&r=g\",\"caption\":\"Reda\u00e7\u00e3o\"}}]}<\/script>\n<!-- \/ Yoast SEO plugin. -->","yoast_head_json":{"title":"Entenda os sintomas e o tratamento da doen\u00e7a - Notibras","robots":{"index":"index","follow":"follow","max-snippet":"max-snippet:-1","max-image-preview":"max-image-preview:large","max-video-preview":"max-video-preview:-1"},"canonical":"https:\/\/www.notibras.com\/site\/entenda-os-sintomas-e-o-tratamento-da-doenca\/","og_locale":"pt_BR","og_type":"article","og_title":"Entenda os sintomas e o tratamento da doen\u00e7a - Notibras","og_description":"O per\u00edodo chuvoso no Distrito Federal come\u00e7ou e \u00e9 preciso redobrar a aten\u00e7\u00e3o com os poss\u00edveis criadouros do mosquito da dengue \u2013 Aedes Aegypti -, que se reproduz em dep\u00f3sitos de \u00e1gua parada. Com o aumento da chance de dissemina\u00e7\u00e3o da doen\u00e7a, a popula\u00e7\u00e3o precisa estar atenta aos sintomas, pois o agravamento do quadro pode [&hellip;]","og_url":"https:\/\/www.notibras.com\/site\/entenda-os-sintomas-e-o-tratamento-da-doenca\/","og_site_name":"Notibras","article_publisher":"https:\/\/www.facebook.com\/notibras\/","article_published_time":"2024-01-09T18:51:14+00:00","article_modified_time":"2024-01-09T18:55:05+00:00","og_image":[{"width":2048,"height":1360,"url":"https:\/\/www.notibras.com\/site\/wp-content\/uploads\/2024\/01\/denguebrenoesaki.jpg","type":"image\/jpeg"}],"author":"Reda\u00e7\u00e3o","twitter_card":"summary_large_image","twitter_creator":"@Notibras","twitter_site":"@Notibras","twitter_misc":{"Escrito por":"Reda\u00e7\u00e3o","Est. tempo de leitura":"4 minutos"},"schema":{"@context":"https:\/\/schema.org","@graph":[{"@type":"Article","@id":"https:\/\/www.notibras.com\/site\/entenda-os-sintomas-e-o-tratamento-da-doenca\/#article","isPartOf":{"@id":"https:\/\/www.notibras.com\/site\/entenda-os-sintomas-e-o-tratamento-da-doenca\/"},"author":{"name":"Reda\u00e7\u00e3o","@id":"https:\/\/www.notibras.com\/site\/#\/schema\/person\/36ab0979449956132d3e5b517ea76ac8"},"headline":"Entenda os sintomas e o tratamento da doen\u00e7a","datePublished":"2024-01-09T18:51:14+00:00","dateModified":"2024-01-09T18:55:05+00:00","mainEntityOfPage":{"@id":"https:\/\/www.notibras.com\/site\/entenda-os-sintomas-e-o-tratamento-da-doenca\/"},"wordCount":731,"publisher":{"@id":"https:\/\/www.notibras.com\/site\/#organization"},"image":{"@id":"https:\/\/www.notibras.com\/site\/entenda-os-sintomas-e-o-tratamento-da-doenca\/#primaryimage"},"thumbnailUrl":"https:\/\/www.notibras.com\/site\/wp-content\/uploads\/2024\/01\/denguebrenoesaki.jpg","articleSection":["Quadradinho em Foco"],"inLanguage":"pt-BR"},{"@type":"WebPage","@id":"https:\/\/www.notibras.com\/site\/entenda-os-sintomas-e-o-tratamento-da-doenca\/","url":"https:\/\/www.notibras.com\/site\/entenda-os-sintomas-e-o-tratamento-da-doenca\/","name":"Entenda os sintomas e o tratamento da doen\u00e7a - Notibras","isPartOf":{"@id":"https:\/\/www.notibras.com\/site\/#website"},"primaryImageOfPage":{"@id":"https:\/\/www.notibras.com\/site\/entenda-os-sintomas-e-o-tratamento-da-doenca\/#primaryimage"},"image":{"@id":"https:\/\/www.notibras.com\/site\/entenda-os-sintomas-e-o-tratamento-da-doenca\/#primaryimage"},"thumbnailUrl":"https:\/\/www.notibras.com\/site\/wp-content\/uploads\/2024\/01\/denguebrenoesaki.jpg","datePublished":"2024-01-09T18:51:14+00:00","dateModified":"2024-01-09T18:55:05+00:00","breadcrumb":{"@id":"https:\/\/www.notibras.com\/site\/entenda-os-sintomas-e-o-tratamento-da-doenca\/#breadcrumb"},"inLanguage":"pt-BR","potentialAction":[{"@type":"ReadAction","target":["https:\/\/www.notibras.com\/site\/entenda-os-sintomas-e-o-tratamento-da-doenca\/"]}]},{"@type":"ImageObject","inLanguage":"pt-BR","@id":"https:\/\/www.notibras.com\/site\/entenda-os-sintomas-e-o-tratamento-da-doenca\/#primaryimage","url":"https:\/\/www.notibras.com\/site\/wp-content\/uploads\/2024\/01\/denguebrenoesaki.jpg","contentUrl":"https:\/\/www.notibras.com\/site\/wp-content\/uploads\/2024\/01\/denguebrenoesaki.jpg","width":2048,"height":1360},{"@type":"BreadcrumbList","@id":"https:\/\/www.notibras.com\/site\/entenda-os-sintomas-e-o-tratamento-da-doenca\/#breadcrumb","itemListElement":[{"@type":"ListItem","position":1,"name":"In\u00edcio","item":"https:\/\/www.notibras.com\/site\/"},{"@type":"ListItem","position":2,"name":"Entenda os sintomas e o tratamento da doen\u00e7a"}]},{"@type":"WebSite","@id":"https:\/\/www.notibras.com\/site\/#website","url":"https:\/\/www.notibras.com\/site\/","name":"Notibras","description":"Not\u00edcias de Bras\u00edlia, do Brasil e do Mundo","publisher":{"@id":"https:\/\/www.notibras.com\/site\/#organization"},"potentialAction":[{"@type":"SearchAction","target":{"@type":"EntryPoint","urlTemplate":"https:\/\/www.notibras.com\/site\/?s={search_term_string}"},"query-input":{"@type":"PropertyValueSpecification","valueRequired":true,"valueName":"search_term_string"}}],"inLanguage":"pt-BR"},{"@type":"Organization","@id":"https:\/\/www.notibras.com\/site\/#organization","name":"Grupo Notibras de Comunica\u00e7\u00e3o","url":"https:\/\/www.notibras.com\/site\/","logo":{"@type":"ImageObject","inLanguage":"pt-BR","@id":"https:\/\/www.notibras.com\/site\/#\/schema\/logo\/image\/","url":"https:\/\/www.notibras.com\/site\/wp-content\/uploads\/2023\/01\/notibras23.png","contentUrl":"https:\/\/www.notibras.com\/site\/wp-content\/uploads\/2023\/01\/notibras23.png","width":350,"height":87,"caption":"Grupo Notibras de Comunica\u00e7\u00e3o"},"image":{"@id":"https:\/\/www.notibras.com\/site\/#\/schema\/logo\/image\/"},"sameAs":["https:\/\/www.facebook.com\/notibras\/","https:\/\/x.com\/Notibras","https:\/\/www.instagram.com\/notibras\/"]},{"@type":"Person","@id":"https:\/\/www.notibras.com\/site\/#\/schema\/person\/36ab0979449956132d3e5b517ea76ac8","name":"Reda\u00e7\u00e3o","image":{"@type":"ImageObject","inLanguage":"pt-BR","@id":"https:\/\/secure.gravatar.com\/avatar\/e0a867bdedb85fd243eadf09663511f96fc81e0720a4a42581f334ad4303aa6b?s=96&d=mm&r=g","url":"https:\/\/secure.gravatar.com\/avatar\/e0a867bdedb85fd243eadf09663511f96fc81e0720a4a42581f334ad4303aa6b?s=96&d=mm&r=g","contentUrl":"https:\/\/secure.gravatar.com\/avatar\/e0a867bdedb85fd243eadf09663511f96fc81e0720a4a42581f334ad4303aa6b?s=96&d=mm&r=g","caption":"Reda\u00e7\u00e3o"}}]}},"amp_enabled":true,"_links":{"self":[{"href":"https:\/\/www.notibras.com\/site\/wp-json\/wp\/v2\/posts\/320341","targetHints":{"allow":["GET"]}}],"collection":[{"href":"https:\/\/www.notibras.com\/site\/wp-json\/wp\/v2\/posts"}],"about":[{"href":"https:\/\/www.notibras.com\/site\/wp-json\/wp\/v2\/types\/post"}],"author":[{"embeddable":true,"href":"https:\/\/www.notibras.com\/site\/wp-json\/wp\/v2\/users\/2"}],"replies":[{"embeddable":true,"href":"https:\/\/www.notibras.com\/site\/wp-json\/wp\/v2\/comments?post=320341"}],"version-history":[{"count":3,"href":"https:\/\/www.notibras.com\/site\/wp-json\/wp\/v2\/posts\/320341\/revisions"}],"predecessor-version":[{"id":320345,"href":"https:\/\/www.notibras.com\/site\/wp-json\/wp\/v2\/posts\/320341\/revisions\/320345"}],"wp:featuredmedia":[{"embeddable":true,"href":"https:\/\/www.notibras.com\/site\/wp-json\/wp\/v2\/media\/320342"}],"wp:attachment":[{"href":"https:\/\/www.notibras.com\/site\/wp-json\/wp\/v2\/media?parent=320341"}],"wp:term":[{"taxonomy":"category","embeddable":true,"href":"https:\/\/www.notibras.com\/site\/wp-json\/wp\/v2\/categories?post=320341"},{"taxonomy":"post_tag","embeddable":true,"href":"https:\/\/www.notibras.com\/site\/wp-json\/wp\/v2\/tags?post=320341"}],"curies":[{"name":"wp","href":"https:\/\/api.w.org\/{rel}","templated":true}]}}