{"id":320421,"date":"2024-01-11T10:34:44","date_gmt":"2024-01-11T13:34:44","guid":{"rendered":"https:\/\/www.notibras.com\/site\/?p=320421"},"modified":"2024-01-11T10:34:44","modified_gmt":"2024-01-11T13:34:44","slug":"fidel-faz-historia-com-treta-do-amigo-do-meu-amigo","status":"publish","type":"post","link":"https:\/\/www.notibras.com\/site\/fidel-faz-historia-com-treta-do-amigo-do-meu-amigo\/","title":{"rendered":"Fidel faz hist\u00f3ria com treta do amigo do meu amigo"},"content":{"rendered":"<p>Tenho alguns amigos muito pr\u00f3ximos, que conhe\u00e7o h\u00e1 d\u00e9cadas. No entanto, vou falar aqui de um que, apesar do pouco tempo de amizade, j\u00e1 o guardo em alta estima. As circunst\u00e2ncias que nos aproximaram s\u00e3o t\u00e3o esdr\u00faxulas, que prefiro deixar para um futuro improv\u00e1vel se falarei como nos conhecemos. Seja como for, para a hist\u00f3ria que vou contar, esse detalhe \u00e9 irrelevante. Mas adianto que ele nasceu em Visconde do Rio Branco, pequena cidade da Zona da Mata, mas mora em S\u00e3o Paulo desde o final dos anos 1970, al\u00e9m de ser palmeirense quase t\u00e3o chato que nem a minha mulher, a Dona Irene. Seu nome? Isso posso lhe dizer: Cleidson.<\/p>\n<p>Est\u00e1vamos conversando um dia desses em Porto Alegre, na casa da Dona Irene. Ali\u00e1s, falar que est\u00e1vamos conversando \u00e9 for\u00e7a de express\u00e3o, pois o Cleidson parece que tem o DNA do Fidel Castro, j\u00e1 que, quando come\u00e7a a discursar aqueles falas longas, somos, literalmente, s\u00f3 ouvidos. \u00c0s vezes, nos perdemos em pensamentos paralelos, tamanhos s\u00e3o os causos contados por ele. Mas uma nos chamou a aten\u00e7\u00e3o, que era sobre uma aventura em que ele praticamente foi desafiado a enfrentar: rapel em uma cachoeira muito alta.<\/p>\n<p>Mas antes que voc\u00ea imagine que o meu amigo \u00e9 um indiv\u00edduo que adora esportes radicais, vou logo avisando: o Cleidson \u00e9 do tipo que prefere passar o dia inteiro no sof\u00e1 jogando paci\u00eancia no celular. E, quando deseja sentir mais emo\u00e7\u00e3o, ele busca um filme de terror tipo B, desses que voc\u00ea n\u00e3o sabe se fica com medo ou se ri, de t\u00e3o absurda que \u00e9 a hist\u00f3ria. Ou seja, o meu amigo \u00e9 provavelmente o \u00faltimo ser vivo que poder\u00edamos esperar que se aventurasse descer pendurado por uma corda em uma cachoeira, com s\u00e9rio risco de despencar e se esborrachar todo nas pedras e, por conseguinte, virar comida de piranhas assassinas. Mas l\u00e1 foi ele!<\/p>\n<p>Enquanto descia pela corda, que rangia como se fosse partir a qualquer momento, o nosso quase her\u00f3i se deparou com um v\u00e3o na cachoeira, que o obrigava a ficar de ponta-cabe\u00e7a. No entanto, a \u00e1gua, que descia muito forte, antes na sua cabe\u00e7a, passou a atingir as partes mais sens\u00edveis do Cleidson, que come\u00e7ou a gritar de dor. Com a boca aberta, acabou bebendo for\u00e7osamente litros de \u00e1gua.<\/p>\n<p>Desesperado e sem ar, ele voltou a ficar na posi\u00e7\u00e3o quase em p\u00e9, o que provocou uma forte batida da sua testa numa pedra. O sangue, obviamente, escorreu por seu rosto, tampando ainda mais a sua vis\u00e3o. Desesperado, o meu amigo j\u00e1 imaginou que aquele seria o seu adeus deste mundo, quando, ap\u00f3s v\u00e1rios minutos, que pareceram s\u00e9culos, foi socorrido por um amigo que estava nas proximidades.<\/p>\n<p>Logo ap\u00f3s terminar essa hist\u00f3ria, a Dona Irene e eu notamos que o Cleidson tremia e suava, como se tivesse passado novamente por essa situa\u00e7\u00e3o t\u00e3o perigosa. Ficamos em sil\u00eancio n\u00e3o sei por quanto tempo, at\u00e9 que a minha esposa se virou para ele e perguntou: &#8220;O que esse seu amigo tinha contra voc\u00ea?&#8221;<\/p>\n","protected":false},"excerpt":{"rendered":"<p>Tenho alguns amigos muito pr\u00f3ximos, que conhe\u00e7o h\u00e1 d\u00e9cadas. No entanto, vou falar aqui de um que, apesar do pouco tempo de amizade, j\u00e1 o guardo em alta estima. As circunst\u00e2ncias que nos aproximaram s\u00e3o t\u00e3o esdr\u00faxulas, que prefiro deixar para um futuro improv\u00e1vel se falarei como nos conhecemos. Seja como for, para a hist\u00f3ria [&hellip;]<\/p>\n","protected":false},"author":2,"featured_media":320423,"comment_status":"closed","ping_status":"closed","sticky":false,"template":"","format":"standard","meta":{"_acf_changed":false,"footnotes":""},"categories":[161],"tags":[],"class_list":["post-320421","post","type-post","status-publish","format-standard","has-post-thumbnail","hentry","category-quadradinho-em-foco"],"acf":[],"yoast_head":"<!-- This site is optimized with the Yoast SEO plugin v27.2 - https:\/\/yoast.com\/product\/yoast-seo-wordpress\/ -->\n<title>Fidel faz hist\u00f3ria com treta do amigo do meu amigo - Notibras<\/title>\n<meta name=\"robots\" content=\"index, follow, max-snippet:-1, max-image-preview:large, max-video-preview:-1\" \/>\n<link rel=\"canonical\" href=\"https:\/\/www.notibras.com\/site\/fidel-faz-historia-com-treta-do-amigo-do-meu-amigo\/\" \/>\n<meta property=\"og:locale\" content=\"pt_BR\" \/>\n<meta property=\"og:type\" content=\"article\" \/>\n<meta property=\"og:title\" content=\"Fidel faz hist\u00f3ria com treta do amigo do meu amigo - Notibras\" \/>\n<meta property=\"og:description\" content=\"Tenho alguns amigos muito pr\u00f3ximos, que conhe\u00e7o h\u00e1 d\u00e9cadas. No entanto, vou falar aqui de um que, apesar do pouco tempo de amizade, j\u00e1 o guardo em alta estima. As circunst\u00e2ncias que nos aproximaram s\u00e3o t\u00e3o esdr\u00faxulas, que prefiro deixar para um futuro improv\u00e1vel se falarei como nos conhecemos. Seja como for, para a hist\u00f3ria [&hellip;]\" \/>\n<meta property=\"og:url\" content=\"https:\/\/www.notibras.com\/site\/fidel-faz-historia-com-treta-do-amigo-do-meu-amigo\/\" \/>\n<meta property=\"og:site_name\" content=\"Notibras\" \/>\n<meta property=\"article:publisher\" content=\"https:\/\/www.facebook.com\/notibras\/\" \/>\n<meta property=\"article:published_time\" content=\"2024-01-11T13:34:44+00:00\" \/>\n<meta property=\"og:image\" content=\"https:\/\/www.notibras.com\/site\/wp-content\/uploads\/2024\/01\/treta.edu_.jpg\" \/>\n\t<meta property=\"og:image:width\" content=\"1600\" \/>\n\t<meta property=\"og:image:height\" content=\"1066\" \/>\n\t<meta property=\"og:image:type\" content=\"image\/jpeg\" \/>\n<meta name=\"author\" content=\"Reda\u00e7\u00e3o\" \/>\n<meta name=\"twitter:card\" content=\"summary_large_image\" \/>\n<meta name=\"twitter:creator\" content=\"@Notibras\" \/>\n<meta name=\"twitter:site\" content=\"@Notibras\" \/>\n<meta name=\"twitter:label1\" content=\"Escrito por\" \/>\n\t<meta name=\"twitter:data1\" content=\"Reda\u00e7\u00e3o\" \/>\n\t<meta name=\"twitter:label2\" content=\"Est. tempo de leitura\" \/>\n\t<meta name=\"twitter:data2\" content=\"3 minutos\" \/>\n<script type=\"application\/ld+json\" class=\"yoast-schema-graph\">{\"@context\":\"https:\/\/schema.org\",\"@graph\":[{\"@type\":\"Article\",\"@id\":\"https:\/\/www.notibras.com\/site\/fidel-faz-historia-com-treta-do-amigo-do-meu-amigo\/#article\",\"isPartOf\":{\"@id\":\"https:\/\/www.notibras.com\/site\/fidel-faz-historia-com-treta-do-amigo-do-meu-amigo\/\"},\"author\":{\"name\":\"Reda\u00e7\u00e3o\",\"@id\":\"https:\/\/www.notibras.com\/site\/#\/schema\/person\/36ab0979449956132d3e5b517ea76ac8\"},\"headline\":\"Fidel faz hist\u00f3ria com treta do amigo do meu amigo\",\"datePublished\":\"2024-01-11T13:34:44+00:00\",\"mainEntityOfPage\":{\"@id\":\"https:\/\/www.notibras.com\/site\/fidel-faz-historia-com-treta-do-amigo-do-meu-amigo\/\"},\"wordCount\":552,\"publisher\":{\"@id\":\"https:\/\/www.notibras.com\/site\/#organization\"},\"image\":{\"@id\":\"https:\/\/www.notibras.com\/site\/fidel-faz-historia-com-treta-do-amigo-do-meu-amigo\/#primaryimage\"},\"thumbnailUrl\":\"https:\/\/www.notibras.com\/site\/wp-content\/uploads\/2024\/01\/treta.edu_.jpg\",\"articleSection\":[\"Quadradinho em Foco\"],\"inLanguage\":\"pt-BR\"},{\"@type\":\"WebPage\",\"@id\":\"https:\/\/www.notibras.com\/site\/fidel-faz-historia-com-treta-do-amigo-do-meu-amigo\/\",\"url\":\"https:\/\/www.notibras.com\/site\/fidel-faz-historia-com-treta-do-amigo-do-meu-amigo\/\",\"name\":\"Fidel faz hist\u00f3ria com treta do amigo do meu amigo - Notibras\",\"isPartOf\":{\"@id\":\"https:\/\/www.notibras.com\/site\/#website\"},\"primaryImageOfPage\":{\"@id\":\"https:\/\/www.notibras.com\/site\/fidel-faz-historia-com-treta-do-amigo-do-meu-amigo\/#primaryimage\"},\"image\":{\"@id\":\"https:\/\/www.notibras.com\/site\/fidel-faz-historia-com-treta-do-amigo-do-meu-amigo\/#primaryimage\"},\"thumbnailUrl\":\"https:\/\/www.notibras.com\/site\/wp-content\/uploads\/2024\/01\/treta.edu_.jpg\",\"datePublished\":\"2024-01-11T13:34:44+00:00\",\"breadcrumb\":{\"@id\":\"https:\/\/www.notibras.com\/site\/fidel-faz-historia-com-treta-do-amigo-do-meu-amigo\/#breadcrumb\"},\"inLanguage\":\"pt-BR\",\"potentialAction\":[{\"@type\":\"ReadAction\",\"target\":[\"https:\/\/www.notibras.com\/site\/fidel-faz-historia-com-treta-do-amigo-do-meu-amigo\/\"]}]},{\"@type\":\"ImageObject\",\"inLanguage\":\"pt-BR\",\"@id\":\"https:\/\/www.notibras.com\/site\/fidel-faz-historia-com-treta-do-amigo-do-meu-amigo\/#primaryimage\",\"url\":\"https:\/\/www.notibras.com\/site\/wp-content\/uploads\/2024\/01\/treta.edu_.jpg\",\"contentUrl\":\"https:\/\/www.notibras.com\/site\/wp-content\/uploads\/2024\/01\/treta.edu_.jpg\",\"width\":1600,\"height\":1066},{\"@type\":\"BreadcrumbList\",\"@id\":\"https:\/\/www.notibras.com\/site\/fidel-faz-historia-com-treta-do-amigo-do-meu-amigo\/#breadcrumb\",\"itemListElement\":[{\"@type\":\"ListItem\",\"position\":1,\"name\":\"In\u00edcio\",\"item\":\"https:\/\/www.notibras.com\/site\/\"},{\"@type\":\"ListItem\",\"position\":2,\"name\":\"Fidel faz hist\u00f3ria com treta do amigo do meu amigo\"}]},{\"@type\":\"WebSite\",\"@id\":\"https:\/\/www.notibras.com\/site\/#website\",\"url\":\"https:\/\/www.notibras.com\/site\/\",\"name\":\"Notibras\",\"description\":\"Not\u00edcias de Bras\u00edlia, do Brasil e do Mundo\",\"publisher\":{\"@id\":\"https:\/\/www.notibras.com\/site\/#organization\"},\"potentialAction\":[{\"@type\":\"SearchAction\",\"target\":{\"@type\":\"EntryPoint\",\"urlTemplate\":\"https:\/\/www.notibras.com\/site\/?s={search_term_string}\"},\"query-input\":{\"@type\":\"PropertyValueSpecification\",\"valueRequired\":true,\"valueName\":\"search_term_string\"}}],\"inLanguage\":\"pt-BR\"},{\"@type\":\"Organization\",\"@id\":\"https:\/\/www.notibras.com\/site\/#organization\",\"name\":\"Grupo Notibras de Comunica\u00e7\u00e3o\",\"url\":\"https:\/\/www.notibras.com\/site\/\",\"logo\":{\"@type\":\"ImageObject\",\"inLanguage\":\"pt-BR\",\"@id\":\"https:\/\/www.notibras.com\/site\/#\/schema\/logo\/image\/\",\"url\":\"https:\/\/www.notibras.com\/site\/wp-content\/uploads\/2023\/01\/notibras23.png\",\"contentUrl\":\"https:\/\/www.notibras.com\/site\/wp-content\/uploads\/2023\/01\/notibras23.png\",\"width\":350,\"height\":87,\"caption\":\"Grupo Notibras de Comunica\u00e7\u00e3o\"},\"image\":{\"@id\":\"https:\/\/www.notibras.com\/site\/#\/schema\/logo\/image\/\"},\"sameAs\":[\"https:\/\/www.facebook.com\/notibras\/\",\"https:\/\/x.com\/Notibras\",\"https:\/\/www.instagram.com\/notibras\/\"]},{\"@type\":\"Person\",\"@id\":\"https:\/\/www.notibras.com\/site\/#\/schema\/person\/36ab0979449956132d3e5b517ea76ac8\",\"name\":\"Reda\u00e7\u00e3o\",\"image\":{\"@type\":\"ImageObject\",\"inLanguage\":\"pt-BR\",\"@id\":\"https:\/\/secure.gravatar.com\/avatar\/e0a867bdedb85fd243eadf09663511f96fc81e0720a4a42581f334ad4303aa6b?s=96&d=mm&r=g\",\"url\":\"https:\/\/secure.gravatar.com\/avatar\/e0a867bdedb85fd243eadf09663511f96fc81e0720a4a42581f334ad4303aa6b?s=96&d=mm&r=g\",\"contentUrl\":\"https:\/\/secure.gravatar.com\/avatar\/e0a867bdedb85fd243eadf09663511f96fc81e0720a4a42581f334ad4303aa6b?s=96&d=mm&r=g\",\"caption\":\"Reda\u00e7\u00e3o\"}}]}<\/script>\n<!-- \/ Yoast SEO plugin. -->","yoast_head_json":{"title":"Fidel faz hist\u00f3ria com treta do amigo do meu amigo - Notibras","robots":{"index":"index","follow":"follow","max-snippet":"max-snippet:-1","max-image-preview":"max-image-preview:large","max-video-preview":"max-video-preview:-1"},"canonical":"https:\/\/www.notibras.com\/site\/fidel-faz-historia-com-treta-do-amigo-do-meu-amigo\/","og_locale":"pt_BR","og_type":"article","og_title":"Fidel faz hist\u00f3ria com treta do amigo do meu amigo - Notibras","og_description":"Tenho alguns amigos muito pr\u00f3ximos, que conhe\u00e7o h\u00e1 d\u00e9cadas. No entanto, vou falar aqui de um que, apesar do pouco tempo de amizade, j\u00e1 o guardo em alta estima. As circunst\u00e2ncias que nos aproximaram s\u00e3o t\u00e3o esdr\u00faxulas, que prefiro deixar para um futuro improv\u00e1vel se falarei como nos conhecemos. Seja como for, para a hist\u00f3ria [&hellip;]","og_url":"https:\/\/www.notibras.com\/site\/fidel-faz-historia-com-treta-do-amigo-do-meu-amigo\/","og_site_name":"Notibras","article_publisher":"https:\/\/www.facebook.com\/notibras\/","article_published_time":"2024-01-11T13:34:44+00:00","og_image":[{"width":1600,"height":1066,"url":"https:\/\/www.notibras.com\/site\/wp-content\/uploads\/2024\/01\/treta.edu_.jpg","type":"image\/jpeg"}],"author":"Reda\u00e7\u00e3o","twitter_card":"summary_large_image","twitter_creator":"@Notibras","twitter_site":"@Notibras","twitter_misc":{"Escrito por":"Reda\u00e7\u00e3o","Est. tempo de leitura":"3 minutos"},"schema":{"@context":"https:\/\/schema.org","@graph":[{"@type":"Article","@id":"https:\/\/www.notibras.com\/site\/fidel-faz-historia-com-treta-do-amigo-do-meu-amigo\/#article","isPartOf":{"@id":"https:\/\/www.notibras.com\/site\/fidel-faz-historia-com-treta-do-amigo-do-meu-amigo\/"},"author":{"name":"Reda\u00e7\u00e3o","@id":"https:\/\/www.notibras.com\/site\/#\/schema\/person\/36ab0979449956132d3e5b517ea76ac8"},"headline":"Fidel faz hist\u00f3ria com treta do amigo do meu amigo","datePublished":"2024-01-11T13:34:44+00:00","mainEntityOfPage":{"@id":"https:\/\/www.notibras.com\/site\/fidel-faz-historia-com-treta-do-amigo-do-meu-amigo\/"},"wordCount":552,"publisher":{"@id":"https:\/\/www.notibras.com\/site\/#organization"},"image":{"@id":"https:\/\/www.notibras.com\/site\/fidel-faz-historia-com-treta-do-amigo-do-meu-amigo\/#primaryimage"},"thumbnailUrl":"https:\/\/www.notibras.com\/site\/wp-content\/uploads\/2024\/01\/treta.edu_.jpg","articleSection":["Quadradinho em Foco"],"inLanguage":"pt-BR"},{"@type":"WebPage","@id":"https:\/\/www.notibras.com\/site\/fidel-faz-historia-com-treta-do-amigo-do-meu-amigo\/","url":"https:\/\/www.notibras.com\/site\/fidel-faz-historia-com-treta-do-amigo-do-meu-amigo\/","name":"Fidel faz hist\u00f3ria com treta do amigo do meu amigo - Notibras","isPartOf":{"@id":"https:\/\/www.notibras.com\/site\/#website"},"primaryImageOfPage":{"@id":"https:\/\/www.notibras.com\/site\/fidel-faz-historia-com-treta-do-amigo-do-meu-amigo\/#primaryimage"},"image":{"@id":"https:\/\/www.notibras.com\/site\/fidel-faz-historia-com-treta-do-amigo-do-meu-amigo\/#primaryimage"},"thumbnailUrl":"https:\/\/www.notibras.com\/site\/wp-content\/uploads\/2024\/01\/treta.edu_.jpg","datePublished":"2024-01-11T13:34:44+00:00","breadcrumb":{"@id":"https:\/\/www.notibras.com\/site\/fidel-faz-historia-com-treta-do-amigo-do-meu-amigo\/#breadcrumb"},"inLanguage":"pt-BR","potentialAction":[{"@type":"ReadAction","target":["https:\/\/www.notibras.com\/site\/fidel-faz-historia-com-treta-do-amigo-do-meu-amigo\/"]}]},{"@type":"ImageObject","inLanguage":"pt-BR","@id":"https:\/\/www.notibras.com\/site\/fidel-faz-historia-com-treta-do-amigo-do-meu-amigo\/#primaryimage","url":"https:\/\/www.notibras.com\/site\/wp-content\/uploads\/2024\/01\/treta.edu_.jpg","contentUrl":"https:\/\/www.notibras.com\/site\/wp-content\/uploads\/2024\/01\/treta.edu_.jpg","width":1600,"height":1066},{"@type":"BreadcrumbList","@id":"https:\/\/www.notibras.com\/site\/fidel-faz-historia-com-treta-do-amigo-do-meu-amigo\/#breadcrumb","itemListElement":[{"@type":"ListItem","position":1,"name":"In\u00edcio","item":"https:\/\/www.notibras.com\/site\/"},{"@type":"ListItem","position":2,"name":"Fidel faz hist\u00f3ria com treta do amigo do meu amigo"}]},{"@type":"WebSite","@id":"https:\/\/www.notibras.com\/site\/#website","url":"https:\/\/www.notibras.com\/site\/","name":"Notibras","description":"Not\u00edcias de Bras\u00edlia, do Brasil e do Mundo","publisher":{"@id":"https:\/\/www.notibras.com\/site\/#organization"},"potentialAction":[{"@type":"SearchAction","target":{"@type":"EntryPoint","urlTemplate":"https:\/\/www.notibras.com\/site\/?s={search_term_string}"},"query-input":{"@type":"PropertyValueSpecification","valueRequired":true,"valueName":"search_term_string"}}],"inLanguage":"pt-BR"},{"@type":"Organization","@id":"https:\/\/www.notibras.com\/site\/#organization","name":"Grupo Notibras de Comunica\u00e7\u00e3o","url":"https:\/\/www.notibras.com\/site\/","logo":{"@type":"ImageObject","inLanguage":"pt-BR","@id":"https:\/\/www.notibras.com\/site\/#\/schema\/logo\/image\/","url":"https:\/\/www.notibras.com\/site\/wp-content\/uploads\/2023\/01\/notibras23.png","contentUrl":"https:\/\/www.notibras.com\/site\/wp-content\/uploads\/2023\/01\/notibras23.png","width":350,"height":87,"caption":"Grupo Notibras de Comunica\u00e7\u00e3o"},"image":{"@id":"https:\/\/www.notibras.com\/site\/#\/schema\/logo\/image\/"},"sameAs":["https:\/\/www.facebook.com\/notibras\/","https:\/\/x.com\/Notibras","https:\/\/www.instagram.com\/notibras\/"]},{"@type":"Person","@id":"https:\/\/www.notibras.com\/site\/#\/schema\/person\/36ab0979449956132d3e5b517ea76ac8","name":"Reda\u00e7\u00e3o","image":{"@type":"ImageObject","inLanguage":"pt-BR","@id":"https:\/\/secure.gravatar.com\/avatar\/e0a867bdedb85fd243eadf09663511f96fc81e0720a4a42581f334ad4303aa6b?s=96&d=mm&r=g","url":"https:\/\/secure.gravatar.com\/avatar\/e0a867bdedb85fd243eadf09663511f96fc81e0720a4a42581f334ad4303aa6b?s=96&d=mm&r=g","contentUrl":"https:\/\/secure.gravatar.com\/avatar\/e0a867bdedb85fd243eadf09663511f96fc81e0720a4a42581f334ad4303aa6b?s=96&d=mm&r=g","caption":"Reda\u00e7\u00e3o"}}]}},"amp_enabled":true,"_links":{"self":[{"href":"https:\/\/www.notibras.com\/site\/wp-json\/wp\/v2\/posts\/320421","targetHints":{"allow":["GET"]}}],"collection":[{"href":"https:\/\/www.notibras.com\/site\/wp-json\/wp\/v2\/posts"}],"about":[{"href":"https:\/\/www.notibras.com\/site\/wp-json\/wp\/v2\/types\/post"}],"author":[{"embeddable":true,"href":"https:\/\/www.notibras.com\/site\/wp-json\/wp\/v2\/users\/2"}],"replies":[{"embeddable":true,"href":"https:\/\/www.notibras.com\/site\/wp-json\/wp\/v2\/comments?post=320421"}],"version-history":[{"count":1,"href":"https:\/\/www.notibras.com\/site\/wp-json\/wp\/v2\/posts\/320421\/revisions"}],"predecessor-version":[{"id":320424,"href":"https:\/\/www.notibras.com\/site\/wp-json\/wp\/v2\/posts\/320421\/revisions\/320424"}],"wp:featuredmedia":[{"embeddable":true,"href":"https:\/\/www.notibras.com\/site\/wp-json\/wp\/v2\/media\/320423"}],"wp:attachment":[{"href":"https:\/\/www.notibras.com\/site\/wp-json\/wp\/v2\/media?parent=320421"}],"wp:term":[{"taxonomy":"category","embeddable":true,"href":"https:\/\/www.notibras.com\/site\/wp-json\/wp\/v2\/categories?post=320421"},{"taxonomy":"post_tag","embeddable":true,"href":"https:\/\/www.notibras.com\/site\/wp-json\/wp\/v2\/tags?post=320421"}],"curies":[{"name":"wp","href":"https:\/\/api.w.org\/{rel}","templated":true}]}}