{"id":320460,"date":"2024-01-12T08:45:14","date_gmt":"2024-01-12T11:45:14","guid":{"rendered":"https:\/\/www.notibras.com\/site\/?p=320460"},"modified":"2024-01-12T13:47:21","modified_gmt":"2024-01-12T16:47:21","slug":"teto-de-juros-do-consignado-caira-para-176-mes","status":"publish","type":"post","link":"https:\/\/www.notibras.com\/site\/teto-de-juros-do-consignado-caira-para-176-mes\/","title":{"rendered":"Teto de juros do consignado cair\u00e1 para 1,76%\/m\u00eas"},"content":{"rendered":"<p>Os aposentados e pensionistas do Instituto Nacional do Seguro Social (INSS) pagar\u00e3o menos nas futuras opera\u00e7\u00f5es de cr\u00e9dito consignado. Por 14 votos a 1, o Conselho Nacional da Previd\u00eancia Social (CNPS) aprovou o novo limite de juros de 1,76% ao m\u00eas para essas opera\u00e7\u00f5es.<\/p>\n<p>O novo teto \u00e9 0,04 ponto percentual menor que o antigo limite, de 1,80% ao m\u00eas, n\u00edvel que vigorava desde dezembro. O teto dos juros para o cart\u00e3o de cr\u00e9dito consignado caiu de 2,67% para 2,61% ao m\u00eas.<\/p>\n<p>Propostas pelo pr\u00f3prio governo, as medidas entram em vigor oito dias ap\u00f3s a instru\u00e7\u00e3o normativa ser publicada no Di\u00e1rio Oficial da Uni\u00e3o, o que ocorrer\u00e1 nos pr\u00f3ximos dias. Normalmente, o prazo seria cinco dias, mas foi estendido a pedido dos bancos.<\/p>\n<p>A justificativa para a redu\u00e7\u00e3o foi o corte de 0,5 ponto percentual na Taxa Selic (juros b\u00e1sicos da economia). No fim de setembro, o Comit\u00ea de Pol\u00edtica Monet\u00e1ria (Copom) do Banco Central reduziu os juros b\u00e1sicos de 12,25% para 11,75% ao ano. Desde agosto, quando come\u00e7aram os cortes na Selic, o ministro da Previd\u00eancia Social, Carlos Lupi, disse que a pasta vai acompanhar o movimento e propor redu\u00e7\u00f5es no teto do consignado \u00e0 medida que os juros baixarem. As mudan\u00e7as t\u00eam de ser aprovadas pelo CNPS.<\/p>\n<p>Com o novo teto, alguns bancos oficiais ter\u00e3o de reduzir as taxas para o consignado do INSS para continuarem a emprestar pela modalidade. Segundo os dados mais recentes do Banco Central (BC), o Banco do Nordeste e o Banco do Brasil cobram 1,79% ao m\u00eas.<\/p>\n<p>O Banco da Amaz\u00f4nia cobra 1,81% ao m\u00eas. Como est\u00e1 acima do teto atual, a taxa, na pr\u00e1tica, significa que a institui\u00e7\u00e3o suspendeu a oferta desse tipo de cr\u00e9dito. Entre os bancos federais, apenas a Caixa cobra menos, com taxa de 1,73% ao m\u00eas.<\/p>\n<p><strong>Impasse<\/strong><br \/>\nO limite dos juros do cr\u00e9dito consignado do INSS foi objeto de embates no ano passado. Em mar\u00e7o de 2022, o CNPS reduziu o teto para 1,7% ao ano. A decis\u00e3o op\u00f4s os minist\u00e9rios da Previd\u00eancia Social e da Fazenda.<\/p>\n<p>Os bancos suspenderam a oferta, alegando que a medida provocava desequil\u00edbrios nas institui\u00e7\u00f5es financeiras. Sob protesto das centrais sindicais, o Banco do Brasil e a Caixa tamb\u00e9m deixaram de conceder os empr\u00e9stimos porque o teto de 1,7% ao m\u00eas era inferior ao cobrado pelas institui\u00e7\u00f5es.<\/p>\n<p>A decis\u00e3o coube ao presidente Luiz In\u00e1cio Lula da Silva, que arbitrou o impasse e, no fim de mar\u00e7o, decidiu pelo teto de 1,97% ao m\u00eas. O Minist\u00e9rio da Previd\u00eancia defendia teto de 1,87% ao m\u00eas, equivalente ao cobrado pela Caixa Econ\u00f4mica Federal antes da suspens\u00e3o do cr\u00e9dito consignado para os aposentados e pensionistas. A Fazenda defendia um limite de 1,99% ao m\u00eas, que permitia ao Banco do Brasil, que cobrava taxa de 1,95% ao m\u00eas, retomar a concess\u00e3o de empr\u00e9stimos.<\/p>\n","protected":false},"excerpt":{"rendered":"<p>Os aposentados e pensionistas do Instituto Nacional do Seguro Social (INSS) pagar\u00e3o menos nas futuras opera\u00e7\u00f5es de cr\u00e9dito consignado. Por 14 votos a 1, o Conselho Nacional da Previd\u00eancia Social (CNPS) aprovou o novo limite de juros de 1,76% ao m\u00eas para essas opera\u00e7\u00f5es. O novo teto \u00e9 0,04 ponto percentual menor que o antigo [&hellip;]<\/p>\n","protected":false},"author":2,"featured_media":320461,"comment_status":"closed","ping_status":"closed","sticky":false,"template":"","format":"standard","meta":{"_acf_changed":false,"footnotes":""},"categories":[161],"tags":[95],"class_list":["post-320460","post","type-post","status-publish","format-standard","has-post-thumbnail","hentry","category-quadradinho-em-foco","tag-capa"],"acf":[],"yoast_head":"<!-- This site is optimized with the Yoast SEO plugin v27.2 - https:\/\/yoast.com\/product\/yoast-seo-wordpress\/ -->\n<title>Teto de juros do consignado cair\u00e1 para 1,76%\/m\u00eas - Notibras<\/title>\n<meta name=\"robots\" content=\"index, follow, max-snippet:-1, max-image-preview:large, max-video-preview:-1\" \/>\n<link rel=\"canonical\" href=\"https:\/\/www.notibras.com\/site\/teto-de-juros-do-consignado-caira-para-176-mes\/\" \/>\n<meta property=\"og:locale\" content=\"pt_BR\" \/>\n<meta property=\"og:type\" content=\"article\" \/>\n<meta property=\"og:title\" content=\"Teto de juros do consignado cair\u00e1 para 1,76%\/m\u00eas - Notibras\" \/>\n<meta property=\"og:description\" content=\"Os aposentados e pensionistas do Instituto Nacional do Seguro Social (INSS) pagar\u00e3o menos nas futuras opera\u00e7\u00f5es de cr\u00e9dito consignado. Por 14 votos a 1, o Conselho Nacional da Previd\u00eancia Social (CNPS) aprovou o novo limite de juros de 1,76% ao m\u00eas para essas opera\u00e7\u00f5es. O novo teto \u00e9 0,04 ponto percentual menor que o antigo [&hellip;]\" \/>\n<meta property=\"og:url\" content=\"https:\/\/www.notibras.com\/site\/teto-de-juros-do-consignado-caira-para-176-mes\/\" \/>\n<meta property=\"og:site_name\" content=\"Notibras\" \/>\n<meta property=\"article:publisher\" content=\"https:\/\/www.facebook.com\/notibras\/\" \/>\n<meta property=\"article:published_time\" content=\"2024-01-12T11:45:14+00:00\" \/>\n<meta property=\"article:modified_time\" content=\"2024-01-12T16:47:21+00:00\" \/>\n<meta property=\"og:image\" content=\"https:\/\/www.notibras.com\/site\/wp-content\/uploads\/2024\/01\/juapo.webp\" \/>\n\t<meta property=\"og:image:width\" content=\"1170\" \/>\n\t<meta property=\"og:image:height\" content=\"700\" \/>\n\t<meta property=\"og:image:type\" content=\"image\/webp\" \/>\n<meta name=\"author\" content=\"Reda\u00e7\u00e3o\" \/>\n<meta name=\"twitter:card\" content=\"summary_large_image\" \/>\n<meta name=\"twitter:creator\" content=\"@Notibras\" \/>\n<meta name=\"twitter:site\" content=\"@Notibras\" \/>\n<meta name=\"twitter:label1\" content=\"Escrito por\" \/>\n\t<meta name=\"twitter:data1\" content=\"Reda\u00e7\u00e3o\" \/>\n\t<meta name=\"twitter:label2\" content=\"Est. tempo de leitura\" \/>\n\t<meta name=\"twitter:data2\" content=\"3 minutos\" \/>\n<script type=\"application\/ld+json\" class=\"yoast-schema-graph\">{\"@context\":\"https:\/\/schema.org\",\"@graph\":[{\"@type\":\"Article\",\"@id\":\"https:\/\/www.notibras.com\/site\/teto-de-juros-do-consignado-caira-para-176-mes\/#article\",\"isPartOf\":{\"@id\":\"https:\/\/www.notibras.com\/site\/teto-de-juros-do-consignado-caira-para-176-mes\/\"},\"author\":{\"name\":\"Reda\u00e7\u00e3o\",\"@id\":\"https:\/\/www.notibras.com\/site\/#\/schema\/person\/36ab0979449956132d3e5b517ea76ac8\"},\"headline\":\"Teto de juros do consignado cair\u00e1 para 1,76%\/m\u00eas\",\"datePublished\":\"2024-01-12T11:45:14+00:00\",\"dateModified\":\"2024-01-12T16:47:21+00:00\",\"mainEntityOfPage\":{\"@id\":\"https:\/\/www.notibras.com\/site\/teto-de-juros-do-consignado-caira-para-176-mes\/\"},\"wordCount\":513,\"publisher\":{\"@id\":\"https:\/\/www.notibras.com\/site\/#organization\"},\"image\":{\"@id\":\"https:\/\/www.notibras.com\/site\/teto-de-juros-do-consignado-caira-para-176-mes\/#primaryimage\"},\"thumbnailUrl\":\"https:\/\/www.notibras.com\/site\/wp-content\/uploads\/2024\/01\/juapo.webp\",\"keywords\":[\"capa\"],\"articleSection\":[\"Quadradinho em Foco\"],\"inLanguage\":\"pt-BR\"},{\"@type\":\"WebPage\",\"@id\":\"https:\/\/www.notibras.com\/site\/teto-de-juros-do-consignado-caira-para-176-mes\/\",\"url\":\"https:\/\/www.notibras.com\/site\/teto-de-juros-do-consignado-caira-para-176-mes\/\",\"name\":\"Teto de juros do consignado cair\u00e1 para 1,76%\/m\u00eas - Notibras\",\"isPartOf\":{\"@id\":\"https:\/\/www.notibras.com\/site\/#website\"},\"primaryImageOfPage\":{\"@id\":\"https:\/\/www.notibras.com\/site\/teto-de-juros-do-consignado-caira-para-176-mes\/#primaryimage\"},\"image\":{\"@id\":\"https:\/\/www.notibras.com\/site\/teto-de-juros-do-consignado-caira-para-176-mes\/#primaryimage\"},\"thumbnailUrl\":\"https:\/\/www.notibras.com\/site\/wp-content\/uploads\/2024\/01\/juapo.webp\",\"datePublished\":\"2024-01-12T11:45:14+00:00\",\"dateModified\":\"2024-01-12T16:47:21+00:00\",\"breadcrumb\":{\"@id\":\"https:\/\/www.notibras.com\/site\/teto-de-juros-do-consignado-caira-para-176-mes\/#breadcrumb\"},\"inLanguage\":\"pt-BR\",\"potentialAction\":[{\"@type\":\"ReadAction\",\"target\":[\"https:\/\/www.notibras.com\/site\/teto-de-juros-do-consignado-caira-para-176-mes\/\"]}]},{\"@type\":\"ImageObject\",\"inLanguage\":\"pt-BR\",\"@id\":\"https:\/\/www.notibras.com\/site\/teto-de-juros-do-consignado-caira-para-176-mes\/#primaryimage\",\"url\":\"https:\/\/www.notibras.com\/site\/wp-content\/uploads\/2024\/01\/juapo.webp\",\"contentUrl\":\"https:\/\/www.notibras.com\/site\/wp-content\/uploads\/2024\/01\/juapo.webp\",\"width\":1170,\"height\":700},{\"@type\":\"BreadcrumbList\",\"@id\":\"https:\/\/www.notibras.com\/site\/teto-de-juros-do-consignado-caira-para-176-mes\/#breadcrumb\",\"itemListElement\":[{\"@type\":\"ListItem\",\"position\":1,\"name\":\"In\u00edcio\",\"item\":\"https:\/\/www.notibras.com\/site\/\"},{\"@type\":\"ListItem\",\"position\":2,\"name\":\"Teto de juros do consignado cair\u00e1 para 1,76%\/m\u00eas\"}]},{\"@type\":\"WebSite\",\"@id\":\"https:\/\/www.notibras.com\/site\/#website\",\"url\":\"https:\/\/www.notibras.com\/site\/\",\"name\":\"Notibras\",\"description\":\"Not\u00edcias de Bras\u00edlia, do Brasil e do Mundo\",\"publisher\":{\"@id\":\"https:\/\/www.notibras.com\/site\/#organization\"},\"potentialAction\":[{\"@type\":\"SearchAction\",\"target\":{\"@type\":\"EntryPoint\",\"urlTemplate\":\"https:\/\/www.notibras.com\/site\/?s={search_term_string}\"},\"query-input\":{\"@type\":\"PropertyValueSpecification\",\"valueRequired\":true,\"valueName\":\"search_term_string\"}}],\"inLanguage\":\"pt-BR\"},{\"@type\":\"Organization\",\"@id\":\"https:\/\/www.notibras.com\/site\/#organization\",\"name\":\"Grupo Notibras de Comunica\u00e7\u00e3o\",\"url\":\"https:\/\/www.notibras.com\/site\/\",\"logo\":{\"@type\":\"ImageObject\",\"inLanguage\":\"pt-BR\",\"@id\":\"https:\/\/www.notibras.com\/site\/#\/schema\/logo\/image\/\",\"url\":\"https:\/\/www.notibras.com\/site\/wp-content\/uploads\/2023\/01\/notibras23.png\",\"contentUrl\":\"https:\/\/www.notibras.com\/site\/wp-content\/uploads\/2023\/01\/notibras23.png\",\"width\":350,\"height\":87,\"caption\":\"Grupo Notibras de Comunica\u00e7\u00e3o\"},\"image\":{\"@id\":\"https:\/\/www.notibras.com\/site\/#\/schema\/logo\/image\/\"},\"sameAs\":[\"https:\/\/www.facebook.com\/notibras\/\",\"https:\/\/x.com\/Notibras\",\"https:\/\/www.instagram.com\/notibras\/\"]},{\"@type\":\"Person\",\"@id\":\"https:\/\/www.notibras.com\/site\/#\/schema\/person\/36ab0979449956132d3e5b517ea76ac8\",\"name\":\"Reda\u00e7\u00e3o\",\"image\":{\"@type\":\"ImageObject\",\"inLanguage\":\"pt-BR\",\"@id\":\"https:\/\/secure.gravatar.com\/avatar\/e0a867bdedb85fd243eadf09663511f96fc81e0720a4a42581f334ad4303aa6b?s=96&d=mm&r=g\",\"url\":\"https:\/\/secure.gravatar.com\/avatar\/e0a867bdedb85fd243eadf09663511f96fc81e0720a4a42581f334ad4303aa6b?s=96&d=mm&r=g\",\"contentUrl\":\"https:\/\/secure.gravatar.com\/avatar\/e0a867bdedb85fd243eadf09663511f96fc81e0720a4a42581f334ad4303aa6b?s=96&d=mm&r=g\",\"caption\":\"Reda\u00e7\u00e3o\"}}]}<\/script>\n<!-- \/ Yoast SEO plugin. -->","yoast_head_json":{"title":"Teto de juros do consignado cair\u00e1 para 1,76%\/m\u00eas - Notibras","robots":{"index":"index","follow":"follow","max-snippet":"max-snippet:-1","max-image-preview":"max-image-preview:large","max-video-preview":"max-video-preview:-1"},"canonical":"https:\/\/www.notibras.com\/site\/teto-de-juros-do-consignado-caira-para-176-mes\/","og_locale":"pt_BR","og_type":"article","og_title":"Teto de juros do consignado cair\u00e1 para 1,76%\/m\u00eas - Notibras","og_description":"Os aposentados e pensionistas do Instituto Nacional do Seguro Social (INSS) pagar\u00e3o menos nas futuras opera\u00e7\u00f5es de cr\u00e9dito consignado. Por 14 votos a 1, o Conselho Nacional da Previd\u00eancia Social (CNPS) aprovou o novo limite de juros de 1,76% ao m\u00eas para essas opera\u00e7\u00f5es. O novo teto \u00e9 0,04 ponto percentual menor que o antigo [&hellip;]","og_url":"https:\/\/www.notibras.com\/site\/teto-de-juros-do-consignado-caira-para-176-mes\/","og_site_name":"Notibras","article_publisher":"https:\/\/www.facebook.com\/notibras\/","article_published_time":"2024-01-12T11:45:14+00:00","article_modified_time":"2024-01-12T16:47:21+00:00","og_image":[{"width":1170,"height":700,"url":"https:\/\/www.notibras.com\/site\/wp-content\/uploads\/2024\/01\/juapo.webp","type":"image\/webp"}],"author":"Reda\u00e7\u00e3o","twitter_card":"summary_large_image","twitter_creator":"@Notibras","twitter_site":"@Notibras","twitter_misc":{"Escrito por":"Reda\u00e7\u00e3o","Est. tempo de leitura":"3 minutos"},"schema":{"@context":"https:\/\/schema.org","@graph":[{"@type":"Article","@id":"https:\/\/www.notibras.com\/site\/teto-de-juros-do-consignado-caira-para-176-mes\/#article","isPartOf":{"@id":"https:\/\/www.notibras.com\/site\/teto-de-juros-do-consignado-caira-para-176-mes\/"},"author":{"name":"Reda\u00e7\u00e3o","@id":"https:\/\/www.notibras.com\/site\/#\/schema\/person\/36ab0979449956132d3e5b517ea76ac8"},"headline":"Teto de juros do consignado cair\u00e1 para 1,76%\/m\u00eas","datePublished":"2024-01-12T11:45:14+00:00","dateModified":"2024-01-12T16:47:21+00:00","mainEntityOfPage":{"@id":"https:\/\/www.notibras.com\/site\/teto-de-juros-do-consignado-caira-para-176-mes\/"},"wordCount":513,"publisher":{"@id":"https:\/\/www.notibras.com\/site\/#organization"},"image":{"@id":"https:\/\/www.notibras.com\/site\/teto-de-juros-do-consignado-caira-para-176-mes\/#primaryimage"},"thumbnailUrl":"https:\/\/www.notibras.com\/site\/wp-content\/uploads\/2024\/01\/juapo.webp","keywords":["capa"],"articleSection":["Quadradinho em Foco"],"inLanguage":"pt-BR"},{"@type":"WebPage","@id":"https:\/\/www.notibras.com\/site\/teto-de-juros-do-consignado-caira-para-176-mes\/","url":"https:\/\/www.notibras.com\/site\/teto-de-juros-do-consignado-caira-para-176-mes\/","name":"Teto de juros do consignado cair\u00e1 para 1,76%\/m\u00eas - Notibras","isPartOf":{"@id":"https:\/\/www.notibras.com\/site\/#website"},"primaryImageOfPage":{"@id":"https:\/\/www.notibras.com\/site\/teto-de-juros-do-consignado-caira-para-176-mes\/#primaryimage"},"image":{"@id":"https:\/\/www.notibras.com\/site\/teto-de-juros-do-consignado-caira-para-176-mes\/#primaryimage"},"thumbnailUrl":"https:\/\/www.notibras.com\/site\/wp-content\/uploads\/2024\/01\/juapo.webp","datePublished":"2024-01-12T11:45:14+00:00","dateModified":"2024-01-12T16:47:21+00:00","breadcrumb":{"@id":"https:\/\/www.notibras.com\/site\/teto-de-juros-do-consignado-caira-para-176-mes\/#breadcrumb"},"inLanguage":"pt-BR","potentialAction":[{"@type":"ReadAction","target":["https:\/\/www.notibras.com\/site\/teto-de-juros-do-consignado-caira-para-176-mes\/"]}]},{"@type":"ImageObject","inLanguage":"pt-BR","@id":"https:\/\/www.notibras.com\/site\/teto-de-juros-do-consignado-caira-para-176-mes\/#primaryimage","url":"https:\/\/www.notibras.com\/site\/wp-content\/uploads\/2024\/01\/juapo.webp","contentUrl":"https:\/\/www.notibras.com\/site\/wp-content\/uploads\/2024\/01\/juapo.webp","width":1170,"height":700},{"@type":"BreadcrumbList","@id":"https:\/\/www.notibras.com\/site\/teto-de-juros-do-consignado-caira-para-176-mes\/#breadcrumb","itemListElement":[{"@type":"ListItem","position":1,"name":"In\u00edcio","item":"https:\/\/www.notibras.com\/site\/"},{"@type":"ListItem","position":2,"name":"Teto de juros do consignado cair\u00e1 para 1,76%\/m\u00eas"}]},{"@type":"WebSite","@id":"https:\/\/www.notibras.com\/site\/#website","url":"https:\/\/www.notibras.com\/site\/","name":"Notibras","description":"Not\u00edcias de Bras\u00edlia, do Brasil e do Mundo","publisher":{"@id":"https:\/\/www.notibras.com\/site\/#organization"},"potentialAction":[{"@type":"SearchAction","target":{"@type":"EntryPoint","urlTemplate":"https:\/\/www.notibras.com\/site\/?s={search_term_string}"},"query-input":{"@type":"PropertyValueSpecification","valueRequired":true,"valueName":"search_term_string"}}],"inLanguage":"pt-BR"},{"@type":"Organization","@id":"https:\/\/www.notibras.com\/site\/#organization","name":"Grupo Notibras de Comunica\u00e7\u00e3o","url":"https:\/\/www.notibras.com\/site\/","logo":{"@type":"ImageObject","inLanguage":"pt-BR","@id":"https:\/\/www.notibras.com\/site\/#\/schema\/logo\/image\/","url":"https:\/\/www.notibras.com\/site\/wp-content\/uploads\/2023\/01\/notibras23.png","contentUrl":"https:\/\/www.notibras.com\/site\/wp-content\/uploads\/2023\/01\/notibras23.png","width":350,"height":87,"caption":"Grupo Notibras de Comunica\u00e7\u00e3o"},"image":{"@id":"https:\/\/www.notibras.com\/site\/#\/schema\/logo\/image\/"},"sameAs":["https:\/\/www.facebook.com\/notibras\/","https:\/\/x.com\/Notibras","https:\/\/www.instagram.com\/notibras\/"]},{"@type":"Person","@id":"https:\/\/www.notibras.com\/site\/#\/schema\/person\/36ab0979449956132d3e5b517ea76ac8","name":"Reda\u00e7\u00e3o","image":{"@type":"ImageObject","inLanguage":"pt-BR","@id":"https:\/\/secure.gravatar.com\/avatar\/e0a867bdedb85fd243eadf09663511f96fc81e0720a4a42581f334ad4303aa6b?s=96&d=mm&r=g","url":"https:\/\/secure.gravatar.com\/avatar\/e0a867bdedb85fd243eadf09663511f96fc81e0720a4a42581f334ad4303aa6b?s=96&d=mm&r=g","contentUrl":"https:\/\/secure.gravatar.com\/avatar\/e0a867bdedb85fd243eadf09663511f96fc81e0720a4a42581f334ad4303aa6b?s=96&d=mm&r=g","caption":"Reda\u00e7\u00e3o"}}]}},"amp_enabled":true,"_links":{"self":[{"href":"https:\/\/www.notibras.com\/site\/wp-json\/wp\/v2\/posts\/320460","targetHints":{"allow":["GET"]}}],"collection":[{"href":"https:\/\/www.notibras.com\/site\/wp-json\/wp\/v2\/posts"}],"about":[{"href":"https:\/\/www.notibras.com\/site\/wp-json\/wp\/v2\/types\/post"}],"author":[{"embeddable":true,"href":"https:\/\/www.notibras.com\/site\/wp-json\/wp\/v2\/users\/2"}],"replies":[{"embeddable":true,"href":"https:\/\/www.notibras.com\/site\/wp-json\/wp\/v2\/comments?post=320460"}],"version-history":[{"count":2,"href":"https:\/\/www.notibras.com\/site\/wp-json\/wp\/v2\/posts\/320460\/revisions"}],"predecessor-version":[{"id":320463,"href":"https:\/\/www.notibras.com\/site\/wp-json\/wp\/v2\/posts\/320460\/revisions\/320463"}],"wp:featuredmedia":[{"embeddable":true,"href":"https:\/\/www.notibras.com\/site\/wp-json\/wp\/v2\/media\/320461"}],"wp:attachment":[{"href":"https:\/\/www.notibras.com\/site\/wp-json\/wp\/v2\/media?parent=320460"}],"wp:term":[{"taxonomy":"category","embeddable":true,"href":"https:\/\/www.notibras.com\/site\/wp-json\/wp\/v2\/categories?post=320460"},{"taxonomy":"post_tag","embeddable":true,"href":"https:\/\/www.notibras.com\/site\/wp-json\/wp\/v2\/tags?post=320460"}],"curies":[{"name":"wp","href":"https:\/\/api.w.org\/{rel}","templated":true}]}}