{"id":320464,"date":"2024-01-12T08:55:39","date_gmt":"2024-01-12T11:55:39","guid":{"rendered":"https:\/\/www.notibras.com\/site\/?p=320464"},"modified":"2024-01-12T13:57:29","modified_gmt":"2024-01-12T16:57:29","slug":"aposentados-e-turma-do-prouni-vao-ter-prioridade","status":"publish","type":"post","link":"https:\/\/www.notibras.com\/site\/aposentados-e-turma-do-prouni-vao-ter-prioridade\/","title":{"rendered":"Aposentados e turma do Prouni v\u00e3o ter prioridade"},"content":{"rendered":"<p>Aposentados do Instituto Nacional do Seguro Social (INSS) e bolsistas do Programa Universidade para Todos (Prouni) ser\u00e3o os primeiros segmentos beneficiados pelo programa Voa Brasil, que vai assegurar passagens a\u00e9reas a R$ 200 por trecho. Previsto desde meados do ano passado, at\u00e9 ent\u00e3o sem p\u00fablico-alvo anunciado, o programa ainda n\u00e3o saiu do papel. De acordo com o ministro de Portos e Aeroportos, S\u00edlvio Costa Filho, a iniciativa ser\u00e1 finalmente lan\u00e7ada pelo presidente Luiz In\u00e1cio Lula da Silva at\u00e9 o in\u00edcio do m\u00eas que vem.<\/p>\n<p>&#8220;A gente espera que o presidente possa anunciar, agora no final de janeiro, mais tardar no in\u00edcio de fevereiro, um programa de passagens a R$ 200, que ser\u00e3o para dois p\u00fablicos espec\u00edficos num primeiro momento, o p\u00fablico de aposentados do INSS, que d\u00e1 em torno de 20 milh\u00f5es de brasileiros, e tamb\u00e9m para alunos do Prouni, que atinge 600 mil estudantes&#8221;, anunciou em entrevista a jornalistas, nesta ter\u00e7a-feira (9), no Pal\u00e1cio do Planalto, ap\u00f3s se reunir com o presidente.<\/p>\n<p>Em postagem nas redes sociais, Lula escreveu sobre a reuni\u00e3o. &#8220;Me reuni hoje com o ministro dos Portos e Aeroportos, Silvio Costa Filho, e o presidente do Sebrae, D\u00e9cio Lima. Conversamos sobre o programa Voa Brasil, para oferecer passagens com pre\u00e7os mais baixos para aposentados e prounistas, os planos para a constru\u00e7\u00e3o do t\u00fanel entre Santos e Guaruj\u00e1 e os esfor\u00e7os para a reativa\u00e7\u00e3o do Porto de Itaja\u00ed, em Santa Catarina, parado pela incompet\u00eancia com prazos do governo anterior. Come\u00e7amos o ano trabalhando para termos avan\u00e7os em todo o pa\u00eds&#8221;, disse o presidente.<\/p>\n<p>De acordo com o ministro, al\u00e9m dos estudantes de baixa renda do Prouni, os aposentados do INSS que ter\u00e3o direito a passagem mais barata s\u00e3o aqueles que ganham at\u00e9 dois sal\u00e1rios m\u00ednimos. No dia do lan\u00e7amento do programa, o governo j\u00e1 dever\u00e1 informar o n\u00famero de passagens a serem disponibilizadas. A previs\u00e3o de Silvio Costa Filho \u00e9 que 2,5 milh\u00f5es a 3 milh\u00f5es de pessoas que nunca viajaram de avi\u00e3o ou n\u00e3o viajam h\u00e1 mais de 12 meses consigam adquirir passagens a\u00e9reas pelo programa, ampliando a democratiza\u00e7\u00e3o do acesso ao transporte a\u00e9reo no pa\u00eds.<\/p>\n<p>&#8220;Essa \u00e9 a primeira etapa do programa e, a partir da\u00ed, a gente vendo que o programa funcionou, vai tentar cada vez mais, ao lado das a\u00e9reas, buscar a amplia\u00e7\u00e3o do programa&#8221;, destacou o ministro, ao comentar sobre a possibilidade de amplia\u00e7\u00e3o do desconto para outros p\u00fablicos. Costa Filho afirmou que o programa foi constru\u00eddo com base no di\u00e1logo com as companhias a\u00e9reas, j\u00e1 que o governo n\u00e3o pode interferir na precifica\u00e7\u00e3o das passagens. Apesar disso, o ministro informou que o governo monitora a pr\u00e1tica de pre\u00e7os abusivos e celebrou o crescimento de 15% do n\u00famero de passageiros, entre 2022 e 2023. &#8220;Esse ano [2023] a gente saiu de 98 milh\u00f5es de passageiros para 115 milh\u00f5es de passageiros, crescimento de passageiros de mais de 15% na avia\u00e7\u00e3o brasileira&#8221;.<\/p>\n<p><strong>Portos<\/strong><br \/>\nO ministro de Portos e Aeroportos tamb\u00e9m informou que o presidente Lula dever\u00e1 visitar o Porto de Santos no m\u00eas que vem e anunciar novos investimentos na regi\u00e3o. O maior deles \u00e9 a constru\u00e7\u00e3o de um t\u00fanel, que passar\u00e1 sob o mar, entre as cidades de Santos e Guaruj\u00e1. O empreendimento \u00e9 uma das principais obras do Novo PAC, do governo federal, com custo estimado de R$ 5 bilh\u00f5es.<\/p>\n<p>Em mar\u00e7o, Lula tamb\u00e9m dever\u00e1 visitar o Porto de Itaja\u00ed, em Santa Catarina, para dar o pontap\u00e9 no funcionamento do terminal, que est\u00e1 paralisado. &#8220;\u00c9 um Porto que j\u00e1 chegou a gerar mais de 4 mil empregos naquela regi\u00e3o e, infelizmente ficou inviabilizado no governo passado&#8221;, afirmou o ministro. A retomada da opera\u00e7\u00e3o do porto est\u00e1 em andamento por uma empresa j\u00e1 contratada de forma tempor\u00e1ria pelo governo federal.<\/p>\n","protected":false},"excerpt":{"rendered":"<p>Aposentados do Instituto Nacional do Seguro Social (INSS) e bolsistas do Programa Universidade para Todos (Prouni) ser\u00e3o os primeiros segmentos beneficiados pelo programa Voa Brasil, que vai assegurar passagens a\u00e9reas a R$ 200 por trecho. Previsto desde meados do ano passado, at\u00e9 ent\u00e3o sem p\u00fablico-alvo anunciado, o programa ainda n\u00e3o saiu do papel. De acordo [&hellip;]<\/p>\n","protected":false},"author":2,"featured_media":320465,"comment_status":"closed","ping_status":"closed","sticky":false,"template":"","format":"standard","meta":{"_acf_changed":false,"footnotes":""},"categories":[161],"tags":[95],"class_list":["post-320464","post","type-post","status-publish","format-standard","has-post-thumbnail","hentry","category-quadradinho-em-foco","tag-capa"],"acf":[],"yoast_head":"<!-- This site is optimized with the Yoast SEO plugin v27.2 - https:\/\/yoast.com\/product\/yoast-seo-wordpress\/ -->\n<title>Aposentados e turma do Prouni v\u00e3o ter prioridade - Notibras<\/title>\n<meta name=\"robots\" content=\"index, follow, max-snippet:-1, max-image-preview:large, max-video-preview:-1\" \/>\n<link rel=\"canonical\" href=\"https:\/\/www.notibras.com\/site\/aposentados-e-turma-do-prouni-vao-ter-prioridade\/\" \/>\n<meta property=\"og:locale\" content=\"pt_BR\" \/>\n<meta property=\"og:type\" content=\"article\" \/>\n<meta property=\"og:title\" content=\"Aposentados e turma do Prouni v\u00e3o ter prioridade - Notibras\" \/>\n<meta property=\"og:description\" content=\"Aposentados do Instituto Nacional do Seguro Social (INSS) e bolsistas do Programa Universidade para Todos (Prouni) ser\u00e3o os primeiros segmentos beneficiados pelo programa Voa Brasil, que vai assegurar passagens a\u00e9reas a R$ 200 por trecho. Previsto desde meados do ano passado, at\u00e9 ent\u00e3o sem p\u00fablico-alvo anunciado, o programa ainda n\u00e3o saiu do papel. De acordo [&hellip;]\" \/>\n<meta property=\"og:url\" content=\"https:\/\/www.notibras.com\/site\/aposentados-e-turma-do-prouni-vao-ter-prioridade\/\" \/>\n<meta property=\"og:site_name\" content=\"Notibras\" \/>\n<meta property=\"article:publisher\" content=\"https:\/\/www.facebook.com\/notibras\/\" \/>\n<meta property=\"article:published_time\" content=\"2024-01-12T11:55:39+00:00\" \/>\n<meta property=\"article:modified_time\" content=\"2024-01-12T16:57:29+00:00\" \/>\n<meta property=\"og:image\" content=\"https:\/\/www.notibras.com\/site\/wp-content\/uploads\/2024\/01\/antcrz_abr_2707182276-1.jpg\" \/>\n\t<meta property=\"og:image:width\" content=\"1170\" \/>\n\t<meta property=\"og:image:height\" content=\"700\" \/>\n\t<meta property=\"og:image:type\" content=\"image\/jpeg\" \/>\n<meta name=\"author\" content=\"Reda\u00e7\u00e3o\" \/>\n<meta name=\"twitter:card\" content=\"summary_large_image\" \/>\n<meta name=\"twitter:creator\" content=\"@Notibras\" \/>\n<meta name=\"twitter:site\" content=\"@Notibras\" \/>\n<meta name=\"twitter:label1\" content=\"Escrito por\" \/>\n\t<meta name=\"twitter:data1\" content=\"Reda\u00e7\u00e3o\" \/>\n\t<meta name=\"twitter:label2\" content=\"Est. tempo de leitura\" \/>\n\t<meta name=\"twitter:data2\" content=\"4 minutos\" \/>\n<script type=\"application\/ld+json\" class=\"yoast-schema-graph\">{\"@context\":\"https:\/\/schema.org\",\"@graph\":[{\"@type\":\"Article\",\"@id\":\"https:\/\/www.notibras.com\/site\/aposentados-e-turma-do-prouni-vao-ter-prioridade\/#article\",\"isPartOf\":{\"@id\":\"https:\/\/www.notibras.com\/site\/aposentados-e-turma-do-prouni-vao-ter-prioridade\/\"},\"author\":{\"name\":\"Reda\u00e7\u00e3o\",\"@id\":\"https:\/\/www.notibras.com\/site\/#\/schema\/person\/36ab0979449956132d3e5b517ea76ac8\"},\"headline\":\"Aposentados e turma do Prouni v\u00e3o ter prioridade\",\"datePublished\":\"2024-01-12T11:55:39+00:00\",\"dateModified\":\"2024-01-12T16:57:29+00:00\",\"mainEntityOfPage\":{\"@id\":\"https:\/\/www.notibras.com\/site\/aposentados-e-turma-do-prouni-vao-ter-prioridade\/\"},\"wordCount\":677,\"publisher\":{\"@id\":\"https:\/\/www.notibras.com\/site\/#organization\"},\"image\":{\"@id\":\"https:\/\/www.notibras.com\/site\/aposentados-e-turma-do-prouni-vao-ter-prioridade\/#primaryimage\"},\"thumbnailUrl\":\"https:\/\/www.notibras.com\/site\/wp-content\/uploads\/2024\/01\/antcrz_abr_2707182276-1.jpg\",\"keywords\":[\"capa\"],\"articleSection\":[\"Quadradinho em Foco\"],\"inLanguage\":\"pt-BR\"},{\"@type\":\"WebPage\",\"@id\":\"https:\/\/www.notibras.com\/site\/aposentados-e-turma-do-prouni-vao-ter-prioridade\/\",\"url\":\"https:\/\/www.notibras.com\/site\/aposentados-e-turma-do-prouni-vao-ter-prioridade\/\",\"name\":\"Aposentados e turma do Prouni v\u00e3o ter prioridade - Notibras\",\"isPartOf\":{\"@id\":\"https:\/\/www.notibras.com\/site\/#website\"},\"primaryImageOfPage\":{\"@id\":\"https:\/\/www.notibras.com\/site\/aposentados-e-turma-do-prouni-vao-ter-prioridade\/#primaryimage\"},\"image\":{\"@id\":\"https:\/\/www.notibras.com\/site\/aposentados-e-turma-do-prouni-vao-ter-prioridade\/#primaryimage\"},\"thumbnailUrl\":\"https:\/\/www.notibras.com\/site\/wp-content\/uploads\/2024\/01\/antcrz_abr_2707182276-1.jpg\",\"datePublished\":\"2024-01-12T11:55:39+00:00\",\"dateModified\":\"2024-01-12T16:57:29+00:00\",\"breadcrumb\":{\"@id\":\"https:\/\/www.notibras.com\/site\/aposentados-e-turma-do-prouni-vao-ter-prioridade\/#breadcrumb\"},\"inLanguage\":\"pt-BR\",\"potentialAction\":[{\"@type\":\"ReadAction\",\"target\":[\"https:\/\/www.notibras.com\/site\/aposentados-e-turma-do-prouni-vao-ter-prioridade\/\"]}]},{\"@type\":\"ImageObject\",\"inLanguage\":\"pt-BR\",\"@id\":\"https:\/\/www.notibras.com\/site\/aposentados-e-turma-do-prouni-vao-ter-prioridade\/#primaryimage\",\"url\":\"https:\/\/www.notibras.com\/site\/wp-content\/uploads\/2024\/01\/antcrz_abr_2707182276-1.jpg\",\"contentUrl\":\"https:\/\/www.notibras.com\/site\/wp-content\/uploads\/2024\/01\/antcrz_abr_2707182276-1.jpg\",\"width\":1170,\"height\":700},{\"@type\":\"BreadcrumbList\",\"@id\":\"https:\/\/www.notibras.com\/site\/aposentados-e-turma-do-prouni-vao-ter-prioridade\/#breadcrumb\",\"itemListElement\":[{\"@type\":\"ListItem\",\"position\":1,\"name\":\"In\u00edcio\",\"item\":\"https:\/\/www.notibras.com\/site\/\"},{\"@type\":\"ListItem\",\"position\":2,\"name\":\"Aposentados e turma do Prouni v\u00e3o ter prioridade\"}]},{\"@type\":\"WebSite\",\"@id\":\"https:\/\/www.notibras.com\/site\/#website\",\"url\":\"https:\/\/www.notibras.com\/site\/\",\"name\":\"Notibras\",\"description\":\"Not\u00edcias de Bras\u00edlia, do Brasil e do Mundo\",\"publisher\":{\"@id\":\"https:\/\/www.notibras.com\/site\/#organization\"},\"potentialAction\":[{\"@type\":\"SearchAction\",\"target\":{\"@type\":\"EntryPoint\",\"urlTemplate\":\"https:\/\/www.notibras.com\/site\/?s={search_term_string}\"},\"query-input\":{\"@type\":\"PropertyValueSpecification\",\"valueRequired\":true,\"valueName\":\"search_term_string\"}}],\"inLanguage\":\"pt-BR\"},{\"@type\":\"Organization\",\"@id\":\"https:\/\/www.notibras.com\/site\/#organization\",\"name\":\"Grupo Notibras de Comunica\u00e7\u00e3o\",\"url\":\"https:\/\/www.notibras.com\/site\/\",\"logo\":{\"@type\":\"ImageObject\",\"inLanguage\":\"pt-BR\",\"@id\":\"https:\/\/www.notibras.com\/site\/#\/schema\/logo\/image\/\",\"url\":\"https:\/\/www.notibras.com\/site\/wp-content\/uploads\/2023\/01\/notibras23.png\",\"contentUrl\":\"https:\/\/www.notibras.com\/site\/wp-content\/uploads\/2023\/01\/notibras23.png\",\"width\":350,\"height\":87,\"caption\":\"Grupo Notibras de Comunica\u00e7\u00e3o\"},\"image\":{\"@id\":\"https:\/\/www.notibras.com\/site\/#\/schema\/logo\/image\/\"},\"sameAs\":[\"https:\/\/www.facebook.com\/notibras\/\",\"https:\/\/x.com\/Notibras\",\"https:\/\/www.instagram.com\/notibras\/\"]},{\"@type\":\"Person\",\"@id\":\"https:\/\/www.notibras.com\/site\/#\/schema\/person\/36ab0979449956132d3e5b517ea76ac8\",\"name\":\"Reda\u00e7\u00e3o\",\"image\":{\"@type\":\"ImageObject\",\"inLanguage\":\"pt-BR\",\"@id\":\"https:\/\/secure.gravatar.com\/avatar\/e0a867bdedb85fd243eadf09663511f96fc81e0720a4a42581f334ad4303aa6b?s=96&d=mm&r=g\",\"url\":\"https:\/\/secure.gravatar.com\/avatar\/e0a867bdedb85fd243eadf09663511f96fc81e0720a4a42581f334ad4303aa6b?s=96&d=mm&r=g\",\"contentUrl\":\"https:\/\/secure.gravatar.com\/avatar\/e0a867bdedb85fd243eadf09663511f96fc81e0720a4a42581f334ad4303aa6b?s=96&d=mm&r=g\",\"caption\":\"Reda\u00e7\u00e3o\"}}]}<\/script>\n<!-- \/ Yoast SEO plugin. -->","yoast_head_json":{"title":"Aposentados e turma do Prouni v\u00e3o ter prioridade - Notibras","robots":{"index":"index","follow":"follow","max-snippet":"max-snippet:-1","max-image-preview":"max-image-preview:large","max-video-preview":"max-video-preview:-1"},"canonical":"https:\/\/www.notibras.com\/site\/aposentados-e-turma-do-prouni-vao-ter-prioridade\/","og_locale":"pt_BR","og_type":"article","og_title":"Aposentados e turma do Prouni v\u00e3o ter prioridade - Notibras","og_description":"Aposentados do Instituto Nacional do Seguro Social (INSS) e bolsistas do Programa Universidade para Todos (Prouni) ser\u00e3o os primeiros segmentos beneficiados pelo programa Voa Brasil, que vai assegurar passagens a\u00e9reas a R$ 200 por trecho. Previsto desde meados do ano passado, at\u00e9 ent\u00e3o sem p\u00fablico-alvo anunciado, o programa ainda n\u00e3o saiu do papel. De acordo [&hellip;]","og_url":"https:\/\/www.notibras.com\/site\/aposentados-e-turma-do-prouni-vao-ter-prioridade\/","og_site_name":"Notibras","article_publisher":"https:\/\/www.facebook.com\/notibras\/","article_published_time":"2024-01-12T11:55:39+00:00","article_modified_time":"2024-01-12T16:57:29+00:00","og_image":[{"width":1170,"height":700,"url":"https:\/\/www.notibras.com\/site\/wp-content\/uploads\/2024\/01\/antcrz_abr_2707182276-1.jpg","type":"image\/jpeg"}],"author":"Reda\u00e7\u00e3o","twitter_card":"summary_large_image","twitter_creator":"@Notibras","twitter_site":"@Notibras","twitter_misc":{"Escrito por":"Reda\u00e7\u00e3o","Est. tempo de leitura":"4 minutos"},"schema":{"@context":"https:\/\/schema.org","@graph":[{"@type":"Article","@id":"https:\/\/www.notibras.com\/site\/aposentados-e-turma-do-prouni-vao-ter-prioridade\/#article","isPartOf":{"@id":"https:\/\/www.notibras.com\/site\/aposentados-e-turma-do-prouni-vao-ter-prioridade\/"},"author":{"name":"Reda\u00e7\u00e3o","@id":"https:\/\/www.notibras.com\/site\/#\/schema\/person\/36ab0979449956132d3e5b517ea76ac8"},"headline":"Aposentados e turma do Prouni v\u00e3o ter prioridade","datePublished":"2024-01-12T11:55:39+00:00","dateModified":"2024-01-12T16:57:29+00:00","mainEntityOfPage":{"@id":"https:\/\/www.notibras.com\/site\/aposentados-e-turma-do-prouni-vao-ter-prioridade\/"},"wordCount":677,"publisher":{"@id":"https:\/\/www.notibras.com\/site\/#organization"},"image":{"@id":"https:\/\/www.notibras.com\/site\/aposentados-e-turma-do-prouni-vao-ter-prioridade\/#primaryimage"},"thumbnailUrl":"https:\/\/www.notibras.com\/site\/wp-content\/uploads\/2024\/01\/antcrz_abr_2707182276-1.jpg","keywords":["capa"],"articleSection":["Quadradinho em Foco"],"inLanguage":"pt-BR"},{"@type":"WebPage","@id":"https:\/\/www.notibras.com\/site\/aposentados-e-turma-do-prouni-vao-ter-prioridade\/","url":"https:\/\/www.notibras.com\/site\/aposentados-e-turma-do-prouni-vao-ter-prioridade\/","name":"Aposentados e turma do Prouni v\u00e3o ter prioridade - Notibras","isPartOf":{"@id":"https:\/\/www.notibras.com\/site\/#website"},"primaryImageOfPage":{"@id":"https:\/\/www.notibras.com\/site\/aposentados-e-turma-do-prouni-vao-ter-prioridade\/#primaryimage"},"image":{"@id":"https:\/\/www.notibras.com\/site\/aposentados-e-turma-do-prouni-vao-ter-prioridade\/#primaryimage"},"thumbnailUrl":"https:\/\/www.notibras.com\/site\/wp-content\/uploads\/2024\/01\/antcrz_abr_2707182276-1.jpg","datePublished":"2024-01-12T11:55:39+00:00","dateModified":"2024-01-12T16:57:29+00:00","breadcrumb":{"@id":"https:\/\/www.notibras.com\/site\/aposentados-e-turma-do-prouni-vao-ter-prioridade\/#breadcrumb"},"inLanguage":"pt-BR","potentialAction":[{"@type":"ReadAction","target":["https:\/\/www.notibras.com\/site\/aposentados-e-turma-do-prouni-vao-ter-prioridade\/"]}]},{"@type":"ImageObject","inLanguage":"pt-BR","@id":"https:\/\/www.notibras.com\/site\/aposentados-e-turma-do-prouni-vao-ter-prioridade\/#primaryimage","url":"https:\/\/www.notibras.com\/site\/wp-content\/uploads\/2024\/01\/antcrz_abr_2707182276-1.jpg","contentUrl":"https:\/\/www.notibras.com\/site\/wp-content\/uploads\/2024\/01\/antcrz_abr_2707182276-1.jpg","width":1170,"height":700},{"@type":"BreadcrumbList","@id":"https:\/\/www.notibras.com\/site\/aposentados-e-turma-do-prouni-vao-ter-prioridade\/#breadcrumb","itemListElement":[{"@type":"ListItem","position":1,"name":"In\u00edcio","item":"https:\/\/www.notibras.com\/site\/"},{"@type":"ListItem","position":2,"name":"Aposentados e turma do Prouni v\u00e3o ter prioridade"}]},{"@type":"WebSite","@id":"https:\/\/www.notibras.com\/site\/#website","url":"https:\/\/www.notibras.com\/site\/","name":"Notibras","description":"Not\u00edcias de Bras\u00edlia, do Brasil e do Mundo","publisher":{"@id":"https:\/\/www.notibras.com\/site\/#organization"},"potentialAction":[{"@type":"SearchAction","target":{"@type":"EntryPoint","urlTemplate":"https:\/\/www.notibras.com\/site\/?s={search_term_string}"},"query-input":{"@type":"PropertyValueSpecification","valueRequired":true,"valueName":"search_term_string"}}],"inLanguage":"pt-BR"},{"@type":"Organization","@id":"https:\/\/www.notibras.com\/site\/#organization","name":"Grupo Notibras de Comunica\u00e7\u00e3o","url":"https:\/\/www.notibras.com\/site\/","logo":{"@type":"ImageObject","inLanguage":"pt-BR","@id":"https:\/\/www.notibras.com\/site\/#\/schema\/logo\/image\/","url":"https:\/\/www.notibras.com\/site\/wp-content\/uploads\/2023\/01\/notibras23.png","contentUrl":"https:\/\/www.notibras.com\/site\/wp-content\/uploads\/2023\/01\/notibras23.png","width":350,"height":87,"caption":"Grupo Notibras de Comunica\u00e7\u00e3o"},"image":{"@id":"https:\/\/www.notibras.com\/site\/#\/schema\/logo\/image\/"},"sameAs":["https:\/\/www.facebook.com\/notibras\/","https:\/\/x.com\/Notibras","https:\/\/www.instagram.com\/notibras\/"]},{"@type":"Person","@id":"https:\/\/www.notibras.com\/site\/#\/schema\/person\/36ab0979449956132d3e5b517ea76ac8","name":"Reda\u00e7\u00e3o","image":{"@type":"ImageObject","inLanguage":"pt-BR","@id":"https:\/\/secure.gravatar.com\/avatar\/e0a867bdedb85fd243eadf09663511f96fc81e0720a4a42581f334ad4303aa6b?s=96&d=mm&r=g","url":"https:\/\/secure.gravatar.com\/avatar\/e0a867bdedb85fd243eadf09663511f96fc81e0720a4a42581f334ad4303aa6b?s=96&d=mm&r=g","contentUrl":"https:\/\/secure.gravatar.com\/avatar\/e0a867bdedb85fd243eadf09663511f96fc81e0720a4a42581f334ad4303aa6b?s=96&d=mm&r=g","caption":"Reda\u00e7\u00e3o"}}]}},"amp_enabled":true,"_links":{"self":[{"href":"https:\/\/www.notibras.com\/site\/wp-json\/wp\/v2\/posts\/320464","targetHints":{"allow":["GET"]}}],"collection":[{"href":"https:\/\/www.notibras.com\/site\/wp-json\/wp\/v2\/posts"}],"about":[{"href":"https:\/\/www.notibras.com\/site\/wp-json\/wp\/v2\/types\/post"}],"author":[{"embeddable":true,"href":"https:\/\/www.notibras.com\/site\/wp-json\/wp\/v2\/users\/2"}],"replies":[{"embeddable":true,"href":"https:\/\/www.notibras.com\/site\/wp-json\/wp\/v2\/comments?post=320464"}],"version-history":[{"count":1,"href":"https:\/\/www.notibras.com\/site\/wp-json\/wp\/v2\/posts\/320464\/revisions"}],"predecessor-version":[{"id":320466,"href":"https:\/\/www.notibras.com\/site\/wp-json\/wp\/v2\/posts\/320464\/revisions\/320466"}],"wp:featuredmedia":[{"embeddable":true,"href":"https:\/\/www.notibras.com\/site\/wp-json\/wp\/v2\/media\/320465"}],"wp:attachment":[{"href":"https:\/\/www.notibras.com\/site\/wp-json\/wp\/v2\/media?parent=320464"}],"wp:term":[{"taxonomy":"category","embeddable":true,"href":"https:\/\/www.notibras.com\/site\/wp-json\/wp\/v2\/categories?post=320464"},{"taxonomy":"post_tag","embeddable":true,"href":"https:\/\/www.notibras.com\/site\/wp-json\/wp\/v2\/tags?post=320464"}],"curies":[{"name":"wp","href":"https:\/\/api.w.org\/{rel}","templated":true}]}}