{"id":320479,"date":"2024-01-13T00:11:31","date_gmt":"2024-01-13T03:11:31","guid":{"rendered":"https:\/\/www.notibras.com\/site\/?p=320479"},"modified":"2024-01-12T22:20:42","modified_gmt":"2024-01-13T01:20:42","slug":"calor-faz-consumidor-gastar-mais-com-sorvete-e-picole","status":"publish","type":"post","link":"https:\/\/www.notibras.com\/site\/calor-faz-consumidor-gastar-mais-com-sorvete-e-picole\/","title":{"rendered":"Calor faz consumidor gastar mais com sorvete e picol\u00e9"},"content":{"rendered":"<p>Categoria s\u00edmbolo da esta\u00e7\u00e3o mais quente do ano, o consumo de sorvetes fora do lar chegou ao seu maior patamar no \u00faltimo ver\u00e3o. Os indiv\u00edduos estavam dispostos a gastar mais (gasto m\u00e9dio por pessoa se expandiu de R$ 25 para R$ 36 na compara\u00e7\u00e3o entre a esta\u00e7\u00e3o 2021\/2022 e o per\u00edodo 2022\/2023). Os dados s\u00e3o de pesquisa da Kantar.<\/p>\n<p>Ainda nesse contexto, os brasileiros deram prioridade para o consumo em grupo (volume compartilhado pulou de 64% no ver\u00e3o 2021\/2022 para 74% na temporada seguinte) com consumidores optando por embalagens maiores, via segmento de potes, crescimento de 14% em volume versus o ver\u00e3o 2021\/2023, pois o pre\u00e7o por litro \u00e9 6x mais econ\u00f4mico do que o segmento de picol\u00e9s. O principal motivo para a compra e consumo fora de casa, por sua vez, est\u00e1 no sabor \u2013 raz\u00e3o apontada por 45% dos consumidores.<\/p>\n<p>Fora do lar, mais de 15 milh\u00f5es de indiv\u00edduos consumiram sorvetes no \u00faltimo ver\u00e3o, \u00e9 v\u00e1lido destacar que a categoria foi impulsionada em volume, especialmente, pelas classes A e B (+34%), clientes acima de 50 anos (+15%) e residentes do Rio de Janeiro (+11%) em sorveterias +24% principalmente no meio da tarde (que representa 56% do consumo).<\/p>\n<p>J\u00e1 dentro do lar, a categoria ainda n\u00e3o retomou ao n\u00edvel pr\u00e9-pandemia. Um dos reflexos disso \u00e9 que, no \u00faltimo ver\u00e3o, os lares buscaram tamanhos menores e de menor desembolso. As embalagens abaixo de 1,5 litro passaram de 4% a sua import\u00e2ncia em volume na temporada 2021\/2022 para 10% no per\u00edodo posterior. E o segmento impulso, os famosos picol\u00e9s, cresceram dentro de casa, passando de 8% para 11%.<\/p>\n<p>O gasto m\u00e9dio pulou de R$ 29 para R$ 33. Destaques no crescimento de consumo em volume ficam por conta das classes A e B (+6%) e das pessoas acima de 50 anos (+15%).<\/p>\n<p>Para a temporada 2023\/2024, a expectativa da Kantar \u00e9 que, caso os sorvetes dentro de casa retomem o consumo pr\u00e9-pandemia, haja um aumento de 29% ou mais de R$ 217 milh\u00f5es no faturamento.<\/p>\n<p>\u201cO desafio principal da categoria \u00e9 resgatar compradores, tanto dentro quanto fora de casa, e estimular a frequ\u00eancia, que ainda \u00e9 baixa. Tamb\u00e9m \u00e9 v\u00e1lido desvincular o consumo apenas nas altas temperaturas, uma vez que outros per\u00edodos de compra podem impulsionar a retomada dos sorvetes\u201d, ressalta Luisa Teruya, Gerente de Marketing da Kantar.<\/p>\n","protected":false},"excerpt":{"rendered":"<p>Categoria s\u00edmbolo da esta\u00e7\u00e3o mais quente do ano, o consumo de sorvetes fora do lar chegou ao seu maior patamar no \u00faltimo ver\u00e3o. Os indiv\u00edduos estavam dispostos a gastar mais (gasto m\u00e9dio por pessoa se expandiu de R$ 25 para R$ 36 na compara\u00e7\u00e3o entre a esta\u00e7\u00e3o 2021\/2022 e o per\u00edodo 2022\/2023). Os dados s\u00e3o [&hellip;]<\/p>\n","protected":false},"author":2,"featured_media":153329,"comment_status":"closed","ping_status":"closed","sticky":false,"template":"","format":"standard","meta":{"_acf_changed":false,"footnotes":""},"categories":[161],"tags":[95],"class_list":["post-320479","post","type-post","status-publish","format-standard","has-post-thumbnail","hentry","category-quadradinho-em-foco","tag-capa"],"acf":[],"yoast_head":"<!-- This site is optimized with the Yoast SEO plugin v27.2 - https:\/\/yoast.com\/product\/yoast-seo-wordpress\/ -->\n<title>Calor faz consumidor gastar mais com sorvete e picol\u00e9 - Notibras<\/title>\n<meta name=\"robots\" content=\"index, follow, max-snippet:-1, max-image-preview:large, max-video-preview:-1\" \/>\n<link rel=\"canonical\" href=\"https:\/\/www.notibras.com\/site\/calor-faz-consumidor-gastar-mais-com-sorvete-e-picole\/\" \/>\n<meta property=\"og:locale\" content=\"pt_BR\" \/>\n<meta property=\"og:type\" content=\"article\" \/>\n<meta property=\"og:title\" content=\"Calor faz consumidor gastar mais com sorvete e picol\u00e9 - Notibras\" \/>\n<meta property=\"og:description\" content=\"Categoria s\u00edmbolo da esta\u00e7\u00e3o mais quente do ano, o consumo de sorvetes fora do lar chegou ao seu maior patamar no \u00faltimo ver\u00e3o. Os indiv\u00edduos estavam dispostos a gastar mais (gasto m\u00e9dio por pessoa se expandiu de R$ 25 para R$ 36 na compara\u00e7\u00e3o entre a esta\u00e7\u00e3o 2021\/2022 e o per\u00edodo 2022\/2023). Os dados s\u00e3o [&hellip;]\" \/>\n<meta property=\"og:url\" content=\"https:\/\/www.notibras.com\/site\/calor-faz-consumidor-gastar-mais-com-sorvete-e-picole\/\" \/>\n<meta property=\"og:site_name\" content=\"Notibras\" \/>\n<meta property=\"article:publisher\" content=\"https:\/\/www.facebook.com\/notibras\/\" \/>\n<meta property=\"article:published_time\" content=\"2024-01-13T03:11:31+00:00\" \/>\n<meta property=\"og:image\" content=\"https:\/\/www.notibras.com\/site\/wp-content\/uploads\/2017\/09\/tomar-sorvete-faz-bem.jpg\" \/>\n\t<meta property=\"og:image:width\" content=\"1024\" \/>\n\t<meta property=\"og:image:height\" content=\"682\" \/>\n\t<meta property=\"og:image:type\" content=\"image\/jpeg\" \/>\n<meta name=\"author\" content=\"Reda\u00e7\u00e3o\" \/>\n<meta name=\"twitter:card\" content=\"summary_large_image\" \/>\n<meta name=\"twitter:creator\" content=\"@Notibras\" \/>\n<meta name=\"twitter:site\" content=\"@Notibras\" \/>\n<meta name=\"twitter:label1\" content=\"Escrito por\" \/>\n\t<meta name=\"twitter:data1\" content=\"Reda\u00e7\u00e3o\" \/>\n\t<meta name=\"twitter:label2\" content=\"Est. tempo de leitura\" \/>\n\t<meta name=\"twitter:data2\" content=\"3 minutos\" \/>\n<script type=\"application\/ld+json\" class=\"yoast-schema-graph\">{\"@context\":\"https:\/\/schema.org\",\"@graph\":[{\"@type\":\"Article\",\"@id\":\"https:\/\/www.notibras.com\/site\/calor-faz-consumidor-gastar-mais-com-sorvete-e-picole\/#article\",\"isPartOf\":{\"@id\":\"https:\/\/www.notibras.com\/site\/calor-faz-consumidor-gastar-mais-com-sorvete-e-picole\/\"},\"author\":{\"name\":\"Reda\u00e7\u00e3o\",\"@id\":\"https:\/\/www.notibras.com\/site\/#\/schema\/person\/36ab0979449956132d3e5b517ea76ac8\"},\"headline\":\"Calor faz consumidor gastar mais com sorvete e picol\u00e9\",\"datePublished\":\"2024-01-13T03:11:31+00:00\",\"mainEntityOfPage\":{\"@id\":\"https:\/\/www.notibras.com\/site\/calor-faz-consumidor-gastar-mais-com-sorvete-e-picole\/\"},\"wordCount\":390,\"publisher\":{\"@id\":\"https:\/\/www.notibras.com\/site\/#organization\"},\"image\":{\"@id\":\"https:\/\/www.notibras.com\/site\/calor-faz-consumidor-gastar-mais-com-sorvete-e-picole\/#primaryimage\"},\"thumbnailUrl\":\"https:\/\/www.notibras.com\/site\/wp-content\/uploads\/2017\/09\/tomar-sorvete-faz-bem.jpg\",\"keywords\":[\"capa\"],\"articleSection\":[\"Quadradinho em Foco\"],\"inLanguage\":\"pt-BR\"},{\"@type\":\"WebPage\",\"@id\":\"https:\/\/www.notibras.com\/site\/calor-faz-consumidor-gastar-mais-com-sorvete-e-picole\/\",\"url\":\"https:\/\/www.notibras.com\/site\/calor-faz-consumidor-gastar-mais-com-sorvete-e-picole\/\",\"name\":\"Calor faz consumidor gastar mais com sorvete e picol\u00e9 - Notibras\",\"isPartOf\":{\"@id\":\"https:\/\/www.notibras.com\/site\/#website\"},\"primaryImageOfPage\":{\"@id\":\"https:\/\/www.notibras.com\/site\/calor-faz-consumidor-gastar-mais-com-sorvete-e-picole\/#primaryimage\"},\"image\":{\"@id\":\"https:\/\/www.notibras.com\/site\/calor-faz-consumidor-gastar-mais-com-sorvete-e-picole\/#primaryimage\"},\"thumbnailUrl\":\"https:\/\/www.notibras.com\/site\/wp-content\/uploads\/2017\/09\/tomar-sorvete-faz-bem.jpg\",\"datePublished\":\"2024-01-13T03:11:31+00:00\",\"breadcrumb\":{\"@id\":\"https:\/\/www.notibras.com\/site\/calor-faz-consumidor-gastar-mais-com-sorvete-e-picole\/#breadcrumb\"},\"inLanguage\":\"pt-BR\",\"potentialAction\":[{\"@type\":\"ReadAction\",\"target\":[\"https:\/\/www.notibras.com\/site\/calor-faz-consumidor-gastar-mais-com-sorvete-e-picole\/\"]}]},{\"@type\":\"ImageObject\",\"inLanguage\":\"pt-BR\",\"@id\":\"https:\/\/www.notibras.com\/site\/calor-faz-consumidor-gastar-mais-com-sorvete-e-picole\/#primaryimage\",\"url\":\"https:\/\/www.notibras.com\/site\/wp-content\/uploads\/2017\/09\/tomar-sorvete-faz-bem.jpg\",\"contentUrl\":\"https:\/\/www.notibras.com\/site\/wp-content\/uploads\/2017\/09\/tomar-sorvete-faz-bem.jpg\",\"width\":1024,\"height\":682,\"caption\":\"Foto: Reprodu\u00e7\u00e3o\/Google\"},{\"@type\":\"BreadcrumbList\",\"@id\":\"https:\/\/www.notibras.com\/site\/calor-faz-consumidor-gastar-mais-com-sorvete-e-picole\/#breadcrumb\",\"itemListElement\":[{\"@type\":\"ListItem\",\"position\":1,\"name\":\"In\u00edcio\",\"item\":\"https:\/\/www.notibras.com\/site\/\"},{\"@type\":\"ListItem\",\"position\":2,\"name\":\"Calor faz consumidor gastar mais com sorvete e picol\u00e9\"}]},{\"@type\":\"WebSite\",\"@id\":\"https:\/\/www.notibras.com\/site\/#website\",\"url\":\"https:\/\/www.notibras.com\/site\/\",\"name\":\"Notibras\",\"description\":\"Not\u00edcias de Bras\u00edlia, do Brasil e do Mundo\",\"publisher\":{\"@id\":\"https:\/\/www.notibras.com\/site\/#organization\"},\"potentialAction\":[{\"@type\":\"SearchAction\",\"target\":{\"@type\":\"EntryPoint\",\"urlTemplate\":\"https:\/\/www.notibras.com\/site\/?s={search_term_string}\"},\"query-input\":{\"@type\":\"PropertyValueSpecification\",\"valueRequired\":true,\"valueName\":\"search_term_string\"}}],\"inLanguage\":\"pt-BR\"},{\"@type\":\"Organization\",\"@id\":\"https:\/\/www.notibras.com\/site\/#organization\",\"name\":\"Grupo Notibras de Comunica\u00e7\u00e3o\",\"url\":\"https:\/\/www.notibras.com\/site\/\",\"logo\":{\"@type\":\"ImageObject\",\"inLanguage\":\"pt-BR\",\"@id\":\"https:\/\/www.notibras.com\/site\/#\/schema\/logo\/image\/\",\"url\":\"https:\/\/www.notibras.com\/site\/wp-content\/uploads\/2023\/01\/notibras23.png\",\"contentUrl\":\"https:\/\/www.notibras.com\/site\/wp-content\/uploads\/2023\/01\/notibras23.png\",\"width\":350,\"height\":87,\"caption\":\"Grupo Notibras de Comunica\u00e7\u00e3o\"},\"image\":{\"@id\":\"https:\/\/www.notibras.com\/site\/#\/schema\/logo\/image\/\"},\"sameAs\":[\"https:\/\/www.facebook.com\/notibras\/\",\"https:\/\/x.com\/Notibras\",\"https:\/\/www.instagram.com\/notibras\/\"]},{\"@type\":\"Person\",\"@id\":\"https:\/\/www.notibras.com\/site\/#\/schema\/person\/36ab0979449956132d3e5b517ea76ac8\",\"name\":\"Reda\u00e7\u00e3o\",\"image\":{\"@type\":\"ImageObject\",\"inLanguage\":\"pt-BR\",\"@id\":\"https:\/\/secure.gravatar.com\/avatar\/e0a867bdedb85fd243eadf09663511f96fc81e0720a4a42581f334ad4303aa6b?s=96&d=mm&r=g\",\"url\":\"https:\/\/secure.gravatar.com\/avatar\/e0a867bdedb85fd243eadf09663511f96fc81e0720a4a42581f334ad4303aa6b?s=96&d=mm&r=g\",\"contentUrl\":\"https:\/\/secure.gravatar.com\/avatar\/e0a867bdedb85fd243eadf09663511f96fc81e0720a4a42581f334ad4303aa6b?s=96&d=mm&r=g\",\"caption\":\"Reda\u00e7\u00e3o\"}}]}<\/script>\n<!-- \/ Yoast SEO plugin. -->","yoast_head_json":{"title":"Calor faz consumidor gastar mais com sorvete e picol\u00e9 - Notibras","robots":{"index":"index","follow":"follow","max-snippet":"max-snippet:-1","max-image-preview":"max-image-preview:large","max-video-preview":"max-video-preview:-1"},"canonical":"https:\/\/www.notibras.com\/site\/calor-faz-consumidor-gastar-mais-com-sorvete-e-picole\/","og_locale":"pt_BR","og_type":"article","og_title":"Calor faz consumidor gastar mais com sorvete e picol\u00e9 - Notibras","og_description":"Categoria s\u00edmbolo da esta\u00e7\u00e3o mais quente do ano, o consumo de sorvetes fora do lar chegou ao seu maior patamar no \u00faltimo ver\u00e3o. Os indiv\u00edduos estavam dispostos a gastar mais (gasto m\u00e9dio por pessoa se expandiu de R$ 25 para R$ 36 na compara\u00e7\u00e3o entre a esta\u00e7\u00e3o 2021\/2022 e o per\u00edodo 2022\/2023). Os dados s\u00e3o [&hellip;]","og_url":"https:\/\/www.notibras.com\/site\/calor-faz-consumidor-gastar-mais-com-sorvete-e-picole\/","og_site_name":"Notibras","article_publisher":"https:\/\/www.facebook.com\/notibras\/","article_published_time":"2024-01-13T03:11:31+00:00","og_image":[{"width":1024,"height":682,"url":"https:\/\/www.notibras.com\/site\/wp-content\/uploads\/2017\/09\/tomar-sorvete-faz-bem.jpg","type":"image\/jpeg"}],"author":"Reda\u00e7\u00e3o","twitter_card":"summary_large_image","twitter_creator":"@Notibras","twitter_site":"@Notibras","twitter_misc":{"Escrito por":"Reda\u00e7\u00e3o","Est. tempo de leitura":"3 minutos"},"schema":{"@context":"https:\/\/schema.org","@graph":[{"@type":"Article","@id":"https:\/\/www.notibras.com\/site\/calor-faz-consumidor-gastar-mais-com-sorvete-e-picole\/#article","isPartOf":{"@id":"https:\/\/www.notibras.com\/site\/calor-faz-consumidor-gastar-mais-com-sorvete-e-picole\/"},"author":{"name":"Reda\u00e7\u00e3o","@id":"https:\/\/www.notibras.com\/site\/#\/schema\/person\/36ab0979449956132d3e5b517ea76ac8"},"headline":"Calor faz consumidor gastar mais com sorvete e picol\u00e9","datePublished":"2024-01-13T03:11:31+00:00","mainEntityOfPage":{"@id":"https:\/\/www.notibras.com\/site\/calor-faz-consumidor-gastar-mais-com-sorvete-e-picole\/"},"wordCount":390,"publisher":{"@id":"https:\/\/www.notibras.com\/site\/#organization"},"image":{"@id":"https:\/\/www.notibras.com\/site\/calor-faz-consumidor-gastar-mais-com-sorvete-e-picole\/#primaryimage"},"thumbnailUrl":"https:\/\/www.notibras.com\/site\/wp-content\/uploads\/2017\/09\/tomar-sorvete-faz-bem.jpg","keywords":["capa"],"articleSection":["Quadradinho em Foco"],"inLanguage":"pt-BR"},{"@type":"WebPage","@id":"https:\/\/www.notibras.com\/site\/calor-faz-consumidor-gastar-mais-com-sorvete-e-picole\/","url":"https:\/\/www.notibras.com\/site\/calor-faz-consumidor-gastar-mais-com-sorvete-e-picole\/","name":"Calor faz consumidor gastar mais com sorvete e picol\u00e9 - Notibras","isPartOf":{"@id":"https:\/\/www.notibras.com\/site\/#website"},"primaryImageOfPage":{"@id":"https:\/\/www.notibras.com\/site\/calor-faz-consumidor-gastar-mais-com-sorvete-e-picole\/#primaryimage"},"image":{"@id":"https:\/\/www.notibras.com\/site\/calor-faz-consumidor-gastar-mais-com-sorvete-e-picole\/#primaryimage"},"thumbnailUrl":"https:\/\/www.notibras.com\/site\/wp-content\/uploads\/2017\/09\/tomar-sorvete-faz-bem.jpg","datePublished":"2024-01-13T03:11:31+00:00","breadcrumb":{"@id":"https:\/\/www.notibras.com\/site\/calor-faz-consumidor-gastar-mais-com-sorvete-e-picole\/#breadcrumb"},"inLanguage":"pt-BR","potentialAction":[{"@type":"ReadAction","target":["https:\/\/www.notibras.com\/site\/calor-faz-consumidor-gastar-mais-com-sorvete-e-picole\/"]}]},{"@type":"ImageObject","inLanguage":"pt-BR","@id":"https:\/\/www.notibras.com\/site\/calor-faz-consumidor-gastar-mais-com-sorvete-e-picole\/#primaryimage","url":"https:\/\/www.notibras.com\/site\/wp-content\/uploads\/2017\/09\/tomar-sorvete-faz-bem.jpg","contentUrl":"https:\/\/www.notibras.com\/site\/wp-content\/uploads\/2017\/09\/tomar-sorvete-faz-bem.jpg","width":1024,"height":682,"caption":"Foto: Reprodu\u00e7\u00e3o\/Google"},{"@type":"BreadcrumbList","@id":"https:\/\/www.notibras.com\/site\/calor-faz-consumidor-gastar-mais-com-sorvete-e-picole\/#breadcrumb","itemListElement":[{"@type":"ListItem","position":1,"name":"In\u00edcio","item":"https:\/\/www.notibras.com\/site\/"},{"@type":"ListItem","position":2,"name":"Calor faz consumidor gastar mais com sorvete e picol\u00e9"}]},{"@type":"WebSite","@id":"https:\/\/www.notibras.com\/site\/#website","url":"https:\/\/www.notibras.com\/site\/","name":"Notibras","description":"Not\u00edcias de Bras\u00edlia, do Brasil e do Mundo","publisher":{"@id":"https:\/\/www.notibras.com\/site\/#organization"},"potentialAction":[{"@type":"SearchAction","target":{"@type":"EntryPoint","urlTemplate":"https:\/\/www.notibras.com\/site\/?s={search_term_string}"},"query-input":{"@type":"PropertyValueSpecification","valueRequired":true,"valueName":"search_term_string"}}],"inLanguage":"pt-BR"},{"@type":"Organization","@id":"https:\/\/www.notibras.com\/site\/#organization","name":"Grupo Notibras de Comunica\u00e7\u00e3o","url":"https:\/\/www.notibras.com\/site\/","logo":{"@type":"ImageObject","inLanguage":"pt-BR","@id":"https:\/\/www.notibras.com\/site\/#\/schema\/logo\/image\/","url":"https:\/\/www.notibras.com\/site\/wp-content\/uploads\/2023\/01\/notibras23.png","contentUrl":"https:\/\/www.notibras.com\/site\/wp-content\/uploads\/2023\/01\/notibras23.png","width":350,"height":87,"caption":"Grupo Notibras de Comunica\u00e7\u00e3o"},"image":{"@id":"https:\/\/www.notibras.com\/site\/#\/schema\/logo\/image\/"},"sameAs":["https:\/\/www.facebook.com\/notibras\/","https:\/\/x.com\/Notibras","https:\/\/www.instagram.com\/notibras\/"]},{"@type":"Person","@id":"https:\/\/www.notibras.com\/site\/#\/schema\/person\/36ab0979449956132d3e5b517ea76ac8","name":"Reda\u00e7\u00e3o","image":{"@type":"ImageObject","inLanguage":"pt-BR","@id":"https:\/\/secure.gravatar.com\/avatar\/e0a867bdedb85fd243eadf09663511f96fc81e0720a4a42581f334ad4303aa6b?s=96&d=mm&r=g","url":"https:\/\/secure.gravatar.com\/avatar\/e0a867bdedb85fd243eadf09663511f96fc81e0720a4a42581f334ad4303aa6b?s=96&d=mm&r=g","contentUrl":"https:\/\/secure.gravatar.com\/avatar\/e0a867bdedb85fd243eadf09663511f96fc81e0720a4a42581f334ad4303aa6b?s=96&d=mm&r=g","caption":"Reda\u00e7\u00e3o"}}]}},"amp_enabled":true,"_links":{"self":[{"href":"https:\/\/www.notibras.com\/site\/wp-json\/wp\/v2\/posts\/320479","targetHints":{"allow":["GET"]}}],"collection":[{"href":"https:\/\/www.notibras.com\/site\/wp-json\/wp\/v2\/posts"}],"about":[{"href":"https:\/\/www.notibras.com\/site\/wp-json\/wp\/v2\/types\/post"}],"author":[{"embeddable":true,"href":"https:\/\/www.notibras.com\/site\/wp-json\/wp\/v2\/users\/2"}],"replies":[{"embeddable":true,"href":"https:\/\/www.notibras.com\/site\/wp-json\/wp\/v2\/comments?post=320479"}],"version-history":[{"count":2,"href":"https:\/\/www.notibras.com\/site\/wp-json\/wp\/v2\/posts\/320479\/revisions"}],"predecessor-version":[{"id":320482,"href":"https:\/\/www.notibras.com\/site\/wp-json\/wp\/v2\/posts\/320479\/revisions\/320482"}],"wp:featuredmedia":[{"embeddable":true,"href":"https:\/\/www.notibras.com\/site\/wp-json\/wp\/v2\/media\/153329"}],"wp:attachment":[{"href":"https:\/\/www.notibras.com\/site\/wp-json\/wp\/v2\/media?parent=320479"}],"wp:term":[{"taxonomy":"category","embeddable":true,"href":"https:\/\/www.notibras.com\/site\/wp-json\/wp\/v2\/categories?post=320479"},{"taxonomy":"post_tag","embeddable":true,"href":"https:\/\/www.notibras.com\/site\/wp-json\/wp\/v2\/tags?post=320479"}],"curies":[{"name":"wp","href":"https:\/\/api.w.org\/{rel}","templated":true}]}}