{"id":320499,"date":"2024-01-13T00:41:01","date_gmt":"2024-01-13T03:41:01","guid":{"rendered":"https:\/\/www.notibras.com\/site\/?p=320499"},"modified":"2024-01-13T14:43:04","modified_gmt":"2024-01-13T17:43:04","slug":"chuvas-param-tudo-e-brasilia-entra-em-estado-de-emergencia","status":"publish","type":"post","link":"https:\/\/www.notibras.com\/site\/chuvas-param-tudo-e-brasilia-entra-em-estado-de-emergencia\/","title":{"rendered":"Chuvas param tudo e Bras\u00edlia entra em estado de emerg\u00eancia"},"content":{"rendered":"<p>O governo de Bras\u00edlia decretou estado de emerg\u00eancia em todo o Distrito Federal em raz\u00e3o das chuvas. Est\u00e3o de prontid\u00e3o permanente equipes de 14 \u00f3rg\u00e3os, entre eles, o Corpo de Bombeiros, Servi\u00e7o de Limpeza Urbana, as empresas fornecedoras de luz, \u00e1gua e saneamento, e a companhia de urbaniza\u00e7\u00e3o, para atendimento \u00e0s pessoas em situa\u00e7\u00f5es de risco.<\/p>\n<p>Os \u00f3rg\u00e3os \u201cdever\u00e3o disponibilizar ve\u00edculos, equipamentos, maquin\u00e1rios diversos e insumos, sempre que necess\u00e1rios\u201d. Cabe \u00e0 Secretaria de Estado de Desenvolvimento Social \u201cprestar assist\u00eancia a pessoas em vulnerabilidade social durante o per\u00edodo de chuva.\u201d<\/p>\n<p>As regi\u00f5es administrativas do N\u00facleo Bandeirante, Sobradinho, Sobradinho II, S\u00e3o Sebasti\u00e3o, Jardim Bot\u00e2nico, Estrutural\/Scia, Setor de Ind\u00fastria e Abastecimento (SIA), Sol Nascente\/P\u00f4r do Sol, Ceil\u00e2ndia, Fercal, Arniqueira e Itapo\u00e3 s\u00e3os as \u00e1reas mais impactadas pelas fortes chuvas de janeiro na capital federal.<\/p>\n<p>A Vila Cauhy, no N\u00facleo Bandeirante, \u00e9 um dos locais mais afetados. Desde o come\u00e7o do ano diversas casas da regi\u00e3o sofreram com o transbordamento do c\u00f3rrego Riacho Fundo que leva \u00e1gua ao Lago Parano\u00e1.<\/p>\n<p>De acordo com o Instituto Nacional de Meteorologia (Inmet), a previs\u00e3o do tempo \u00e9 que Bras\u00edlia ter\u00e1 um c\u00e9u com muitas nuvens, pancadas de chuva e trovoadas isoladas. Neste s\u00e1bado, a temperatura oscila de 20\u00b0C a 28\u00b0C; e no domingo a m\u00ednima ser\u00e1 de 19\u00b0C e a m\u00e1xima, 28\u00b0C.<\/p>\n","protected":false},"excerpt":{"rendered":"<p>O governo de Bras\u00edlia decretou estado de emerg\u00eancia em todo o Distrito Federal em raz\u00e3o das chuvas. Est\u00e3o de prontid\u00e3o permanente equipes de 14 \u00f3rg\u00e3os, entre eles, o Corpo de Bombeiros, Servi\u00e7o de Limpeza Urbana, as empresas fornecedoras de luz, \u00e1gua e saneamento, e a companhia de urbaniza\u00e7\u00e3o, para atendimento \u00e0s pessoas em situa\u00e7\u00f5es de [&hellip;]<\/p>\n","protected":false},"author":2,"featured_media":320500,"comment_status":"closed","ping_status":"closed","sticky":false,"template":"","format":"standard","meta":{"_acf_changed":false,"footnotes":""},"categories":[161],"tags":[95],"class_list":["post-320499","post","type-post","status-publish","format-standard","has-post-thumbnail","hentry","category-quadradinho-em-foco","tag-capa"],"acf":[],"yoast_head":"<!-- This site is optimized with the Yoast SEO plugin v27.2 - https:\/\/yoast.com\/product\/yoast-seo-wordpress\/ -->\n<title>Chuvas param tudo e Bras\u00edlia entra em estado de emerg\u00eancia - Notibras<\/title>\n<meta name=\"robots\" content=\"index, follow, max-snippet:-1, max-image-preview:large, max-video-preview:-1\" \/>\n<link rel=\"canonical\" href=\"https:\/\/www.notibras.com\/site\/chuvas-param-tudo-e-brasilia-entra-em-estado-de-emergencia\/\" \/>\n<meta property=\"og:locale\" content=\"pt_BR\" \/>\n<meta property=\"og:type\" content=\"article\" \/>\n<meta property=\"og:title\" content=\"Chuvas param tudo e Bras\u00edlia entra em estado de emerg\u00eancia - Notibras\" \/>\n<meta property=\"og:description\" content=\"O governo de Bras\u00edlia decretou estado de emerg\u00eancia em todo o Distrito Federal em raz\u00e3o das chuvas. Est\u00e3o de prontid\u00e3o permanente equipes de 14 \u00f3rg\u00e3os, entre eles, o Corpo de Bombeiros, Servi\u00e7o de Limpeza Urbana, as empresas fornecedoras de luz, \u00e1gua e saneamento, e a companhia de urbaniza\u00e7\u00e3o, para atendimento \u00e0s pessoas em situa\u00e7\u00f5es de [&hellip;]\" \/>\n<meta property=\"og:url\" content=\"https:\/\/www.notibras.com\/site\/chuvas-param-tudo-e-brasilia-entra-em-estado-de-emergencia\/\" \/>\n<meta property=\"og:site_name\" content=\"Notibras\" \/>\n<meta property=\"article:publisher\" content=\"https:\/\/www.facebook.com\/notibras\/\" \/>\n<meta property=\"article:published_time\" content=\"2024-01-13T03:41:01+00:00\" \/>\n<meta property=\"article:modified_time\" content=\"2024-01-13T17:43:04+00:00\" \/>\n<meta property=\"og:image\" content=\"https:\/\/www.notibras.com\/site\/wp-content\/uploads\/2024\/01\/03012024-124a7458.jpg\" \/>\n\t<meta property=\"og:image:width\" content=\"1170\" \/>\n\t<meta property=\"og:image:height\" content=\"700\" \/>\n\t<meta property=\"og:image:type\" content=\"image\/jpeg\" \/>\n<meta name=\"author\" content=\"Reda\u00e7\u00e3o\" \/>\n<meta name=\"twitter:card\" content=\"summary_large_image\" \/>\n<meta name=\"twitter:creator\" content=\"@Notibras\" \/>\n<meta name=\"twitter:site\" content=\"@Notibras\" \/>\n<meta name=\"twitter:label1\" content=\"Escrito por\" \/>\n\t<meta name=\"twitter:data1\" content=\"Reda\u00e7\u00e3o\" \/>\n\t<meta name=\"twitter:label2\" content=\"Est. tempo de leitura\" \/>\n\t<meta name=\"twitter:data2\" content=\"2 minutos\" \/>\n<script type=\"application\/ld+json\" class=\"yoast-schema-graph\">{\"@context\":\"https:\/\/schema.org\",\"@graph\":[{\"@type\":\"Article\",\"@id\":\"https:\/\/www.notibras.com\/site\/chuvas-param-tudo-e-brasilia-entra-em-estado-de-emergencia\/#article\",\"isPartOf\":{\"@id\":\"https:\/\/www.notibras.com\/site\/chuvas-param-tudo-e-brasilia-entra-em-estado-de-emergencia\/\"},\"author\":{\"name\":\"Reda\u00e7\u00e3o\",\"@id\":\"https:\/\/www.notibras.com\/site\/#\/schema\/person\/36ab0979449956132d3e5b517ea76ac8\"},\"headline\":\"Chuvas param tudo e Bras\u00edlia entra em estado de emerg\u00eancia\",\"datePublished\":\"2024-01-13T03:41:01+00:00\",\"dateModified\":\"2024-01-13T17:43:04+00:00\",\"mainEntityOfPage\":{\"@id\":\"https:\/\/www.notibras.com\/site\/chuvas-param-tudo-e-brasilia-entra-em-estado-de-emergencia\/\"},\"wordCount\":260,\"publisher\":{\"@id\":\"https:\/\/www.notibras.com\/site\/#organization\"},\"image\":{\"@id\":\"https:\/\/www.notibras.com\/site\/chuvas-param-tudo-e-brasilia-entra-em-estado-de-emergencia\/#primaryimage\"},\"thumbnailUrl\":\"https:\/\/www.notibras.com\/site\/wp-content\/uploads\/2024\/01\/03012024-124a7458.jpg\",\"keywords\":[\"capa\"],\"articleSection\":[\"Quadradinho em Foco\"],\"inLanguage\":\"pt-BR\"},{\"@type\":\"WebPage\",\"@id\":\"https:\/\/www.notibras.com\/site\/chuvas-param-tudo-e-brasilia-entra-em-estado-de-emergencia\/\",\"url\":\"https:\/\/www.notibras.com\/site\/chuvas-param-tudo-e-brasilia-entra-em-estado-de-emergencia\/\",\"name\":\"Chuvas param tudo e Bras\u00edlia entra em estado de emerg\u00eancia - Notibras\",\"isPartOf\":{\"@id\":\"https:\/\/www.notibras.com\/site\/#website\"},\"primaryImageOfPage\":{\"@id\":\"https:\/\/www.notibras.com\/site\/chuvas-param-tudo-e-brasilia-entra-em-estado-de-emergencia\/#primaryimage\"},\"image\":{\"@id\":\"https:\/\/www.notibras.com\/site\/chuvas-param-tudo-e-brasilia-entra-em-estado-de-emergencia\/#primaryimage\"},\"thumbnailUrl\":\"https:\/\/www.notibras.com\/site\/wp-content\/uploads\/2024\/01\/03012024-124a7458.jpg\",\"datePublished\":\"2024-01-13T03:41:01+00:00\",\"dateModified\":\"2024-01-13T17:43:04+00:00\",\"breadcrumb\":{\"@id\":\"https:\/\/www.notibras.com\/site\/chuvas-param-tudo-e-brasilia-entra-em-estado-de-emergencia\/#breadcrumb\"},\"inLanguage\":\"pt-BR\",\"potentialAction\":[{\"@type\":\"ReadAction\",\"target\":[\"https:\/\/www.notibras.com\/site\/chuvas-param-tudo-e-brasilia-entra-em-estado-de-emergencia\/\"]}]},{\"@type\":\"ImageObject\",\"inLanguage\":\"pt-BR\",\"@id\":\"https:\/\/www.notibras.com\/site\/chuvas-param-tudo-e-brasilia-entra-em-estado-de-emergencia\/#primaryimage\",\"url\":\"https:\/\/www.notibras.com\/site\/wp-content\/uploads\/2024\/01\/03012024-124a7458.jpg\",\"contentUrl\":\"https:\/\/www.notibras.com\/site\/wp-content\/uploads\/2024\/01\/03012024-124a7458.jpg\",\"width\":1170,\"height\":700},{\"@type\":\"BreadcrumbList\",\"@id\":\"https:\/\/www.notibras.com\/site\/chuvas-param-tudo-e-brasilia-entra-em-estado-de-emergencia\/#breadcrumb\",\"itemListElement\":[{\"@type\":\"ListItem\",\"position\":1,\"name\":\"In\u00edcio\",\"item\":\"https:\/\/www.notibras.com\/site\/\"},{\"@type\":\"ListItem\",\"position\":2,\"name\":\"Chuvas param tudo e Bras\u00edlia entra em estado de emerg\u00eancia\"}]},{\"@type\":\"WebSite\",\"@id\":\"https:\/\/www.notibras.com\/site\/#website\",\"url\":\"https:\/\/www.notibras.com\/site\/\",\"name\":\"Notibras\",\"description\":\"Not\u00edcias de Bras\u00edlia, do Brasil e do Mundo\",\"publisher\":{\"@id\":\"https:\/\/www.notibras.com\/site\/#organization\"},\"potentialAction\":[{\"@type\":\"SearchAction\",\"target\":{\"@type\":\"EntryPoint\",\"urlTemplate\":\"https:\/\/www.notibras.com\/site\/?s={search_term_string}\"},\"query-input\":{\"@type\":\"PropertyValueSpecification\",\"valueRequired\":true,\"valueName\":\"search_term_string\"}}],\"inLanguage\":\"pt-BR\"},{\"@type\":\"Organization\",\"@id\":\"https:\/\/www.notibras.com\/site\/#organization\",\"name\":\"Grupo Notibras de Comunica\u00e7\u00e3o\",\"url\":\"https:\/\/www.notibras.com\/site\/\",\"logo\":{\"@type\":\"ImageObject\",\"inLanguage\":\"pt-BR\",\"@id\":\"https:\/\/www.notibras.com\/site\/#\/schema\/logo\/image\/\",\"url\":\"https:\/\/www.notibras.com\/site\/wp-content\/uploads\/2023\/01\/notibras23.png\",\"contentUrl\":\"https:\/\/www.notibras.com\/site\/wp-content\/uploads\/2023\/01\/notibras23.png\",\"width\":350,\"height\":87,\"caption\":\"Grupo Notibras de Comunica\u00e7\u00e3o\"},\"image\":{\"@id\":\"https:\/\/www.notibras.com\/site\/#\/schema\/logo\/image\/\"},\"sameAs\":[\"https:\/\/www.facebook.com\/notibras\/\",\"https:\/\/x.com\/Notibras\",\"https:\/\/www.instagram.com\/notibras\/\"]},{\"@type\":\"Person\",\"@id\":\"https:\/\/www.notibras.com\/site\/#\/schema\/person\/36ab0979449956132d3e5b517ea76ac8\",\"name\":\"Reda\u00e7\u00e3o\",\"image\":{\"@type\":\"ImageObject\",\"inLanguage\":\"pt-BR\",\"@id\":\"https:\/\/secure.gravatar.com\/avatar\/e0a867bdedb85fd243eadf09663511f96fc81e0720a4a42581f334ad4303aa6b?s=96&d=mm&r=g\",\"url\":\"https:\/\/secure.gravatar.com\/avatar\/e0a867bdedb85fd243eadf09663511f96fc81e0720a4a42581f334ad4303aa6b?s=96&d=mm&r=g\",\"contentUrl\":\"https:\/\/secure.gravatar.com\/avatar\/e0a867bdedb85fd243eadf09663511f96fc81e0720a4a42581f334ad4303aa6b?s=96&d=mm&r=g\",\"caption\":\"Reda\u00e7\u00e3o\"}}]}<\/script>\n<!-- \/ Yoast SEO plugin. -->","yoast_head_json":{"title":"Chuvas param tudo e Bras\u00edlia entra em estado de emerg\u00eancia - Notibras","robots":{"index":"index","follow":"follow","max-snippet":"max-snippet:-1","max-image-preview":"max-image-preview:large","max-video-preview":"max-video-preview:-1"},"canonical":"https:\/\/www.notibras.com\/site\/chuvas-param-tudo-e-brasilia-entra-em-estado-de-emergencia\/","og_locale":"pt_BR","og_type":"article","og_title":"Chuvas param tudo e Bras\u00edlia entra em estado de emerg\u00eancia - Notibras","og_description":"O governo de Bras\u00edlia decretou estado de emerg\u00eancia em todo o Distrito Federal em raz\u00e3o das chuvas. Est\u00e3o de prontid\u00e3o permanente equipes de 14 \u00f3rg\u00e3os, entre eles, o Corpo de Bombeiros, Servi\u00e7o de Limpeza Urbana, as empresas fornecedoras de luz, \u00e1gua e saneamento, e a companhia de urbaniza\u00e7\u00e3o, para atendimento \u00e0s pessoas em situa\u00e7\u00f5es de [&hellip;]","og_url":"https:\/\/www.notibras.com\/site\/chuvas-param-tudo-e-brasilia-entra-em-estado-de-emergencia\/","og_site_name":"Notibras","article_publisher":"https:\/\/www.facebook.com\/notibras\/","article_published_time":"2024-01-13T03:41:01+00:00","article_modified_time":"2024-01-13T17:43:04+00:00","og_image":[{"width":1170,"height":700,"url":"https:\/\/www.notibras.com\/site\/wp-content\/uploads\/2024\/01\/03012024-124a7458.jpg","type":"image\/jpeg"}],"author":"Reda\u00e7\u00e3o","twitter_card":"summary_large_image","twitter_creator":"@Notibras","twitter_site":"@Notibras","twitter_misc":{"Escrito por":"Reda\u00e7\u00e3o","Est. tempo de leitura":"2 minutos"},"schema":{"@context":"https:\/\/schema.org","@graph":[{"@type":"Article","@id":"https:\/\/www.notibras.com\/site\/chuvas-param-tudo-e-brasilia-entra-em-estado-de-emergencia\/#article","isPartOf":{"@id":"https:\/\/www.notibras.com\/site\/chuvas-param-tudo-e-brasilia-entra-em-estado-de-emergencia\/"},"author":{"name":"Reda\u00e7\u00e3o","@id":"https:\/\/www.notibras.com\/site\/#\/schema\/person\/36ab0979449956132d3e5b517ea76ac8"},"headline":"Chuvas param tudo e Bras\u00edlia entra em estado de emerg\u00eancia","datePublished":"2024-01-13T03:41:01+00:00","dateModified":"2024-01-13T17:43:04+00:00","mainEntityOfPage":{"@id":"https:\/\/www.notibras.com\/site\/chuvas-param-tudo-e-brasilia-entra-em-estado-de-emergencia\/"},"wordCount":260,"publisher":{"@id":"https:\/\/www.notibras.com\/site\/#organization"},"image":{"@id":"https:\/\/www.notibras.com\/site\/chuvas-param-tudo-e-brasilia-entra-em-estado-de-emergencia\/#primaryimage"},"thumbnailUrl":"https:\/\/www.notibras.com\/site\/wp-content\/uploads\/2024\/01\/03012024-124a7458.jpg","keywords":["capa"],"articleSection":["Quadradinho em Foco"],"inLanguage":"pt-BR"},{"@type":"WebPage","@id":"https:\/\/www.notibras.com\/site\/chuvas-param-tudo-e-brasilia-entra-em-estado-de-emergencia\/","url":"https:\/\/www.notibras.com\/site\/chuvas-param-tudo-e-brasilia-entra-em-estado-de-emergencia\/","name":"Chuvas param tudo e Bras\u00edlia entra em estado de emerg\u00eancia - Notibras","isPartOf":{"@id":"https:\/\/www.notibras.com\/site\/#website"},"primaryImageOfPage":{"@id":"https:\/\/www.notibras.com\/site\/chuvas-param-tudo-e-brasilia-entra-em-estado-de-emergencia\/#primaryimage"},"image":{"@id":"https:\/\/www.notibras.com\/site\/chuvas-param-tudo-e-brasilia-entra-em-estado-de-emergencia\/#primaryimage"},"thumbnailUrl":"https:\/\/www.notibras.com\/site\/wp-content\/uploads\/2024\/01\/03012024-124a7458.jpg","datePublished":"2024-01-13T03:41:01+00:00","dateModified":"2024-01-13T17:43:04+00:00","breadcrumb":{"@id":"https:\/\/www.notibras.com\/site\/chuvas-param-tudo-e-brasilia-entra-em-estado-de-emergencia\/#breadcrumb"},"inLanguage":"pt-BR","potentialAction":[{"@type":"ReadAction","target":["https:\/\/www.notibras.com\/site\/chuvas-param-tudo-e-brasilia-entra-em-estado-de-emergencia\/"]}]},{"@type":"ImageObject","inLanguage":"pt-BR","@id":"https:\/\/www.notibras.com\/site\/chuvas-param-tudo-e-brasilia-entra-em-estado-de-emergencia\/#primaryimage","url":"https:\/\/www.notibras.com\/site\/wp-content\/uploads\/2024\/01\/03012024-124a7458.jpg","contentUrl":"https:\/\/www.notibras.com\/site\/wp-content\/uploads\/2024\/01\/03012024-124a7458.jpg","width":1170,"height":700},{"@type":"BreadcrumbList","@id":"https:\/\/www.notibras.com\/site\/chuvas-param-tudo-e-brasilia-entra-em-estado-de-emergencia\/#breadcrumb","itemListElement":[{"@type":"ListItem","position":1,"name":"In\u00edcio","item":"https:\/\/www.notibras.com\/site\/"},{"@type":"ListItem","position":2,"name":"Chuvas param tudo e Bras\u00edlia entra em estado de emerg\u00eancia"}]},{"@type":"WebSite","@id":"https:\/\/www.notibras.com\/site\/#website","url":"https:\/\/www.notibras.com\/site\/","name":"Notibras","description":"Not\u00edcias de Bras\u00edlia, do Brasil e do Mundo","publisher":{"@id":"https:\/\/www.notibras.com\/site\/#organization"},"potentialAction":[{"@type":"SearchAction","target":{"@type":"EntryPoint","urlTemplate":"https:\/\/www.notibras.com\/site\/?s={search_term_string}"},"query-input":{"@type":"PropertyValueSpecification","valueRequired":true,"valueName":"search_term_string"}}],"inLanguage":"pt-BR"},{"@type":"Organization","@id":"https:\/\/www.notibras.com\/site\/#organization","name":"Grupo Notibras de Comunica\u00e7\u00e3o","url":"https:\/\/www.notibras.com\/site\/","logo":{"@type":"ImageObject","inLanguage":"pt-BR","@id":"https:\/\/www.notibras.com\/site\/#\/schema\/logo\/image\/","url":"https:\/\/www.notibras.com\/site\/wp-content\/uploads\/2023\/01\/notibras23.png","contentUrl":"https:\/\/www.notibras.com\/site\/wp-content\/uploads\/2023\/01\/notibras23.png","width":350,"height":87,"caption":"Grupo Notibras de Comunica\u00e7\u00e3o"},"image":{"@id":"https:\/\/www.notibras.com\/site\/#\/schema\/logo\/image\/"},"sameAs":["https:\/\/www.facebook.com\/notibras\/","https:\/\/x.com\/Notibras","https:\/\/www.instagram.com\/notibras\/"]},{"@type":"Person","@id":"https:\/\/www.notibras.com\/site\/#\/schema\/person\/36ab0979449956132d3e5b517ea76ac8","name":"Reda\u00e7\u00e3o","image":{"@type":"ImageObject","inLanguage":"pt-BR","@id":"https:\/\/secure.gravatar.com\/avatar\/e0a867bdedb85fd243eadf09663511f96fc81e0720a4a42581f334ad4303aa6b?s=96&d=mm&r=g","url":"https:\/\/secure.gravatar.com\/avatar\/e0a867bdedb85fd243eadf09663511f96fc81e0720a4a42581f334ad4303aa6b?s=96&d=mm&r=g","contentUrl":"https:\/\/secure.gravatar.com\/avatar\/e0a867bdedb85fd243eadf09663511f96fc81e0720a4a42581f334ad4303aa6b?s=96&d=mm&r=g","caption":"Reda\u00e7\u00e3o"}}]}},"amp_enabled":true,"_links":{"self":[{"href":"https:\/\/www.notibras.com\/site\/wp-json\/wp\/v2\/posts\/320499","targetHints":{"allow":["GET"]}}],"collection":[{"href":"https:\/\/www.notibras.com\/site\/wp-json\/wp\/v2\/posts"}],"about":[{"href":"https:\/\/www.notibras.com\/site\/wp-json\/wp\/v2\/types\/post"}],"author":[{"embeddable":true,"href":"https:\/\/www.notibras.com\/site\/wp-json\/wp\/v2\/users\/2"}],"replies":[{"embeddable":true,"href":"https:\/\/www.notibras.com\/site\/wp-json\/wp\/v2\/comments?post=320499"}],"version-history":[{"count":1,"href":"https:\/\/www.notibras.com\/site\/wp-json\/wp\/v2\/posts\/320499\/revisions"}],"predecessor-version":[{"id":320501,"href":"https:\/\/www.notibras.com\/site\/wp-json\/wp\/v2\/posts\/320499\/revisions\/320501"}],"wp:featuredmedia":[{"embeddable":true,"href":"https:\/\/www.notibras.com\/site\/wp-json\/wp\/v2\/media\/320500"}],"wp:attachment":[{"href":"https:\/\/www.notibras.com\/site\/wp-json\/wp\/v2\/media?parent=320499"}],"wp:term":[{"taxonomy":"category","embeddable":true,"href":"https:\/\/www.notibras.com\/site\/wp-json\/wp\/v2\/categories?post=320499"},{"taxonomy":"post_tag","embeddable":true,"href":"https:\/\/www.notibras.com\/site\/wp-json\/wp\/v2\/tags?post=320499"}],"curies":[{"name":"wp","href":"https:\/\/api.w.org\/{rel}","templated":true}]}}