{"id":320519,"date":"2024-01-14T10:39:17","date_gmt":"2024-01-14T13:39:17","guid":{"rendered":"https:\/\/www.notibras.com\/site\/?p=320519"},"modified":"2024-01-14T10:39:17","modified_gmt":"2024-01-14T13:39:17","slug":"heranca-maldita-de-coronel-fica-perdida-em-fazenda","status":"publish","type":"post","link":"https:\/\/www.notibras.com\/site\/heranca-maldita-de-coronel-fica-perdida-em-fazenda\/","title":{"rendered":"Heran\u00e7a maldita de coronel fica perdida em fazenda"},"content":{"rendered":"<p>At\u00e9 onde a vista alcan\u00e7ava eram terras da fazenda do Coronel Am\u00e2ncio. Terras herdadas de quem as ganhara de sesmaria, da majestade al\u00e9m-do-oceano, sem nunca haver participado de uma cerim\u00f4nia de beija-m\u00e3o. Ganhara por carta, com selo vermelho de cera e fita, chegada de navio e entregue por fidalgo. E naquelas terras se trabalhou, viveu, sofreu e morreu. E n\u00e3o eram s\u00f3 terras que se herdavam, eram tamb\u00e9m gentes e tralhas, que iam passando de gera\u00e7\u00e3o em gera\u00e7\u00e3o. Muita riqueza produzida por s\u00e9culo e meio enquanto casamentos consangu\u00edneos iam garantindo que os frutos se mantivessem na mesma \u00e1rvore ou, de maduros, ca\u00edssem pr\u00f3ximos.<\/p>\n<p>Mas veio a aboli\u00e7\u00e3o, veio a rep\u00fablica, veio a revolu\u00e7\u00e3o de 1930, o decl\u00ednio do caf\u00e9. At\u00e9 mesmo aquelas riquezas rurais se abalaram. E os dias passavam entre tediosos e modorrentos no topo da colina de moderada inclina\u00e7\u00e3o que era encimada pela casa-grande. Uma casa antiga t\u00e9rrea, de fei\u00e7\u00f5es severas, com doze janelas de cada lado da grande porta que parecia de igreja. Esta porta levava a um sal\u00e3o onde os oito filhos do Coronel Am\u00e2ncio reuniam-se para abrir uma carta que ele havia deixado, com instru\u00e7\u00f5es precisas para a partilha dos bens ap\u00f3s suas ex\u00e9quias, que se haviam dado na capela da pr\u00f3pria fazenda.<\/p>\n<p>O mais velho, Aquino, sentado \u00e0 cabeceira da grande mesa de jacarand\u00e1, exercia sobre os outros sua natural lideran\u00e7a. \u00c0 sua direita, os irm\u00e3os Rodolfo, Quit\u00e9ria e In\u00e1cia. Sentados \u00e0 esquerda, Orlando, Urbano e Umbelina. Na cabeceira oposta ao l\u00edder, Osvaldo, o \u00fanico irm\u00e3o que havia se afastado da fam\u00edlia, passara na capital da rep\u00fablica uma juventude de dissipa\u00e7\u00f5es e encrencas e somente agora se reunia ao cl\u00e3, para a \u00faltima despedida ao velho Coronel, que se tornara retrato tipo medalh\u00e3o na parede, coberto por vidro bomb\u00ea.<\/p>\n<p>Com cerim\u00f4nia, Aquino pegou uma faquinha de abrir cartas e, segurando nas m\u00e3os o grande envelope, rompeu a obreia e desdobrou a folha l\u00e1 contida, escrita numa fina e regular caligrafia, indicando ter sido preparada um pouco antes da doen\u00e7a que acometeu o Coronel Am\u00e2ncio e o levou ao desenlace final:<\/p>\n<p>\u201cFazenda do Espinha\u00e7o, 14 de junho de 1947. Meus filhos, a b\u00ean\u00e7\u00e3o de Nosso Senhor Jesus Cristo. Quando lerem esta carta, terei partido deste mundo de l\u00e1grimas e ranger de dentes e repousarei na gl\u00f3ria eterna aguardando a ressurrei\u00e7\u00e3o dos mortos. Deixo-vos, em partes iguais, uma fabulosa fortuna que em muito supera o valor desta fazenda e seus aprestos. Tal fortuna encontra-se convertida em lingotes de ouro refinado, diamantes, rubis e esmeraldas, resultado de heran\u00e7as de gera\u00e7\u00f5es e s\u00e1bias economias feitas no curso de uma longa vida de trabalho \u00e1rduo e priva\u00e7\u00f5es dos prazeres deste mundo. Usem-na com sabedoria e n\u00e3o se esque\u00e7am da caridade recomendada pelo Cristo para que, assim, a alma de vosso pai tenha descanso, junto com seus maiores. Na folha acrescida, instru\u00e7\u00f5es precisas para que se re\u00fanam na mesa do barrac\u00e3o, observando rigorosamente a disposi\u00e7\u00e3o dos m\u00f3veis do local e vossa posi\u00e7\u00e3o ao se sentarem l\u00e1. Adeus. Coronel Am\u00e2ncio Lima Coelho Barbosa.\u201d<\/p>\n<p>Aquino olhou, curioso, o papel junto \u00e0 carta. Era um bilhete menor, apenas a explicar que deveriam fazer a partilha da heran\u00e7a em partes iguais, em reuni\u00e3o \u00e0 volta da mesa redonda do barrac\u00e3o, que distava uma l\u00e9gua da casa da fazenda, sentados em ordem espec\u00edfica onde, em sentido hor\u00e1rio, a partir de Osvaldo ocupando a cadeira de espaldar alto e revestido de veludo vermelho, sentar-se-iam Umbelina, Rodolfo, Orlando, Aquino, Quit\u00e9ria, Urbano e In\u00e1cia. Nenhum detalhe mais profundo acompanhava o bilhete.<\/p>\n<p>Os irm\u00e3os olharam-se entre at\u00f4nitos e desapontados. Imediatamente, puseram-se de p\u00e9 e foram em dire\u00e7\u00e3o ao barrac\u00e3o, sob sol abrasador. Devo explicar que, naqueles rinc\u00f5es esquecidos, em passadas \u00e9pocas se usava a medida da l\u00e9gua para exprimir uma dist\u00e2ncia de aproximadamente 6.600 metros.<\/p>\n<p>Iam ensimesmados e quietos, mas Aquino ruminava o pensamento de que a cadeira de maior espaldar caberia ao irm\u00e3o ca\u00e7ula, logo o degenerado&#8230; Indignava-se. Entre as poucas palavras trocadas pelo caminho, lembravam que descendiam de gente muito trabalhadora, mas que pouco gozava a vida. Sabiam ser filhos de pai muito rico, mas viveram toda a vida modestamente, sem qualquer luxo ou privil\u00e9gio, e que, agora, na condi\u00e7\u00e3o de sucessores prestes a tomarem posse da fortuna herdada, enfim aproveitariam a vida com conforto.<\/p>\n<p>Nunca tinham visto o pai em vida dispor mais do que alguns poucos mil-r\u00e9is da algibeira. Levava consigo sempre dinheiro mi\u00fado, e dispunha de quantias estritamente necess\u00e1rias para o pagamento de poucos fornecedores e empregados, que mantinha no n\u00famero m\u00ednimo para complementar o \u00e1rduo trabalho desenvolvido por ele mesmo e pelos filhos, exceto Osvaldo que, ap\u00f3s a maioridade, deixou a fazenda e foi ganhar a vida longe dali, tendo voltado apenas agora para buscar o que por direito lhe coubesse.<\/p>\n<p>Dentre os locais, corria a lenda que a fortuna do Coronel era daquela que se guarda sob o colch\u00e3o. Mas, certamente, o astuto homem n\u00e3o cairia nesta armadilha. No colch\u00e3o, a infla\u00e7\u00e3o, os insetos e at\u00e9 as incontin\u00eancias noturnas amea\u00e7am qualquer fortuna. Os filhos, estes sim, j\u00e1 desconfiavam que o pai convertesse cada ceitil em metal precioso e outras riquezas mais s\u00f3lidas nas anuais visitas ao banco da capital federal que Coronel Am\u00e2ncio realizava ao fim de cada safra. Agora sabiam ser verdade aquilo de que j\u00e1 desconfiavam havia muito tempo.<\/p>\n<p>Esbaforidos, chegaram ao velho barrac\u00e3o que, com os anos, havia sido convertido em dep\u00f3sito de objetos inserv\u00edveis. O sol j\u00e1 quase buscava as montanhas do horizonte distante para mais um per\u00edodo de repouso. A porta do barrac\u00e3o foi aberta pela grande chave enferrujada e, em seu interior, m\u00f3veis, tralhas, quadros, tapetes, ferramentas e tudo mais que havia servido a gera\u00e7\u00f5es anteriores que foram senhoras daquelas terras.<\/p>\n<p>Num canto, ao fundo, a mesa redonda referida nas instru\u00e7\u00f5es paternas. Bem no centro dela, compondo ex\u00f3tico cen\u00e1rio, um precioso punhal de prata encontrava-se cravado. De costas para a quina da parede, a cadeira de espaldar alto revestido de veludo, tal qual descrita nas linhas preparadas pelo Coronel.<\/p>\n<p>\u201cSeria melhor que eu ocupasse aquela cadeira maior, pois, na posi\u00e7\u00e3o de irm\u00e3o mais velho, devo eu exercer a lideran\u00e7a deste momento\u201d, disse Aquino.<\/p>\n<p>\u201cN\u00e3o seria melhor que atend\u00eassemos \u00e0s instru\u00e7\u00f5es do pai \u00e0 risca, mano?\u201d obtemperou Quit\u00e9ria.<\/p>\n<p>\u201cN\u00e3o desejo que isso se torne uma quest\u00e3o entre n\u00f3s. Gostaria de resolver o caso o quanto antes, para que eu volte para o Rio\u201d reclamou Osvaldo.<\/p>\n<p>O fato \u00e9 que, mesmo tendo chegado at\u00e9 ali, todos ainda se encontravam na mais completa escurid\u00e3o quanto a como se daria o cumprimento do \u00faltimo desejo do pai e a partilha dos bens preciosos de sua heran\u00e7a. Nenhuma instru\u00e7\u00e3o complementar se havia dado. Eram apenas eles, a grande mesa redonda guarnecida de toscas cadeiras, exceto aquela de veludo vermelho, e, em volta deles, o barrac\u00e3o atulhado de objetos antigos e empoeirados que quase nada valiam.<\/p>\n<p>Mesmo assim, sentaram-se ainda \u00e0 roda da mesa, seguindo as regras deixadas, para confabularem um pouco mais, n\u00e3o sem antes terem localizado ali uns lampi\u00f5es, que acenderam para se precaverem das trevas da noite pr\u00f3xima.<br \/>\nEram, em sentido hor\u00e1rio \u00e0 volta da mesa, Osvaldo, Umbelina, Rodolfo, Orlando, Aquino, Quit\u00e9ria, Urbano e In\u00e1cia. Ficaram ali, v\u00e1rios minutos em sil\u00eancio olhando para o punhal cravado bem no centro da antiga mesa, absortos no sil\u00eancio profundo daquela dist\u00e2ncia e daquela hora. Sem saberem o que fazer, todos com a falta de maiores detalhes e sem melhores ideias al\u00e9m da haverem empreendido aquela expedi\u00e7\u00e3o.<\/p>\n<p>Por fim, Rodolfo sugeriu:<\/p>\n<p>\u201cCreio que o tesouro esteja enterrado em algum lugar nesta fazenda. Cabe-nos encontr\u00e1-lo agora.\u201d<\/p>\n<p>\u201cMas por onde come\u00e7aremos? \u00c9 uma vastid\u00e3o de terras. S\u00e3o muitas possibilidades\u201d questionou Orlando.<\/p>\n<p>Urbano, o mais calado deles, resolveu exortar:<\/p>\n<p>\u201cManos, o importante \u00e9 p\u00f4r a m\u00e3o nesse butim. Isso deve estar escondido sim. E na casa-grande! A ordem para nos reunirmos aqui foi de prop\u00f3sito, nosso pai o fez para zombar de n\u00f3s, e nos despistar. Vamos reunir uns homens e, a partir de amanh\u00e3, a gente procura naquilo tudo. Hemos de encontrar!\u201d<\/p>\n<p>\u201cQual! N\u00e3o podemos contar com ningu\u00e9m. N\u00f3s \u00e9 que devemos fazer a busca, pois se acham algo antes de n\u00f3s, seremos pilhados\u201d alertou Umbelina, no que os demais concordaram firmemente.<\/p>\n<p>Ap\u00f3s retornarem \u00e0 casa-grande envoltos na espessa bruma da noite, os irm\u00e3os, sem ao menos repousarem, j\u00e1 maquinavam onde come\u00e7ariam buscando. Desmontaram toda a casa antiga da fazenda, derrubaram paredes, levantaram t\u00e1buas, removeram cada arm\u00e1rio e cada arca. Chegaram a arrancar as t\u00e1buas do piso para cavar em baixo e os forros do teto para investigar. E nada acharam.<\/p>\n<p>Quem visse a casa ap\u00f3s a busca, pensaria que o local havia sido atacado por uma horda selvagem ou ali explodira uma bomba. O mesmo fizeram nas casas dos colonos, no dep\u00f3sito e na capela, tudo com o mesmo decepcionante resultado. Nem a sepultura dos ancestrais, no interior da capela da fazenda, seria poupada se ali n\u00e3o jazesse o cad\u00e1ver do Coronel, sepultado havia dias.<\/p>\n<p>E desde ent\u00e3o a sucess\u00e3o do Coronel Am\u00e2ncio est\u00e1 sendo um tendep\u00e1 entre irm\u00e3os, que acabaram se arrependendo de terem destru\u00eddo tantos objetos da casa procurando valores, e o que puderam recuperar est\u00e1 sendo vendido na bacia das almas para render uns poucos mil cruzeiros para cada um, tendo o ouro e as pedras preciosas sido tomados como pura lenda. E, no entanto, essas riquezas ainda se encontram l\u00e1, pela serra do Espinha\u00e7o, podendo ser at\u00e9 achadas por olhos mais atentos que dos filhos do Coronel Am\u00e2ncio, os quais ficaram cada vez mais loucos e mais pobres.<\/p>\n","protected":false},"excerpt":{"rendered":"<p>At\u00e9 onde a vista alcan\u00e7ava eram terras da fazenda do Coronel Am\u00e2ncio. Terras herdadas de quem as ganhara de sesmaria, da majestade al\u00e9m-do-oceano, sem nunca haver participado de uma cerim\u00f4nia de beija-m\u00e3o. Ganhara por carta, com selo vermelho de cera e fita, chegada de navio e entregue por fidalgo. E naquelas terras se trabalhou, viveu, [&hellip;]<\/p>\n","protected":false},"author":2,"featured_media":320520,"comment_status":"closed","ping_status":"closed","sticky":false,"template":"","format":"standard","meta":{"_acf_changed":false,"footnotes":""},"categories":[161],"tags":[],"class_list":["post-320519","post","type-post","status-publish","format-standard","has-post-thumbnail","hentry","category-quadradinho-em-foco"],"acf":[],"yoast_head":"<!-- This site is optimized with the Yoast SEO plugin v27.2 - https:\/\/yoast.com\/product\/yoast-seo-wordpress\/ -->\n<title>Heran\u00e7a maldita de coronel fica perdida em fazenda - Notibras<\/title>\n<meta name=\"robots\" content=\"index, follow, max-snippet:-1, max-image-preview:large, max-video-preview:-1\" \/>\n<link rel=\"canonical\" href=\"https:\/\/www.notibras.com\/site\/heranca-maldita-de-coronel-fica-perdida-em-fazenda\/\" \/>\n<meta property=\"og:locale\" content=\"pt_BR\" \/>\n<meta property=\"og:type\" content=\"article\" \/>\n<meta property=\"og:title\" content=\"Heran\u00e7a maldita de coronel fica perdida em fazenda - Notibras\" \/>\n<meta property=\"og:description\" content=\"At\u00e9 onde a vista alcan\u00e7ava eram terras da fazenda do Coronel Am\u00e2ncio. Terras herdadas de quem as ganhara de sesmaria, da majestade al\u00e9m-do-oceano, sem nunca haver participado de uma cerim\u00f4nia de beija-m\u00e3o. Ganhara por carta, com selo vermelho de cera e fita, chegada de navio e entregue por fidalgo. E naquelas terras se trabalhou, viveu, [&hellip;]\" \/>\n<meta property=\"og:url\" content=\"https:\/\/www.notibras.com\/site\/heranca-maldita-de-coronel-fica-perdida-em-fazenda\/\" \/>\n<meta property=\"og:site_name\" content=\"Notibras\" \/>\n<meta property=\"article:publisher\" content=\"https:\/\/www.facebook.com\/notibras\/\" \/>\n<meta property=\"article:published_time\" content=\"2024-01-14T13:39:17+00:00\" \/>\n<meta property=\"og:image\" content=\"https:\/\/www.notibras.com\/site\/wp-content\/uploads\/2024\/01\/casarao2.jpg\" \/>\n\t<meta property=\"og:image:width\" content=\"740\" \/>\n\t<meta property=\"og:image:height\" content=\"493\" \/>\n\t<meta property=\"og:image:type\" content=\"image\/jpeg\" \/>\n<meta name=\"author\" content=\"Reda\u00e7\u00e3o\" \/>\n<meta name=\"twitter:card\" content=\"summary_large_image\" \/>\n<meta name=\"twitter:creator\" content=\"@Notibras\" \/>\n<meta name=\"twitter:site\" content=\"@Notibras\" \/>\n<meta name=\"twitter:label1\" content=\"Escrito por\" \/>\n\t<meta name=\"twitter:data1\" content=\"Reda\u00e7\u00e3o\" \/>\n\t<meta name=\"twitter:label2\" content=\"Est. tempo de leitura\" \/>\n\t<meta name=\"twitter:data2\" content=\"9 minutos\" \/>\n<script type=\"application\/ld+json\" class=\"yoast-schema-graph\">{\"@context\":\"https:\/\/schema.org\",\"@graph\":[{\"@type\":\"Article\",\"@id\":\"https:\/\/www.notibras.com\/site\/heranca-maldita-de-coronel-fica-perdida-em-fazenda\/#article\",\"isPartOf\":{\"@id\":\"https:\/\/www.notibras.com\/site\/heranca-maldita-de-coronel-fica-perdida-em-fazenda\/\"},\"author\":{\"name\":\"Reda\u00e7\u00e3o\",\"@id\":\"https:\/\/www.notibras.com\/site\/#\/schema\/person\/36ab0979449956132d3e5b517ea76ac8\"},\"headline\":\"Heran\u00e7a maldita de coronel fica perdida em fazenda\",\"datePublished\":\"2024-01-14T13:39:17+00:00\",\"mainEntityOfPage\":{\"@id\":\"https:\/\/www.notibras.com\/site\/heranca-maldita-de-coronel-fica-perdida-em-fazenda\/\"},\"wordCount\":1727,\"publisher\":{\"@id\":\"https:\/\/www.notibras.com\/site\/#organization\"},\"image\":{\"@id\":\"https:\/\/www.notibras.com\/site\/heranca-maldita-de-coronel-fica-perdida-em-fazenda\/#primaryimage\"},\"thumbnailUrl\":\"https:\/\/www.notibras.com\/site\/wp-content\/uploads\/2024\/01\/casarao2.jpg\",\"articleSection\":[\"Quadradinho em Foco\"],\"inLanguage\":\"pt-BR\"},{\"@type\":\"WebPage\",\"@id\":\"https:\/\/www.notibras.com\/site\/heranca-maldita-de-coronel-fica-perdida-em-fazenda\/\",\"url\":\"https:\/\/www.notibras.com\/site\/heranca-maldita-de-coronel-fica-perdida-em-fazenda\/\",\"name\":\"Heran\u00e7a maldita de coronel fica perdida em fazenda - Notibras\",\"isPartOf\":{\"@id\":\"https:\/\/www.notibras.com\/site\/#website\"},\"primaryImageOfPage\":{\"@id\":\"https:\/\/www.notibras.com\/site\/heranca-maldita-de-coronel-fica-perdida-em-fazenda\/#primaryimage\"},\"image\":{\"@id\":\"https:\/\/www.notibras.com\/site\/heranca-maldita-de-coronel-fica-perdida-em-fazenda\/#primaryimage\"},\"thumbnailUrl\":\"https:\/\/www.notibras.com\/site\/wp-content\/uploads\/2024\/01\/casarao2.jpg\",\"datePublished\":\"2024-01-14T13:39:17+00:00\",\"breadcrumb\":{\"@id\":\"https:\/\/www.notibras.com\/site\/heranca-maldita-de-coronel-fica-perdida-em-fazenda\/#breadcrumb\"},\"inLanguage\":\"pt-BR\",\"potentialAction\":[{\"@type\":\"ReadAction\",\"target\":[\"https:\/\/www.notibras.com\/site\/heranca-maldita-de-coronel-fica-perdida-em-fazenda\/\"]}]},{\"@type\":\"ImageObject\",\"inLanguage\":\"pt-BR\",\"@id\":\"https:\/\/www.notibras.com\/site\/heranca-maldita-de-coronel-fica-perdida-em-fazenda\/#primaryimage\",\"url\":\"https:\/\/www.notibras.com\/site\/wp-content\/uploads\/2024\/01\/casarao2.jpg\",\"contentUrl\":\"https:\/\/www.notibras.com\/site\/wp-content\/uploads\/2024\/01\/casarao2.jpg\",\"width\":740,\"height\":493},{\"@type\":\"BreadcrumbList\",\"@id\":\"https:\/\/www.notibras.com\/site\/heranca-maldita-de-coronel-fica-perdida-em-fazenda\/#breadcrumb\",\"itemListElement\":[{\"@type\":\"ListItem\",\"position\":1,\"name\":\"In\u00edcio\",\"item\":\"https:\/\/www.notibras.com\/site\/\"},{\"@type\":\"ListItem\",\"position\":2,\"name\":\"Heran\u00e7a maldita de coronel fica perdida em fazenda\"}]},{\"@type\":\"WebSite\",\"@id\":\"https:\/\/www.notibras.com\/site\/#website\",\"url\":\"https:\/\/www.notibras.com\/site\/\",\"name\":\"Notibras\",\"description\":\"Not\u00edcias de Bras\u00edlia, do Brasil e do Mundo\",\"publisher\":{\"@id\":\"https:\/\/www.notibras.com\/site\/#organization\"},\"potentialAction\":[{\"@type\":\"SearchAction\",\"target\":{\"@type\":\"EntryPoint\",\"urlTemplate\":\"https:\/\/www.notibras.com\/site\/?s={search_term_string}\"},\"query-input\":{\"@type\":\"PropertyValueSpecification\",\"valueRequired\":true,\"valueName\":\"search_term_string\"}}],\"inLanguage\":\"pt-BR\"},{\"@type\":\"Organization\",\"@id\":\"https:\/\/www.notibras.com\/site\/#organization\",\"name\":\"Grupo Notibras de Comunica\u00e7\u00e3o\",\"url\":\"https:\/\/www.notibras.com\/site\/\",\"logo\":{\"@type\":\"ImageObject\",\"inLanguage\":\"pt-BR\",\"@id\":\"https:\/\/www.notibras.com\/site\/#\/schema\/logo\/image\/\",\"url\":\"https:\/\/www.notibras.com\/site\/wp-content\/uploads\/2023\/01\/notibras23.png\",\"contentUrl\":\"https:\/\/www.notibras.com\/site\/wp-content\/uploads\/2023\/01\/notibras23.png\",\"width\":350,\"height\":87,\"caption\":\"Grupo Notibras de Comunica\u00e7\u00e3o\"},\"image\":{\"@id\":\"https:\/\/www.notibras.com\/site\/#\/schema\/logo\/image\/\"},\"sameAs\":[\"https:\/\/www.facebook.com\/notibras\/\",\"https:\/\/x.com\/Notibras\",\"https:\/\/www.instagram.com\/notibras\/\"]},{\"@type\":\"Person\",\"@id\":\"https:\/\/www.notibras.com\/site\/#\/schema\/person\/36ab0979449956132d3e5b517ea76ac8\",\"name\":\"Reda\u00e7\u00e3o\",\"image\":{\"@type\":\"ImageObject\",\"inLanguage\":\"pt-BR\",\"@id\":\"https:\/\/secure.gravatar.com\/avatar\/e0a867bdedb85fd243eadf09663511f96fc81e0720a4a42581f334ad4303aa6b?s=96&d=mm&r=g\",\"url\":\"https:\/\/secure.gravatar.com\/avatar\/e0a867bdedb85fd243eadf09663511f96fc81e0720a4a42581f334ad4303aa6b?s=96&d=mm&r=g\",\"contentUrl\":\"https:\/\/secure.gravatar.com\/avatar\/e0a867bdedb85fd243eadf09663511f96fc81e0720a4a42581f334ad4303aa6b?s=96&d=mm&r=g\",\"caption\":\"Reda\u00e7\u00e3o\"}}]}<\/script>\n<!-- \/ Yoast SEO plugin. -->","yoast_head_json":{"title":"Heran\u00e7a maldita de coronel fica perdida em fazenda - Notibras","robots":{"index":"index","follow":"follow","max-snippet":"max-snippet:-1","max-image-preview":"max-image-preview:large","max-video-preview":"max-video-preview:-1"},"canonical":"https:\/\/www.notibras.com\/site\/heranca-maldita-de-coronel-fica-perdida-em-fazenda\/","og_locale":"pt_BR","og_type":"article","og_title":"Heran\u00e7a maldita de coronel fica perdida em fazenda - Notibras","og_description":"At\u00e9 onde a vista alcan\u00e7ava eram terras da fazenda do Coronel Am\u00e2ncio. Terras herdadas de quem as ganhara de sesmaria, da majestade al\u00e9m-do-oceano, sem nunca haver participado de uma cerim\u00f4nia de beija-m\u00e3o. Ganhara por carta, com selo vermelho de cera e fita, chegada de navio e entregue por fidalgo. E naquelas terras se trabalhou, viveu, [&hellip;]","og_url":"https:\/\/www.notibras.com\/site\/heranca-maldita-de-coronel-fica-perdida-em-fazenda\/","og_site_name":"Notibras","article_publisher":"https:\/\/www.facebook.com\/notibras\/","article_published_time":"2024-01-14T13:39:17+00:00","og_image":[{"width":740,"height":493,"url":"https:\/\/www.notibras.com\/site\/wp-content\/uploads\/2024\/01\/casarao2.jpg","type":"image\/jpeg"}],"author":"Reda\u00e7\u00e3o","twitter_card":"summary_large_image","twitter_creator":"@Notibras","twitter_site":"@Notibras","twitter_misc":{"Escrito por":"Reda\u00e7\u00e3o","Est. tempo de leitura":"9 minutos"},"schema":{"@context":"https:\/\/schema.org","@graph":[{"@type":"Article","@id":"https:\/\/www.notibras.com\/site\/heranca-maldita-de-coronel-fica-perdida-em-fazenda\/#article","isPartOf":{"@id":"https:\/\/www.notibras.com\/site\/heranca-maldita-de-coronel-fica-perdida-em-fazenda\/"},"author":{"name":"Reda\u00e7\u00e3o","@id":"https:\/\/www.notibras.com\/site\/#\/schema\/person\/36ab0979449956132d3e5b517ea76ac8"},"headline":"Heran\u00e7a maldita de coronel fica perdida em fazenda","datePublished":"2024-01-14T13:39:17+00:00","mainEntityOfPage":{"@id":"https:\/\/www.notibras.com\/site\/heranca-maldita-de-coronel-fica-perdida-em-fazenda\/"},"wordCount":1727,"publisher":{"@id":"https:\/\/www.notibras.com\/site\/#organization"},"image":{"@id":"https:\/\/www.notibras.com\/site\/heranca-maldita-de-coronel-fica-perdida-em-fazenda\/#primaryimage"},"thumbnailUrl":"https:\/\/www.notibras.com\/site\/wp-content\/uploads\/2024\/01\/casarao2.jpg","articleSection":["Quadradinho em Foco"],"inLanguage":"pt-BR"},{"@type":"WebPage","@id":"https:\/\/www.notibras.com\/site\/heranca-maldita-de-coronel-fica-perdida-em-fazenda\/","url":"https:\/\/www.notibras.com\/site\/heranca-maldita-de-coronel-fica-perdida-em-fazenda\/","name":"Heran\u00e7a maldita de coronel fica perdida em fazenda - Notibras","isPartOf":{"@id":"https:\/\/www.notibras.com\/site\/#website"},"primaryImageOfPage":{"@id":"https:\/\/www.notibras.com\/site\/heranca-maldita-de-coronel-fica-perdida-em-fazenda\/#primaryimage"},"image":{"@id":"https:\/\/www.notibras.com\/site\/heranca-maldita-de-coronel-fica-perdida-em-fazenda\/#primaryimage"},"thumbnailUrl":"https:\/\/www.notibras.com\/site\/wp-content\/uploads\/2024\/01\/casarao2.jpg","datePublished":"2024-01-14T13:39:17+00:00","breadcrumb":{"@id":"https:\/\/www.notibras.com\/site\/heranca-maldita-de-coronel-fica-perdida-em-fazenda\/#breadcrumb"},"inLanguage":"pt-BR","potentialAction":[{"@type":"ReadAction","target":["https:\/\/www.notibras.com\/site\/heranca-maldita-de-coronel-fica-perdida-em-fazenda\/"]}]},{"@type":"ImageObject","inLanguage":"pt-BR","@id":"https:\/\/www.notibras.com\/site\/heranca-maldita-de-coronel-fica-perdida-em-fazenda\/#primaryimage","url":"https:\/\/www.notibras.com\/site\/wp-content\/uploads\/2024\/01\/casarao2.jpg","contentUrl":"https:\/\/www.notibras.com\/site\/wp-content\/uploads\/2024\/01\/casarao2.jpg","width":740,"height":493},{"@type":"BreadcrumbList","@id":"https:\/\/www.notibras.com\/site\/heranca-maldita-de-coronel-fica-perdida-em-fazenda\/#breadcrumb","itemListElement":[{"@type":"ListItem","position":1,"name":"In\u00edcio","item":"https:\/\/www.notibras.com\/site\/"},{"@type":"ListItem","position":2,"name":"Heran\u00e7a maldita de coronel fica perdida em fazenda"}]},{"@type":"WebSite","@id":"https:\/\/www.notibras.com\/site\/#website","url":"https:\/\/www.notibras.com\/site\/","name":"Notibras","description":"Not\u00edcias de Bras\u00edlia, do Brasil e do Mundo","publisher":{"@id":"https:\/\/www.notibras.com\/site\/#organization"},"potentialAction":[{"@type":"SearchAction","target":{"@type":"EntryPoint","urlTemplate":"https:\/\/www.notibras.com\/site\/?s={search_term_string}"},"query-input":{"@type":"PropertyValueSpecification","valueRequired":true,"valueName":"search_term_string"}}],"inLanguage":"pt-BR"},{"@type":"Organization","@id":"https:\/\/www.notibras.com\/site\/#organization","name":"Grupo Notibras de Comunica\u00e7\u00e3o","url":"https:\/\/www.notibras.com\/site\/","logo":{"@type":"ImageObject","inLanguage":"pt-BR","@id":"https:\/\/www.notibras.com\/site\/#\/schema\/logo\/image\/","url":"https:\/\/www.notibras.com\/site\/wp-content\/uploads\/2023\/01\/notibras23.png","contentUrl":"https:\/\/www.notibras.com\/site\/wp-content\/uploads\/2023\/01\/notibras23.png","width":350,"height":87,"caption":"Grupo Notibras de Comunica\u00e7\u00e3o"},"image":{"@id":"https:\/\/www.notibras.com\/site\/#\/schema\/logo\/image\/"},"sameAs":["https:\/\/www.facebook.com\/notibras\/","https:\/\/x.com\/Notibras","https:\/\/www.instagram.com\/notibras\/"]},{"@type":"Person","@id":"https:\/\/www.notibras.com\/site\/#\/schema\/person\/36ab0979449956132d3e5b517ea76ac8","name":"Reda\u00e7\u00e3o","image":{"@type":"ImageObject","inLanguage":"pt-BR","@id":"https:\/\/secure.gravatar.com\/avatar\/e0a867bdedb85fd243eadf09663511f96fc81e0720a4a42581f334ad4303aa6b?s=96&d=mm&r=g","url":"https:\/\/secure.gravatar.com\/avatar\/e0a867bdedb85fd243eadf09663511f96fc81e0720a4a42581f334ad4303aa6b?s=96&d=mm&r=g","contentUrl":"https:\/\/secure.gravatar.com\/avatar\/e0a867bdedb85fd243eadf09663511f96fc81e0720a4a42581f334ad4303aa6b?s=96&d=mm&r=g","caption":"Reda\u00e7\u00e3o"}}]}},"amp_enabled":true,"_links":{"self":[{"href":"https:\/\/www.notibras.com\/site\/wp-json\/wp\/v2\/posts\/320519","targetHints":{"allow":["GET"]}}],"collection":[{"href":"https:\/\/www.notibras.com\/site\/wp-json\/wp\/v2\/posts"}],"about":[{"href":"https:\/\/www.notibras.com\/site\/wp-json\/wp\/v2\/types\/post"}],"author":[{"embeddable":true,"href":"https:\/\/www.notibras.com\/site\/wp-json\/wp\/v2\/users\/2"}],"replies":[{"embeddable":true,"href":"https:\/\/www.notibras.com\/site\/wp-json\/wp\/v2\/comments?post=320519"}],"version-history":[{"count":1,"href":"https:\/\/www.notibras.com\/site\/wp-json\/wp\/v2\/posts\/320519\/revisions"}],"predecessor-version":[{"id":320521,"href":"https:\/\/www.notibras.com\/site\/wp-json\/wp\/v2\/posts\/320519\/revisions\/320521"}],"wp:featuredmedia":[{"embeddable":true,"href":"https:\/\/www.notibras.com\/site\/wp-json\/wp\/v2\/media\/320520"}],"wp:attachment":[{"href":"https:\/\/www.notibras.com\/site\/wp-json\/wp\/v2\/media?parent=320519"}],"wp:term":[{"taxonomy":"category","embeddable":true,"href":"https:\/\/www.notibras.com\/site\/wp-json\/wp\/v2\/categories?post=320519"},{"taxonomy":"post_tag","embeddable":true,"href":"https:\/\/www.notibras.com\/site\/wp-json\/wp\/v2\/tags?post=320519"}],"curies":[{"name":"wp","href":"https:\/\/api.w.org\/{rel}","templated":true}]}}