{"id":320522,"date":"2024-01-14T11:02:33","date_gmt":"2024-01-14T14:02:33","guid":{"rendered":"https:\/\/www.notibras.com\/site\/?p=320522"},"modified":"2024-01-14T11:04:16","modified_gmt":"2024-01-14T14:04:16","slug":"virgem-aos-30-pum-fedido-e-barriga-de-gravida","status":"publish","type":"post","link":"https:\/\/www.notibras.com\/site\/virgem-aos-30-pum-fedido-e-barriga-de-gravida\/","title":{"rendered":"Virgem aos 30, pum fedido e barriga de gr\u00e1vida"},"content":{"rendered":"<p>Cec\u00edlia, aos 30, continuava solteira e nem lhe passava pela cabe\u00e7a se casar. N\u00e3o que lhe faltassem pretendentes, que eram muitos. Afinal, tamanha beleza n\u00e3o poderia mesmo passar despercebida. Que mulher\u00e3o!<\/p>\n<p>Apaixonada pela vida e pela pr\u00f3pria imagem refletida no espelho, Cec\u00edlia, at\u00e9 de chinelo de dedo, desfilava pelo bairro Menino Deus com a desenvoltura de uma modelo na passarela em Paris, apesar de nunca ter ido al\u00e9m de Viam\u00e3o.<\/p>\n<p>Mas n\u00e3o pense voc\u00ea que n\u00e3o lhe faltassem carnes, pois aquele corpo era uma fartura de curvas sinuosas e, caso o piloto n\u00e3o ficasse atento, acabava derrapando e dando com a fu\u00e7a no guard-rail.<\/p>\n<p>Apesar de tanto glamour, o que se conta \u00e0 boca pequena por aqui \u00e9 que a mo\u00e7a acabou se engra\u00e7ando com um mineirinho de Visconde do Rio Branco. De t\u00e3o apaixonada ficou, trocou a costela assada pelo queijo por um m\u00eas inteirinho. Pois \u00e9! E, para piorar, nem era fevereiro, mas desses quase infinitos que nem agosto.<\/p>\n<p>Para encurtar a hist\u00f3ria, parece que o intestino da mulher parou de funcionar regularmente. Isso mesmo! Cec\u00edlia ficou entupida! Enquanto o queijo entrava por cima, nada sa\u00eda por baixo. \u00c9 verdade que os gases, at\u00e9 mesmo por sua fluidez, encontravam brechas para, vez ou outra, empestear o ambiente. Por conta disso, o namorado, que possu\u00eda alergia a odores diferentes dos de rosas, voltou para a cidade natal. Dizem que n\u00e3o avisou, saiu de mansinho e nem bilhete de despedida deixou. Um cafajeste!<\/p>\n<p>Mas deixemos o traste de lado e voltemos \u00e0 linda Cec\u00edlia. Ela j\u00e1 n\u00e3o ia ao banheiro h\u00e1 quase uma semana. Tanto \u00e9 que, n\u00e3o raro, algu\u00e9m lhe parabenizava pelo beb\u00ea que estava por vir. Que beb\u00ea? N\u00e3o existia beb\u00ea! Pobre mulher! Al\u00e9m das dores que estava sentindo, os fofoqueiros de plant\u00e3o n\u00e3o a poupavam de anedotas.<\/p>\n<p>Cec\u00edlia j\u00e1 estava desesperada com a situa\u00e7\u00e3o. At\u00e9 pensou em ir ao hospital para dar cabo daquela situa\u00e7\u00e3o, quando, por um desses acasos da vida que s\u00f3 acontecem em Porto Alegre, eis que ela conheceu uma senhora especialista em fazer o n\u00famero dois. E isso aconteceu justamente ali na esquina da Marc\u00edlio Dias com a Get\u00falio.<\/p>\n<p>&#8211; Guria, se isso n\u00e3o for gravidez avan\u00e7ada, \u00e9 melhor tomar um ch\u00e1 dessas ervas aqui.<\/p>\n<p>Sem ter para onde correr, Cec\u00edlia aceitou a sugest\u00e3o. Correu para casa, fez quase um balde de ch\u00e1 com as tais ervas. N\u00e3o tardou, foi aquele al\u00edvio. Tanto \u00e9 que, no dia seguinte, ao encontrar a especialista, houve o seguinte interl\u00fadio, t\u00e3o peculiar aos ga\u00fachos.<\/p>\n<p>&#8211; T\u00f4 vendo, pela cinturinha, que funcionou.<\/p>\n<p>&#8211; Ah, n\u00e3o sei como agradec\u00ea-la, senhora! Finalmente fui aos p\u00e9s!<\/p>\n","protected":false},"excerpt":{"rendered":"<p>Cec\u00edlia, aos 30, continuava solteira e nem lhe passava pela cabe\u00e7a se casar. N\u00e3o que lhe faltassem pretendentes, que eram muitos. Afinal, tamanha beleza n\u00e3o poderia mesmo passar despercebida. Que mulher\u00e3o! Apaixonada pela vida e pela pr\u00f3pria imagem refletida no espelho, Cec\u00edlia, at\u00e9 de chinelo de dedo, desfilava pelo bairro Menino Deus com a desenvoltura [&hellip;]<\/p>\n","protected":false},"author":2,"featured_media":320523,"comment_status":"closed","ping_status":"closed","sticky":false,"template":"","format":"standard","meta":{"_acf_changed":false,"footnotes":""},"categories":[161],"tags":[],"class_list":["post-320522","post","type-post","status-publish","format-standard","has-post-thumbnail","hentry","category-quadradinho-em-foco"],"acf":[],"yoast_head":"<!-- This site is optimized with the Yoast SEO plugin v27.2 - https:\/\/yoast.com\/product\/yoast-seo-wordpress\/ -->\n<title>Virgem aos 30, pum fedido e barriga de gr\u00e1vida - Notibras<\/title>\n<meta name=\"robots\" content=\"index, follow, max-snippet:-1, max-image-preview:large, max-video-preview:-1\" \/>\n<link rel=\"canonical\" href=\"https:\/\/www.notibras.com\/site\/virgem-aos-30-pum-fedido-e-barriga-de-gravida\/\" \/>\n<meta property=\"og:locale\" content=\"pt_BR\" \/>\n<meta property=\"og:type\" content=\"article\" \/>\n<meta property=\"og:title\" content=\"Virgem aos 30, pum fedido e barriga de gr\u00e1vida - Notibras\" \/>\n<meta property=\"og:description\" content=\"Cec\u00edlia, aos 30, continuava solteira e nem lhe passava pela cabe\u00e7a se casar. N\u00e3o que lhe faltassem pretendentes, que eram muitos. Afinal, tamanha beleza n\u00e3o poderia mesmo passar despercebida. Que mulher\u00e3o! Apaixonada pela vida e pela pr\u00f3pria imagem refletida no espelho, Cec\u00edlia, at\u00e9 de chinelo de dedo, desfilava pelo bairro Menino Deus com a desenvoltura [&hellip;]\" \/>\n<meta property=\"og:url\" content=\"https:\/\/www.notibras.com\/site\/virgem-aos-30-pum-fedido-e-barriga-de-gravida\/\" \/>\n<meta property=\"og:site_name\" content=\"Notibras\" \/>\n<meta property=\"article:publisher\" content=\"https:\/\/www.facebook.com\/notibras\/\" \/>\n<meta property=\"article:published_time\" content=\"2024-01-14T14:02:33+00:00\" \/>\n<meta property=\"article:modified_time\" content=\"2024-01-14T14:04:16+00:00\" \/>\n<meta property=\"og:image\" content=\"https:\/\/www.notibras.com\/site\/wp-content\/uploads\/2024\/01\/gravidez.pngtree.png\" \/>\n\t<meta property=\"og:image:width\" content=\"609\" \/>\n\t<meta property=\"og:image:height\" content=\"361\" \/>\n\t<meta property=\"og:image:type\" content=\"image\/png\" \/>\n<meta name=\"author\" content=\"Reda\u00e7\u00e3o\" \/>\n<meta name=\"twitter:card\" content=\"summary_large_image\" \/>\n<meta name=\"twitter:creator\" content=\"@Notibras\" \/>\n<meta name=\"twitter:site\" content=\"@Notibras\" \/>\n<meta name=\"twitter:label1\" content=\"Escrito por\" \/>\n\t<meta name=\"twitter:data1\" content=\"Reda\u00e7\u00e3o\" \/>\n\t<meta name=\"twitter:label2\" content=\"Est. tempo de leitura\" \/>\n\t<meta name=\"twitter:data2\" content=\"3 minutos\" \/>\n<script type=\"application\/ld+json\" class=\"yoast-schema-graph\">{\"@context\":\"https:\/\/schema.org\",\"@graph\":[{\"@type\":\"Article\",\"@id\":\"https:\/\/www.notibras.com\/site\/virgem-aos-30-pum-fedido-e-barriga-de-gravida\/#article\",\"isPartOf\":{\"@id\":\"https:\/\/www.notibras.com\/site\/virgem-aos-30-pum-fedido-e-barriga-de-gravida\/\"},\"author\":{\"name\":\"Reda\u00e7\u00e3o\",\"@id\":\"https:\/\/www.notibras.com\/site\/#\/schema\/person\/36ab0979449956132d3e5b517ea76ac8\"},\"headline\":\"Virgem aos 30, pum fedido e barriga de gr\u00e1vida\",\"datePublished\":\"2024-01-14T14:02:33+00:00\",\"dateModified\":\"2024-01-14T14:04:16+00:00\",\"mainEntityOfPage\":{\"@id\":\"https:\/\/www.notibras.com\/site\/virgem-aos-30-pum-fedido-e-barriga-de-gravida\/\"},\"wordCount\":483,\"publisher\":{\"@id\":\"https:\/\/www.notibras.com\/site\/#organization\"},\"image\":{\"@id\":\"https:\/\/www.notibras.com\/site\/virgem-aos-30-pum-fedido-e-barriga-de-gravida\/#primaryimage\"},\"thumbnailUrl\":\"https:\/\/www.notibras.com\/site\/wp-content\/uploads\/2024\/01\/gravidez.pngtree.png\",\"articleSection\":[\"Quadradinho em Foco\"],\"inLanguage\":\"pt-BR\"},{\"@type\":\"WebPage\",\"@id\":\"https:\/\/www.notibras.com\/site\/virgem-aos-30-pum-fedido-e-barriga-de-gravida\/\",\"url\":\"https:\/\/www.notibras.com\/site\/virgem-aos-30-pum-fedido-e-barriga-de-gravida\/\",\"name\":\"Virgem aos 30, pum fedido e barriga de gr\u00e1vida - Notibras\",\"isPartOf\":{\"@id\":\"https:\/\/www.notibras.com\/site\/#website\"},\"primaryImageOfPage\":{\"@id\":\"https:\/\/www.notibras.com\/site\/virgem-aos-30-pum-fedido-e-barriga-de-gravida\/#primaryimage\"},\"image\":{\"@id\":\"https:\/\/www.notibras.com\/site\/virgem-aos-30-pum-fedido-e-barriga-de-gravida\/#primaryimage\"},\"thumbnailUrl\":\"https:\/\/www.notibras.com\/site\/wp-content\/uploads\/2024\/01\/gravidez.pngtree.png\",\"datePublished\":\"2024-01-14T14:02:33+00:00\",\"dateModified\":\"2024-01-14T14:04:16+00:00\",\"breadcrumb\":{\"@id\":\"https:\/\/www.notibras.com\/site\/virgem-aos-30-pum-fedido-e-barriga-de-gravida\/#breadcrumb\"},\"inLanguage\":\"pt-BR\",\"potentialAction\":[{\"@type\":\"ReadAction\",\"target\":[\"https:\/\/www.notibras.com\/site\/virgem-aos-30-pum-fedido-e-barriga-de-gravida\/\"]}]},{\"@type\":\"ImageObject\",\"inLanguage\":\"pt-BR\",\"@id\":\"https:\/\/www.notibras.com\/site\/virgem-aos-30-pum-fedido-e-barriga-de-gravida\/#primaryimage\",\"url\":\"https:\/\/www.notibras.com\/site\/wp-content\/uploads\/2024\/01\/gravidez.pngtree.png\",\"contentUrl\":\"https:\/\/www.notibras.com\/site\/wp-content\/uploads\/2024\/01\/gravidez.pngtree.png\",\"width\":609,\"height\":361},{\"@type\":\"BreadcrumbList\",\"@id\":\"https:\/\/www.notibras.com\/site\/virgem-aos-30-pum-fedido-e-barriga-de-gravida\/#breadcrumb\",\"itemListElement\":[{\"@type\":\"ListItem\",\"position\":1,\"name\":\"In\u00edcio\",\"item\":\"https:\/\/www.notibras.com\/site\/\"},{\"@type\":\"ListItem\",\"position\":2,\"name\":\"Virgem aos 30, pum fedido e barriga de gr\u00e1vida\"}]},{\"@type\":\"WebSite\",\"@id\":\"https:\/\/www.notibras.com\/site\/#website\",\"url\":\"https:\/\/www.notibras.com\/site\/\",\"name\":\"Notibras\",\"description\":\"Not\u00edcias de Bras\u00edlia, do Brasil e do Mundo\",\"publisher\":{\"@id\":\"https:\/\/www.notibras.com\/site\/#organization\"},\"potentialAction\":[{\"@type\":\"SearchAction\",\"target\":{\"@type\":\"EntryPoint\",\"urlTemplate\":\"https:\/\/www.notibras.com\/site\/?s={search_term_string}\"},\"query-input\":{\"@type\":\"PropertyValueSpecification\",\"valueRequired\":true,\"valueName\":\"search_term_string\"}}],\"inLanguage\":\"pt-BR\"},{\"@type\":\"Organization\",\"@id\":\"https:\/\/www.notibras.com\/site\/#organization\",\"name\":\"Grupo Notibras de Comunica\u00e7\u00e3o\",\"url\":\"https:\/\/www.notibras.com\/site\/\",\"logo\":{\"@type\":\"ImageObject\",\"inLanguage\":\"pt-BR\",\"@id\":\"https:\/\/www.notibras.com\/site\/#\/schema\/logo\/image\/\",\"url\":\"https:\/\/www.notibras.com\/site\/wp-content\/uploads\/2023\/01\/notibras23.png\",\"contentUrl\":\"https:\/\/www.notibras.com\/site\/wp-content\/uploads\/2023\/01\/notibras23.png\",\"width\":350,\"height\":87,\"caption\":\"Grupo Notibras de Comunica\u00e7\u00e3o\"},\"image\":{\"@id\":\"https:\/\/www.notibras.com\/site\/#\/schema\/logo\/image\/\"},\"sameAs\":[\"https:\/\/www.facebook.com\/notibras\/\",\"https:\/\/x.com\/Notibras\",\"https:\/\/www.instagram.com\/notibras\/\"]},{\"@type\":\"Person\",\"@id\":\"https:\/\/www.notibras.com\/site\/#\/schema\/person\/36ab0979449956132d3e5b517ea76ac8\",\"name\":\"Reda\u00e7\u00e3o\",\"image\":{\"@type\":\"ImageObject\",\"inLanguage\":\"pt-BR\",\"@id\":\"https:\/\/secure.gravatar.com\/avatar\/e0a867bdedb85fd243eadf09663511f96fc81e0720a4a42581f334ad4303aa6b?s=96&d=mm&r=g\",\"url\":\"https:\/\/secure.gravatar.com\/avatar\/e0a867bdedb85fd243eadf09663511f96fc81e0720a4a42581f334ad4303aa6b?s=96&d=mm&r=g\",\"contentUrl\":\"https:\/\/secure.gravatar.com\/avatar\/e0a867bdedb85fd243eadf09663511f96fc81e0720a4a42581f334ad4303aa6b?s=96&d=mm&r=g\",\"caption\":\"Reda\u00e7\u00e3o\"}}]}<\/script>\n<!-- \/ Yoast SEO plugin. -->","yoast_head_json":{"title":"Virgem aos 30, pum fedido e barriga de gr\u00e1vida - Notibras","robots":{"index":"index","follow":"follow","max-snippet":"max-snippet:-1","max-image-preview":"max-image-preview:large","max-video-preview":"max-video-preview:-1"},"canonical":"https:\/\/www.notibras.com\/site\/virgem-aos-30-pum-fedido-e-barriga-de-gravida\/","og_locale":"pt_BR","og_type":"article","og_title":"Virgem aos 30, pum fedido e barriga de gr\u00e1vida - Notibras","og_description":"Cec\u00edlia, aos 30, continuava solteira e nem lhe passava pela cabe\u00e7a se casar. N\u00e3o que lhe faltassem pretendentes, que eram muitos. Afinal, tamanha beleza n\u00e3o poderia mesmo passar despercebida. Que mulher\u00e3o! Apaixonada pela vida e pela pr\u00f3pria imagem refletida no espelho, Cec\u00edlia, at\u00e9 de chinelo de dedo, desfilava pelo bairro Menino Deus com a desenvoltura [&hellip;]","og_url":"https:\/\/www.notibras.com\/site\/virgem-aos-30-pum-fedido-e-barriga-de-gravida\/","og_site_name":"Notibras","article_publisher":"https:\/\/www.facebook.com\/notibras\/","article_published_time":"2024-01-14T14:02:33+00:00","article_modified_time":"2024-01-14T14:04:16+00:00","og_image":[{"width":609,"height":361,"url":"https:\/\/www.notibras.com\/site\/wp-content\/uploads\/2024\/01\/gravidez.pngtree.png","type":"image\/png"}],"author":"Reda\u00e7\u00e3o","twitter_card":"summary_large_image","twitter_creator":"@Notibras","twitter_site":"@Notibras","twitter_misc":{"Escrito por":"Reda\u00e7\u00e3o","Est. tempo de leitura":"3 minutos"},"schema":{"@context":"https:\/\/schema.org","@graph":[{"@type":"Article","@id":"https:\/\/www.notibras.com\/site\/virgem-aos-30-pum-fedido-e-barriga-de-gravida\/#article","isPartOf":{"@id":"https:\/\/www.notibras.com\/site\/virgem-aos-30-pum-fedido-e-barriga-de-gravida\/"},"author":{"name":"Reda\u00e7\u00e3o","@id":"https:\/\/www.notibras.com\/site\/#\/schema\/person\/36ab0979449956132d3e5b517ea76ac8"},"headline":"Virgem aos 30, pum fedido e barriga de gr\u00e1vida","datePublished":"2024-01-14T14:02:33+00:00","dateModified":"2024-01-14T14:04:16+00:00","mainEntityOfPage":{"@id":"https:\/\/www.notibras.com\/site\/virgem-aos-30-pum-fedido-e-barriga-de-gravida\/"},"wordCount":483,"publisher":{"@id":"https:\/\/www.notibras.com\/site\/#organization"},"image":{"@id":"https:\/\/www.notibras.com\/site\/virgem-aos-30-pum-fedido-e-barriga-de-gravida\/#primaryimage"},"thumbnailUrl":"https:\/\/www.notibras.com\/site\/wp-content\/uploads\/2024\/01\/gravidez.pngtree.png","articleSection":["Quadradinho em Foco"],"inLanguage":"pt-BR"},{"@type":"WebPage","@id":"https:\/\/www.notibras.com\/site\/virgem-aos-30-pum-fedido-e-barriga-de-gravida\/","url":"https:\/\/www.notibras.com\/site\/virgem-aos-30-pum-fedido-e-barriga-de-gravida\/","name":"Virgem aos 30, pum fedido e barriga de gr\u00e1vida - Notibras","isPartOf":{"@id":"https:\/\/www.notibras.com\/site\/#website"},"primaryImageOfPage":{"@id":"https:\/\/www.notibras.com\/site\/virgem-aos-30-pum-fedido-e-barriga-de-gravida\/#primaryimage"},"image":{"@id":"https:\/\/www.notibras.com\/site\/virgem-aos-30-pum-fedido-e-barriga-de-gravida\/#primaryimage"},"thumbnailUrl":"https:\/\/www.notibras.com\/site\/wp-content\/uploads\/2024\/01\/gravidez.pngtree.png","datePublished":"2024-01-14T14:02:33+00:00","dateModified":"2024-01-14T14:04:16+00:00","breadcrumb":{"@id":"https:\/\/www.notibras.com\/site\/virgem-aos-30-pum-fedido-e-barriga-de-gravida\/#breadcrumb"},"inLanguage":"pt-BR","potentialAction":[{"@type":"ReadAction","target":["https:\/\/www.notibras.com\/site\/virgem-aos-30-pum-fedido-e-barriga-de-gravida\/"]}]},{"@type":"ImageObject","inLanguage":"pt-BR","@id":"https:\/\/www.notibras.com\/site\/virgem-aos-30-pum-fedido-e-barriga-de-gravida\/#primaryimage","url":"https:\/\/www.notibras.com\/site\/wp-content\/uploads\/2024\/01\/gravidez.pngtree.png","contentUrl":"https:\/\/www.notibras.com\/site\/wp-content\/uploads\/2024\/01\/gravidez.pngtree.png","width":609,"height":361},{"@type":"BreadcrumbList","@id":"https:\/\/www.notibras.com\/site\/virgem-aos-30-pum-fedido-e-barriga-de-gravida\/#breadcrumb","itemListElement":[{"@type":"ListItem","position":1,"name":"In\u00edcio","item":"https:\/\/www.notibras.com\/site\/"},{"@type":"ListItem","position":2,"name":"Virgem aos 30, pum fedido e barriga de gr\u00e1vida"}]},{"@type":"WebSite","@id":"https:\/\/www.notibras.com\/site\/#website","url":"https:\/\/www.notibras.com\/site\/","name":"Notibras","description":"Not\u00edcias de Bras\u00edlia, do Brasil e do Mundo","publisher":{"@id":"https:\/\/www.notibras.com\/site\/#organization"},"potentialAction":[{"@type":"SearchAction","target":{"@type":"EntryPoint","urlTemplate":"https:\/\/www.notibras.com\/site\/?s={search_term_string}"},"query-input":{"@type":"PropertyValueSpecification","valueRequired":true,"valueName":"search_term_string"}}],"inLanguage":"pt-BR"},{"@type":"Organization","@id":"https:\/\/www.notibras.com\/site\/#organization","name":"Grupo Notibras de Comunica\u00e7\u00e3o","url":"https:\/\/www.notibras.com\/site\/","logo":{"@type":"ImageObject","inLanguage":"pt-BR","@id":"https:\/\/www.notibras.com\/site\/#\/schema\/logo\/image\/","url":"https:\/\/www.notibras.com\/site\/wp-content\/uploads\/2023\/01\/notibras23.png","contentUrl":"https:\/\/www.notibras.com\/site\/wp-content\/uploads\/2023\/01\/notibras23.png","width":350,"height":87,"caption":"Grupo Notibras de Comunica\u00e7\u00e3o"},"image":{"@id":"https:\/\/www.notibras.com\/site\/#\/schema\/logo\/image\/"},"sameAs":["https:\/\/www.facebook.com\/notibras\/","https:\/\/x.com\/Notibras","https:\/\/www.instagram.com\/notibras\/"]},{"@type":"Person","@id":"https:\/\/www.notibras.com\/site\/#\/schema\/person\/36ab0979449956132d3e5b517ea76ac8","name":"Reda\u00e7\u00e3o","image":{"@type":"ImageObject","inLanguage":"pt-BR","@id":"https:\/\/secure.gravatar.com\/avatar\/e0a867bdedb85fd243eadf09663511f96fc81e0720a4a42581f334ad4303aa6b?s=96&d=mm&r=g","url":"https:\/\/secure.gravatar.com\/avatar\/e0a867bdedb85fd243eadf09663511f96fc81e0720a4a42581f334ad4303aa6b?s=96&d=mm&r=g","contentUrl":"https:\/\/secure.gravatar.com\/avatar\/e0a867bdedb85fd243eadf09663511f96fc81e0720a4a42581f334ad4303aa6b?s=96&d=mm&r=g","caption":"Reda\u00e7\u00e3o"}}]}},"amp_enabled":true,"_links":{"self":[{"href":"https:\/\/www.notibras.com\/site\/wp-json\/wp\/v2\/posts\/320522","targetHints":{"allow":["GET"]}}],"collection":[{"href":"https:\/\/www.notibras.com\/site\/wp-json\/wp\/v2\/posts"}],"about":[{"href":"https:\/\/www.notibras.com\/site\/wp-json\/wp\/v2\/types\/post"}],"author":[{"embeddable":true,"href":"https:\/\/www.notibras.com\/site\/wp-json\/wp\/v2\/users\/2"}],"replies":[{"embeddable":true,"href":"https:\/\/www.notibras.com\/site\/wp-json\/wp\/v2\/comments?post=320522"}],"version-history":[{"count":1,"href":"https:\/\/www.notibras.com\/site\/wp-json\/wp\/v2\/posts\/320522\/revisions"}],"predecessor-version":[{"id":320524,"href":"https:\/\/www.notibras.com\/site\/wp-json\/wp\/v2\/posts\/320522\/revisions\/320524"}],"wp:featuredmedia":[{"embeddable":true,"href":"https:\/\/www.notibras.com\/site\/wp-json\/wp\/v2\/media\/320523"}],"wp:attachment":[{"href":"https:\/\/www.notibras.com\/site\/wp-json\/wp\/v2\/media?parent=320522"}],"wp:term":[{"taxonomy":"category","embeddable":true,"href":"https:\/\/www.notibras.com\/site\/wp-json\/wp\/v2\/categories?post=320522"},{"taxonomy":"post_tag","embeddable":true,"href":"https:\/\/www.notibras.com\/site\/wp-json\/wp\/v2\/tags?post=320522"}],"curies":[{"name":"wp","href":"https:\/\/api.w.org\/{rel}","templated":true}]}}