{"id":320528,"date":"2024-01-14T00:20:05","date_gmt":"2024-01-14T03:20:05","guid":{"rendered":"https:\/\/www.notibras.com\/site\/?p=320528"},"modified":"2024-01-14T11:29:35","modified_gmt":"2024-01-14T14:29:35","slug":"governo-tenta-achar-saida-para-familias-superendividadas","status":"publish","type":"post","link":"https:\/\/www.notibras.com\/site\/governo-tenta-achar-saida-para-familias-superendividadas\/","title":{"rendered":"Governo tenta achar sa\u00edda para fam\u00edlias superendividadas"},"content":{"rendered":"<p>O Minist\u00e9rio da Justi\u00e7a e Seguran\u00e7a P\u00fablica (MJSP) criou um grupo de trabalho (GT) para a preven\u00e7\u00e3o e tratamento do superendividamento de consumidores. O grupo tem como objetivo a formula\u00e7\u00e3o de a\u00e7\u00f5es e pol\u00edticas p\u00fablicas para o enfrentamento do superendividamento das fam\u00edlias. O prazo para a conclus\u00e3o dos trabalhos \u00e9 de 60 dias, podendo ser prorrogado por igual per\u00edodo.<\/p>\n<p>O GT ser\u00e1 composto pelo Secret\u00e1rio Nacional do Consumidor, pelo Diretor de Prote\u00e7\u00e3o e Defesa do Consumidor e um representante da Secretaria de Acesso \u00e0 Justi\u00e7a. Tamb\u00e9m far\u00e3o parte representantes do Minist\u00e9rio da Fazenda, da Federa\u00e7\u00e3o Brasileira dos Bancos (Febraban), da Associa\u00e7\u00e3o Brasileira dos Bancos, do Conselho Nacional das Defensoras e Defensores P\u00fablicos-Gerais e da Associa\u00e7\u00e3o Brasileira dos Procons (Proconbrasil).<\/p>\n<p>Ao fim dos trabalhos, um relat\u00f3rio dever\u00e1 ser entregue ao Ministro da Justi\u00e7a e Seguran\u00e7a P\u00fablica. A portaria diz ainda que a participa\u00e7\u00e3o no GT n\u00e3o \u201censejar\u00e1 qualquer remunera\u00e7\u00e3o e os trabalhos nele desenvolvidos ser\u00e3o considerados presta\u00e7\u00e3o de servi\u00e7o p\u00fablico relevante.\u201d<\/p>\n","protected":false},"excerpt":{"rendered":"<p>O Minist\u00e9rio da Justi\u00e7a e Seguran\u00e7a P\u00fablica (MJSP) criou um grupo de trabalho (GT) para a preven\u00e7\u00e3o e tratamento do superendividamento de consumidores. O grupo tem como objetivo a formula\u00e7\u00e3o de a\u00e7\u00f5es e pol\u00edticas p\u00fablicas para o enfrentamento do superendividamento das fam\u00edlias. O prazo para a conclus\u00e3o dos trabalhos \u00e9 de 60 dias, podendo ser [&hellip;]<\/p>\n","protected":false},"author":2,"featured_media":271388,"comment_status":"closed","ping_status":"closed","sticky":false,"template":"","format":"standard","meta":{"_acf_changed":false,"footnotes":""},"categories":[161],"tags":[],"class_list":["post-320528","post","type-post","status-publish","format-standard","has-post-thumbnail","hentry","category-quadradinho-em-foco"],"acf":[],"yoast_head":"<!-- This site is optimized with the Yoast SEO plugin v27.2 - https:\/\/yoast.com\/product\/yoast-seo-wordpress\/ -->\n<title>Governo tenta achar sa\u00edda para fam\u00edlias superendividadas - Notibras<\/title>\n<meta name=\"robots\" content=\"index, follow, max-snippet:-1, max-image-preview:large, max-video-preview:-1\" \/>\n<link rel=\"canonical\" href=\"https:\/\/www.notibras.com\/site\/governo-tenta-achar-saida-para-familias-superendividadas\/\" \/>\n<meta property=\"og:locale\" content=\"pt_BR\" \/>\n<meta property=\"og:type\" content=\"article\" \/>\n<meta property=\"og:title\" content=\"Governo tenta achar sa\u00edda para fam\u00edlias superendividadas - Notibras\" \/>\n<meta property=\"og:description\" content=\"O Minist\u00e9rio da Justi\u00e7a e Seguran\u00e7a P\u00fablica (MJSP) criou um grupo de trabalho (GT) para a preven\u00e7\u00e3o e tratamento do superendividamento de consumidores. O grupo tem como objetivo a formula\u00e7\u00e3o de a\u00e7\u00f5es e pol\u00edticas p\u00fablicas para o enfrentamento do superendividamento das fam\u00edlias. O prazo para a conclus\u00e3o dos trabalhos \u00e9 de 60 dias, podendo ser [&hellip;]\" \/>\n<meta property=\"og:url\" content=\"https:\/\/www.notibras.com\/site\/governo-tenta-achar-saida-para-familias-superendividadas\/\" \/>\n<meta property=\"og:site_name\" content=\"Notibras\" \/>\n<meta property=\"article:publisher\" content=\"https:\/\/www.facebook.com\/notibras\/\" \/>\n<meta property=\"article:published_time\" content=\"2024-01-14T03:20:05+00:00\" \/>\n<meta property=\"article:modified_time\" content=\"2024-01-14T14:29:35+00:00\" \/>\n<meta property=\"og:image\" content=\"https:\/\/www.notibras.com\/site\/wp-content\/uploads\/2021\/10\/divida-empresas-arquivo.jpg\" \/>\n\t<meta property=\"og:image:width\" content=\"1170\" \/>\n\t<meta property=\"og:image:height\" content=\"700\" \/>\n\t<meta property=\"og:image:type\" content=\"image\/jpeg\" \/>\n<meta name=\"author\" content=\"Reda\u00e7\u00e3o\" \/>\n<meta name=\"twitter:card\" content=\"summary_large_image\" \/>\n<meta name=\"twitter:creator\" content=\"@Notibras\" \/>\n<meta name=\"twitter:site\" content=\"@Notibras\" \/>\n<meta name=\"twitter:label1\" content=\"Escrito por\" \/>\n\t<meta name=\"twitter:data1\" content=\"Reda\u00e7\u00e3o\" \/>\n\t<meta name=\"twitter:label2\" content=\"Est. tempo de leitura\" \/>\n\t<meta name=\"twitter:data2\" content=\"1 minuto\" \/>\n<script type=\"application\/ld+json\" class=\"yoast-schema-graph\">{\"@context\":\"https:\/\/schema.org\",\"@graph\":[{\"@type\":\"Article\",\"@id\":\"https:\/\/www.notibras.com\/site\/governo-tenta-achar-saida-para-familias-superendividadas\/#article\",\"isPartOf\":{\"@id\":\"https:\/\/www.notibras.com\/site\/governo-tenta-achar-saida-para-familias-superendividadas\/\"},\"author\":{\"name\":\"Reda\u00e7\u00e3o\",\"@id\":\"https:\/\/www.notibras.com\/site\/#\/schema\/person\/36ab0979449956132d3e5b517ea76ac8\"},\"headline\":\"Governo tenta achar sa\u00edda para fam\u00edlias superendividadas\",\"datePublished\":\"2024-01-14T03:20:05+00:00\",\"dateModified\":\"2024-01-14T14:29:35+00:00\",\"mainEntityOfPage\":{\"@id\":\"https:\/\/www.notibras.com\/site\/governo-tenta-achar-saida-para-familias-superendividadas\/\"},\"wordCount\":199,\"publisher\":{\"@id\":\"https:\/\/www.notibras.com\/site\/#organization\"},\"image\":{\"@id\":\"https:\/\/www.notibras.com\/site\/governo-tenta-achar-saida-para-familias-superendividadas\/#primaryimage\"},\"thumbnailUrl\":\"https:\/\/www.notibras.com\/site\/wp-content\/uploads\/2021\/10\/divida-empresas-arquivo.jpg\",\"articleSection\":[\"Quadradinho em Foco\"],\"inLanguage\":\"pt-BR\"},{\"@type\":\"WebPage\",\"@id\":\"https:\/\/www.notibras.com\/site\/governo-tenta-achar-saida-para-familias-superendividadas\/\",\"url\":\"https:\/\/www.notibras.com\/site\/governo-tenta-achar-saida-para-familias-superendividadas\/\",\"name\":\"Governo tenta achar sa\u00edda para fam\u00edlias superendividadas - Notibras\",\"isPartOf\":{\"@id\":\"https:\/\/www.notibras.com\/site\/#website\"},\"primaryImageOfPage\":{\"@id\":\"https:\/\/www.notibras.com\/site\/governo-tenta-achar-saida-para-familias-superendividadas\/#primaryimage\"},\"image\":{\"@id\":\"https:\/\/www.notibras.com\/site\/governo-tenta-achar-saida-para-familias-superendividadas\/#primaryimage\"},\"thumbnailUrl\":\"https:\/\/www.notibras.com\/site\/wp-content\/uploads\/2021\/10\/divida-empresas-arquivo.jpg\",\"datePublished\":\"2024-01-14T03:20:05+00:00\",\"dateModified\":\"2024-01-14T14:29:35+00:00\",\"breadcrumb\":{\"@id\":\"https:\/\/www.notibras.com\/site\/governo-tenta-achar-saida-para-familias-superendividadas\/#breadcrumb\"},\"inLanguage\":\"pt-BR\",\"potentialAction\":[{\"@type\":\"ReadAction\",\"target\":[\"https:\/\/www.notibras.com\/site\/governo-tenta-achar-saida-para-familias-superendividadas\/\"]}]},{\"@type\":\"ImageObject\",\"inLanguage\":\"pt-BR\",\"@id\":\"https:\/\/www.notibras.com\/site\/governo-tenta-achar-saida-para-familias-superendividadas\/#primaryimage\",\"url\":\"https:\/\/www.notibras.com\/site\/wp-content\/uploads\/2021\/10\/divida-empresas-arquivo.jpg\",\"contentUrl\":\"https:\/\/www.notibras.com\/site\/wp-content\/uploads\/2021\/10\/divida-empresas-arquivo.jpg\",\"width\":1170,\"height\":700},{\"@type\":\"BreadcrumbList\",\"@id\":\"https:\/\/www.notibras.com\/site\/governo-tenta-achar-saida-para-familias-superendividadas\/#breadcrumb\",\"itemListElement\":[{\"@type\":\"ListItem\",\"position\":1,\"name\":\"In\u00edcio\",\"item\":\"https:\/\/www.notibras.com\/site\/\"},{\"@type\":\"ListItem\",\"position\":2,\"name\":\"Governo tenta achar sa\u00edda para fam\u00edlias superendividadas\"}]},{\"@type\":\"WebSite\",\"@id\":\"https:\/\/www.notibras.com\/site\/#website\",\"url\":\"https:\/\/www.notibras.com\/site\/\",\"name\":\"Notibras\",\"description\":\"Not\u00edcias de Bras\u00edlia, do Brasil e do Mundo\",\"publisher\":{\"@id\":\"https:\/\/www.notibras.com\/site\/#organization\"},\"potentialAction\":[{\"@type\":\"SearchAction\",\"target\":{\"@type\":\"EntryPoint\",\"urlTemplate\":\"https:\/\/www.notibras.com\/site\/?s={search_term_string}\"},\"query-input\":{\"@type\":\"PropertyValueSpecification\",\"valueRequired\":true,\"valueName\":\"search_term_string\"}}],\"inLanguage\":\"pt-BR\"},{\"@type\":\"Organization\",\"@id\":\"https:\/\/www.notibras.com\/site\/#organization\",\"name\":\"Grupo Notibras de Comunica\u00e7\u00e3o\",\"url\":\"https:\/\/www.notibras.com\/site\/\",\"logo\":{\"@type\":\"ImageObject\",\"inLanguage\":\"pt-BR\",\"@id\":\"https:\/\/www.notibras.com\/site\/#\/schema\/logo\/image\/\",\"url\":\"https:\/\/www.notibras.com\/site\/wp-content\/uploads\/2023\/01\/notibras23.png\",\"contentUrl\":\"https:\/\/www.notibras.com\/site\/wp-content\/uploads\/2023\/01\/notibras23.png\",\"width\":350,\"height\":87,\"caption\":\"Grupo Notibras de Comunica\u00e7\u00e3o\"},\"image\":{\"@id\":\"https:\/\/www.notibras.com\/site\/#\/schema\/logo\/image\/\"},\"sameAs\":[\"https:\/\/www.facebook.com\/notibras\/\",\"https:\/\/x.com\/Notibras\",\"https:\/\/www.instagram.com\/notibras\/\"]},{\"@type\":\"Person\",\"@id\":\"https:\/\/www.notibras.com\/site\/#\/schema\/person\/36ab0979449956132d3e5b517ea76ac8\",\"name\":\"Reda\u00e7\u00e3o\",\"image\":{\"@type\":\"ImageObject\",\"inLanguage\":\"pt-BR\",\"@id\":\"https:\/\/secure.gravatar.com\/avatar\/e0a867bdedb85fd243eadf09663511f96fc81e0720a4a42581f334ad4303aa6b?s=96&d=mm&r=g\",\"url\":\"https:\/\/secure.gravatar.com\/avatar\/e0a867bdedb85fd243eadf09663511f96fc81e0720a4a42581f334ad4303aa6b?s=96&d=mm&r=g\",\"contentUrl\":\"https:\/\/secure.gravatar.com\/avatar\/e0a867bdedb85fd243eadf09663511f96fc81e0720a4a42581f334ad4303aa6b?s=96&d=mm&r=g\",\"caption\":\"Reda\u00e7\u00e3o\"}}]}<\/script>\n<!-- \/ Yoast SEO plugin. -->","yoast_head_json":{"title":"Governo tenta achar sa\u00edda para fam\u00edlias superendividadas - Notibras","robots":{"index":"index","follow":"follow","max-snippet":"max-snippet:-1","max-image-preview":"max-image-preview:large","max-video-preview":"max-video-preview:-1"},"canonical":"https:\/\/www.notibras.com\/site\/governo-tenta-achar-saida-para-familias-superendividadas\/","og_locale":"pt_BR","og_type":"article","og_title":"Governo tenta achar sa\u00edda para fam\u00edlias superendividadas - Notibras","og_description":"O Minist\u00e9rio da Justi\u00e7a e Seguran\u00e7a P\u00fablica (MJSP) criou um grupo de trabalho (GT) para a preven\u00e7\u00e3o e tratamento do superendividamento de consumidores. O grupo tem como objetivo a formula\u00e7\u00e3o de a\u00e7\u00f5es e pol\u00edticas p\u00fablicas para o enfrentamento do superendividamento das fam\u00edlias. O prazo para a conclus\u00e3o dos trabalhos \u00e9 de 60 dias, podendo ser [&hellip;]","og_url":"https:\/\/www.notibras.com\/site\/governo-tenta-achar-saida-para-familias-superendividadas\/","og_site_name":"Notibras","article_publisher":"https:\/\/www.facebook.com\/notibras\/","article_published_time":"2024-01-14T03:20:05+00:00","article_modified_time":"2024-01-14T14:29:35+00:00","og_image":[{"width":1170,"height":700,"url":"https:\/\/www.notibras.com\/site\/wp-content\/uploads\/2021\/10\/divida-empresas-arquivo.jpg","type":"image\/jpeg"}],"author":"Reda\u00e7\u00e3o","twitter_card":"summary_large_image","twitter_creator":"@Notibras","twitter_site":"@Notibras","twitter_misc":{"Escrito por":"Reda\u00e7\u00e3o","Est. tempo de leitura":"1 minuto"},"schema":{"@context":"https:\/\/schema.org","@graph":[{"@type":"Article","@id":"https:\/\/www.notibras.com\/site\/governo-tenta-achar-saida-para-familias-superendividadas\/#article","isPartOf":{"@id":"https:\/\/www.notibras.com\/site\/governo-tenta-achar-saida-para-familias-superendividadas\/"},"author":{"name":"Reda\u00e7\u00e3o","@id":"https:\/\/www.notibras.com\/site\/#\/schema\/person\/36ab0979449956132d3e5b517ea76ac8"},"headline":"Governo tenta achar sa\u00edda para fam\u00edlias superendividadas","datePublished":"2024-01-14T03:20:05+00:00","dateModified":"2024-01-14T14:29:35+00:00","mainEntityOfPage":{"@id":"https:\/\/www.notibras.com\/site\/governo-tenta-achar-saida-para-familias-superendividadas\/"},"wordCount":199,"publisher":{"@id":"https:\/\/www.notibras.com\/site\/#organization"},"image":{"@id":"https:\/\/www.notibras.com\/site\/governo-tenta-achar-saida-para-familias-superendividadas\/#primaryimage"},"thumbnailUrl":"https:\/\/www.notibras.com\/site\/wp-content\/uploads\/2021\/10\/divida-empresas-arquivo.jpg","articleSection":["Quadradinho em Foco"],"inLanguage":"pt-BR"},{"@type":"WebPage","@id":"https:\/\/www.notibras.com\/site\/governo-tenta-achar-saida-para-familias-superendividadas\/","url":"https:\/\/www.notibras.com\/site\/governo-tenta-achar-saida-para-familias-superendividadas\/","name":"Governo tenta achar sa\u00edda para fam\u00edlias superendividadas - Notibras","isPartOf":{"@id":"https:\/\/www.notibras.com\/site\/#website"},"primaryImageOfPage":{"@id":"https:\/\/www.notibras.com\/site\/governo-tenta-achar-saida-para-familias-superendividadas\/#primaryimage"},"image":{"@id":"https:\/\/www.notibras.com\/site\/governo-tenta-achar-saida-para-familias-superendividadas\/#primaryimage"},"thumbnailUrl":"https:\/\/www.notibras.com\/site\/wp-content\/uploads\/2021\/10\/divida-empresas-arquivo.jpg","datePublished":"2024-01-14T03:20:05+00:00","dateModified":"2024-01-14T14:29:35+00:00","breadcrumb":{"@id":"https:\/\/www.notibras.com\/site\/governo-tenta-achar-saida-para-familias-superendividadas\/#breadcrumb"},"inLanguage":"pt-BR","potentialAction":[{"@type":"ReadAction","target":["https:\/\/www.notibras.com\/site\/governo-tenta-achar-saida-para-familias-superendividadas\/"]}]},{"@type":"ImageObject","inLanguage":"pt-BR","@id":"https:\/\/www.notibras.com\/site\/governo-tenta-achar-saida-para-familias-superendividadas\/#primaryimage","url":"https:\/\/www.notibras.com\/site\/wp-content\/uploads\/2021\/10\/divida-empresas-arquivo.jpg","contentUrl":"https:\/\/www.notibras.com\/site\/wp-content\/uploads\/2021\/10\/divida-empresas-arquivo.jpg","width":1170,"height":700},{"@type":"BreadcrumbList","@id":"https:\/\/www.notibras.com\/site\/governo-tenta-achar-saida-para-familias-superendividadas\/#breadcrumb","itemListElement":[{"@type":"ListItem","position":1,"name":"In\u00edcio","item":"https:\/\/www.notibras.com\/site\/"},{"@type":"ListItem","position":2,"name":"Governo tenta achar sa\u00edda para fam\u00edlias superendividadas"}]},{"@type":"WebSite","@id":"https:\/\/www.notibras.com\/site\/#website","url":"https:\/\/www.notibras.com\/site\/","name":"Notibras","description":"Not\u00edcias de Bras\u00edlia, do Brasil e do Mundo","publisher":{"@id":"https:\/\/www.notibras.com\/site\/#organization"},"potentialAction":[{"@type":"SearchAction","target":{"@type":"EntryPoint","urlTemplate":"https:\/\/www.notibras.com\/site\/?s={search_term_string}"},"query-input":{"@type":"PropertyValueSpecification","valueRequired":true,"valueName":"search_term_string"}}],"inLanguage":"pt-BR"},{"@type":"Organization","@id":"https:\/\/www.notibras.com\/site\/#organization","name":"Grupo Notibras de Comunica\u00e7\u00e3o","url":"https:\/\/www.notibras.com\/site\/","logo":{"@type":"ImageObject","inLanguage":"pt-BR","@id":"https:\/\/www.notibras.com\/site\/#\/schema\/logo\/image\/","url":"https:\/\/www.notibras.com\/site\/wp-content\/uploads\/2023\/01\/notibras23.png","contentUrl":"https:\/\/www.notibras.com\/site\/wp-content\/uploads\/2023\/01\/notibras23.png","width":350,"height":87,"caption":"Grupo Notibras de Comunica\u00e7\u00e3o"},"image":{"@id":"https:\/\/www.notibras.com\/site\/#\/schema\/logo\/image\/"},"sameAs":["https:\/\/www.facebook.com\/notibras\/","https:\/\/x.com\/Notibras","https:\/\/www.instagram.com\/notibras\/"]},{"@type":"Person","@id":"https:\/\/www.notibras.com\/site\/#\/schema\/person\/36ab0979449956132d3e5b517ea76ac8","name":"Reda\u00e7\u00e3o","image":{"@type":"ImageObject","inLanguage":"pt-BR","@id":"https:\/\/secure.gravatar.com\/avatar\/e0a867bdedb85fd243eadf09663511f96fc81e0720a4a42581f334ad4303aa6b?s=96&d=mm&r=g","url":"https:\/\/secure.gravatar.com\/avatar\/e0a867bdedb85fd243eadf09663511f96fc81e0720a4a42581f334ad4303aa6b?s=96&d=mm&r=g","contentUrl":"https:\/\/secure.gravatar.com\/avatar\/e0a867bdedb85fd243eadf09663511f96fc81e0720a4a42581f334ad4303aa6b?s=96&d=mm&r=g","caption":"Reda\u00e7\u00e3o"}}]}},"amp_enabled":true,"_links":{"self":[{"href":"https:\/\/www.notibras.com\/site\/wp-json\/wp\/v2\/posts\/320528","targetHints":{"allow":["GET"]}}],"collection":[{"href":"https:\/\/www.notibras.com\/site\/wp-json\/wp\/v2\/posts"}],"about":[{"href":"https:\/\/www.notibras.com\/site\/wp-json\/wp\/v2\/types\/post"}],"author":[{"embeddable":true,"href":"https:\/\/www.notibras.com\/site\/wp-json\/wp\/v2\/users\/2"}],"replies":[{"embeddable":true,"href":"https:\/\/www.notibras.com\/site\/wp-json\/wp\/v2\/comments?post=320528"}],"version-history":[{"count":1,"href":"https:\/\/www.notibras.com\/site\/wp-json\/wp\/v2\/posts\/320528\/revisions"}],"predecessor-version":[{"id":320529,"href":"https:\/\/www.notibras.com\/site\/wp-json\/wp\/v2\/posts\/320528\/revisions\/320529"}],"wp:featuredmedia":[{"embeddable":true,"href":"https:\/\/www.notibras.com\/site\/wp-json\/wp\/v2\/media\/271388"}],"wp:attachment":[{"href":"https:\/\/www.notibras.com\/site\/wp-json\/wp\/v2\/media?parent=320528"}],"wp:term":[{"taxonomy":"category","embeddable":true,"href":"https:\/\/www.notibras.com\/site\/wp-json\/wp\/v2\/categories?post=320528"},{"taxonomy":"post_tag","embeddable":true,"href":"https:\/\/www.notibras.com\/site\/wp-json\/wp\/v2\/tags?post=320528"}],"curies":[{"name":"wp","href":"https:\/\/api.w.org\/{rel}","templated":true}]}}