{"id":320549,"date":"2024-01-14T14:53:44","date_gmt":"2024-01-14T17:53:44","guid":{"rendered":"https:\/\/www.notibras.com\/site\/?p=320549"},"modified":"2024-01-14T18:56:28","modified_gmt":"2024-01-14T21:56:28","slug":"briga-entre-pms-acaba-em-duas-mortes-no-recanto","status":"publish","type":"post","link":"https:\/\/www.notibras.com\/site\/briga-entre-pms-acaba-em-duas-mortes-no-recanto\/","title":{"rendered":"Briga entre PMs acaba em duas mortes no Recanto"},"content":{"rendered":"<p>A Pol\u00edcia Civil est\u00e1 investigando duas mortes de policiais militares ocorridas no Recanto das Emas. Informa\u00e7\u00f5es preliminares sugerem que um sargento atirou contra um colega de trabalho dentro da viatura policial. Em seguida, suicidou-se. Um terceiro militar foi levado \u00e0 UPA, atingindo por estilha\u00e7os, mas j\u00e1 est\u00e1 em sua resid\u00eancia.<\/p>\n<p>O Comando da PM divulgou nota, associando a trag\u00e9dia a problemas de sa\u00fade mental. Leia abaixo:<\/p>\n<p><em>&#8220;A Pol\u00edcia Militar do Distrito Federal informa a respeito do grave incidente na manh\u00e3 deste domingo (14), no Recanto das Emas, envolvendo dois de seus membros. A ocorr\u00eancia, classificada como homic\u00eddio, seguido de suic\u00eddio, est\u00e1 sob investiga\u00e7\u00e3o conjunta da Pol\u00edcia Civil do Distrito Federal (PCDF) e da Corregedoria da PMDF.<\/em><\/p>\n<p><em>O policial alvejado foi socorrido pelos bombeiros, mas, com pesar, informamos, que ele foi ao \u00f3bito ap\u00f3s atendimento no Hospital Regional de Taguatinga.<\/em><\/p>\n<p><em>Diante do ocorrido, ressaltamos que a sa\u00fade do policial militar \u00e9 prioridade da Comandante-Geral da PMDF, Coronel Ana Paula. Inclusive, com reuni\u00e3o pr\u00e9-estabelecida, desde o dia 09\/01\/2024, quando da sua a assun\u00e7\u00e3o. O assunto ser\u00e1 tratado de forma transversal abrangendo todos os departamentos para alcan\u00e7ar o objetivo da seguran\u00e7a em rela\u00e7\u00e3o a sa\u00fade policial militar, bem como perpetuar e otimizar a seguran\u00e7a da sociedade de todo o Distrito Federal.<\/em><\/p>\n<p><em>Dessa forma, ressaltamos nosso compromisso cont\u00ednuo com o bem-estar e a sa\u00fade mental dos integrantes de nossa institui\u00e7\u00e3o, empenhados em criar um ambiente de trabalho onde o cuidado com a sa\u00fade mental \u00e9 uma prioridade. Acreditamos que apoiar a sa\u00fade mental de nossos policiais \u00e9 fundamental para manter uma for\u00e7a de trabalho resiliente, eficaz e compassiva.<\/em><\/p>\n<p><em>Enquanto prosseguem as investiga\u00e7\u00f5es sobre o incidente, pedimos respeito e sensibilidade \u00e0 privacidade e dignidade de todos os envolvidos. A PMDF est\u00e1 trabalhando em estreita colabora\u00e7\u00e3o com a PCDF e a Corregedoria para garantir uma investiga\u00e7\u00e3o completa e justa.<\/em><\/p>\n","protected":false},"excerpt":{"rendered":"<p>A Pol\u00edcia Civil est\u00e1 investigando duas mortes de policiais militares ocorridas no Recanto das Emas. Informa\u00e7\u00f5es preliminares sugerem que um sargento atirou contra um colega de trabalho dentro da viatura policial. Em seguida, suicidou-se. Um terceiro militar foi levado \u00e0 UPA, atingindo por estilha\u00e7os, mas j\u00e1 est\u00e1 em sua resid\u00eancia. O Comando da PM divulgou [&hellip;]<\/p>\n","protected":false},"author":2,"featured_media":320550,"comment_status":"closed","ping_status":"closed","sticky":false,"template":"","format":"standard","meta":{"_acf_changed":false,"footnotes":""},"categories":[161],"tags":[],"class_list":["post-320549","post","type-post","status-publish","format-standard","has-post-thumbnail","hentry","category-quadradinho-em-foco"],"acf":[],"yoast_head":"<!-- This site is optimized with the Yoast SEO plugin v27.2 - https:\/\/yoast.com\/product\/yoast-seo-wordpress\/ -->\n<title>Briga entre PMs acaba em duas mortes no Recanto - Notibras<\/title>\n<meta name=\"robots\" content=\"index, follow, max-snippet:-1, max-image-preview:large, max-video-preview:-1\" \/>\n<link rel=\"canonical\" href=\"https:\/\/www.notibras.com\/site\/briga-entre-pms-acaba-em-duas-mortes-no-recanto\/\" \/>\n<meta property=\"og:locale\" content=\"pt_BR\" \/>\n<meta property=\"og:type\" content=\"article\" \/>\n<meta property=\"og:title\" content=\"Briga entre PMs acaba em duas mortes no Recanto - Notibras\" \/>\n<meta property=\"og:description\" content=\"A Pol\u00edcia Civil est\u00e1 investigando duas mortes de policiais militares ocorridas no Recanto das Emas. Informa\u00e7\u00f5es preliminares sugerem que um sargento atirou contra um colega de trabalho dentro da viatura policial. Em seguida, suicidou-se. Um terceiro militar foi levado \u00e0 UPA, atingindo por estilha\u00e7os, mas j\u00e1 est\u00e1 em sua resid\u00eancia. O Comando da PM divulgou [&hellip;]\" \/>\n<meta property=\"og:url\" content=\"https:\/\/www.notibras.com\/site\/briga-entre-pms-acaba-em-duas-mortes-no-recanto\/\" \/>\n<meta property=\"og:site_name\" content=\"Notibras\" \/>\n<meta property=\"article:publisher\" content=\"https:\/\/www.facebook.com\/notibras\/\" \/>\n<meta property=\"article:published_time\" content=\"2024-01-14T17:53:44+00:00\" \/>\n<meta property=\"article:modified_time\" content=\"2024-01-14T21:56:28+00:00\" \/>\n<meta property=\"og:image\" content=\"https:\/\/www.notibras.com\/site\/wp-content\/uploads\/2024\/01\/pmsbaleados.recanto.webp\" \/>\n\t<meta property=\"og:image:width\" content=\"984\" \/>\n\t<meta property=\"og:image:height\" content=\"554\" \/>\n\t<meta property=\"og:image:type\" content=\"image\/webp\" \/>\n<meta name=\"author\" content=\"Reda\u00e7\u00e3o\" \/>\n<meta name=\"twitter:card\" content=\"summary_large_image\" \/>\n<meta name=\"twitter:creator\" content=\"@Notibras\" \/>\n<meta name=\"twitter:site\" content=\"@Notibras\" \/>\n<meta name=\"twitter:label1\" content=\"Escrito por\" \/>\n\t<meta name=\"twitter:data1\" content=\"Reda\u00e7\u00e3o\" \/>\n\t<meta name=\"twitter:label2\" content=\"Est. tempo de leitura\" \/>\n\t<meta name=\"twitter:data2\" content=\"2 minutos\" \/>\n<script type=\"application\/ld+json\" class=\"yoast-schema-graph\">{\"@context\":\"https:\/\/schema.org\",\"@graph\":[{\"@type\":\"Article\",\"@id\":\"https:\/\/www.notibras.com\/site\/briga-entre-pms-acaba-em-duas-mortes-no-recanto\/#article\",\"isPartOf\":{\"@id\":\"https:\/\/www.notibras.com\/site\/briga-entre-pms-acaba-em-duas-mortes-no-recanto\/\"},\"author\":{\"name\":\"Reda\u00e7\u00e3o\",\"@id\":\"https:\/\/www.notibras.com\/site\/#\/schema\/person\/36ab0979449956132d3e5b517ea76ac8\"},\"headline\":\"Briga entre PMs acaba em duas mortes no Recanto\",\"datePublished\":\"2024-01-14T17:53:44+00:00\",\"dateModified\":\"2024-01-14T21:56:28+00:00\",\"mainEntityOfPage\":{\"@id\":\"https:\/\/www.notibras.com\/site\/briga-entre-pms-acaba-em-duas-mortes-no-recanto\/\"},\"wordCount\":336,\"publisher\":{\"@id\":\"https:\/\/www.notibras.com\/site\/#organization\"},\"image\":{\"@id\":\"https:\/\/www.notibras.com\/site\/briga-entre-pms-acaba-em-duas-mortes-no-recanto\/#primaryimage\"},\"thumbnailUrl\":\"https:\/\/www.notibras.com\/site\/wp-content\/uploads\/2024\/01\/pmsbaleados.recanto.webp\",\"articleSection\":[\"Quadradinho em Foco\"],\"inLanguage\":\"pt-BR\"},{\"@type\":\"WebPage\",\"@id\":\"https:\/\/www.notibras.com\/site\/briga-entre-pms-acaba-em-duas-mortes-no-recanto\/\",\"url\":\"https:\/\/www.notibras.com\/site\/briga-entre-pms-acaba-em-duas-mortes-no-recanto\/\",\"name\":\"Briga entre PMs acaba em duas mortes no Recanto - Notibras\",\"isPartOf\":{\"@id\":\"https:\/\/www.notibras.com\/site\/#website\"},\"primaryImageOfPage\":{\"@id\":\"https:\/\/www.notibras.com\/site\/briga-entre-pms-acaba-em-duas-mortes-no-recanto\/#primaryimage\"},\"image\":{\"@id\":\"https:\/\/www.notibras.com\/site\/briga-entre-pms-acaba-em-duas-mortes-no-recanto\/#primaryimage\"},\"thumbnailUrl\":\"https:\/\/www.notibras.com\/site\/wp-content\/uploads\/2024\/01\/pmsbaleados.recanto.webp\",\"datePublished\":\"2024-01-14T17:53:44+00:00\",\"dateModified\":\"2024-01-14T21:56:28+00:00\",\"breadcrumb\":{\"@id\":\"https:\/\/www.notibras.com\/site\/briga-entre-pms-acaba-em-duas-mortes-no-recanto\/#breadcrumb\"},\"inLanguage\":\"pt-BR\",\"potentialAction\":[{\"@type\":\"ReadAction\",\"target\":[\"https:\/\/www.notibras.com\/site\/briga-entre-pms-acaba-em-duas-mortes-no-recanto\/\"]}]},{\"@type\":\"ImageObject\",\"inLanguage\":\"pt-BR\",\"@id\":\"https:\/\/www.notibras.com\/site\/briga-entre-pms-acaba-em-duas-mortes-no-recanto\/#primaryimage\",\"url\":\"https:\/\/www.notibras.com\/site\/wp-content\/uploads\/2024\/01\/pmsbaleados.recanto.webp\",\"contentUrl\":\"https:\/\/www.notibras.com\/site\/wp-content\/uploads\/2024\/01\/pmsbaleados.recanto.webp\",\"width\":984,\"height\":554},{\"@type\":\"BreadcrumbList\",\"@id\":\"https:\/\/www.notibras.com\/site\/briga-entre-pms-acaba-em-duas-mortes-no-recanto\/#breadcrumb\",\"itemListElement\":[{\"@type\":\"ListItem\",\"position\":1,\"name\":\"In\u00edcio\",\"item\":\"https:\/\/www.notibras.com\/site\/\"},{\"@type\":\"ListItem\",\"position\":2,\"name\":\"Briga entre PMs acaba em duas mortes no Recanto\"}]},{\"@type\":\"WebSite\",\"@id\":\"https:\/\/www.notibras.com\/site\/#website\",\"url\":\"https:\/\/www.notibras.com\/site\/\",\"name\":\"Notibras\",\"description\":\"Not\u00edcias de Bras\u00edlia, do Brasil e do Mundo\",\"publisher\":{\"@id\":\"https:\/\/www.notibras.com\/site\/#organization\"},\"potentialAction\":[{\"@type\":\"SearchAction\",\"target\":{\"@type\":\"EntryPoint\",\"urlTemplate\":\"https:\/\/www.notibras.com\/site\/?s={search_term_string}\"},\"query-input\":{\"@type\":\"PropertyValueSpecification\",\"valueRequired\":true,\"valueName\":\"search_term_string\"}}],\"inLanguage\":\"pt-BR\"},{\"@type\":\"Organization\",\"@id\":\"https:\/\/www.notibras.com\/site\/#organization\",\"name\":\"Grupo Notibras de Comunica\u00e7\u00e3o\",\"url\":\"https:\/\/www.notibras.com\/site\/\",\"logo\":{\"@type\":\"ImageObject\",\"inLanguage\":\"pt-BR\",\"@id\":\"https:\/\/www.notibras.com\/site\/#\/schema\/logo\/image\/\",\"url\":\"https:\/\/www.notibras.com\/site\/wp-content\/uploads\/2023\/01\/notibras23.png\",\"contentUrl\":\"https:\/\/www.notibras.com\/site\/wp-content\/uploads\/2023\/01\/notibras23.png\",\"width\":350,\"height\":87,\"caption\":\"Grupo Notibras de Comunica\u00e7\u00e3o\"},\"image\":{\"@id\":\"https:\/\/www.notibras.com\/site\/#\/schema\/logo\/image\/\"},\"sameAs\":[\"https:\/\/www.facebook.com\/notibras\/\",\"https:\/\/x.com\/Notibras\",\"https:\/\/www.instagram.com\/notibras\/\"]},{\"@type\":\"Person\",\"@id\":\"https:\/\/www.notibras.com\/site\/#\/schema\/person\/36ab0979449956132d3e5b517ea76ac8\",\"name\":\"Reda\u00e7\u00e3o\",\"image\":{\"@type\":\"ImageObject\",\"inLanguage\":\"pt-BR\",\"@id\":\"https:\/\/secure.gravatar.com\/avatar\/e0a867bdedb85fd243eadf09663511f96fc81e0720a4a42581f334ad4303aa6b?s=96&d=mm&r=g\",\"url\":\"https:\/\/secure.gravatar.com\/avatar\/e0a867bdedb85fd243eadf09663511f96fc81e0720a4a42581f334ad4303aa6b?s=96&d=mm&r=g\",\"contentUrl\":\"https:\/\/secure.gravatar.com\/avatar\/e0a867bdedb85fd243eadf09663511f96fc81e0720a4a42581f334ad4303aa6b?s=96&d=mm&r=g\",\"caption\":\"Reda\u00e7\u00e3o\"}}]}<\/script>\n<!-- \/ Yoast SEO plugin. -->","yoast_head_json":{"title":"Briga entre PMs acaba em duas mortes no Recanto - Notibras","robots":{"index":"index","follow":"follow","max-snippet":"max-snippet:-1","max-image-preview":"max-image-preview:large","max-video-preview":"max-video-preview:-1"},"canonical":"https:\/\/www.notibras.com\/site\/briga-entre-pms-acaba-em-duas-mortes-no-recanto\/","og_locale":"pt_BR","og_type":"article","og_title":"Briga entre PMs acaba em duas mortes no Recanto - Notibras","og_description":"A Pol\u00edcia Civil est\u00e1 investigando duas mortes de policiais militares ocorridas no Recanto das Emas. Informa\u00e7\u00f5es preliminares sugerem que um sargento atirou contra um colega de trabalho dentro da viatura policial. Em seguida, suicidou-se. Um terceiro militar foi levado \u00e0 UPA, atingindo por estilha\u00e7os, mas j\u00e1 est\u00e1 em sua resid\u00eancia. O Comando da PM divulgou [&hellip;]","og_url":"https:\/\/www.notibras.com\/site\/briga-entre-pms-acaba-em-duas-mortes-no-recanto\/","og_site_name":"Notibras","article_publisher":"https:\/\/www.facebook.com\/notibras\/","article_published_time":"2024-01-14T17:53:44+00:00","article_modified_time":"2024-01-14T21:56:28+00:00","og_image":[{"width":984,"height":554,"url":"https:\/\/www.notibras.com\/site\/wp-content\/uploads\/2024\/01\/pmsbaleados.recanto.webp","type":"image\/webp"}],"author":"Reda\u00e7\u00e3o","twitter_card":"summary_large_image","twitter_creator":"@Notibras","twitter_site":"@Notibras","twitter_misc":{"Escrito por":"Reda\u00e7\u00e3o","Est. tempo de leitura":"2 minutos"},"schema":{"@context":"https:\/\/schema.org","@graph":[{"@type":"Article","@id":"https:\/\/www.notibras.com\/site\/briga-entre-pms-acaba-em-duas-mortes-no-recanto\/#article","isPartOf":{"@id":"https:\/\/www.notibras.com\/site\/briga-entre-pms-acaba-em-duas-mortes-no-recanto\/"},"author":{"name":"Reda\u00e7\u00e3o","@id":"https:\/\/www.notibras.com\/site\/#\/schema\/person\/36ab0979449956132d3e5b517ea76ac8"},"headline":"Briga entre PMs acaba em duas mortes no Recanto","datePublished":"2024-01-14T17:53:44+00:00","dateModified":"2024-01-14T21:56:28+00:00","mainEntityOfPage":{"@id":"https:\/\/www.notibras.com\/site\/briga-entre-pms-acaba-em-duas-mortes-no-recanto\/"},"wordCount":336,"publisher":{"@id":"https:\/\/www.notibras.com\/site\/#organization"},"image":{"@id":"https:\/\/www.notibras.com\/site\/briga-entre-pms-acaba-em-duas-mortes-no-recanto\/#primaryimage"},"thumbnailUrl":"https:\/\/www.notibras.com\/site\/wp-content\/uploads\/2024\/01\/pmsbaleados.recanto.webp","articleSection":["Quadradinho em Foco"],"inLanguage":"pt-BR"},{"@type":"WebPage","@id":"https:\/\/www.notibras.com\/site\/briga-entre-pms-acaba-em-duas-mortes-no-recanto\/","url":"https:\/\/www.notibras.com\/site\/briga-entre-pms-acaba-em-duas-mortes-no-recanto\/","name":"Briga entre PMs acaba em duas mortes no Recanto - Notibras","isPartOf":{"@id":"https:\/\/www.notibras.com\/site\/#website"},"primaryImageOfPage":{"@id":"https:\/\/www.notibras.com\/site\/briga-entre-pms-acaba-em-duas-mortes-no-recanto\/#primaryimage"},"image":{"@id":"https:\/\/www.notibras.com\/site\/briga-entre-pms-acaba-em-duas-mortes-no-recanto\/#primaryimage"},"thumbnailUrl":"https:\/\/www.notibras.com\/site\/wp-content\/uploads\/2024\/01\/pmsbaleados.recanto.webp","datePublished":"2024-01-14T17:53:44+00:00","dateModified":"2024-01-14T21:56:28+00:00","breadcrumb":{"@id":"https:\/\/www.notibras.com\/site\/briga-entre-pms-acaba-em-duas-mortes-no-recanto\/#breadcrumb"},"inLanguage":"pt-BR","potentialAction":[{"@type":"ReadAction","target":["https:\/\/www.notibras.com\/site\/briga-entre-pms-acaba-em-duas-mortes-no-recanto\/"]}]},{"@type":"ImageObject","inLanguage":"pt-BR","@id":"https:\/\/www.notibras.com\/site\/briga-entre-pms-acaba-em-duas-mortes-no-recanto\/#primaryimage","url":"https:\/\/www.notibras.com\/site\/wp-content\/uploads\/2024\/01\/pmsbaleados.recanto.webp","contentUrl":"https:\/\/www.notibras.com\/site\/wp-content\/uploads\/2024\/01\/pmsbaleados.recanto.webp","width":984,"height":554},{"@type":"BreadcrumbList","@id":"https:\/\/www.notibras.com\/site\/briga-entre-pms-acaba-em-duas-mortes-no-recanto\/#breadcrumb","itemListElement":[{"@type":"ListItem","position":1,"name":"In\u00edcio","item":"https:\/\/www.notibras.com\/site\/"},{"@type":"ListItem","position":2,"name":"Briga entre PMs acaba em duas mortes no Recanto"}]},{"@type":"WebSite","@id":"https:\/\/www.notibras.com\/site\/#website","url":"https:\/\/www.notibras.com\/site\/","name":"Notibras","description":"Not\u00edcias de Bras\u00edlia, do Brasil e do Mundo","publisher":{"@id":"https:\/\/www.notibras.com\/site\/#organization"},"potentialAction":[{"@type":"SearchAction","target":{"@type":"EntryPoint","urlTemplate":"https:\/\/www.notibras.com\/site\/?s={search_term_string}"},"query-input":{"@type":"PropertyValueSpecification","valueRequired":true,"valueName":"search_term_string"}}],"inLanguage":"pt-BR"},{"@type":"Organization","@id":"https:\/\/www.notibras.com\/site\/#organization","name":"Grupo Notibras de Comunica\u00e7\u00e3o","url":"https:\/\/www.notibras.com\/site\/","logo":{"@type":"ImageObject","inLanguage":"pt-BR","@id":"https:\/\/www.notibras.com\/site\/#\/schema\/logo\/image\/","url":"https:\/\/www.notibras.com\/site\/wp-content\/uploads\/2023\/01\/notibras23.png","contentUrl":"https:\/\/www.notibras.com\/site\/wp-content\/uploads\/2023\/01\/notibras23.png","width":350,"height":87,"caption":"Grupo Notibras de Comunica\u00e7\u00e3o"},"image":{"@id":"https:\/\/www.notibras.com\/site\/#\/schema\/logo\/image\/"},"sameAs":["https:\/\/www.facebook.com\/notibras\/","https:\/\/x.com\/Notibras","https:\/\/www.instagram.com\/notibras\/"]},{"@type":"Person","@id":"https:\/\/www.notibras.com\/site\/#\/schema\/person\/36ab0979449956132d3e5b517ea76ac8","name":"Reda\u00e7\u00e3o","image":{"@type":"ImageObject","inLanguage":"pt-BR","@id":"https:\/\/secure.gravatar.com\/avatar\/e0a867bdedb85fd243eadf09663511f96fc81e0720a4a42581f334ad4303aa6b?s=96&d=mm&r=g","url":"https:\/\/secure.gravatar.com\/avatar\/e0a867bdedb85fd243eadf09663511f96fc81e0720a4a42581f334ad4303aa6b?s=96&d=mm&r=g","contentUrl":"https:\/\/secure.gravatar.com\/avatar\/e0a867bdedb85fd243eadf09663511f96fc81e0720a4a42581f334ad4303aa6b?s=96&d=mm&r=g","caption":"Reda\u00e7\u00e3o"}}]}},"amp_enabled":true,"_links":{"self":[{"href":"https:\/\/www.notibras.com\/site\/wp-json\/wp\/v2\/posts\/320549","targetHints":{"allow":["GET"]}}],"collection":[{"href":"https:\/\/www.notibras.com\/site\/wp-json\/wp\/v2\/posts"}],"about":[{"href":"https:\/\/www.notibras.com\/site\/wp-json\/wp\/v2\/types\/post"}],"author":[{"embeddable":true,"href":"https:\/\/www.notibras.com\/site\/wp-json\/wp\/v2\/users\/2"}],"replies":[{"embeddable":true,"href":"https:\/\/www.notibras.com\/site\/wp-json\/wp\/v2\/comments?post=320549"}],"version-history":[{"count":1,"href":"https:\/\/www.notibras.com\/site\/wp-json\/wp\/v2\/posts\/320549\/revisions"}],"predecessor-version":[{"id":320551,"href":"https:\/\/www.notibras.com\/site\/wp-json\/wp\/v2\/posts\/320549\/revisions\/320551"}],"wp:featuredmedia":[{"embeddable":true,"href":"https:\/\/www.notibras.com\/site\/wp-json\/wp\/v2\/media\/320550"}],"wp:attachment":[{"href":"https:\/\/www.notibras.com\/site\/wp-json\/wp\/v2\/media?parent=320549"}],"wp:term":[{"taxonomy":"category","embeddable":true,"href":"https:\/\/www.notibras.com\/site\/wp-json\/wp\/v2\/categories?post=320549"},{"taxonomy":"post_tag","embeddable":true,"href":"https:\/\/www.notibras.com\/site\/wp-json\/wp\/v2\/tags?post=320549"}],"curies":[{"name":"wp","href":"https:\/\/api.w.org\/{rel}","templated":true}]}}