{"id":320570,"date":"2024-01-15T06:56:04","date_gmt":"2024-01-15T09:56:04","guid":{"rendered":"https:\/\/www.notibras.com\/site\/?p=320570"},"modified":"2024-01-15T06:56:04","modified_gmt":"2024-01-15T09:56:04","slug":"dor-no-peito-mata-homem-que-nao-tinha-nome","status":"publish","type":"post","link":"https:\/\/www.notibras.com\/site\/dor-no-peito-mata-homem-que-nao-tinha-nome\/","title":{"rendered":"Dor no peito mata homem que n\u00e3o tinha nome"},"content":{"rendered":"<p>Chul\u00e9 perambulava pelas quadras. Descal\u00e7o, ainda assim o odor dos p\u00e9s era algo indescrit\u00edvel, que saltava aos olhos, que lacrimejavam por conta do flagrante horror. Feridas purulentas, intrat\u00e1veis ou, ent\u00e3o, deixadas de lado, que faziam aquele homem claudicar por avenidas, ruas e vielas, metendo-se em becos sem sa\u00edda, plena escurid\u00e3o, o destino sombrio.<\/p>\n<p>Se algu\u00e9m sabia o nome do moribundo, parece que guardou para si. Era conhecido por Chul\u00e9, mas outras alcunhas tamb\u00e9m costumavam, vez ou outra, ser utilizadas com o mesmo asco: Catinguento, Pestilento, Podre e at\u00e9 mesmo Mef\u00edtico. Este \u00faltimo apelido, obviamente, fora dado por um estudioso da nossa rica l\u00edngua, o Epaminondas.<\/p>\n<p>Ali\u00e1s, para quem n\u00e3o sabe, Epaminondas \u00e9 um nome grego. com significado condizente com o nosso s\u00e1bio conhecedor das palavras. Pois tal ep\u00edteto quer dizer justamente aquele que est\u00e1 acima do melhor. Dessa forma, percebe-se claramente o abismo que separava aqueles dois seres, que perambulavam pelo mesmo bairro, pelas mesmas avenidas, as mesmas ruas e, provavelmente, vielas id\u00eanticas. No entanto, era \u00f3bvio que ocupavam nichos diferentes, tamanho o disparate entre mundos t\u00e3o distintos.<\/p>\n<p>Epaminondas, do alto dos seus luxuosos sapatos, seria capaz de flutuar apenas para n\u00e3o ter o desprazer de pisar sobre o pus deixado pelo andrajoso. Que nojo! Chegava a ter \u00e2nsia. Pegava o len\u00e7o no bolso do elegante palet\u00f3, colocava-o sobre as narinas e os l\u00e1bios e seguia o caminho dos bem-aventurados.<\/p>\n<p>Quanto ao Chul\u00e9, talvez nem mais se dava conta do desprezo ou, ent\u00e3o, de t\u00e3o acostumado, j\u00e1 o carregava em algum dos bolsos furados da cal\u00e7a pu\u00edda. N\u00e3o queria mais viver, mas sobrevivia \u00e0s custas das sobras de algum afortunado com olho maior do que a barriga, que teria colocado mais feij\u00e3o no prato.<\/p>\n<p>O moribundo rastejava ligeiro para n\u00e3o ser vencido por um dos in\u00fameros ratos do esgoto. Ali, tudo era esgoto, que j\u00e1 n\u00e3o fedia tanto \u00e0s narinas insens\u00edveis do Chul\u00e9. Acostumara-se. Melhor, sem op\u00e7\u00e3o, conformara-se.<\/p>\n<p>Causador de tantos embrulhos nos est\u00f4magos alheios, eis que, certa madrugada, Chul\u00e9 sentiu uma pontada no peito e se viu \u00e0 beira da morte. Arrumou coragem n\u00e3o se sabe de onde para vencer os quase dois quil\u00f4metros que o separavam do hospital. Mal chegou, cambaleou, mas conseguiu se apoiar na ca\u00e7amba de lixo. Puxou aquele ar p\u00fatrido que lhe era t\u00e3o \u00edntimo, deu dois passos e tombou. Morto, n\u00e3o fechou os olhos, talvez espantado pela pr\u00f3pria desgraceira.<\/p>\n<p>O corpo do maltrapilho foi encontrado por um vigilante logo pela manh\u00e3. Acudiu-lhe o m\u00e9dico de plant\u00e3o, que nada pode fazer, a n\u00e3o ser atestar, de t\u00e3o \u00f3bvio, o \u00f3bito. Algu\u00e9m perguntou pelo nome do defunto. Ningu\u00e9m soube responder. J\u00e1 era tarde para perguntar.<\/p>\n","protected":false},"excerpt":{"rendered":"<p>Chul\u00e9 perambulava pelas quadras. Descal\u00e7o, ainda assim o odor dos p\u00e9s era algo indescrit\u00edvel, que saltava aos olhos, que lacrimejavam por conta do flagrante horror. Feridas purulentas, intrat\u00e1veis ou, ent\u00e3o, deixadas de lado, que faziam aquele homem claudicar por avenidas, ruas e vielas, metendo-se em becos sem sa\u00edda, plena escurid\u00e3o, o destino sombrio. Se algu\u00e9m [&hellip;]<\/p>\n","protected":false},"author":2,"featured_media":320571,"comment_status":"closed","ping_status":"closed","sticky":false,"template":"","format":"standard","meta":{"_acf_changed":false,"footnotes":""},"categories":[161],"tags":[],"class_list":["post-320570","post","type-post","status-publish","format-standard","has-post-thumbnail","hentry","category-quadradinho-em-foco"],"acf":[],"yoast_head":"<!-- This site is optimized with the Yoast SEO plugin v27.2 - https:\/\/yoast.com\/product\/yoast-seo-wordpress\/ -->\n<title>Dor no peito mata homem que n\u00e3o tinha nome - Notibras<\/title>\n<meta name=\"robots\" content=\"index, follow, max-snippet:-1, max-image-preview:large, max-video-preview:-1\" \/>\n<link rel=\"canonical\" href=\"https:\/\/www.notibras.com\/site\/dor-no-peito-mata-homem-que-nao-tinha-nome\/\" \/>\n<meta property=\"og:locale\" content=\"pt_BR\" \/>\n<meta property=\"og:type\" content=\"article\" \/>\n<meta property=\"og:title\" content=\"Dor no peito mata homem que n\u00e3o tinha nome - Notibras\" \/>\n<meta property=\"og:description\" content=\"Chul\u00e9 perambulava pelas quadras. Descal\u00e7o, ainda assim o odor dos p\u00e9s era algo indescrit\u00edvel, que saltava aos olhos, que lacrimejavam por conta do flagrante horror. Feridas purulentas, intrat\u00e1veis ou, ent\u00e3o, deixadas de lado, que faziam aquele homem claudicar por avenidas, ruas e vielas, metendo-se em becos sem sa\u00edda, plena escurid\u00e3o, o destino sombrio. Se algu\u00e9m [&hellip;]\" \/>\n<meta property=\"og:url\" content=\"https:\/\/www.notibras.com\/site\/dor-no-peito-mata-homem-que-nao-tinha-nome\/\" \/>\n<meta property=\"og:site_name\" content=\"Notibras\" \/>\n<meta property=\"article:publisher\" content=\"https:\/\/www.facebook.com\/notibras\/\" \/>\n<meta property=\"article:published_time\" content=\"2024-01-15T09:56:04+00:00\" \/>\n<meta property=\"og:image\" content=\"https:\/\/www.notibras.com\/site\/wp-content\/uploads\/2024\/01\/chule.jpg\" \/>\n\t<meta property=\"og:image:width\" content=\"764\" \/>\n\t<meta property=\"og:image:height\" content=\"428\" \/>\n\t<meta property=\"og:image:type\" content=\"image\/jpeg\" \/>\n<meta name=\"author\" content=\"Reda\u00e7\u00e3o\" \/>\n<meta name=\"twitter:card\" content=\"summary_large_image\" \/>\n<meta name=\"twitter:creator\" content=\"@Notibras\" \/>\n<meta name=\"twitter:site\" content=\"@Notibras\" \/>\n<meta name=\"twitter:label1\" content=\"Escrito por\" \/>\n\t<meta name=\"twitter:data1\" content=\"Reda\u00e7\u00e3o\" \/>\n\t<meta name=\"twitter:label2\" content=\"Est. tempo de leitura\" \/>\n\t<meta name=\"twitter:data2\" content=\"3 minutos\" \/>\n<script type=\"application\/ld+json\" class=\"yoast-schema-graph\">{\"@context\":\"https:\/\/schema.org\",\"@graph\":[{\"@type\":\"Article\",\"@id\":\"https:\/\/www.notibras.com\/site\/dor-no-peito-mata-homem-que-nao-tinha-nome\/#article\",\"isPartOf\":{\"@id\":\"https:\/\/www.notibras.com\/site\/dor-no-peito-mata-homem-que-nao-tinha-nome\/\"},\"author\":{\"name\":\"Reda\u00e7\u00e3o\",\"@id\":\"https:\/\/www.notibras.com\/site\/#\/schema\/person\/36ab0979449956132d3e5b517ea76ac8\"},\"headline\":\"Dor no peito mata homem que n\u00e3o tinha nome\",\"datePublished\":\"2024-01-15T09:56:04+00:00\",\"mainEntityOfPage\":{\"@id\":\"https:\/\/www.notibras.com\/site\/dor-no-peito-mata-homem-que-nao-tinha-nome\/\"},\"wordCount\":492,\"publisher\":{\"@id\":\"https:\/\/www.notibras.com\/site\/#organization\"},\"image\":{\"@id\":\"https:\/\/www.notibras.com\/site\/dor-no-peito-mata-homem-que-nao-tinha-nome\/#primaryimage\"},\"thumbnailUrl\":\"https:\/\/www.notibras.com\/site\/wp-content\/uploads\/2024\/01\/chule.jpg\",\"articleSection\":[\"Quadradinho em Foco\"],\"inLanguage\":\"pt-BR\"},{\"@type\":\"WebPage\",\"@id\":\"https:\/\/www.notibras.com\/site\/dor-no-peito-mata-homem-que-nao-tinha-nome\/\",\"url\":\"https:\/\/www.notibras.com\/site\/dor-no-peito-mata-homem-que-nao-tinha-nome\/\",\"name\":\"Dor no peito mata homem que n\u00e3o tinha nome - Notibras\",\"isPartOf\":{\"@id\":\"https:\/\/www.notibras.com\/site\/#website\"},\"primaryImageOfPage\":{\"@id\":\"https:\/\/www.notibras.com\/site\/dor-no-peito-mata-homem-que-nao-tinha-nome\/#primaryimage\"},\"image\":{\"@id\":\"https:\/\/www.notibras.com\/site\/dor-no-peito-mata-homem-que-nao-tinha-nome\/#primaryimage\"},\"thumbnailUrl\":\"https:\/\/www.notibras.com\/site\/wp-content\/uploads\/2024\/01\/chule.jpg\",\"datePublished\":\"2024-01-15T09:56:04+00:00\",\"breadcrumb\":{\"@id\":\"https:\/\/www.notibras.com\/site\/dor-no-peito-mata-homem-que-nao-tinha-nome\/#breadcrumb\"},\"inLanguage\":\"pt-BR\",\"potentialAction\":[{\"@type\":\"ReadAction\",\"target\":[\"https:\/\/www.notibras.com\/site\/dor-no-peito-mata-homem-que-nao-tinha-nome\/\"]}]},{\"@type\":\"ImageObject\",\"inLanguage\":\"pt-BR\",\"@id\":\"https:\/\/www.notibras.com\/site\/dor-no-peito-mata-homem-que-nao-tinha-nome\/#primaryimage\",\"url\":\"https:\/\/www.notibras.com\/site\/wp-content\/uploads\/2024\/01\/chule.jpg\",\"contentUrl\":\"https:\/\/www.notibras.com\/site\/wp-content\/uploads\/2024\/01\/chule.jpg\",\"width\":764,\"height\":428},{\"@type\":\"BreadcrumbList\",\"@id\":\"https:\/\/www.notibras.com\/site\/dor-no-peito-mata-homem-que-nao-tinha-nome\/#breadcrumb\",\"itemListElement\":[{\"@type\":\"ListItem\",\"position\":1,\"name\":\"In\u00edcio\",\"item\":\"https:\/\/www.notibras.com\/site\/\"},{\"@type\":\"ListItem\",\"position\":2,\"name\":\"Dor no peito mata homem que n\u00e3o tinha nome\"}]},{\"@type\":\"WebSite\",\"@id\":\"https:\/\/www.notibras.com\/site\/#website\",\"url\":\"https:\/\/www.notibras.com\/site\/\",\"name\":\"Notibras\",\"description\":\"Not\u00edcias de Bras\u00edlia, do Brasil e do Mundo\",\"publisher\":{\"@id\":\"https:\/\/www.notibras.com\/site\/#organization\"},\"potentialAction\":[{\"@type\":\"SearchAction\",\"target\":{\"@type\":\"EntryPoint\",\"urlTemplate\":\"https:\/\/www.notibras.com\/site\/?s={search_term_string}\"},\"query-input\":{\"@type\":\"PropertyValueSpecification\",\"valueRequired\":true,\"valueName\":\"search_term_string\"}}],\"inLanguage\":\"pt-BR\"},{\"@type\":\"Organization\",\"@id\":\"https:\/\/www.notibras.com\/site\/#organization\",\"name\":\"Grupo Notibras de Comunica\u00e7\u00e3o\",\"url\":\"https:\/\/www.notibras.com\/site\/\",\"logo\":{\"@type\":\"ImageObject\",\"inLanguage\":\"pt-BR\",\"@id\":\"https:\/\/www.notibras.com\/site\/#\/schema\/logo\/image\/\",\"url\":\"https:\/\/www.notibras.com\/site\/wp-content\/uploads\/2023\/01\/notibras23.png\",\"contentUrl\":\"https:\/\/www.notibras.com\/site\/wp-content\/uploads\/2023\/01\/notibras23.png\",\"width\":350,\"height\":87,\"caption\":\"Grupo Notibras de Comunica\u00e7\u00e3o\"},\"image\":{\"@id\":\"https:\/\/www.notibras.com\/site\/#\/schema\/logo\/image\/\"},\"sameAs\":[\"https:\/\/www.facebook.com\/notibras\/\",\"https:\/\/x.com\/Notibras\",\"https:\/\/www.instagram.com\/notibras\/\"]},{\"@type\":\"Person\",\"@id\":\"https:\/\/www.notibras.com\/site\/#\/schema\/person\/36ab0979449956132d3e5b517ea76ac8\",\"name\":\"Reda\u00e7\u00e3o\",\"image\":{\"@type\":\"ImageObject\",\"inLanguage\":\"pt-BR\",\"@id\":\"https:\/\/secure.gravatar.com\/avatar\/e0a867bdedb85fd243eadf09663511f96fc81e0720a4a42581f334ad4303aa6b?s=96&d=mm&r=g\",\"url\":\"https:\/\/secure.gravatar.com\/avatar\/e0a867bdedb85fd243eadf09663511f96fc81e0720a4a42581f334ad4303aa6b?s=96&d=mm&r=g\",\"contentUrl\":\"https:\/\/secure.gravatar.com\/avatar\/e0a867bdedb85fd243eadf09663511f96fc81e0720a4a42581f334ad4303aa6b?s=96&d=mm&r=g\",\"caption\":\"Reda\u00e7\u00e3o\"}}]}<\/script>\n<!-- \/ Yoast SEO plugin. -->","yoast_head_json":{"title":"Dor no peito mata homem que n\u00e3o tinha nome - Notibras","robots":{"index":"index","follow":"follow","max-snippet":"max-snippet:-1","max-image-preview":"max-image-preview:large","max-video-preview":"max-video-preview:-1"},"canonical":"https:\/\/www.notibras.com\/site\/dor-no-peito-mata-homem-que-nao-tinha-nome\/","og_locale":"pt_BR","og_type":"article","og_title":"Dor no peito mata homem que n\u00e3o tinha nome - Notibras","og_description":"Chul\u00e9 perambulava pelas quadras. Descal\u00e7o, ainda assim o odor dos p\u00e9s era algo indescrit\u00edvel, que saltava aos olhos, que lacrimejavam por conta do flagrante horror. Feridas purulentas, intrat\u00e1veis ou, ent\u00e3o, deixadas de lado, que faziam aquele homem claudicar por avenidas, ruas e vielas, metendo-se em becos sem sa\u00edda, plena escurid\u00e3o, o destino sombrio. Se algu\u00e9m [&hellip;]","og_url":"https:\/\/www.notibras.com\/site\/dor-no-peito-mata-homem-que-nao-tinha-nome\/","og_site_name":"Notibras","article_publisher":"https:\/\/www.facebook.com\/notibras\/","article_published_time":"2024-01-15T09:56:04+00:00","og_image":[{"width":764,"height":428,"url":"https:\/\/www.notibras.com\/site\/wp-content\/uploads\/2024\/01\/chule.jpg","type":"image\/jpeg"}],"author":"Reda\u00e7\u00e3o","twitter_card":"summary_large_image","twitter_creator":"@Notibras","twitter_site":"@Notibras","twitter_misc":{"Escrito por":"Reda\u00e7\u00e3o","Est. tempo de leitura":"3 minutos"},"schema":{"@context":"https:\/\/schema.org","@graph":[{"@type":"Article","@id":"https:\/\/www.notibras.com\/site\/dor-no-peito-mata-homem-que-nao-tinha-nome\/#article","isPartOf":{"@id":"https:\/\/www.notibras.com\/site\/dor-no-peito-mata-homem-que-nao-tinha-nome\/"},"author":{"name":"Reda\u00e7\u00e3o","@id":"https:\/\/www.notibras.com\/site\/#\/schema\/person\/36ab0979449956132d3e5b517ea76ac8"},"headline":"Dor no peito mata homem que n\u00e3o tinha nome","datePublished":"2024-01-15T09:56:04+00:00","mainEntityOfPage":{"@id":"https:\/\/www.notibras.com\/site\/dor-no-peito-mata-homem-que-nao-tinha-nome\/"},"wordCount":492,"publisher":{"@id":"https:\/\/www.notibras.com\/site\/#organization"},"image":{"@id":"https:\/\/www.notibras.com\/site\/dor-no-peito-mata-homem-que-nao-tinha-nome\/#primaryimage"},"thumbnailUrl":"https:\/\/www.notibras.com\/site\/wp-content\/uploads\/2024\/01\/chule.jpg","articleSection":["Quadradinho em Foco"],"inLanguage":"pt-BR"},{"@type":"WebPage","@id":"https:\/\/www.notibras.com\/site\/dor-no-peito-mata-homem-que-nao-tinha-nome\/","url":"https:\/\/www.notibras.com\/site\/dor-no-peito-mata-homem-que-nao-tinha-nome\/","name":"Dor no peito mata homem que n\u00e3o tinha nome - Notibras","isPartOf":{"@id":"https:\/\/www.notibras.com\/site\/#website"},"primaryImageOfPage":{"@id":"https:\/\/www.notibras.com\/site\/dor-no-peito-mata-homem-que-nao-tinha-nome\/#primaryimage"},"image":{"@id":"https:\/\/www.notibras.com\/site\/dor-no-peito-mata-homem-que-nao-tinha-nome\/#primaryimage"},"thumbnailUrl":"https:\/\/www.notibras.com\/site\/wp-content\/uploads\/2024\/01\/chule.jpg","datePublished":"2024-01-15T09:56:04+00:00","breadcrumb":{"@id":"https:\/\/www.notibras.com\/site\/dor-no-peito-mata-homem-que-nao-tinha-nome\/#breadcrumb"},"inLanguage":"pt-BR","potentialAction":[{"@type":"ReadAction","target":["https:\/\/www.notibras.com\/site\/dor-no-peito-mata-homem-que-nao-tinha-nome\/"]}]},{"@type":"ImageObject","inLanguage":"pt-BR","@id":"https:\/\/www.notibras.com\/site\/dor-no-peito-mata-homem-que-nao-tinha-nome\/#primaryimage","url":"https:\/\/www.notibras.com\/site\/wp-content\/uploads\/2024\/01\/chule.jpg","contentUrl":"https:\/\/www.notibras.com\/site\/wp-content\/uploads\/2024\/01\/chule.jpg","width":764,"height":428},{"@type":"BreadcrumbList","@id":"https:\/\/www.notibras.com\/site\/dor-no-peito-mata-homem-que-nao-tinha-nome\/#breadcrumb","itemListElement":[{"@type":"ListItem","position":1,"name":"In\u00edcio","item":"https:\/\/www.notibras.com\/site\/"},{"@type":"ListItem","position":2,"name":"Dor no peito mata homem que n\u00e3o tinha nome"}]},{"@type":"WebSite","@id":"https:\/\/www.notibras.com\/site\/#website","url":"https:\/\/www.notibras.com\/site\/","name":"Notibras","description":"Not\u00edcias de Bras\u00edlia, do Brasil e do Mundo","publisher":{"@id":"https:\/\/www.notibras.com\/site\/#organization"},"potentialAction":[{"@type":"SearchAction","target":{"@type":"EntryPoint","urlTemplate":"https:\/\/www.notibras.com\/site\/?s={search_term_string}"},"query-input":{"@type":"PropertyValueSpecification","valueRequired":true,"valueName":"search_term_string"}}],"inLanguage":"pt-BR"},{"@type":"Organization","@id":"https:\/\/www.notibras.com\/site\/#organization","name":"Grupo Notibras de Comunica\u00e7\u00e3o","url":"https:\/\/www.notibras.com\/site\/","logo":{"@type":"ImageObject","inLanguage":"pt-BR","@id":"https:\/\/www.notibras.com\/site\/#\/schema\/logo\/image\/","url":"https:\/\/www.notibras.com\/site\/wp-content\/uploads\/2023\/01\/notibras23.png","contentUrl":"https:\/\/www.notibras.com\/site\/wp-content\/uploads\/2023\/01\/notibras23.png","width":350,"height":87,"caption":"Grupo Notibras de Comunica\u00e7\u00e3o"},"image":{"@id":"https:\/\/www.notibras.com\/site\/#\/schema\/logo\/image\/"},"sameAs":["https:\/\/www.facebook.com\/notibras\/","https:\/\/x.com\/Notibras","https:\/\/www.instagram.com\/notibras\/"]},{"@type":"Person","@id":"https:\/\/www.notibras.com\/site\/#\/schema\/person\/36ab0979449956132d3e5b517ea76ac8","name":"Reda\u00e7\u00e3o","image":{"@type":"ImageObject","inLanguage":"pt-BR","@id":"https:\/\/secure.gravatar.com\/avatar\/e0a867bdedb85fd243eadf09663511f96fc81e0720a4a42581f334ad4303aa6b?s=96&d=mm&r=g","url":"https:\/\/secure.gravatar.com\/avatar\/e0a867bdedb85fd243eadf09663511f96fc81e0720a4a42581f334ad4303aa6b?s=96&d=mm&r=g","contentUrl":"https:\/\/secure.gravatar.com\/avatar\/e0a867bdedb85fd243eadf09663511f96fc81e0720a4a42581f334ad4303aa6b?s=96&d=mm&r=g","caption":"Reda\u00e7\u00e3o"}}]}},"amp_enabled":true,"_links":{"self":[{"href":"https:\/\/www.notibras.com\/site\/wp-json\/wp\/v2\/posts\/320570","targetHints":{"allow":["GET"]}}],"collection":[{"href":"https:\/\/www.notibras.com\/site\/wp-json\/wp\/v2\/posts"}],"about":[{"href":"https:\/\/www.notibras.com\/site\/wp-json\/wp\/v2\/types\/post"}],"author":[{"embeddable":true,"href":"https:\/\/www.notibras.com\/site\/wp-json\/wp\/v2\/users\/2"}],"replies":[{"embeddable":true,"href":"https:\/\/www.notibras.com\/site\/wp-json\/wp\/v2\/comments?post=320570"}],"version-history":[{"count":1,"href":"https:\/\/www.notibras.com\/site\/wp-json\/wp\/v2\/posts\/320570\/revisions"}],"predecessor-version":[{"id":320572,"href":"https:\/\/www.notibras.com\/site\/wp-json\/wp\/v2\/posts\/320570\/revisions\/320572"}],"wp:featuredmedia":[{"embeddable":true,"href":"https:\/\/www.notibras.com\/site\/wp-json\/wp\/v2\/media\/320571"}],"wp:attachment":[{"href":"https:\/\/www.notibras.com\/site\/wp-json\/wp\/v2\/media?parent=320570"}],"wp:term":[{"taxonomy":"category","embeddable":true,"href":"https:\/\/www.notibras.com\/site\/wp-json\/wp\/v2\/categories?post=320570"},{"taxonomy":"post_tag","embeddable":true,"href":"https:\/\/www.notibras.com\/site\/wp-json\/wp\/v2\/tags?post=320570"}],"curies":[{"name":"wp","href":"https:\/\/api.w.org\/{rel}","templated":true}]}}