{"id":320575,"date":"2024-01-15T00:00:25","date_gmt":"2024-01-15T03:00:25","guid":{"rendered":"https:\/\/www.notibras.com\/site\/?p=320575"},"modified":"2024-01-15T07:16:12","modified_gmt":"2024-01-15T10:16:12","slug":"festa-do-marmelo-reafirma-tradicao-em-quilombo-aqui-ao-lado","status":"publish","type":"post","link":"https:\/\/www.notibras.com\/site\/festa-do-marmelo-reafirma-tradicao-em-quilombo-aqui-ao-lado\/","title":{"rendered":"Festa do marmelo reafirma tradi\u00e7\u00e3o em quilombo aqui ao lado"},"content":{"rendered":"<p>Marmelada, sopa de marmelo com queijo, licor de marmelo. Todo m\u00eas de janeiro, logo ap\u00f3s a colheita do fruto do marmeleiro, a comunidade do Quilombo Mesquita, perto de Bras\u00edlia, celebra com festa e muita devo\u00e7\u00e3o uma tradi\u00e7\u00e3o que se mant\u00e9m por v\u00e1rias gera\u00e7\u00f5es. A cultura do marmelo, esp\u00e9cie originalmente trazida pelos portugueses durante a coloniza\u00e7\u00e3o, e que encontrou clima favor\u00e1vel em terras brasileiras, se destacou nessa regi\u00e3o h\u00e1 mais de um s\u00e9culo.<\/p>\n<p>&#8220;Essa cultura vem de antes dos meus bisav\u00f4s, que passaram para os meus av\u00f3s, depois para os meus pais, que me ensinaram. Voc\u00ea faz tudo do marmelo, voc\u00ea pode comer ele inteiro, fazer sopa, fazer doce. \u00c9 muito produtivo para tudo&#8221;, afirma Joselino Pereira Dutra, agricultor, diante de sua banca onde vende a marmelada. Al\u00e9m de fazer o doce, ele mesmo fabrica as simp\u00e1ticas caixinhas de madeira onde a guloseima \u00e9 armazenada e vendida. &#8220;Vem gente de muitos lugares, de Bras\u00edlia, de Goi\u00e2nia, Luzi\u00e2nia inteira. \u00c9 uma festa muito tradicional&#8221;, comemora.<\/p>\n<p>Oficialmente em sua 22\u00aa edi\u00e7\u00e3o anual, a Festa do Marmelo, do Quilombo Mesquita, tornou-se parte do calend\u00e1rio da Cidade Ocidental, munic\u00edpio goiano que fica no entorno do Distrito Federal, a cerca de 50 quil\u00f4metros do centro da capital federal. O festejo surgiu a partir de uma demanda da pr\u00f3pria comunidade, que \u00e9 devota de Nossa Senhora da Abadia, de construir uma igreja maior, j\u00e1 que a capela dedicada \u00e0 padroeira j\u00e1 n\u00e3o comportava mais o n\u00famero de habitantes. O objetivo foi alcan\u00e7ado h\u00e1 alguns anos, mas a festa segue firme no calend\u00e1rio da regi\u00e3o.<\/p>\n<p>&#8220;Como a a gente n\u00e3o tinha verba para construir a igreja, resolvemos fazer os festejos para arrecadar recursos. E tamb\u00e9m para preservar o fruto, que \u00e9 o marmelo. O objetivo \u00e9 que cada fam\u00edlia tivesse um p\u00e9 de marmelo em sua casa e que n\u00e3o fosse apagada essa hist\u00f3ria, e fosse passando de gera\u00e7\u00e3o para gera\u00e7\u00e3o&#8221;, explica a professora Karina Pereira Barroso.<\/p>\n<p><strong>Celebra\u00e7\u00e3o centen\u00e1ria<\/strong><br \/>\nAs cavalgadas, que duram dois dias, s\u00e3o o principal destaque da festa, al\u00e9m de shows, miss\u00e3o e leil\u00e3o. Elas saem de Luzi\u00e2nia em dire\u00e7\u00e3o ao quilombo.<\/p>\n<p>&#8220;Essa festa do marmelo j\u00e1 \u00e9 mais que centen\u00e1ria. Antigamente, era celebrada dentro das fam\u00edlias. E, h\u00e1 cerca de 22 anos, passou a ser um evento anual que teve como objetivo arrecadar recursos para a constru\u00e7\u00e3o de uma nova igreja em devo\u00e7\u00e3o \u00e0 Nossa Senhora da Abadia&#8221;, explica Roneide Benedito, uma das lideran\u00e7as da comunidade.<\/p>\n<p>O marmelo \u00e9 t\u00e3o entranhado na cultura local que foi incorporado \u00e0 merenda escolar, por ser um fruto rico em fibras e com baixa caloria. Al\u00e9m disso, h\u00e1 um esfor\u00e7o de disseminar o fruto em diferentes lugares da cadeia produtiva da alimenta\u00e7\u00e3o. &#8220;A gente fez uma proposta do com\u00e9rcio local de, pelo menos, ter um produto de marmelo nos card\u00e1pios. E j\u00e1 temos milk-shake de marmelo, temos marmelo como molho para hamb\u00farger, como sabor de pizza. Uma forma de desenvolver a economia local&#8221;, explica Sanches Paiva, secret\u00e1rio municipal de Industria, Com\u00e9rcio, Turismo e Trabalho de Cidade Ocidental.<\/p>\n<p><strong>O quilombo<\/strong><br \/>\nSegundo o testemunho oral corrente, que est\u00e1 registrado nos relat\u00f3rios da Funda\u00e7\u00e3o Palmares e do Instituto Nacional de Coloniza\u00e7\u00e3o e Reforma Agr\u00e1ria (Incra), o quilombo nasceu quando tr\u00eas mulheres negras escravizadas herdaram parte das terras do fazendeiro Jos\u00e9 Correia de Mesquita<\/p>\n<p>A regi\u00e3o foi impulsionada em meio \u00e0 busca pelo ouro, atividade econ\u00f4mica que predominou em Goi\u00e1s no s\u00e9culo 17 e entrou em decad\u00eancia no final do s\u00e9culo 18. No entorno das propriedades surgiu a cidade de Santa Luzia, atual Luzi\u00e2nia, onde viviam, em meados de 1760, cerca de 13 mil negros escravizados e 3,5 mil pessoas livres que compunham a elite do munic\u00edpio.<\/p>\n<p>Ao se verem livres do regime escravocrata, as mulheres beneficiadas pela doa\u00e7\u00e3o de Mesquita permaneceram no territ\u00f3rio onde formaram suas fam\u00edlias e mantiveram as tradi\u00e7\u00f5es do plantio e costumes da cultura negra. Elas tamb\u00e9m abrigaram, nas terras herdadas, negros escravizados que fugiam de outras propriedades da regi\u00e3o.<\/p>\n<p>O primeiro registro da terra ocorreu em 1746. O reconhecimento como quilombo, no entanto, chegou apenas em 2006, quando a Funda\u00e7\u00e3o Cultural Palmares concluiu os estudos antropol\u00f3gicos para delimitar a regi\u00e3o. Depois disso, o Incra passou a trabalhar para demarcar e, finalmente, titular o territ\u00f3rio coletivo da comunidade, processo que se arrasta at\u00e9 os dias de hoje.<\/p>\n<p>&#8220;A gente espera conseguir avan\u00e7ar neste governo, porque a regi\u00e3o aqui \u00e9 alvo de muita especula\u00e7\u00e3o imobili\u00e1ria no setor rural, por causa da press\u00e3o do agroneg\u00f3cio. Al\u00e9m disso, nosso modo de vida \u00e9 com a terra e a agricultura sem veneno&#8221;, observa Roneide Benedito.<\/p>\n","protected":false},"excerpt":{"rendered":"<p>Marmelada, sopa de marmelo com queijo, licor de marmelo. Todo m\u00eas de janeiro, logo ap\u00f3s a colheita do fruto do marmeleiro, a comunidade do Quilombo Mesquita, perto de Bras\u00edlia, celebra com festa e muita devo\u00e7\u00e3o uma tradi\u00e7\u00e3o que se mant\u00e9m por v\u00e1rias gera\u00e7\u00f5es. A cultura do marmelo, esp\u00e9cie originalmente trazida pelos portugueses durante a coloniza\u00e7\u00e3o, [&hellip;]<\/p>\n","protected":false},"author":2,"featured_media":320576,"comment_status":"closed","ping_status":"closed","sticky":false,"template":"","format":"standard","meta":{"_acf_changed":false,"footnotes":""},"categories":[161],"tags":[],"class_list":["post-320575","post","type-post","status-publish","format-standard","has-post-thumbnail","hentry","category-quadradinho-em-foco"],"acf":[],"yoast_head":"<!-- This site is optimized with the Yoast SEO plugin v27.2 - https:\/\/yoast.com\/product\/yoast-seo-wordpress\/ -->\n<title>Festa do marmelo reafirma tradi\u00e7\u00e3o em quilombo aqui ao lado - Notibras<\/title>\n<meta name=\"robots\" content=\"index, follow, max-snippet:-1, max-image-preview:large, max-video-preview:-1\" \/>\n<link rel=\"canonical\" href=\"https:\/\/www.notibras.com\/site\/festa-do-marmelo-reafirma-tradicao-em-quilombo-aqui-ao-lado\/\" \/>\n<meta property=\"og:locale\" content=\"pt_BR\" \/>\n<meta property=\"og:type\" content=\"article\" \/>\n<meta property=\"og:title\" content=\"Festa do marmelo reafirma tradi\u00e7\u00e3o em quilombo aqui ao lado - Notibras\" \/>\n<meta property=\"og:description\" content=\"Marmelada, sopa de marmelo com queijo, licor de marmelo. Todo m\u00eas de janeiro, logo ap\u00f3s a colheita do fruto do marmeleiro, a comunidade do Quilombo Mesquita, perto de Bras\u00edlia, celebra com festa e muita devo\u00e7\u00e3o uma tradi\u00e7\u00e3o que se mant\u00e9m por v\u00e1rias gera\u00e7\u00f5es. A cultura do marmelo, esp\u00e9cie originalmente trazida pelos portugueses durante a coloniza\u00e7\u00e3o, [&hellip;]\" \/>\n<meta property=\"og:url\" content=\"https:\/\/www.notibras.com\/site\/festa-do-marmelo-reafirma-tradicao-em-quilombo-aqui-ao-lado\/\" \/>\n<meta property=\"og:site_name\" content=\"Notibras\" \/>\n<meta property=\"article:publisher\" content=\"https:\/\/www.facebook.com\/notibras\/\" \/>\n<meta property=\"article:published_time\" content=\"2024-01-15T03:00:25+00:00\" \/>\n<meta property=\"article:modified_time\" content=\"2024-01-15T10:16:12+00:00\" \/>\n<meta property=\"og:image\" content=\"https:\/\/www.notibras.com\/site\/wp-content\/uploads\/2024\/01\/marmelo.quilombo.webp\" \/>\n\t<meta property=\"og:image:width\" content=\"1170\" \/>\n\t<meta property=\"og:image:height\" content=\"700\" \/>\n\t<meta property=\"og:image:type\" content=\"image\/webp\" \/>\n<meta name=\"author\" content=\"Reda\u00e7\u00e3o\" \/>\n<meta name=\"twitter:card\" content=\"summary_large_image\" \/>\n<meta name=\"twitter:creator\" content=\"@Notibras\" \/>\n<meta name=\"twitter:site\" content=\"@Notibras\" \/>\n<meta name=\"twitter:label1\" content=\"Escrito por\" \/>\n\t<meta name=\"twitter:data1\" content=\"Reda\u00e7\u00e3o\" \/>\n\t<meta name=\"twitter:label2\" content=\"Est. tempo de leitura\" \/>\n\t<meta name=\"twitter:data2\" content=\"5 minutos\" \/>\n<script type=\"application\/ld+json\" class=\"yoast-schema-graph\">{\"@context\":\"https:\/\/schema.org\",\"@graph\":[{\"@type\":\"Article\",\"@id\":\"https:\/\/www.notibras.com\/site\/festa-do-marmelo-reafirma-tradicao-em-quilombo-aqui-ao-lado\/#article\",\"isPartOf\":{\"@id\":\"https:\/\/www.notibras.com\/site\/festa-do-marmelo-reafirma-tradicao-em-quilombo-aqui-ao-lado\/\"},\"author\":{\"name\":\"Reda\u00e7\u00e3o\",\"@id\":\"https:\/\/www.notibras.com\/site\/#\/schema\/person\/36ab0979449956132d3e5b517ea76ac8\"},\"headline\":\"Festa do marmelo reafirma tradi\u00e7\u00e3o em quilombo aqui ao lado\",\"datePublished\":\"2024-01-15T03:00:25+00:00\",\"dateModified\":\"2024-01-15T10:16:12+00:00\",\"mainEntityOfPage\":{\"@id\":\"https:\/\/www.notibras.com\/site\/festa-do-marmelo-reafirma-tradicao-em-quilombo-aqui-ao-lado\/\"},\"wordCount\":829,\"publisher\":{\"@id\":\"https:\/\/www.notibras.com\/site\/#organization\"},\"image\":{\"@id\":\"https:\/\/www.notibras.com\/site\/festa-do-marmelo-reafirma-tradicao-em-quilombo-aqui-ao-lado\/#primaryimage\"},\"thumbnailUrl\":\"https:\/\/www.notibras.com\/site\/wp-content\/uploads\/2024\/01\/marmelo.quilombo.webp\",\"articleSection\":[\"Quadradinho em Foco\"],\"inLanguage\":\"pt-BR\"},{\"@type\":\"WebPage\",\"@id\":\"https:\/\/www.notibras.com\/site\/festa-do-marmelo-reafirma-tradicao-em-quilombo-aqui-ao-lado\/\",\"url\":\"https:\/\/www.notibras.com\/site\/festa-do-marmelo-reafirma-tradicao-em-quilombo-aqui-ao-lado\/\",\"name\":\"Festa do marmelo reafirma tradi\u00e7\u00e3o em quilombo aqui ao lado - Notibras\",\"isPartOf\":{\"@id\":\"https:\/\/www.notibras.com\/site\/#website\"},\"primaryImageOfPage\":{\"@id\":\"https:\/\/www.notibras.com\/site\/festa-do-marmelo-reafirma-tradicao-em-quilombo-aqui-ao-lado\/#primaryimage\"},\"image\":{\"@id\":\"https:\/\/www.notibras.com\/site\/festa-do-marmelo-reafirma-tradicao-em-quilombo-aqui-ao-lado\/#primaryimage\"},\"thumbnailUrl\":\"https:\/\/www.notibras.com\/site\/wp-content\/uploads\/2024\/01\/marmelo.quilombo.webp\",\"datePublished\":\"2024-01-15T03:00:25+00:00\",\"dateModified\":\"2024-01-15T10:16:12+00:00\",\"breadcrumb\":{\"@id\":\"https:\/\/www.notibras.com\/site\/festa-do-marmelo-reafirma-tradicao-em-quilombo-aqui-ao-lado\/#breadcrumb\"},\"inLanguage\":\"pt-BR\",\"potentialAction\":[{\"@type\":\"ReadAction\",\"target\":[\"https:\/\/www.notibras.com\/site\/festa-do-marmelo-reafirma-tradicao-em-quilombo-aqui-ao-lado\/\"]}]},{\"@type\":\"ImageObject\",\"inLanguage\":\"pt-BR\",\"@id\":\"https:\/\/www.notibras.com\/site\/festa-do-marmelo-reafirma-tradicao-em-quilombo-aqui-ao-lado\/#primaryimage\",\"url\":\"https:\/\/www.notibras.com\/site\/wp-content\/uploads\/2024\/01\/marmelo.quilombo.webp\",\"contentUrl\":\"https:\/\/www.notibras.com\/site\/wp-content\/uploads\/2024\/01\/marmelo.quilombo.webp\",\"width\":1170,\"height\":700},{\"@type\":\"BreadcrumbList\",\"@id\":\"https:\/\/www.notibras.com\/site\/festa-do-marmelo-reafirma-tradicao-em-quilombo-aqui-ao-lado\/#breadcrumb\",\"itemListElement\":[{\"@type\":\"ListItem\",\"position\":1,\"name\":\"In\u00edcio\",\"item\":\"https:\/\/www.notibras.com\/site\/\"},{\"@type\":\"ListItem\",\"position\":2,\"name\":\"Festa do marmelo reafirma tradi\u00e7\u00e3o em quilombo aqui ao lado\"}]},{\"@type\":\"WebSite\",\"@id\":\"https:\/\/www.notibras.com\/site\/#website\",\"url\":\"https:\/\/www.notibras.com\/site\/\",\"name\":\"Notibras\",\"description\":\"Not\u00edcias de Bras\u00edlia, do Brasil e do Mundo\",\"publisher\":{\"@id\":\"https:\/\/www.notibras.com\/site\/#organization\"},\"potentialAction\":[{\"@type\":\"SearchAction\",\"target\":{\"@type\":\"EntryPoint\",\"urlTemplate\":\"https:\/\/www.notibras.com\/site\/?s={search_term_string}\"},\"query-input\":{\"@type\":\"PropertyValueSpecification\",\"valueRequired\":true,\"valueName\":\"search_term_string\"}}],\"inLanguage\":\"pt-BR\"},{\"@type\":\"Organization\",\"@id\":\"https:\/\/www.notibras.com\/site\/#organization\",\"name\":\"Grupo Notibras de Comunica\u00e7\u00e3o\",\"url\":\"https:\/\/www.notibras.com\/site\/\",\"logo\":{\"@type\":\"ImageObject\",\"inLanguage\":\"pt-BR\",\"@id\":\"https:\/\/www.notibras.com\/site\/#\/schema\/logo\/image\/\",\"url\":\"https:\/\/www.notibras.com\/site\/wp-content\/uploads\/2023\/01\/notibras23.png\",\"contentUrl\":\"https:\/\/www.notibras.com\/site\/wp-content\/uploads\/2023\/01\/notibras23.png\",\"width\":350,\"height\":87,\"caption\":\"Grupo Notibras de Comunica\u00e7\u00e3o\"},\"image\":{\"@id\":\"https:\/\/www.notibras.com\/site\/#\/schema\/logo\/image\/\"},\"sameAs\":[\"https:\/\/www.facebook.com\/notibras\/\",\"https:\/\/x.com\/Notibras\",\"https:\/\/www.instagram.com\/notibras\/\"]},{\"@type\":\"Person\",\"@id\":\"https:\/\/www.notibras.com\/site\/#\/schema\/person\/36ab0979449956132d3e5b517ea76ac8\",\"name\":\"Reda\u00e7\u00e3o\",\"image\":{\"@type\":\"ImageObject\",\"inLanguage\":\"pt-BR\",\"@id\":\"https:\/\/secure.gravatar.com\/avatar\/e0a867bdedb85fd243eadf09663511f96fc81e0720a4a42581f334ad4303aa6b?s=96&d=mm&r=g\",\"url\":\"https:\/\/secure.gravatar.com\/avatar\/e0a867bdedb85fd243eadf09663511f96fc81e0720a4a42581f334ad4303aa6b?s=96&d=mm&r=g\",\"contentUrl\":\"https:\/\/secure.gravatar.com\/avatar\/e0a867bdedb85fd243eadf09663511f96fc81e0720a4a42581f334ad4303aa6b?s=96&d=mm&r=g\",\"caption\":\"Reda\u00e7\u00e3o\"}}]}<\/script>\n<!-- \/ Yoast SEO plugin. -->","yoast_head_json":{"title":"Festa do marmelo reafirma tradi\u00e7\u00e3o em quilombo aqui ao lado - Notibras","robots":{"index":"index","follow":"follow","max-snippet":"max-snippet:-1","max-image-preview":"max-image-preview:large","max-video-preview":"max-video-preview:-1"},"canonical":"https:\/\/www.notibras.com\/site\/festa-do-marmelo-reafirma-tradicao-em-quilombo-aqui-ao-lado\/","og_locale":"pt_BR","og_type":"article","og_title":"Festa do marmelo reafirma tradi\u00e7\u00e3o em quilombo aqui ao lado - Notibras","og_description":"Marmelada, sopa de marmelo com queijo, licor de marmelo. Todo m\u00eas de janeiro, logo ap\u00f3s a colheita do fruto do marmeleiro, a comunidade do Quilombo Mesquita, perto de Bras\u00edlia, celebra com festa e muita devo\u00e7\u00e3o uma tradi\u00e7\u00e3o que se mant\u00e9m por v\u00e1rias gera\u00e7\u00f5es. A cultura do marmelo, esp\u00e9cie originalmente trazida pelos portugueses durante a coloniza\u00e7\u00e3o, [&hellip;]","og_url":"https:\/\/www.notibras.com\/site\/festa-do-marmelo-reafirma-tradicao-em-quilombo-aqui-ao-lado\/","og_site_name":"Notibras","article_publisher":"https:\/\/www.facebook.com\/notibras\/","article_published_time":"2024-01-15T03:00:25+00:00","article_modified_time":"2024-01-15T10:16:12+00:00","og_image":[{"width":1170,"height":700,"url":"https:\/\/www.notibras.com\/site\/wp-content\/uploads\/2024\/01\/marmelo.quilombo.webp","type":"image\/webp"}],"author":"Reda\u00e7\u00e3o","twitter_card":"summary_large_image","twitter_creator":"@Notibras","twitter_site":"@Notibras","twitter_misc":{"Escrito por":"Reda\u00e7\u00e3o","Est. tempo de leitura":"5 minutos"},"schema":{"@context":"https:\/\/schema.org","@graph":[{"@type":"Article","@id":"https:\/\/www.notibras.com\/site\/festa-do-marmelo-reafirma-tradicao-em-quilombo-aqui-ao-lado\/#article","isPartOf":{"@id":"https:\/\/www.notibras.com\/site\/festa-do-marmelo-reafirma-tradicao-em-quilombo-aqui-ao-lado\/"},"author":{"name":"Reda\u00e7\u00e3o","@id":"https:\/\/www.notibras.com\/site\/#\/schema\/person\/36ab0979449956132d3e5b517ea76ac8"},"headline":"Festa do marmelo reafirma tradi\u00e7\u00e3o em quilombo aqui ao lado","datePublished":"2024-01-15T03:00:25+00:00","dateModified":"2024-01-15T10:16:12+00:00","mainEntityOfPage":{"@id":"https:\/\/www.notibras.com\/site\/festa-do-marmelo-reafirma-tradicao-em-quilombo-aqui-ao-lado\/"},"wordCount":829,"publisher":{"@id":"https:\/\/www.notibras.com\/site\/#organization"},"image":{"@id":"https:\/\/www.notibras.com\/site\/festa-do-marmelo-reafirma-tradicao-em-quilombo-aqui-ao-lado\/#primaryimage"},"thumbnailUrl":"https:\/\/www.notibras.com\/site\/wp-content\/uploads\/2024\/01\/marmelo.quilombo.webp","articleSection":["Quadradinho em Foco"],"inLanguage":"pt-BR"},{"@type":"WebPage","@id":"https:\/\/www.notibras.com\/site\/festa-do-marmelo-reafirma-tradicao-em-quilombo-aqui-ao-lado\/","url":"https:\/\/www.notibras.com\/site\/festa-do-marmelo-reafirma-tradicao-em-quilombo-aqui-ao-lado\/","name":"Festa do marmelo reafirma tradi\u00e7\u00e3o em quilombo aqui ao lado - Notibras","isPartOf":{"@id":"https:\/\/www.notibras.com\/site\/#website"},"primaryImageOfPage":{"@id":"https:\/\/www.notibras.com\/site\/festa-do-marmelo-reafirma-tradicao-em-quilombo-aqui-ao-lado\/#primaryimage"},"image":{"@id":"https:\/\/www.notibras.com\/site\/festa-do-marmelo-reafirma-tradicao-em-quilombo-aqui-ao-lado\/#primaryimage"},"thumbnailUrl":"https:\/\/www.notibras.com\/site\/wp-content\/uploads\/2024\/01\/marmelo.quilombo.webp","datePublished":"2024-01-15T03:00:25+00:00","dateModified":"2024-01-15T10:16:12+00:00","breadcrumb":{"@id":"https:\/\/www.notibras.com\/site\/festa-do-marmelo-reafirma-tradicao-em-quilombo-aqui-ao-lado\/#breadcrumb"},"inLanguage":"pt-BR","potentialAction":[{"@type":"ReadAction","target":["https:\/\/www.notibras.com\/site\/festa-do-marmelo-reafirma-tradicao-em-quilombo-aqui-ao-lado\/"]}]},{"@type":"ImageObject","inLanguage":"pt-BR","@id":"https:\/\/www.notibras.com\/site\/festa-do-marmelo-reafirma-tradicao-em-quilombo-aqui-ao-lado\/#primaryimage","url":"https:\/\/www.notibras.com\/site\/wp-content\/uploads\/2024\/01\/marmelo.quilombo.webp","contentUrl":"https:\/\/www.notibras.com\/site\/wp-content\/uploads\/2024\/01\/marmelo.quilombo.webp","width":1170,"height":700},{"@type":"BreadcrumbList","@id":"https:\/\/www.notibras.com\/site\/festa-do-marmelo-reafirma-tradicao-em-quilombo-aqui-ao-lado\/#breadcrumb","itemListElement":[{"@type":"ListItem","position":1,"name":"In\u00edcio","item":"https:\/\/www.notibras.com\/site\/"},{"@type":"ListItem","position":2,"name":"Festa do marmelo reafirma tradi\u00e7\u00e3o em quilombo aqui ao lado"}]},{"@type":"WebSite","@id":"https:\/\/www.notibras.com\/site\/#website","url":"https:\/\/www.notibras.com\/site\/","name":"Notibras","description":"Not\u00edcias de Bras\u00edlia, do Brasil e do Mundo","publisher":{"@id":"https:\/\/www.notibras.com\/site\/#organization"},"potentialAction":[{"@type":"SearchAction","target":{"@type":"EntryPoint","urlTemplate":"https:\/\/www.notibras.com\/site\/?s={search_term_string}"},"query-input":{"@type":"PropertyValueSpecification","valueRequired":true,"valueName":"search_term_string"}}],"inLanguage":"pt-BR"},{"@type":"Organization","@id":"https:\/\/www.notibras.com\/site\/#organization","name":"Grupo Notibras de Comunica\u00e7\u00e3o","url":"https:\/\/www.notibras.com\/site\/","logo":{"@type":"ImageObject","inLanguage":"pt-BR","@id":"https:\/\/www.notibras.com\/site\/#\/schema\/logo\/image\/","url":"https:\/\/www.notibras.com\/site\/wp-content\/uploads\/2023\/01\/notibras23.png","contentUrl":"https:\/\/www.notibras.com\/site\/wp-content\/uploads\/2023\/01\/notibras23.png","width":350,"height":87,"caption":"Grupo Notibras de Comunica\u00e7\u00e3o"},"image":{"@id":"https:\/\/www.notibras.com\/site\/#\/schema\/logo\/image\/"},"sameAs":["https:\/\/www.facebook.com\/notibras\/","https:\/\/x.com\/Notibras","https:\/\/www.instagram.com\/notibras\/"]},{"@type":"Person","@id":"https:\/\/www.notibras.com\/site\/#\/schema\/person\/36ab0979449956132d3e5b517ea76ac8","name":"Reda\u00e7\u00e3o","image":{"@type":"ImageObject","inLanguage":"pt-BR","@id":"https:\/\/secure.gravatar.com\/avatar\/e0a867bdedb85fd243eadf09663511f96fc81e0720a4a42581f334ad4303aa6b?s=96&d=mm&r=g","url":"https:\/\/secure.gravatar.com\/avatar\/e0a867bdedb85fd243eadf09663511f96fc81e0720a4a42581f334ad4303aa6b?s=96&d=mm&r=g","contentUrl":"https:\/\/secure.gravatar.com\/avatar\/e0a867bdedb85fd243eadf09663511f96fc81e0720a4a42581f334ad4303aa6b?s=96&d=mm&r=g","caption":"Reda\u00e7\u00e3o"}}]}},"amp_enabled":true,"_links":{"self":[{"href":"https:\/\/www.notibras.com\/site\/wp-json\/wp\/v2\/posts\/320575","targetHints":{"allow":["GET"]}}],"collection":[{"href":"https:\/\/www.notibras.com\/site\/wp-json\/wp\/v2\/posts"}],"about":[{"href":"https:\/\/www.notibras.com\/site\/wp-json\/wp\/v2\/types\/post"}],"author":[{"embeddable":true,"href":"https:\/\/www.notibras.com\/site\/wp-json\/wp\/v2\/users\/2"}],"replies":[{"embeddable":true,"href":"https:\/\/www.notibras.com\/site\/wp-json\/wp\/v2\/comments?post=320575"}],"version-history":[{"count":1,"href":"https:\/\/www.notibras.com\/site\/wp-json\/wp\/v2\/posts\/320575\/revisions"}],"predecessor-version":[{"id":320577,"href":"https:\/\/www.notibras.com\/site\/wp-json\/wp\/v2\/posts\/320575\/revisions\/320577"}],"wp:featuredmedia":[{"embeddable":true,"href":"https:\/\/www.notibras.com\/site\/wp-json\/wp\/v2\/media\/320576"}],"wp:attachment":[{"href":"https:\/\/www.notibras.com\/site\/wp-json\/wp\/v2\/media?parent=320575"}],"wp:term":[{"taxonomy":"category","embeddable":true,"href":"https:\/\/www.notibras.com\/site\/wp-json\/wp\/v2\/categories?post=320575"},{"taxonomy":"post_tag","embeddable":true,"href":"https:\/\/www.notibras.com\/site\/wp-json\/wp\/v2\/tags?post=320575"}],"curies":[{"name":"wp","href":"https:\/\/api.w.org\/{rel}","templated":true}]}}