{"id":320581,"date":"2024-01-15T00:00:41","date_gmt":"2024-01-15T03:00:41","guid":{"rendered":"https:\/\/www.notibras.com\/site\/?p=320581"},"modified":"2024-01-15T07:32:48","modified_gmt":"2024-01-15T10:32:48","slug":"proibida-comercializacao-de-lotes-da-formula-infantil-nutramigen","status":"publish","type":"post","link":"https:\/\/www.notibras.com\/site\/proibida-comercializacao-de-lotes-da-formula-infantil-nutramigen\/","title":{"rendered":"Proibida comercializa\u00e7\u00e3o de lotes da f\u00f3rmula infantil Nutramigen"},"content":{"rendered":"<p>A Ag\u00eancia Nacional de Vigil\u00e2ncia Sanit\u00e1ria (Anvisa) proibiu a comercializa\u00e7\u00e3o de alguns lotes da f\u00f3rmula infantil em p\u00f3 Nutramigen LGG, da marca Enfamil, fabricado pela empresa Reckitt\/Mead Johnson Nutrition, dos Estados Unidos. A medida \u00e9 preventiva, j\u00e1 que n\u00e3o foi identificada a exporta\u00e7\u00e3o dos respectivos lotes ao Brasil.<\/p>\n<p>De acordo com a Anvisa, a ag\u00eancia sanit\u00e1ria norte-americana (Food and Drug Administration &#8211; FDA) emitiu comunicado relacionado ao recolhimento volunt\u00e1rio pela empresa, nos Estados Unidos, de lotes do produto, devido a uma poss\u00edvel contamina\u00e7\u00e3o da f\u00f3rmula em p\u00f3 pela bact\u00e9ria Cronobacter sakazakii. \u201cA forma cl\u00ednica mais frequente da infec\u00e7\u00e3o por Cronobacter spp. \u00e9 a meningite, podendo ocorrer outras complica\u00e7\u00f5es como enterocolite necrosante, bacteremia, septicemia e sequelas irrevers\u00edveis\u201d, alertou a ag\u00eancia brasileira.<\/p>\n<p>Os lotes atingidos s\u00e3o: ZL3FHG, ZL3FMH, ZL3FPE, ZL3FQD, ZL3FRW e ZL3FX. Eles t\u00eam c\u00f3digo de barras 300871239418 ou 300871239456 e prazo de validade at\u00e9 01\/01\/2025.<\/p>\n<p>Os \u00faltimos dados divulgados pela FDA informam que esses produtos foram exportados para Argentina, B\u00e9lgica, Belize, Canad\u00e1, Col\u00f4mbia, Costa Rica, Rep\u00fablica Dominicana, Equador, El Salvador, Guatemala, Irlanda, Israel, Jamaica, M\u00e9xico, Nicar\u00e1gua, Peru, Pol\u00f4nia, Espanha, Reino Unido e Venezuela.<\/p>\n<p>Segundo a Anvisa, com informa\u00e7\u00f5es fornecidas pela FDA e pela Reckitt\/Mead Johnson Nutrition, n\u00e3o foram identificados casos de infec\u00e7\u00f5es at\u00e9 o momento relacionados ao consumo desses lotes do produto.<\/p>\n<p><strong>Orienta\u00e7\u00f5es<\/strong><br \/>\nA Anvisa orienta aos consumidores que utilizam produtos Nutramigen LGG que verifiquem o lote impresso no r\u00f3tulo do produto. \u201cSe o produto pertencer a um dos lotes recolhidos, ele n\u00e3o deve ser utilizado ou oferecido para o consumo por beb\u00eas\u201d, alerta.<\/p>\n<p>\u201cSomente utilize f\u00f3rmulas infantis com orienta\u00e7\u00e3o de um profissional de sa\u00fade habilitado, como m\u00e9dico pediatra ou nutricionista. O Minist\u00e9rio da Sa\u00fade e a Organiza\u00e7\u00e3o Mundial da Sa\u00fade (OMS) recomendam o aleitamento materno at\u00e9 os dois anos de idade ou mais e de maneira exclusiva at\u00e9 os seis meses de vida\u201d, acrescenta a Anvisa.<\/p>\n<p>Segundo a ag\u00eancia, a correta higieniza\u00e7\u00e3o de utens\u00edlios que entram em contato com a f\u00f3rmula, como mamadeiras, copos e colheres, \u00e9 fundamental para garantir a seguran\u00e7a do produto. Al\u00e9m disso, deve-se sempre realizar a dilui\u00e7\u00e3o na quantidade adequada e na temperatura segura (70\u00baC), que garante o menor risco de contamina\u00e7\u00e3o por microrganismos perigosos, como bact\u00e9rias do g\u00eanero Cronobacter e Salmonella.<\/p>\n<p>A Cronobacter sakasakii \u00e9 uma bact\u00e9ria pertencente ao g\u00eanero Cronobacter spp. e pode causar infec\u00e7\u00f5es em humanos, principalmente em rec\u00e9m-nascidos, beb\u00eas prematuros de baixo peso (menos de 2,5 quilos), imunocomprometidos e prematuros que necessitam de cuidados especiais na Unidade de Terapia Intensiva (UTI) neonatal.<\/p>\n<p>A Anvisa explicou ainda que esse grupo de bact\u00e9rias pode afetar tamb\u00e9m indiv\u00edduos de outras faixas et\u00e1rias, entretanto, casos envolvendo adultos e crian\u00e7as com idade superior a 1 ano s\u00e3o raros. A taxa de mortalidade \u00e9 elevada nos grupos de risco.<\/p>\n<p><strong>Registro no Brasil<\/strong><br \/>\nF\u00f3rmulas infantis s\u00e3o alimentos que necessitam de registro na Anvisa para serem comercializados. O n\u00famero desse registro deve constar no r\u00f3tulo do produto.<\/p>\n<p>Atualmente, as f\u00f3rmulas infantis Nutramigen LGG registradas na Anvisa possuem a seguinte denomina\u00e7\u00e3o: f\u00f3rmula infantil de seguimento para lactentes destinada a necessidades dietoter\u00e1picas especiais com restri\u00e7\u00e3o de lactose composta por prote\u00edna extensamente hidrolisada e probi\u00f3tico.<\/p>\n<p>Esses produtos s\u00e3o importados sob responsabilidade da Mead Johnson do Brasil Com\u00e9rcio e Importa\u00e7\u00e3o de Produtos de Nutri\u00e7\u00e3o Ltda. (CNPJ: 10.351.637\/0001-86) e s\u00e3o provenientes dos Estados Unidos (registro 6.6609.0032.001-4) e do M\u00e9xico (registro 6.6609.0032.002-2).<\/p>\n<p>\u201cO consumidor deve ficar atento e somente adquirir produtos com proced\u00eancia conhecida e registrados na Anvisa. Produtos importados n\u00e3o registrados s\u00e3o considerados irregulares\u201d, alertou a ag\u00eancia. \u201cRecomenda-se tamb\u00e9m que os consumidores evitem comprar f\u00f3rmulas infantis importadas por meio de com\u00e9rcio eletr\u00f4nico, devido \u00e0 dificuldade em conhecer a origem e a regularidade do produto\u201d, acrescentou.<\/p>\n","protected":false},"excerpt":{"rendered":"<p>A Ag\u00eancia Nacional de Vigil\u00e2ncia Sanit\u00e1ria (Anvisa) proibiu a comercializa\u00e7\u00e3o de alguns lotes da f\u00f3rmula infantil em p\u00f3 Nutramigen LGG, da marca Enfamil, fabricado pela empresa Reckitt\/Mead Johnson Nutrition, dos Estados Unidos. A medida \u00e9 preventiva, j\u00e1 que n\u00e3o foi identificada a exporta\u00e7\u00e3o dos respectivos lotes ao Brasil. De acordo com a Anvisa, a ag\u00eancia [&hellip;]<\/p>\n","protected":false},"author":2,"featured_media":320582,"comment_status":"closed","ping_status":"closed","sticky":false,"template":"","format":"standard","meta":{"_acf_changed":false,"footnotes":""},"categories":[161],"tags":[],"class_list":["post-320581","post","type-post","status-publish","format-standard","has-post-thumbnail","hentry","category-quadradinho-em-foco"],"acf":[],"yoast_head":"<!-- This site is optimized with the Yoast SEO plugin v27.2 - https:\/\/yoast.com\/product\/yoast-seo-wordpress\/ -->\n<title>Proibida comercializa\u00e7\u00e3o de lotes da f\u00f3rmula infantil Nutramigen - Notibras<\/title>\n<meta name=\"robots\" content=\"index, follow, max-snippet:-1, max-image-preview:large, max-video-preview:-1\" \/>\n<link rel=\"canonical\" href=\"https:\/\/www.notibras.com\/site\/proibida-comercializacao-de-lotes-da-formula-infantil-nutramigen\/\" \/>\n<meta property=\"og:locale\" content=\"pt_BR\" \/>\n<meta property=\"og:type\" content=\"article\" \/>\n<meta property=\"og:title\" content=\"Proibida comercializa\u00e7\u00e3o de lotes da f\u00f3rmula infantil Nutramigen - Notibras\" \/>\n<meta property=\"og:description\" content=\"A Ag\u00eancia Nacional de Vigil\u00e2ncia Sanit\u00e1ria (Anvisa) proibiu a comercializa\u00e7\u00e3o de alguns lotes da f\u00f3rmula infantil em p\u00f3 Nutramigen LGG, da marca Enfamil, fabricado pela empresa Reckitt\/Mead Johnson Nutrition, dos Estados Unidos. A medida \u00e9 preventiva, j\u00e1 que n\u00e3o foi identificada a exporta\u00e7\u00e3o dos respectivos lotes ao Brasil. De acordo com a Anvisa, a ag\u00eancia [&hellip;]\" \/>\n<meta property=\"og:url\" content=\"https:\/\/www.notibras.com\/site\/proibida-comercializacao-de-lotes-da-formula-infantil-nutramigen\/\" \/>\n<meta property=\"og:site_name\" content=\"Notibras\" \/>\n<meta property=\"article:publisher\" content=\"https:\/\/www.facebook.com\/notibras\/\" \/>\n<meta property=\"article:published_time\" content=\"2024-01-15T03:00:41+00:00\" \/>\n<meta property=\"article:modified_time\" content=\"2024-01-15T10:32:48+00:00\" \/>\n<meta property=\"og:image\" content=\"https:\/\/www.notibras.com\/site\/wp-content\/uploads\/2024\/01\/nuytramigen.webp\" \/>\n\t<meta property=\"og:image:width\" content=\"1170\" \/>\n\t<meta property=\"og:image:height\" content=\"700\" \/>\n\t<meta property=\"og:image:type\" content=\"image\/webp\" \/>\n<meta name=\"author\" content=\"Reda\u00e7\u00e3o\" \/>\n<meta name=\"twitter:card\" content=\"summary_large_image\" \/>\n<meta name=\"twitter:creator\" content=\"@Notibras\" \/>\n<meta name=\"twitter:site\" content=\"@Notibras\" \/>\n<meta name=\"twitter:label1\" content=\"Escrito por\" \/>\n\t<meta name=\"twitter:data1\" content=\"Reda\u00e7\u00e3o\" \/>\n\t<meta name=\"twitter:label2\" content=\"Est. tempo de leitura\" \/>\n\t<meta name=\"twitter:data2\" content=\"4 minutos\" \/>\n<script type=\"application\/ld+json\" class=\"yoast-schema-graph\">{\"@context\":\"https:\/\/schema.org\",\"@graph\":[{\"@type\":\"Article\",\"@id\":\"https:\/\/www.notibras.com\/site\/proibida-comercializacao-de-lotes-da-formula-infantil-nutramigen\/#article\",\"isPartOf\":{\"@id\":\"https:\/\/www.notibras.com\/site\/proibida-comercializacao-de-lotes-da-formula-infantil-nutramigen\/\"},\"author\":{\"name\":\"Reda\u00e7\u00e3o\",\"@id\":\"https:\/\/www.notibras.com\/site\/#\/schema\/person\/36ab0979449956132d3e5b517ea76ac8\"},\"headline\":\"Proibida comercializa\u00e7\u00e3o de lotes da f\u00f3rmula infantil Nutramigen\",\"datePublished\":\"2024-01-15T03:00:41+00:00\",\"dateModified\":\"2024-01-15T10:32:48+00:00\",\"mainEntityOfPage\":{\"@id\":\"https:\/\/www.notibras.com\/site\/proibida-comercializacao-de-lotes-da-formula-infantil-nutramigen\/\"},\"wordCount\":697,\"publisher\":{\"@id\":\"https:\/\/www.notibras.com\/site\/#organization\"},\"image\":{\"@id\":\"https:\/\/www.notibras.com\/site\/proibida-comercializacao-de-lotes-da-formula-infantil-nutramigen\/#primaryimage\"},\"thumbnailUrl\":\"https:\/\/www.notibras.com\/site\/wp-content\/uploads\/2024\/01\/nuytramigen.webp\",\"articleSection\":[\"Quadradinho em Foco\"],\"inLanguage\":\"pt-BR\"},{\"@type\":\"WebPage\",\"@id\":\"https:\/\/www.notibras.com\/site\/proibida-comercializacao-de-lotes-da-formula-infantil-nutramigen\/\",\"url\":\"https:\/\/www.notibras.com\/site\/proibida-comercializacao-de-lotes-da-formula-infantil-nutramigen\/\",\"name\":\"Proibida comercializa\u00e7\u00e3o de lotes da f\u00f3rmula infantil Nutramigen - Notibras\",\"isPartOf\":{\"@id\":\"https:\/\/www.notibras.com\/site\/#website\"},\"primaryImageOfPage\":{\"@id\":\"https:\/\/www.notibras.com\/site\/proibida-comercializacao-de-lotes-da-formula-infantil-nutramigen\/#primaryimage\"},\"image\":{\"@id\":\"https:\/\/www.notibras.com\/site\/proibida-comercializacao-de-lotes-da-formula-infantil-nutramigen\/#primaryimage\"},\"thumbnailUrl\":\"https:\/\/www.notibras.com\/site\/wp-content\/uploads\/2024\/01\/nuytramigen.webp\",\"datePublished\":\"2024-01-15T03:00:41+00:00\",\"dateModified\":\"2024-01-15T10:32:48+00:00\",\"breadcrumb\":{\"@id\":\"https:\/\/www.notibras.com\/site\/proibida-comercializacao-de-lotes-da-formula-infantil-nutramigen\/#breadcrumb\"},\"inLanguage\":\"pt-BR\",\"potentialAction\":[{\"@type\":\"ReadAction\",\"target\":[\"https:\/\/www.notibras.com\/site\/proibida-comercializacao-de-lotes-da-formula-infantil-nutramigen\/\"]}]},{\"@type\":\"ImageObject\",\"inLanguage\":\"pt-BR\",\"@id\":\"https:\/\/www.notibras.com\/site\/proibida-comercializacao-de-lotes-da-formula-infantil-nutramigen\/#primaryimage\",\"url\":\"https:\/\/www.notibras.com\/site\/wp-content\/uploads\/2024\/01\/nuytramigen.webp\",\"contentUrl\":\"https:\/\/www.notibras.com\/site\/wp-content\/uploads\/2024\/01\/nuytramigen.webp\",\"width\":1170,\"height\":700},{\"@type\":\"BreadcrumbList\",\"@id\":\"https:\/\/www.notibras.com\/site\/proibida-comercializacao-de-lotes-da-formula-infantil-nutramigen\/#breadcrumb\",\"itemListElement\":[{\"@type\":\"ListItem\",\"position\":1,\"name\":\"In\u00edcio\",\"item\":\"https:\/\/www.notibras.com\/site\/\"},{\"@type\":\"ListItem\",\"position\":2,\"name\":\"Proibida comercializa\u00e7\u00e3o de lotes da f\u00f3rmula infantil Nutramigen\"}]},{\"@type\":\"WebSite\",\"@id\":\"https:\/\/www.notibras.com\/site\/#website\",\"url\":\"https:\/\/www.notibras.com\/site\/\",\"name\":\"Notibras\",\"description\":\"Not\u00edcias de Bras\u00edlia, do Brasil e do Mundo\",\"publisher\":{\"@id\":\"https:\/\/www.notibras.com\/site\/#organization\"},\"potentialAction\":[{\"@type\":\"SearchAction\",\"target\":{\"@type\":\"EntryPoint\",\"urlTemplate\":\"https:\/\/www.notibras.com\/site\/?s={search_term_string}\"},\"query-input\":{\"@type\":\"PropertyValueSpecification\",\"valueRequired\":true,\"valueName\":\"search_term_string\"}}],\"inLanguage\":\"pt-BR\"},{\"@type\":\"Organization\",\"@id\":\"https:\/\/www.notibras.com\/site\/#organization\",\"name\":\"Grupo Notibras de Comunica\u00e7\u00e3o\",\"url\":\"https:\/\/www.notibras.com\/site\/\",\"logo\":{\"@type\":\"ImageObject\",\"inLanguage\":\"pt-BR\",\"@id\":\"https:\/\/www.notibras.com\/site\/#\/schema\/logo\/image\/\",\"url\":\"https:\/\/www.notibras.com\/site\/wp-content\/uploads\/2023\/01\/notibras23.png\",\"contentUrl\":\"https:\/\/www.notibras.com\/site\/wp-content\/uploads\/2023\/01\/notibras23.png\",\"width\":350,\"height\":87,\"caption\":\"Grupo Notibras de Comunica\u00e7\u00e3o\"},\"image\":{\"@id\":\"https:\/\/www.notibras.com\/site\/#\/schema\/logo\/image\/\"},\"sameAs\":[\"https:\/\/www.facebook.com\/notibras\/\",\"https:\/\/x.com\/Notibras\",\"https:\/\/www.instagram.com\/notibras\/\"]},{\"@type\":\"Person\",\"@id\":\"https:\/\/www.notibras.com\/site\/#\/schema\/person\/36ab0979449956132d3e5b517ea76ac8\",\"name\":\"Reda\u00e7\u00e3o\",\"image\":{\"@type\":\"ImageObject\",\"inLanguage\":\"pt-BR\",\"@id\":\"https:\/\/secure.gravatar.com\/avatar\/e0a867bdedb85fd243eadf09663511f96fc81e0720a4a42581f334ad4303aa6b?s=96&d=mm&r=g\",\"url\":\"https:\/\/secure.gravatar.com\/avatar\/e0a867bdedb85fd243eadf09663511f96fc81e0720a4a42581f334ad4303aa6b?s=96&d=mm&r=g\",\"contentUrl\":\"https:\/\/secure.gravatar.com\/avatar\/e0a867bdedb85fd243eadf09663511f96fc81e0720a4a42581f334ad4303aa6b?s=96&d=mm&r=g\",\"caption\":\"Reda\u00e7\u00e3o\"}}]}<\/script>\n<!-- \/ Yoast SEO plugin. -->","yoast_head_json":{"title":"Proibida comercializa\u00e7\u00e3o de lotes da f\u00f3rmula infantil Nutramigen - Notibras","robots":{"index":"index","follow":"follow","max-snippet":"max-snippet:-1","max-image-preview":"max-image-preview:large","max-video-preview":"max-video-preview:-1"},"canonical":"https:\/\/www.notibras.com\/site\/proibida-comercializacao-de-lotes-da-formula-infantil-nutramigen\/","og_locale":"pt_BR","og_type":"article","og_title":"Proibida comercializa\u00e7\u00e3o de lotes da f\u00f3rmula infantil Nutramigen - Notibras","og_description":"A Ag\u00eancia Nacional de Vigil\u00e2ncia Sanit\u00e1ria (Anvisa) proibiu a comercializa\u00e7\u00e3o de alguns lotes da f\u00f3rmula infantil em p\u00f3 Nutramigen LGG, da marca Enfamil, fabricado pela empresa Reckitt\/Mead Johnson Nutrition, dos Estados Unidos. A medida \u00e9 preventiva, j\u00e1 que n\u00e3o foi identificada a exporta\u00e7\u00e3o dos respectivos lotes ao Brasil. De acordo com a Anvisa, a ag\u00eancia [&hellip;]","og_url":"https:\/\/www.notibras.com\/site\/proibida-comercializacao-de-lotes-da-formula-infantil-nutramigen\/","og_site_name":"Notibras","article_publisher":"https:\/\/www.facebook.com\/notibras\/","article_published_time":"2024-01-15T03:00:41+00:00","article_modified_time":"2024-01-15T10:32:48+00:00","og_image":[{"width":1170,"height":700,"url":"https:\/\/www.notibras.com\/site\/wp-content\/uploads\/2024\/01\/nuytramigen.webp","type":"image\/webp"}],"author":"Reda\u00e7\u00e3o","twitter_card":"summary_large_image","twitter_creator":"@Notibras","twitter_site":"@Notibras","twitter_misc":{"Escrito por":"Reda\u00e7\u00e3o","Est. tempo de leitura":"4 minutos"},"schema":{"@context":"https:\/\/schema.org","@graph":[{"@type":"Article","@id":"https:\/\/www.notibras.com\/site\/proibida-comercializacao-de-lotes-da-formula-infantil-nutramigen\/#article","isPartOf":{"@id":"https:\/\/www.notibras.com\/site\/proibida-comercializacao-de-lotes-da-formula-infantil-nutramigen\/"},"author":{"name":"Reda\u00e7\u00e3o","@id":"https:\/\/www.notibras.com\/site\/#\/schema\/person\/36ab0979449956132d3e5b517ea76ac8"},"headline":"Proibida comercializa\u00e7\u00e3o de lotes da f\u00f3rmula infantil Nutramigen","datePublished":"2024-01-15T03:00:41+00:00","dateModified":"2024-01-15T10:32:48+00:00","mainEntityOfPage":{"@id":"https:\/\/www.notibras.com\/site\/proibida-comercializacao-de-lotes-da-formula-infantil-nutramigen\/"},"wordCount":697,"publisher":{"@id":"https:\/\/www.notibras.com\/site\/#organization"},"image":{"@id":"https:\/\/www.notibras.com\/site\/proibida-comercializacao-de-lotes-da-formula-infantil-nutramigen\/#primaryimage"},"thumbnailUrl":"https:\/\/www.notibras.com\/site\/wp-content\/uploads\/2024\/01\/nuytramigen.webp","articleSection":["Quadradinho em Foco"],"inLanguage":"pt-BR"},{"@type":"WebPage","@id":"https:\/\/www.notibras.com\/site\/proibida-comercializacao-de-lotes-da-formula-infantil-nutramigen\/","url":"https:\/\/www.notibras.com\/site\/proibida-comercializacao-de-lotes-da-formula-infantil-nutramigen\/","name":"Proibida comercializa\u00e7\u00e3o de lotes da f\u00f3rmula infantil Nutramigen - Notibras","isPartOf":{"@id":"https:\/\/www.notibras.com\/site\/#website"},"primaryImageOfPage":{"@id":"https:\/\/www.notibras.com\/site\/proibida-comercializacao-de-lotes-da-formula-infantil-nutramigen\/#primaryimage"},"image":{"@id":"https:\/\/www.notibras.com\/site\/proibida-comercializacao-de-lotes-da-formula-infantil-nutramigen\/#primaryimage"},"thumbnailUrl":"https:\/\/www.notibras.com\/site\/wp-content\/uploads\/2024\/01\/nuytramigen.webp","datePublished":"2024-01-15T03:00:41+00:00","dateModified":"2024-01-15T10:32:48+00:00","breadcrumb":{"@id":"https:\/\/www.notibras.com\/site\/proibida-comercializacao-de-lotes-da-formula-infantil-nutramigen\/#breadcrumb"},"inLanguage":"pt-BR","potentialAction":[{"@type":"ReadAction","target":["https:\/\/www.notibras.com\/site\/proibida-comercializacao-de-lotes-da-formula-infantil-nutramigen\/"]}]},{"@type":"ImageObject","inLanguage":"pt-BR","@id":"https:\/\/www.notibras.com\/site\/proibida-comercializacao-de-lotes-da-formula-infantil-nutramigen\/#primaryimage","url":"https:\/\/www.notibras.com\/site\/wp-content\/uploads\/2024\/01\/nuytramigen.webp","contentUrl":"https:\/\/www.notibras.com\/site\/wp-content\/uploads\/2024\/01\/nuytramigen.webp","width":1170,"height":700},{"@type":"BreadcrumbList","@id":"https:\/\/www.notibras.com\/site\/proibida-comercializacao-de-lotes-da-formula-infantil-nutramigen\/#breadcrumb","itemListElement":[{"@type":"ListItem","position":1,"name":"In\u00edcio","item":"https:\/\/www.notibras.com\/site\/"},{"@type":"ListItem","position":2,"name":"Proibida comercializa\u00e7\u00e3o de lotes da f\u00f3rmula infantil Nutramigen"}]},{"@type":"WebSite","@id":"https:\/\/www.notibras.com\/site\/#website","url":"https:\/\/www.notibras.com\/site\/","name":"Notibras","description":"Not\u00edcias de Bras\u00edlia, do Brasil e do Mundo","publisher":{"@id":"https:\/\/www.notibras.com\/site\/#organization"},"potentialAction":[{"@type":"SearchAction","target":{"@type":"EntryPoint","urlTemplate":"https:\/\/www.notibras.com\/site\/?s={search_term_string}"},"query-input":{"@type":"PropertyValueSpecification","valueRequired":true,"valueName":"search_term_string"}}],"inLanguage":"pt-BR"},{"@type":"Organization","@id":"https:\/\/www.notibras.com\/site\/#organization","name":"Grupo Notibras de Comunica\u00e7\u00e3o","url":"https:\/\/www.notibras.com\/site\/","logo":{"@type":"ImageObject","inLanguage":"pt-BR","@id":"https:\/\/www.notibras.com\/site\/#\/schema\/logo\/image\/","url":"https:\/\/www.notibras.com\/site\/wp-content\/uploads\/2023\/01\/notibras23.png","contentUrl":"https:\/\/www.notibras.com\/site\/wp-content\/uploads\/2023\/01\/notibras23.png","width":350,"height":87,"caption":"Grupo Notibras de Comunica\u00e7\u00e3o"},"image":{"@id":"https:\/\/www.notibras.com\/site\/#\/schema\/logo\/image\/"},"sameAs":["https:\/\/www.facebook.com\/notibras\/","https:\/\/x.com\/Notibras","https:\/\/www.instagram.com\/notibras\/"]},{"@type":"Person","@id":"https:\/\/www.notibras.com\/site\/#\/schema\/person\/36ab0979449956132d3e5b517ea76ac8","name":"Reda\u00e7\u00e3o","image":{"@type":"ImageObject","inLanguage":"pt-BR","@id":"https:\/\/secure.gravatar.com\/avatar\/e0a867bdedb85fd243eadf09663511f96fc81e0720a4a42581f334ad4303aa6b?s=96&d=mm&r=g","url":"https:\/\/secure.gravatar.com\/avatar\/e0a867bdedb85fd243eadf09663511f96fc81e0720a4a42581f334ad4303aa6b?s=96&d=mm&r=g","contentUrl":"https:\/\/secure.gravatar.com\/avatar\/e0a867bdedb85fd243eadf09663511f96fc81e0720a4a42581f334ad4303aa6b?s=96&d=mm&r=g","caption":"Reda\u00e7\u00e3o"}}]}},"amp_enabled":true,"_links":{"self":[{"href":"https:\/\/www.notibras.com\/site\/wp-json\/wp\/v2\/posts\/320581","targetHints":{"allow":["GET"]}}],"collection":[{"href":"https:\/\/www.notibras.com\/site\/wp-json\/wp\/v2\/posts"}],"about":[{"href":"https:\/\/www.notibras.com\/site\/wp-json\/wp\/v2\/types\/post"}],"author":[{"embeddable":true,"href":"https:\/\/www.notibras.com\/site\/wp-json\/wp\/v2\/users\/2"}],"replies":[{"embeddable":true,"href":"https:\/\/www.notibras.com\/site\/wp-json\/wp\/v2\/comments?post=320581"}],"version-history":[{"count":1,"href":"https:\/\/www.notibras.com\/site\/wp-json\/wp\/v2\/posts\/320581\/revisions"}],"predecessor-version":[{"id":320583,"href":"https:\/\/www.notibras.com\/site\/wp-json\/wp\/v2\/posts\/320581\/revisions\/320583"}],"wp:featuredmedia":[{"embeddable":true,"href":"https:\/\/www.notibras.com\/site\/wp-json\/wp\/v2\/media\/320582"}],"wp:attachment":[{"href":"https:\/\/www.notibras.com\/site\/wp-json\/wp\/v2\/media?parent=320581"}],"wp:term":[{"taxonomy":"category","embeddable":true,"href":"https:\/\/www.notibras.com\/site\/wp-json\/wp\/v2\/categories?post=320581"},{"taxonomy":"post_tag","embeddable":true,"href":"https:\/\/www.notibras.com\/site\/wp-json\/wp\/v2\/tags?post=320581"}],"curies":[{"name":"wp","href":"https:\/\/api.w.org\/{rel}","templated":true}]}}