{"id":320629,"date":"2024-01-15T18:02:14","date_gmt":"2024-01-15T21:02:14","guid":{"rendered":"https:\/\/www.notibras.com\/site\/?p=320629"},"modified":"2024-01-15T19:20:57","modified_gmt":"2024-01-15T22:20:57","slug":"cuidado-com-compras-porque-nada-e-tao-seguro-como-dizem","status":"publish","type":"post","link":"https:\/\/www.notibras.com\/site\/cuidado-com-compras-porque-nada-e-tao-seguro-como-dizem\/","title":{"rendered":"Cuidado com compras, porque nada \u00e9 t\u00e3o seguro como dizem"},"content":{"rendered":"<p>Quatro empresas de pagamento \u2013 PagSeguro, Mercado Pago, Stone e PicPay \u2013 ter\u00e3o de explicar \u00e0 Secretaria Nacional do Consumidor (Senacon), do Minist\u00e9rio da Justi\u00e7a e Seguran\u00e7a P\u00fablica, supostas cobran\u00e7as disfar\u00e7adas de juros nas compras pagas na modalidade parcelado sem juros. A secretaria investiga den\u00fancia da Federa\u00e7\u00e3o Brasileira dos Bancos (Febraban), que acusa as empresas de pr\u00e1ticas abusivas aos consumidores.<\/p>\n<p>Segundo a den\u00fancia, os estabelecimentos est\u00e3o repassando aos consumidores custos adicionais das maquininhas independentes de cart\u00f5es do PagSeguro, Mercado Pago e Stone, cobrando juros remunerat\u00f3rios sem a transpar\u00eancia necess\u00e1ria.<\/p>\n<p>Sobre as carteiras digitais da PicPay e do Mercado Pago, a Febraban informou que as empresas embutiriam juros remunerados em transa\u00e7\u00f5es parceladas. Essa pr\u00e1tica contraria as normas de carteiras digitais.<\/p>\n<p>De acordo com a den\u00fancia, as empresas desenvolveram um produto denominado &#8220;Parcelado Sem Juros Pirata&#8221;, em que cobram juros dos consumidores, mas registram na fatura do cart\u00e3o de cr\u00e9dito como se fosse uma modalidade de parcelamento sem juros.<\/p>\n<p>Em at\u00e9 dez dias, as empresas dever\u00e3o apresentar um relat\u00f3rio com detalhes sobre as medidas adotadas para aumentar a transpar\u00eancia. Caso elas descumpram o prazo, dever\u00e3o pagar multa di\u00e1ria de R$ 5 mil e suspender a cobran\u00e7a de juros na modalidade \u201cparcelado sem juros\u201d.<\/p>\n<p>A Senacon tamb\u00e9m far\u00e1 consultas ao Banco Central, ao Conselho Nacional Autorregulamenta\u00e7\u00e3o Publicit\u00e1ria (Conar), ao Conselho Administrativo de Defesa Econ\u00f4mica (Cade) e de outras institui\u00e7\u00f5es que possam contribuir sobre o tema.<\/p>\n<p><strong>Respostas<\/strong><br \/>\nO PagBank, do PagSeguro, informou, em nota, que a den\u00fancia se trata de uma campanha da Febraban para extinguir as compras parceladas sem juros. Segundo a empresa, o consumidor pode consultar facilmente o valor total da transa\u00e7\u00e3o na maquininha de cart\u00e3o e nos canais de atendimento.<\/p>\n<p>\u201cQuando o estabelecimento comercial utiliza essa solu\u00e7\u00e3o e o consumidor opta pelo &#8216;Parcelado Comprador&#8217;, o valor final total do produto e\/ou servi\u00e7o fica claramente vis\u00edvel ao portador na maquininha de cart\u00e3o e\/ou na jornada de pagamento online, da mesma forma como ocorre em qualquer outra transa\u00e7\u00e3o\u201d, afirmou a empresa.<\/p>\n<p>O Mercado Pago tamb\u00e9m informou que cumpre as regras de transpar\u00eancia e que est\u00e1 disposto a colaborar com as investiga\u00e7\u00f5es. \u201cO Mercado Pago est\u00e1 analisando o pedido de esclarecimento da Senacon e seguir\u00e1 colaborando com a autoridade, que suspendeu os efeitos da ordem cautelar at\u00e9 que mais informa\u00e7\u00f5es sejam oferecidas\u201d, respondeu a companhia.<\/p>\n","protected":false},"excerpt":{"rendered":"<p>Quatro empresas de pagamento \u2013 PagSeguro, Mercado Pago, Stone e PicPay \u2013 ter\u00e3o de explicar \u00e0 Secretaria Nacional do Consumidor (Senacon), do Minist\u00e9rio da Justi\u00e7a e Seguran\u00e7a P\u00fablica, supostas cobran\u00e7as disfar\u00e7adas de juros nas compras pagas na modalidade parcelado sem juros. A secretaria investiga den\u00fancia da Federa\u00e7\u00e3o Brasileira dos Bancos (Febraban), que acusa as empresas [&hellip;]<\/p>\n","protected":false},"author":2,"featured_media":320630,"comment_status":"closed","ping_status":"closed","sticky":false,"template":"","format":"standard","meta":{"_acf_changed":false,"footnotes":""},"categories":[161],"tags":[95],"class_list":["post-320629","post","type-post","status-publish","format-standard","has-post-thumbnail","hentry","category-quadradinho-em-foco","tag-capa"],"acf":[],"yoast_head":"<!-- This site is optimized with the Yoast SEO plugin v27.2 - https:\/\/yoast.com\/product\/yoast-seo-wordpress\/ -->\n<title>Cuidado com compras, porque nada \u00e9 t\u00e3o seguro como dizem - Notibras<\/title>\n<meta name=\"robots\" content=\"index, follow, max-snippet:-1, max-image-preview:large, max-video-preview:-1\" \/>\n<link rel=\"canonical\" href=\"https:\/\/www.notibras.com\/site\/cuidado-com-compras-porque-nada-e-tao-seguro-como-dizem\/\" \/>\n<meta property=\"og:locale\" content=\"pt_BR\" \/>\n<meta property=\"og:type\" content=\"article\" \/>\n<meta property=\"og:title\" content=\"Cuidado com compras, porque nada \u00e9 t\u00e3o seguro como dizem - Notibras\" \/>\n<meta property=\"og:description\" content=\"Quatro empresas de pagamento \u2013 PagSeguro, Mercado Pago, Stone e PicPay \u2013 ter\u00e3o de explicar \u00e0 Secretaria Nacional do Consumidor (Senacon), do Minist\u00e9rio da Justi\u00e7a e Seguran\u00e7a P\u00fablica, supostas cobran\u00e7as disfar\u00e7adas de juros nas compras pagas na modalidade parcelado sem juros. A secretaria investiga den\u00fancia da Federa\u00e7\u00e3o Brasileira dos Bancos (Febraban), que acusa as empresas [&hellip;]\" \/>\n<meta property=\"og:url\" content=\"https:\/\/www.notibras.com\/site\/cuidado-com-compras-porque-nada-e-tao-seguro-como-dizem\/\" \/>\n<meta property=\"og:site_name\" content=\"Notibras\" \/>\n<meta property=\"article:publisher\" content=\"https:\/\/www.facebook.com\/notibras\/\" \/>\n<meta property=\"article:published_time\" content=\"2024-01-15T21:02:14+00:00\" \/>\n<meta property=\"article:modified_time\" content=\"2024-01-15T22:20:57+00:00\" \/>\n<meta property=\"og:image\" content=\"https:\/\/www.notibras.com\/site\/wp-content\/uploads\/2024\/01\/pagsdeg.jpg\" \/>\n\t<meta property=\"og:image:width\" content=\"1170\" \/>\n\t<meta property=\"og:image:height\" content=\"700\" \/>\n\t<meta property=\"og:image:type\" content=\"image\/jpeg\" \/>\n<meta name=\"author\" content=\"Reda\u00e7\u00e3o\" \/>\n<meta name=\"twitter:card\" content=\"summary_large_image\" \/>\n<meta name=\"twitter:creator\" content=\"@Notibras\" \/>\n<meta name=\"twitter:site\" content=\"@Notibras\" \/>\n<meta name=\"twitter:label1\" content=\"Escrito por\" \/>\n\t<meta name=\"twitter:data1\" content=\"Reda\u00e7\u00e3o\" \/>\n\t<meta name=\"twitter:label2\" content=\"Est. tempo de leitura\" \/>\n\t<meta name=\"twitter:data2\" content=\"3 minutos\" \/>\n<script type=\"application\/ld+json\" class=\"yoast-schema-graph\">{\"@context\":\"https:\/\/schema.org\",\"@graph\":[{\"@type\":\"Article\",\"@id\":\"https:\/\/www.notibras.com\/site\/cuidado-com-compras-porque-nada-e-tao-seguro-como-dizem\/#article\",\"isPartOf\":{\"@id\":\"https:\/\/www.notibras.com\/site\/cuidado-com-compras-porque-nada-e-tao-seguro-como-dizem\/\"},\"author\":{\"name\":\"Reda\u00e7\u00e3o\",\"@id\":\"https:\/\/www.notibras.com\/site\/#\/schema\/person\/36ab0979449956132d3e5b517ea76ac8\"},\"headline\":\"Cuidado com compras, porque nada \u00e9 t\u00e3o seguro como dizem\",\"datePublished\":\"2024-01-15T21:02:14+00:00\",\"dateModified\":\"2024-01-15T22:20:57+00:00\",\"mainEntityOfPage\":{\"@id\":\"https:\/\/www.notibras.com\/site\/cuidado-com-compras-porque-nada-e-tao-seguro-como-dizem\/\"},\"wordCount\":433,\"publisher\":{\"@id\":\"https:\/\/www.notibras.com\/site\/#organization\"},\"image\":{\"@id\":\"https:\/\/www.notibras.com\/site\/cuidado-com-compras-porque-nada-e-tao-seguro-como-dizem\/#primaryimage\"},\"thumbnailUrl\":\"https:\/\/www.notibras.com\/site\/wp-content\/uploads\/2024\/01\/pagsdeg.jpg\",\"keywords\":[\"capa\"],\"articleSection\":[\"Quadradinho em Foco\"],\"inLanguage\":\"pt-BR\"},{\"@type\":\"WebPage\",\"@id\":\"https:\/\/www.notibras.com\/site\/cuidado-com-compras-porque-nada-e-tao-seguro-como-dizem\/\",\"url\":\"https:\/\/www.notibras.com\/site\/cuidado-com-compras-porque-nada-e-tao-seguro-como-dizem\/\",\"name\":\"Cuidado com compras, porque nada \u00e9 t\u00e3o seguro como dizem - Notibras\",\"isPartOf\":{\"@id\":\"https:\/\/www.notibras.com\/site\/#website\"},\"primaryImageOfPage\":{\"@id\":\"https:\/\/www.notibras.com\/site\/cuidado-com-compras-porque-nada-e-tao-seguro-como-dizem\/#primaryimage\"},\"image\":{\"@id\":\"https:\/\/www.notibras.com\/site\/cuidado-com-compras-porque-nada-e-tao-seguro-como-dizem\/#primaryimage\"},\"thumbnailUrl\":\"https:\/\/www.notibras.com\/site\/wp-content\/uploads\/2024\/01\/pagsdeg.jpg\",\"datePublished\":\"2024-01-15T21:02:14+00:00\",\"dateModified\":\"2024-01-15T22:20:57+00:00\",\"breadcrumb\":{\"@id\":\"https:\/\/www.notibras.com\/site\/cuidado-com-compras-porque-nada-e-tao-seguro-como-dizem\/#breadcrumb\"},\"inLanguage\":\"pt-BR\",\"potentialAction\":[{\"@type\":\"ReadAction\",\"target\":[\"https:\/\/www.notibras.com\/site\/cuidado-com-compras-porque-nada-e-tao-seguro-como-dizem\/\"]}]},{\"@type\":\"ImageObject\",\"inLanguage\":\"pt-BR\",\"@id\":\"https:\/\/www.notibras.com\/site\/cuidado-com-compras-porque-nada-e-tao-seguro-como-dizem\/#primaryimage\",\"url\":\"https:\/\/www.notibras.com\/site\/wp-content\/uploads\/2024\/01\/pagsdeg.jpg\",\"contentUrl\":\"https:\/\/www.notibras.com\/site\/wp-content\/uploads\/2024\/01\/pagsdeg.jpg\",\"width\":1170,\"height\":700},{\"@type\":\"BreadcrumbList\",\"@id\":\"https:\/\/www.notibras.com\/site\/cuidado-com-compras-porque-nada-e-tao-seguro-como-dizem\/#breadcrumb\",\"itemListElement\":[{\"@type\":\"ListItem\",\"position\":1,\"name\":\"In\u00edcio\",\"item\":\"https:\/\/www.notibras.com\/site\/\"},{\"@type\":\"ListItem\",\"position\":2,\"name\":\"Cuidado com compras, porque nada \u00e9 t\u00e3o seguro como dizem\"}]},{\"@type\":\"WebSite\",\"@id\":\"https:\/\/www.notibras.com\/site\/#website\",\"url\":\"https:\/\/www.notibras.com\/site\/\",\"name\":\"Notibras\",\"description\":\"Not\u00edcias de Bras\u00edlia, do Brasil e do Mundo\",\"publisher\":{\"@id\":\"https:\/\/www.notibras.com\/site\/#organization\"},\"potentialAction\":[{\"@type\":\"SearchAction\",\"target\":{\"@type\":\"EntryPoint\",\"urlTemplate\":\"https:\/\/www.notibras.com\/site\/?s={search_term_string}\"},\"query-input\":{\"@type\":\"PropertyValueSpecification\",\"valueRequired\":true,\"valueName\":\"search_term_string\"}}],\"inLanguage\":\"pt-BR\"},{\"@type\":\"Organization\",\"@id\":\"https:\/\/www.notibras.com\/site\/#organization\",\"name\":\"Grupo Notibras de Comunica\u00e7\u00e3o\",\"url\":\"https:\/\/www.notibras.com\/site\/\",\"logo\":{\"@type\":\"ImageObject\",\"inLanguage\":\"pt-BR\",\"@id\":\"https:\/\/www.notibras.com\/site\/#\/schema\/logo\/image\/\",\"url\":\"https:\/\/www.notibras.com\/site\/wp-content\/uploads\/2023\/01\/notibras23.png\",\"contentUrl\":\"https:\/\/www.notibras.com\/site\/wp-content\/uploads\/2023\/01\/notibras23.png\",\"width\":350,\"height\":87,\"caption\":\"Grupo Notibras de Comunica\u00e7\u00e3o\"},\"image\":{\"@id\":\"https:\/\/www.notibras.com\/site\/#\/schema\/logo\/image\/\"},\"sameAs\":[\"https:\/\/www.facebook.com\/notibras\/\",\"https:\/\/x.com\/Notibras\",\"https:\/\/www.instagram.com\/notibras\/\"]},{\"@type\":\"Person\",\"@id\":\"https:\/\/www.notibras.com\/site\/#\/schema\/person\/36ab0979449956132d3e5b517ea76ac8\",\"name\":\"Reda\u00e7\u00e3o\",\"image\":{\"@type\":\"ImageObject\",\"inLanguage\":\"pt-BR\",\"@id\":\"https:\/\/secure.gravatar.com\/avatar\/e0a867bdedb85fd243eadf09663511f96fc81e0720a4a42581f334ad4303aa6b?s=96&d=mm&r=g\",\"url\":\"https:\/\/secure.gravatar.com\/avatar\/e0a867bdedb85fd243eadf09663511f96fc81e0720a4a42581f334ad4303aa6b?s=96&d=mm&r=g\",\"contentUrl\":\"https:\/\/secure.gravatar.com\/avatar\/e0a867bdedb85fd243eadf09663511f96fc81e0720a4a42581f334ad4303aa6b?s=96&d=mm&r=g\",\"caption\":\"Reda\u00e7\u00e3o\"}}]}<\/script>\n<!-- \/ Yoast SEO plugin. -->","yoast_head_json":{"title":"Cuidado com compras, porque nada \u00e9 t\u00e3o seguro como dizem - Notibras","robots":{"index":"index","follow":"follow","max-snippet":"max-snippet:-1","max-image-preview":"max-image-preview:large","max-video-preview":"max-video-preview:-1"},"canonical":"https:\/\/www.notibras.com\/site\/cuidado-com-compras-porque-nada-e-tao-seguro-como-dizem\/","og_locale":"pt_BR","og_type":"article","og_title":"Cuidado com compras, porque nada \u00e9 t\u00e3o seguro como dizem - Notibras","og_description":"Quatro empresas de pagamento \u2013 PagSeguro, Mercado Pago, Stone e PicPay \u2013 ter\u00e3o de explicar \u00e0 Secretaria Nacional do Consumidor (Senacon), do Minist\u00e9rio da Justi\u00e7a e Seguran\u00e7a P\u00fablica, supostas cobran\u00e7as disfar\u00e7adas de juros nas compras pagas na modalidade parcelado sem juros. A secretaria investiga den\u00fancia da Federa\u00e7\u00e3o Brasileira dos Bancos (Febraban), que acusa as empresas [&hellip;]","og_url":"https:\/\/www.notibras.com\/site\/cuidado-com-compras-porque-nada-e-tao-seguro-como-dizem\/","og_site_name":"Notibras","article_publisher":"https:\/\/www.facebook.com\/notibras\/","article_published_time":"2024-01-15T21:02:14+00:00","article_modified_time":"2024-01-15T22:20:57+00:00","og_image":[{"width":1170,"height":700,"url":"https:\/\/www.notibras.com\/site\/wp-content\/uploads\/2024\/01\/pagsdeg.jpg","type":"image\/jpeg"}],"author":"Reda\u00e7\u00e3o","twitter_card":"summary_large_image","twitter_creator":"@Notibras","twitter_site":"@Notibras","twitter_misc":{"Escrito por":"Reda\u00e7\u00e3o","Est. tempo de leitura":"3 minutos"},"schema":{"@context":"https:\/\/schema.org","@graph":[{"@type":"Article","@id":"https:\/\/www.notibras.com\/site\/cuidado-com-compras-porque-nada-e-tao-seguro-como-dizem\/#article","isPartOf":{"@id":"https:\/\/www.notibras.com\/site\/cuidado-com-compras-porque-nada-e-tao-seguro-como-dizem\/"},"author":{"name":"Reda\u00e7\u00e3o","@id":"https:\/\/www.notibras.com\/site\/#\/schema\/person\/36ab0979449956132d3e5b517ea76ac8"},"headline":"Cuidado com compras, porque nada \u00e9 t\u00e3o seguro como dizem","datePublished":"2024-01-15T21:02:14+00:00","dateModified":"2024-01-15T22:20:57+00:00","mainEntityOfPage":{"@id":"https:\/\/www.notibras.com\/site\/cuidado-com-compras-porque-nada-e-tao-seguro-como-dizem\/"},"wordCount":433,"publisher":{"@id":"https:\/\/www.notibras.com\/site\/#organization"},"image":{"@id":"https:\/\/www.notibras.com\/site\/cuidado-com-compras-porque-nada-e-tao-seguro-como-dizem\/#primaryimage"},"thumbnailUrl":"https:\/\/www.notibras.com\/site\/wp-content\/uploads\/2024\/01\/pagsdeg.jpg","keywords":["capa"],"articleSection":["Quadradinho em Foco"],"inLanguage":"pt-BR"},{"@type":"WebPage","@id":"https:\/\/www.notibras.com\/site\/cuidado-com-compras-porque-nada-e-tao-seguro-como-dizem\/","url":"https:\/\/www.notibras.com\/site\/cuidado-com-compras-porque-nada-e-tao-seguro-como-dizem\/","name":"Cuidado com compras, porque nada \u00e9 t\u00e3o seguro como dizem - Notibras","isPartOf":{"@id":"https:\/\/www.notibras.com\/site\/#website"},"primaryImageOfPage":{"@id":"https:\/\/www.notibras.com\/site\/cuidado-com-compras-porque-nada-e-tao-seguro-como-dizem\/#primaryimage"},"image":{"@id":"https:\/\/www.notibras.com\/site\/cuidado-com-compras-porque-nada-e-tao-seguro-como-dizem\/#primaryimage"},"thumbnailUrl":"https:\/\/www.notibras.com\/site\/wp-content\/uploads\/2024\/01\/pagsdeg.jpg","datePublished":"2024-01-15T21:02:14+00:00","dateModified":"2024-01-15T22:20:57+00:00","breadcrumb":{"@id":"https:\/\/www.notibras.com\/site\/cuidado-com-compras-porque-nada-e-tao-seguro-como-dizem\/#breadcrumb"},"inLanguage":"pt-BR","potentialAction":[{"@type":"ReadAction","target":["https:\/\/www.notibras.com\/site\/cuidado-com-compras-porque-nada-e-tao-seguro-como-dizem\/"]}]},{"@type":"ImageObject","inLanguage":"pt-BR","@id":"https:\/\/www.notibras.com\/site\/cuidado-com-compras-porque-nada-e-tao-seguro-como-dizem\/#primaryimage","url":"https:\/\/www.notibras.com\/site\/wp-content\/uploads\/2024\/01\/pagsdeg.jpg","contentUrl":"https:\/\/www.notibras.com\/site\/wp-content\/uploads\/2024\/01\/pagsdeg.jpg","width":1170,"height":700},{"@type":"BreadcrumbList","@id":"https:\/\/www.notibras.com\/site\/cuidado-com-compras-porque-nada-e-tao-seguro-como-dizem\/#breadcrumb","itemListElement":[{"@type":"ListItem","position":1,"name":"In\u00edcio","item":"https:\/\/www.notibras.com\/site\/"},{"@type":"ListItem","position":2,"name":"Cuidado com compras, porque nada \u00e9 t\u00e3o seguro como dizem"}]},{"@type":"WebSite","@id":"https:\/\/www.notibras.com\/site\/#website","url":"https:\/\/www.notibras.com\/site\/","name":"Notibras","description":"Not\u00edcias de Bras\u00edlia, do Brasil e do Mundo","publisher":{"@id":"https:\/\/www.notibras.com\/site\/#organization"},"potentialAction":[{"@type":"SearchAction","target":{"@type":"EntryPoint","urlTemplate":"https:\/\/www.notibras.com\/site\/?s={search_term_string}"},"query-input":{"@type":"PropertyValueSpecification","valueRequired":true,"valueName":"search_term_string"}}],"inLanguage":"pt-BR"},{"@type":"Organization","@id":"https:\/\/www.notibras.com\/site\/#organization","name":"Grupo Notibras de Comunica\u00e7\u00e3o","url":"https:\/\/www.notibras.com\/site\/","logo":{"@type":"ImageObject","inLanguage":"pt-BR","@id":"https:\/\/www.notibras.com\/site\/#\/schema\/logo\/image\/","url":"https:\/\/www.notibras.com\/site\/wp-content\/uploads\/2023\/01\/notibras23.png","contentUrl":"https:\/\/www.notibras.com\/site\/wp-content\/uploads\/2023\/01\/notibras23.png","width":350,"height":87,"caption":"Grupo Notibras de Comunica\u00e7\u00e3o"},"image":{"@id":"https:\/\/www.notibras.com\/site\/#\/schema\/logo\/image\/"},"sameAs":["https:\/\/www.facebook.com\/notibras\/","https:\/\/x.com\/Notibras","https:\/\/www.instagram.com\/notibras\/"]},{"@type":"Person","@id":"https:\/\/www.notibras.com\/site\/#\/schema\/person\/36ab0979449956132d3e5b517ea76ac8","name":"Reda\u00e7\u00e3o","image":{"@type":"ImageObject","inLanguage":"pt-BR","@id":"https:\/\/secure.gravatar.com\/avatar\/e0a867bdedb85fd243eadf09663511f96fc81e0720a4a42581f334ad4303aa6b?s=96&d=mm&r=g","url":"https:\/\/secure.gravatar.com\/avatar\/e0a867bdedb85fd243eadf09663511f96fc81e0720a4a42581f334ad4303aa6b?s=96&d=mm&r=g","contentUrl":"https:\/\/secure.gravatar.com\/avatar\/e0a867bdedb85fd243eadf09663511f96fc81e0720a4a42581f334ad4303aa6b?s=96&d=mm&r=g","caption":"Reda\u00e7\u00e3o"}}]}},"amp_enabled":true,"_links":{"self":[{"href":"https:\/\/www.notibras.com\/site\/wp-json\/wp\/v2\/posts\/320629","targetHints":{"allow":["GET"]}}],"collection":[{"href":"https:\/\/www.notibras.com\/site\/wp-json\/wp\/v2\/posts"}],"about":[{"href":"https:\/\/www.notibras.com\/site\/wp-json\/wp\/v2\/types\/post"}],"author":[{"embeddable":true,"href":"https:\/\/www.notibras.com\/site\/wp-json\/wp\/v2\/users\/2"}],"replies":[{"embeddable":true,"href":"https:\/\/www.notibras.com\/site\/wp-json\/wp\/v2\/comments?post=320629"}],"version-history":[{"count":1,"href":"https:\/\/www.notibras.com\/site\/wp-json\/wp\/v2\/posts\/320629\/revisions"}],"predecessor-version":[{"id":320631,"href":"https:\/\/www.notibras.com\/site\/wp-json\/wp\/v2\/posts\/320629\/revisions\/320631"}],"wp:featuredmedia":[{"embeddable":true,"href":"https:\/\/www.notibras.com\/site\/wp-json\/wp\/v2\/media\/320630"}],"wp:attachment":[{"href":"https:\/\/www.notibras.com\/site\/wp-json\/wp\/v2\/media?parent=320629"}],"wp:term":[{"taxonomy":"category","embeddable":true,"href":"https:\/\/www.notibras.com\/site\/wp-json\/wp\/v2\/categories?post=320629"},{"taxonomy":"post_tag","embeddable":true,"href":"https:\/\/www.notibras.com\/site\/wp-json\/wp\/v2\/tags?post=320629"}],"curies":[{"name":"wp","href":"https:\/\/api.w.org\/{rel}","templated":true}]}}