{"id":320664,"date":"2024-01-16T08:05:11","date_gmt":"2024-01-16T11:05:11","guid":{"rendered":"https:\/\/www.notibras.com\/site\/?p=320664"},"modified":"2024-01-16T12:22:47","modified_gmt":"2024-01-16T15:22:47","slug":"camila-morgado-e-a-minha-manteiga-sem-sal","status":"publish","type":"post","link":"https:\/\/www.notibras.com\/site\/camila-morgado-e-a-minha-manteiga-sem-sal\/","title":{"rendered":"Camila Morgado e a minha manteiga sem sal"},"content":{"rendered":"<p>Eram os anos 1990, eu morava em uma das vagas que meu primo Henrique alugava na rua Volunt\u00e1rios da P\u00e1tria, em Botafogo, justamente o bairro onde nasci na mais linda cidade deste nosso planeta, que n\u00e3o \u00e9 plano, apesar de alguns incautos habitantes ainda insistirem em tamanho disparate. E, olhando agora para aqueles tempos, parece-me que viv\u00edamos num caos, mas \u00e9ramos jovens e praticamente n\u00e3o par\u00e1vamos no nosso lar, doce lar de ent\u00e3o.<\/p>\n<p>Apesar de sermos todos primaveris, eu destoava dos meus companheiros de moradia. N\u00e3o que eu fosse mais bonito ou mais feio que os demais. Tamb\u00e9m n\u00e3o era mais gordo ou magro, nem mais alto ou mais baixo. O lance \u00e9 que todos eles buscavam o estrelato, eram artistas atr\u00e1s de um espa\u00e7o na concorrida vida dos palcos.<\/p>\n<p>N\u00e3o me lembro de todos que passaram pelo apartamento do meu primo. No entanto, acabei me tornando amigo da Catia Carvalhal, que tentava se tornar dubladora. Ela era amiga de outra moradora, uma jovem atriz ainda desconhecida, bem magrinha, loira e de olhos enormes de um azul da cor do c\u00e9u em um dia de praia. Seu nome? Camila Morgado.<\/p>\n<p>Apesar de n\u00e3o receber nenhuma fortuna, eu era o \u00fanico que ganhava o suficiente para ter uma vida razoavelmente confort\u00e1vel. Desse modo, minha condi\u00e7\u00e3o financeira, entre todos que moravam no apartamento em Botafogo, era a melhor. No entanto, como bem me disse uma outra atriz em come\u00e7o de carreira, a minha vida devia ser muito chata. N\u00e3o sei se isso era totalmente verdade, mas entendi o que ela quis dizer, pois o meu destino me reservava algo comum entre a popula\u00e7\u00e3o em geral.<\/p>\n<p>Nessa \u00e9poca, eu me ocupava com o curso de medicina veterin\u00e1ria na Rural do Rio (UFRRJ), que fica em Serop\u00e9dica, buc\u00f3lico munic\u00edpio do estado do Rio de Janeiro. De l\u00e1, pegava um \u00f4nibus e rumava para o Andara\u00ed, bairro suburbano da Cidade Maravilhosa, onde trabalhava no Banco do Brasil na parte da compensa\u00e7\u00e3o, que come\u00e7ava \u00e0 noite e terminava apenas de madrugada. Quando dava, ia para casa e dormia por uma ou duas horas, tomava um banho e voltava para as aulas na Rural.<\/p>\n<p>Para quem n\u00e3o conhece os trajetos que fazia, imagine um grande tri\u00e2ngulo, onde Botafogo, Serop\u00e9dica e Andara\u00ed ficam em cada uma das pontas. Os lados teriam dist\u00e2ncias aproximadas de 85 km, 75 km e 15 km. A rotina era pesada e, por isso, costumava aproveitar os trajetos e tirava aquela soneca. \u00c9 verdade que, por conta disso, \u00e0s vezes, tamb\u00e9m perdia o ponto de descida e precisava caminhar de volta por alguns quil\u00f4metros. Mas nada que piorasse tanto o que j\u00e1 estava complicado demais.<\/p>\n<p>Nesse tempo, o dia que mais me dava prazer era a sexta-feira, pois sabia que, no dia seguinte, n\u00e3o precisaria acordar cedo e poderia dormir por mais algumas horas, mesmo que necessitasse estudar para uma ou outra prova. Dessa forma, ao sair do banco, rumava para o aconchego da minha cama, acompanhado da certeza de que meu corpo repousaria por pelo menos oito horas.<\/p>\n<p>Pois bem, foi justamente num s\u00e1bado que aconteceu algo que at\u00e9 hoje me faz dar boas gargalhadas. \u00c9 que eu gosto de manteiga sem sal e dura. Entretanto, por algumas vezes, percebi que algu\u00e9m a retirava da geladeira e a salpicava de sal. Longe disso me tirar do s\u00e9rio. Na verdade, eu at\u00e9 achava gra\u00e7a, pois me levava a um devaneio, que, naquela \u00e9poca, era extremamente necess\u00e1rio para mim.<\/p>\n<p>O engra\u00e7ado \u00e9 que, ao escrever sobre essa hist\u00f3ria, chego a sentir o sabor daquela manteiga mole e salgada no biscoito cream cracker. Isso me ajuda a ter boas lembran\u00e7as de um tempo de muita correria. Talvez eu esteja romantizando um per\u00edodo conturbado da minha exist\u00eancia. Seja como for, lembrar disso me faz sentir muito bem.<\/p>\n<p>Mas voltemos ao conforto da minha cama naquele s\u00e1bado dos anos 1990. Dormia o sono dos moribundos, quando, ent\u00e3o, fui despertado por duas vozes femininas muito agrad\u00e1veis. Logo as reconheci: Catia e Camila. Elas gargalhavam, mas n\u00e3o dei muita aten\u00e7\u00e3o, pois meu travesseiro me parecia muito mais interessante naquele momento. Todavia, o seguinte interl\u00fadio me fez voltar as orelhas para a pequena cozinha.<\/p>\n<p>&#8211; Catia, quem \u00e9 o sem-no\u00e7\u00e3o que s\u00f3 compra manteiga sem sal e ainda coloca na geladeira?<\/p>\n<p>&#8211; Sei l\u00e1! Mas \u00e9 um sem-no\u00e7\u00e3o mesmo!<\/p>\n","protected":false},"excerpt":{"rendered":"<p>Eram os anos 1990, eu morava em uma das vagas que meu primo Henrique alugava na rua Volunt\u00e1rios da P\u00e1tria, em Botafogo, justamente o bairro onde nasci na mais linda cidade deste nosso planeta, que n\u00e3o \u00e9 plano, apesar de alguns incautos habitantes ainda insistirem em tamanho disparate. E, olhando agora para aqueles tempos, parece-me [&hellip;]<\/p>\n","protected":false},"author":2,"featured_media":320665,"comment_status":"closed","ping_status":"closed","sticky":false,"template":"","format":"standard","meta":{"_acf_changed":false,"footnotes":""},"categories":[161],"tags":[],"class_list":["post-320664","post","type-post","status-publish","format-standard","has-post-thumbnail","hentry","category-quadradinho-em-foco"],"acf":[],"yoast_head":"<!-- This site is optimized with the Yoast SEO plugin v27.2 - https:\/\/yoast.com\/product\/yoast-seo-wordpress\/ -->\n<title>Camila Morgado e a minha manteiga sem sal - Notibras<\/title>\n<meta name=\"robots\" content=\"index, follow, max-snippet:-1, max-image-preview:large, max-video-preview:-1\" \/>\n<link rel=\"canonical\" href=\"https:\/\/www.notibras.com\/site\/camila-morgado-e-a-minha-manteiga-sem-sal\/\" \/>\n<meta property=\"og:locale\" content=\"pt_BR\" \/>\n<meta property=\"og:type\" content=\"article\" \/>\n<meta property=\"og:title\" content=\"Camila Morgado e a minha manteiga sem sal - Notibras\" \/>\n<meta property=\"og:description\" content=\"Eram os anos 1990, eu morava em uma das vagas que meu primo Henrique alugava na rua Volunt\u00e1rios da P\u00e1tria, em Botafogo, justamente o bairro onde nasci na mais linda cidade deste nosso planeta, que n\u00e3o \u00e9 plano, apesar de alguns incautos habitantes ainda insistirem em tamanho disparate. E, olhando agora para aqueles tempos, parece-me [&hellip;]\" \/>\n<meta property=\"og:url\" content=\"https:\/\/www.notibras.com\/site\/camila-morgado-e-a-minha-manteiga-sem-sal\/\" \/>\n<meta property=\"og:site_name\" content=\"Notibras\" \/>\n<meta property=\"article:publisher\" content=\"https:\/\/www.facebook.com\/notibras\/\" \/>\n<meta property=\"article:published_time\" content=\"2024-01-16T11:05:11+00:00\" \/>\n<meta property=\"article:modified_time\" content=\"2024-01-16T15:22:47+00:00\" \/>\n<meta property=\"og:image\" content=\"https:\/\/www.notibras.com\/site\/wp-content\/uploads\/2024\/01\/0000070_pao-com-manteiga-na-canoa_800.jpeg\" \/>\n\t<meta property=\"og:image:width\" content=\"800\" \/>\n\t<meta property=\"og:image:height\" content=\"532\" \/>\n\t<meta property=\"og:image:type\" content=\"image\/jpeg\" \/>\n<meta name=\"author\" content=\"Reda\u00e7\u00e3o\" \/>\n<meta name=\"twitter:card\" content=\"summary_large_image\" \/>\n<meta name=\"twitter:creator\" content=\"@Notibras\" \/>\n<meta name=\"twitter:site\" content=\"@Notibras\" \/>\n<meta name=\"twitter:label1\" content=\"Escrito por\" \/>\n\t<meta name=\"twitter:data1\" content=\"Reda\u00e7\u00e3o\" \/>\n\t<meta name=\"twitter:label2\" content=\"Est. tempo de leitura\" \/>\n\t<meta name=\"twitter:data2\" content=\"4 minutos\" \/>\n<script type=\"application\/ld+json\" class=\"yoast-schema-graph\">{\"@context\":\"https:\/\/schema.org\",\"@graph\":[{\"@type\":\"Article\",\"@id\":\"https:\/\/www.notibras.com\/site\/camila-morgado-e-a-minha-manteiga-sem-sal\/#article\",\"isPartOf\":{\"@id\":\"https:\/\/www.notibras.com\/site\/camila-morgado-e-a-minha-manteiga-sem-sal\/\"},\"author\":{\"name\":\"Reda\u00e7\u00e3o\",\"@id\":\"https:\/\/www.notibras.com\/site\/#\/schema\/person\/36ab0979449956132d3e5b517ea76ac8\"},\"headline\":\"Camila Morgado e a minha manteiga sem sal\",\"datePublished\":\"2024-01-16T11:05:11+00:00\",\"dateModified\":\"2024-01-16T15:22:47+00:00\",\"mainEntityOfPage\":{\"@id\":\"https:\/\/www.notibras.com\/site\/camila-morgado-e-a-minha-manteiga-sem-sal\/\"},\"wordCount\":764,\"publisher\":{\"@id\":\"https:\/\/www.notibras.com\/site\/#organization\"},\"image\":{\"@id\":\"https:\/\/www.notibras.com\/site\/camila-morgado-e-a-minha-manteiga-sem-sal\/#primaryimage\"},\"thumbnailUrl\":\"https:\/\/www.notibras.com\/site\/wp-content\/uploads\/2024\/01\/0000070_pao-com-manteiga-na-canoa_800.jpeg\",\"articleSection\":[\"Quadradinho em Foco\"],\"inLanguage\":\"pt-BR\"},{\"@type\":\"WebPage\",\"@id\":\"https:\/\/www.notibras.com\/site\/camila-morgado-e-a-minha-manteiga-sem-sal\/\",\"url\":\"https:\/\/www.notibras.com\/site\/camila-morgado-e-a-minha-manteiga-sem-sal\/\",\"name\":\"Camila Morgado e a minha manteiga sem sal - Notibras\",\"isPartOf\":{\"@id\":\"https:\/\/www.notibras.com\/site\/#website\"},\"primaryImageOfPage\":{\"@id\":\"https:\/\/www.notibras.com\/site\/camila-morgado-e-a-minha-manteiga-sem-sal\/#primaryimage\"},\"image\":{\"@id\":\"https:\/\/www.notibras.com\/site\/camila-morgado-e-a-minha-manteiga-sem-sal\/#primaryimage\"},\"thumbnailUrl\":\"https:\/\/www.notibras.com\/site\/wp-content\/uploads\/2024\/01\/0000070_pao-com-manteiga-na-canoa_800.jpeg\",\"datePublished\":\"2024-01-16T11:05:11+00:00\",\"dateModified\":\"2024-01-16T15:22:47+00:00\",\"breadcrumb\":{\"@id\":\"https:\/\/www.notibras.com\/site\/camila-morgado-e-a-minha-manteiga-sem-sal\/#breadcrumb\"},\"inLanguage\":\"pt-BR\",\"potentialAction\":[{\"@type\":\"ReadAction\",\"target\":[\"https:\/\/www.notibras.com\/site\/camila-morgado-e-a-minha-manteiga-sem-sal\/\"]}]},{\"@type\":\"ImageObject\",\"inLanguage\":\"pt-BR\",\"@id\":\"https:\/\/www.notibras.com\/site\/camila-morgado-e-a-minha-manteiga-sem-sal\/#primaryimage\",\"url\":\"https:\/\/www.notibras.com\/site\/wp-content\/uploads\/2024\/01\/0000070_pao-com-manteiga-na-canoa_800.jpeg\",\"contentUrl\":\"https:\/\/www.notibras.com\/site\/wp-content\/uploads\/2024\/01\/0000070_pao-com-manteiga-na-canoa_800.jpeg\",\"width\":800,\"height\":532},{\"@type\":\"BreadcrumbList\",\"@id\":\"https:\/\/www.notibras.com\/site\/camila-morgado-e-a-minha-manteiga-sem-sal\/#breadcrumb\",\"itemListElement\":[{\"@type\":\"ListItem\",\"position\":1,\"name\":\"In\u00edcio\",\"item\":\"https:\/\/www.notibras.com\/site\/\"},{\"@type\":\"ListItem\",\"position\":2,\"name\":\"Camila Morgado e a minha manteiga sem sal\"}]},{\"@type\":\"WebSite\",\"@id\":\"https:\/\/www.notibras.com\/site\/#website\",\"url\":\"https:\/\/www.notibras.com\/site\/\",\"name\":\"Notibras\",\"description\":\"Not\u00edcias de Bras\u00edlia, do Brasil e do Mundo\",\"publisher\":{\"@id\":\"https:\/\/www.notibras.com\/site\/#organization\"},\"potentialAction\":[{\"@type\":\"SearchAction\",\"target\":{\"@type\":\"EntryPoint\",\"urlTemplate\":\"https:\/\/www.notibras.com\/site\/?s={search_term_string}\"},\"query-input\":{\"@type\":\"PropertyValueSpecification\",\"valueRequired\":true,\"valueName\":\"search_term_string\"}}],\"inLanguage\":\"pt-BR\"},{\"@type\":\"Organization\",\"@id\":\"https:\/\/www.notibras.com\/site\/#organization\",\"name\":\"Grupo Notibras de Comunica\u00e7\u00e3o\",\"url\":\"https:\/\/www.notibras.com\/site\/\",\"logo\":{\"@type\":\"ImageObject\",\"inLanguage\":\"pt-BR\",\"@id\":\"https:\/\/www.notibras.com\/site\/#\/schema\/logo\/image\/\",\"url\":\"https:\/\/www.notibras.com\/site\/wp-content\/uploads\/2023\/01\/notibras23.png\",\"contentUrl\":\"https:\/\/www.notibras.com\/site\/wp-content\/uploads\/2023\/01\/notibras23.png\",\"width\":350,\"height\":87,\"caption\":\"Grupo Notibras de Comunica\u00e7\u00e3o\"},\"image\":{\"@id\":\"https:\/\/www.notibras.com\/site\/#\/schema\/logo\/image\/\"},\"sameAs\":[\"https:\/\/www.facebook.com\/notibras\/\",\"https:\/\/x.com\/Notibras\",\"https:\/\/www.instagram.com\/notibras\/\"]},{\"@type\":\"Person\",\"@id\":\"https:\/\/www.notibras.com\/site\/#\/schema\/person\/36ab0979449956132d3e5b517ea76ac8\",\"name\":\"Reda\u00e7\u00e3o\",\"image\":{\"@type\":\"ImageObject\",\"inLanguage\":\"pt-BR\",\"@id\":\"https:\/\/secure.gravatar.com\/avatar\/e0a867bdedb85fd243eadf09663511f96fc81e0720a4a42581f334ad4303aa6b?s=96&d=mm&r=g\",\"url\":\"https:\/\/secure.gravatar.com\/avatar\/e0a867bdedb85fd243eadf09663511f96fc81e0720a4a42581f334ad4303aa6b?s=96&d=mm&r=g\",\"contentUrl\":\"https:\/\/secure.gravatar.com\/avatar\/e0a867bdedb85fd243eadf09663511f96fc81e0720a4a42581f334ad4303aa6b?s=96&d=mm&r=g\",\"caption\":\"Reda\u00e7\u00e3o\"}}]}<\/script>\n<!-- \/ Yoast SEO plugin. -->","yoast_head_json":{"title":"Camila Morgado e a minha manteiga sem sal - Notibras","robots":{"index":"index","follow":"follow","max-snippet":"max-snippet:-1","max-image-preview":"max-image-preview:large","max-video-preview":"max-video-preview:-1"},"canonical":"https:\/\/www.notibras.com\/site\/camila-morgado-e-a-minha-manteiga-sem-sal\/","og_locale":"pt_BR","og_type":"article","og_title":"Camila Morgado e a minha manteiga sem sal - Notibras","og_description":"Eram os anos 1990, eu morava em uma das vagas que meu primo Henrique alugava na rua Volunt\u00e1rios da P\u00e1tria, em Botafogo, justamente o bairro onde nasci na mais linda cidade deste nosso planeta, que n\u00e3o \u00e9 plano, apesar de alguns incautos habitantes ainda insistirem em tamanho disparate. E, olhando agora para aqueles tempos, parece-me [&hellip;]","og_url":"https:\/\/www.notibras.com\/site\/camila-morgado-e-a-minha-manteiga-sem-sal\/","og_site_name":"Notibras","article_publisher":"https:\/\/www.facebook.com\/notibras\/","article_published_time":"2024-01-16T11:05:11+00:00","article_modified_time":"2024-01-16T15:22:47+00:00","og_image":[{"width":800,"height":532,"url":"https:\/\/www.notibras.com\/site\/wp-content\/uploads\/2024\/01\/0000070_pao-com-manteiga-na-canoa_800.jpeg","type":"image\/jpeg"}],"author":"Reda\u00e7\u00e3o","twitter_card":"summary_large_image","twitter_creator":"@Notibras","twitter_site":"@Notibras","twitter_misc":{"Escrito por":"Reda\u00e7\u00e3o","Est. tempo de leitura":"4 minutos"},"schema":{"@context":"https:\/\/schema.org","@graph":[{"@type":"Article","@id":"https:\/\/www.notibras.com\/site\/camila-morgado-e-a-minha-manteiga-sem-sal\/#article","isPartOf":{"@id":"https:\/\/www.notibras.com\/site\/camila-morgado-e-a-minha-manteiga-sem-sal\/"},"author":{"name":"Reda\u00e7\u00e3o","@id":"https:\/\/www.notibras.com\/site\/#\/schema\/person\/36ab0979449956132d3e5b517ea76ac8"},"headline":"Camila Morgado e a minha manteiga sem sal","datePublished":"2024-01-16T11:05:11+00:00","dateModified":"2024-01-16T15:22:47+00:00","mainEntityOfPage":{"@id":"https:\/\/www.notibras.com\/site\/camila-morgado-e-a-minha-manteiga-sem-sal\/"},"wordCount":764,"publisher":{"@id":"https:\/\/www.notibras.com\/site\/#organization"},"image":{"@id":"https:\/\/www.notibras.com\/site\/camila-morgado-e-a-minha-manteiga-sem-sal\/#primaryimage"},"thumbnailUrl":"https:\/\/www.notibras.com\/site\/wp-content\/uploads\/2024\/01\/0000070_pao-com-manteiga-na-canoa_800.jpeg","articleSection":["Quadradinho em Foco"],"inLanguage":"pt-BR"},{"@type":"WebPage","@id":"https:\/\/www.notibras.com\/site\/camila-morgado-e-a-minha-manteiga-sem-sal\/","url":"https:\/\/www.notibras.com\/site\/camila-morgado-e-a-minha-manteiga-sem-sal\/","name":"Camila Morgado e a minha manteiga sem sal - Notibras","isPartOf":{"@id":"https:\/\/www.notibras.com\/site\/#website"},"primaryImageOfPage":{"@id":"https:\/\/www.notibras.com\/site\/camila-morgado-e-a-minha-manteiga-sem-sal\/#primaryimage"},"image":{"@id":"https:\/\/www.notibras.com\/site\/camila-morgado-e-a-minha-manteiga-sem-sal\/#primaryimage"},"thumbnailUrl":"https:\/\/www.notibras.com\/site\/wp-content\/uploads\/2024\/01\/0000070_pao-com-manteiga-na-canoa_800.jpeg","datePublished":"2024-01-16T11:05:11+00:00","dateModified":"2024-01-16T15:22:47+00:00","breadcrumb":{"@id":"https:\/\/www.notibras.com\/site\/camila-morgado-e-a-minha-manteiga-sem-sal\/#breadcrumb"},"inLanguage":"pt-BR","potentialAction":[{"@type":"ReadAction","target":["https:\/\/www.notibras.com\/site\/camila-morgado-e-a-minha-manteiga-sem-sal\/"]}]},{"@type":"ImageObject","inLanguage":"pt-BR","@id":"https:\/\/www.notibras.com\/site\/camila-morgado-e-a-minha-manteiga-sem-sal\/#primaryimage","url":"https:\/\/www.notibras.com\/site\/wp-content\/uploads\/2024\/01\/0000070_pao-com-manteiga-na-canoa_800.jpeg","contentUrl":"https:\/\/www.notibras.com\/site\/wp-content\/uploads\/2024\/01\/0000070_pao-com-manteiga-na-canoa_800.jpeg","width":800,"height":532},{"@type":"BreadcrumbList","@id":"https:\/\/www.notibras.com\/site\/camila-morgado-e-a-minha-manteiga-sem-sal\/#breadcrumb","itemListElement":[{"@type":"ListItem","position":1,"name":"In\u00edcio","item":"https:\/\/www.notibras.com\/site\/"},{"@type":"ListItem","position":2,"name":"Camila Morgado e a minha manteiga sem sal"}]},{"@type":"WebSite","@id":"https:\/\/www.notibras.com\/site\/#website","url":"https:\/\/www.notibras.com\/site\/","name":"Notibras","description":"Not\u00edcias de Bras\u00edlia, do Brasil e do Mundo","publisher":{"@id":"https:\/\/www.notibras.com\/site\/#organization"},"potentialAction":[{"@type":"SearchAction","target":{"@type":"EntryPoint","urlTemplate":"https:\/\/www.notibras.com\/site\/?s={search_term_string}"},"query-input":{"@type":"PropertyValueSpecification","valueRequired":true,"valueName":"search_term_string"}}],"inLanguage":"pt-BR"},{"@type":"Organization","@id":"https:\/\/www.notibras.com\/site\/#organization","name":"Grupo Notibras de Comunica\u00e7\u00e3o","url":"https:\/\/www.notibras.com\/site\/","logo":{"@type":"ImageObject","inLanguage":"pt-BR","@id":"https:\/\/www.notibras.com\/site\/#\/schema\/logo\/image\/","url":"https:\/\/www.notibras.com\/site\/wp-content\/uploads\/2023\/01\/notibras23.png","contentUrl":"https:\/\/www.notibras.com\/site\/wp-content\/uploads\/2023\/01\/notibras23.png","width":350,"height":87,"caption":"Grupo Notibras de Comunica\u00e7\u00e3o"},"image":{"@id":"https:\/\/www.notibras.com\/site\/#\/schema\/logo\/image\/"},"sameAs":["https:\/\/www.facebook.com\/notibras\/","https:\/\/x.com\/Notibras","https:\/\/www.instagram.com\/notibras\/"]},{"@type":"Person","@id":"https:\/\/www.notibras.com\/site\/#\/schema\/person\/36ab0979449956132d3e5b517ea76ac8","name":"Reda\u00e7\u00e3o","image":{"@type":"ImageObject","inLanguage":"pt-BR","@id":"https:\/\/secure.gravatar.com\/avatar\/e0a867bdedb85fd243eadf09663511f96fc81e0720a4a42581f334ad4303aa6b?s=96&d=mm&r=g","url":"https:\/\/secure.gravatar.com\/avatar\/e0a867bdedb85fd243eadf09663511f96fc81e0720a4a42581f334ad4303aa6b?s=96&d=mm&r=g","contentUrl":"https:\/\/secure.gravatar.com\/avatar\/e0a867bdedb85fd243eadf09663511f96fc81e0720a4a42581f334ad4303aa6b?s=96&d=mm&r=g","caption":"Reda\u00e7\u00e3o"}}]}},"amp_enabled":true,"_links":{"self":[{"href":"https:\/\/www.notibras.com\/site\/wp-json\/wp\/v2\/posts\/320664","targetHints":{"allow":["GET"]}}],"collection":[{"href":"https:\/\/www.notibras.com\/site\/wp-json\/wp\/v2\/posts"}],"about":[{"href":"https:\/\/www.notibras.com\/site\/wp-json\/wp\/v2\/types\/post"}],"author":[{"embeddable":true,"href":"https:\/\/www.notibras.com\/site\/wp-json\/wp\/v2\/users\/2"}],"replies":[{"embeddable":true,"href":"https:\/\/www.notibras.com\/site\/wp-json\/wp\/v2\/comments?post=320664"}],"version-history":[{"count":2,"href":"https:\/\/www.notibras.com\/site\/wp-json\/wp\/v2\/posts\/320664\/revisions"}],"predecessor-version":[{"id":320679,"href":"https:\/\/www.notibras.com\/site\/wp-json\/wp\/v2\/posts\/320664\/revisions\/320679"}],"wp:featuredmedia":[{"embeddable":true,"href":"https:\/\/www.notibras.com\/site\/wp-json\/wp\/v2\/media\/320665"}],"wp:attachment":[{"href":"https:\/\/www.notibras.com\/site\/wp-json\/wp\/v2\/media?parent=320664"}],"wp:term":[{"taxonomy":"category","embeddable":true,"href":"https:\/\/www.notibras.com\/site\/wp-json\/wp\/v2\/categories?post=320664"},{"taxonomy":"post_tag","embeddable":true,"href":"https:\/\/www.notibras.com\/site\/wp-json\/wp\/v2\/tags?post=320664"}],"curies":[{"name":"wp","href":"https:\/\/api.w.org\/{rel}","templated":true}]}}