{"id":320699,"date":"2024-01-17T06:13:47","date_gmt":"2024-01-17T09:13:47","guid":{"rendered":"https:\/\/www.notibras.com\/site\/?p=320699"},"modified":"2024-01-17T06:15:15","modified_gmt":"2024-01-17T09:15:15","slug":"com-ou-sem-saude-mental-pm-vai-demorar-para-resgatar-moral","status":"publish","type":"post","link":"https:\/\/www.notibras.com\/site\/com-ou-sem-saude-mental-pm-vai-demorar-para-resgatar-moral\/","title":{"rendered":"Com ou sem sa\u00fade mental, PM vai demorar para resgatar moral"},"content":{"rendered":"<p>Em carta publicada esta semana no <em>Correio Braziliense<\/em>, uma leitora diz estar \u201cmuito triste com o que est\u00e1 acontecendo com as pol\u00edcias em geral\u201d, particularmente com a do Distrito Federal. O desabafo decorre da trag\u00e9dia envolvendo a Pol\u00edcia Militar, tristemente colocada na linha de frente do levante de 8 de janeiro de 2023. O golpe fracassou, mas a participa\u00e7\u00e3o direta do comando da \u00e9poca e indireta de boa parte da Corpora\u00e7\u00e3o feriu de morte o centen\u00e1rio nome da institui\u00e7\u00e3o.<\/p>\n<p>Conforme a rec\u00e9m-nomeada comandante da PMDF, coronel Ana Paula Barros Habka, o 8 de janeiro abalou a moral do \u00f3rg\u00e3o. Lamento, mas, embora entenda que a sa\u00fade mental do ser humano seja prioridade zero, n\u00e3o h\u00e1 como esquecer a velha m\u00e1xima de que quem procura acha.<\/p>\n<p>Obviamente que a PM ou qualquer outra institui\u00e7\u00e3o similar n\u00e3o \u00e9 pol\u00edtica e nada tem a ver com esse ou aquele pol\u00edtico, tampouco com a linha ideol\u00f3gica do governante. Farda n\u00e3o tem \u2013 pelo menos n\u00e3o deveria ter \u2013 vi\u00e9s partid\u00e1rio. A raz\u00e3o de sua exist\u00eancia \u00e9 a seguran\u00e7a da sociedade de direita, de esquerda e de centro.<\/p>\n<p>Portanto, me deem um \u00fanico argumento para que todo o efetivo da PMDF n\u00e3o estivesse a postos para descumprir as ordens de um espantalho metido a mandat\u00e1rio e conter a sanha de fan\u00e1ticos inseguros e covardes, pois s\u00f3 s\u00e3o machos em bandos.<\/p>\n<p>Por ordens \u201csuperiores\u201d, a Corpora\u00e7\u00e3o se escondeu. O gesto da tropa deixou clara a ades\u00e3o da maioria ao golpe articulado, produzido e ordenado pelo ex-presidente, cujo nome n\u00e3o merece sequer ser citado.<\/p>\n<p>Por conta pr\u00f3pria, o que restou de efetividade da Pol\u00edcia Militar conseguiu manter a ordem e evitar o caos determinado pela corja que apoiou (e apoia) o golpe. Perd\u00e3o pelo sinceric\u00eddio, mas, como diziam os s\u00e1bios, quem se mistura com porco farelo come.<\/p>\n<p>O que posso dizer para amenizar a dor dos familiares do sargento que, no fim de semana, durante um plant\u00e3o de rotina, matou um colega com um tiro na cabe\u00e7a e, em seguida, tirou a pr\u00f3pria vida? Nada que lhes agrade. Eu n\u00e3o defendi \u2013 na verdade abominei \u2013 e n\u00e3o estive na Pra\u00e7a dos Tr\u00eas Poderes no dia em que a raz\u00e3o calou de vez a \u201cemo\u00e7\u00e3o\u201d doentia de um grupo de idiotas denominados \u201cpatriotas. Foi um circo sem palha\u00e7adas e com o personagem principal bem longe do picadeiro.<\/p>\n<p>Reitero que compartilho com o desabafo e com a dor da senhora de Bras\u00edlia. S\u00f3 n\u00e3o concordo no todo com a tese de alguns analistas e de integrantes da pr\u00f3pria PMDF. No af\u00e3 de justificar o corrido, creditam o dram\u00e1tico sucedido ao estresse doentio dos militares brasilienses, os mais bem pagos do Brasil.<\/p>\n<p>Pior do que isso. Vinculam a \u201cdoen\u00e7a\u201d da tropa \u00e0 proximidade com ex-comandante, coronel F\u00e1bio Augusto Vieira, preso ap\u00f3s ser apontado como prov\u00e1vel respons\u00e1vel, por a\u00e7\u00e3o direta ou omiss\u00e3o, pela falha de seguran\u00e7a ocorrida nos terr\u00edveis atos golpistas contra os tr\u00eas poderes da Rep\u00fablica, consequentemente contra a democracia. O mundo e o Brasil realmente est\u00e3o doentes, estressados e psiquiatricamente enfraquecidos, principalmente os que desejavam se manter \u00e0 for\u00e7a no poder.<\/p>\n<p>Culpar o estresse \u00e9 o mesmo que jogar para debaixo do tapete as obriga\u00e7\u00f5es dos gestores. N\u00e3o tenho dados concretos, mas acredito que o corre-corre dos trabalhadores assalariados e a tristeza do contingente de pais de fam\u00edlia que, em v\u00e3o, procuram por uma vaga no mercado de trabalho para alimentar os filhos s\u00e3o t\u00e3o ou mais estressantes do que o dia a dia dos PMs.<\/p>\n<p>Imaginem se, em nome do des\u00e2nimo, da ansiedade e da exaust\u00e3o, esse ex\u00e9rcito de desassistidos sa\u00edsse por a\u00ed matando quem nada tem a ver com sua letargia. N\u00e3o escrevo apenas por lampejos ideol\u00f3gicos, mas exclusivamente baseado em fatos. E os fatos envolvendo a Pol\u00edcia Militar do DF s\u00e3o individual, coletiva e conceitualmente cristalinos.<\/p>\n<p>Como cuido da minha vida e da minha fam\u00edlia, sempre torcendo pela liberdade e pelo crescimento econ\u00f4mico, social e moral do Brasil, n\u00e3o participo de fanfarras ou palha\u00e7arias armadas por ditadores amadores que n\u00e3o aceitam a democracia como sistema de governo abrangente, seguro, aceit\u00e1vel e respeitado pelos quatro cantos do mundo. Se h\u00e1 um quinto, deve estar bem mais pr\u00f3ximo do inferno depressivo do que eu e dos que est\u00e3o em paz com seus esp\u00edritos.<\/p>\n<p>Por isso, n\u00e3o fui preso, n\u00e3o fiquei doente e estou com a consci\u00eancia tranquila. Queira Deus que o maior problema da PMDF n\u00e3o seja especificamente de consci\u00eancia. Se for, sugiro \u00e0 coronel Ana Paula que sente e ore. Ore muito para que a Corpora\u00e7\u00e3o se recupere do 8 de janeiro.<\/p>\n<p><strong>*Armando Cardoso \u00e9 presidente do Conselho Editorial de <em>Notibras<\/em><\/strong><\/p>\n","protected":false},"excerpt":{"rendered":"<p>Em carta publicada esta semana no Correio Braziliense, uma leitora diz estar \u201cmuito triste com o que est\u00e1 acontecendo com as pol\u00edcias em geral\u201d, particularmente com a do Distrito Federal. O desabafo decorre da trag\u00e9dia envolvendo a Pol\u00edcia Militar, tristemente colocada na linha de frente do levante de 8 de janeiro de 2023. O golpe [&hellip;]<\/p>\n","protected":false},"author":2,"featured_media":305206,"comment_status":"closed","ping_status":"closed","sticky":false,"template":"","format":"standard","meta":{"_acf_changed":false,"footnotes":""},"categories":[161],"tags":[95],"class_list":["post-320699","post","type-post","status-publish","format-standard","has-post-thumbnail","hentry","category-quadradinho-em-foco","tag-capa"],"acf":[],"yoast_head":"<!-- This site is optimized with the Yoast SEO plugin v27.2 - https:\/\/yoast.com\/product\/yoast-seo-wordpress\/ -->\n<title>Com ou sem sa\u00fade mental, PM vai demorar para resgatar moral - Notibras<\/title>\n<meta name=\"robots\" content=\"index, follow, max-snippet:-1, max-image-preview:large, max-video-preview:-1\" \/>\n<link rel=\"canonical\" href=\"https:\/\/www.notibras.com\/site\/com-ou-sem-saude-mental-pm-vai-demorar-para-resgatar-moral\/\" \/>\n<meta property=\"og:locale\" content=\"pt_BR\" \/>\n<meta property=\"og:type\" content=\"article\" \/>\n<meta property=\"og:title\" content=\"Com ou sem sa\u00fade mental, PM vai demorar para resgatar moral - Notibras\" \/>\n<meta property=\"og:description\" content=\"Em carta publicada esta semana no Correio Braziliense, uma leitora diz estar \u201cmuito triste com o que est\u00e1 acontecendo com as pol\u00edcias em geral\u201d, particularmente com a do Distrito Federal. O desabafo decorre da trag\u00e9dia envolvendo a Pol\u00edcia Militar, tristemente colocada na linha de frente do levante de 8 de janeiro de 2023. O golpe [&hellip;]\" \/>\n<meta property=\"og:url\" content=\"https:\/\/www.notibras.com\/site\/com-ou-sem-saude-mental-pm-vai-demorar-para-resgatar-moral\/\" \/>\n<meta property=\"og:site_name\" content=\"Notibras\" \/>\n<meta property=\"article:publisher\" content=\"https:\/\/www.facebook.com\/notibras\/\" \/>\n<meta property=\"article:published_time\" content=\"2024-01-17T09:13:47+00:00\" \/>\n<meta property=\"article:modified_time\" content=\"2024-01-17T09:15:15+00:00\" \/>\n<meta property=\"og:image\" content=\"https:\/\/www.notibras.com\/site\/wp-content\/uploads\/2023\/05\/ibaneis-demite-anderson-torres-e-manda-todo-efetivo-da-pm-para-a-esplanada.jpg\" \/>\n\t<meta property=\"og:image:width\" content=\"1000\" \/>\n\t<meta property=\"og:image:height\" content=\"612\" \/>\n\t<meta property=\"og:image:type\" content=\"image\/jpeg\" \/>\n<meta name=\"author\" content=\"Reda\u00e7\u00e3o\" \/>\n<meta name=\"twitter:card\" content=\"summary_large_image\" \/>\n<meta name=\"twitter:creator\" content=\"@Notibras\" \/>\n<meta name=\"twitter:site\" content=\"@Notibras\" \/>\n<meta name=\"twitter:label1\" content=\"Escrito por\" \/>\n\t<meta name=\"twitter:data1\" content=\"Reda\u00e7\u00e3o\" \/>\n\t<meta name=\"twitter:label2\" content=\"Est. tempo de leitura\" \/>\n\t<meta name=\"twitter:data2\" content=\"5 minutos\" \/>\n<script type=\"application\/ld+json\" class=\"yoast-schema-graph\">{\"@context\":\"https:\/\/schema.org\",\"@graph\":[{\"@type\":\"Article\",\"@id\":\"https:\/\/www.notibras.com\/site\/com-ou-sem-saude-mental-pm-vai-demorar-para-resgatar-moral\/#article\",\"isPartOf\":{\"@id\":\"https:\/\/www.notibras.com\/site\/com-ou-sem-saude-mental-pm-vai-demorar-para-resgatar-moral\/\"},\"author\":{\"name\":\"Reda\u00e7\u00e3o\",\"@id\":\"https:\/\/www.notibras.com\/site\/#\/schema\/person\/36ab0979449956132d3e5b517ea76ac8\"},\"headline\":\"Com ou sem sa\u00fade mental, PM vai demorar para resgatar moral\",\"datePublished\":\"2024-01-17T09:13:47+00:00\",\"dateModified\":\"2024-01-17T09:15:15+00:00\",\"mainEntityOfPage\":{\"@id\":\"https:\/\/www.notibras.com\/site\/com-ou-sem-saude-mental-pm-vai-demorar-para-resgatar-moral\/\"},\"wordCount\":854,\"publisher\":{\"@id\":\"https:\/\/www.notibras.com\/site\/#organization\"},\"image\":{\"@id\":\"https:\/\/www.notibras.com\/site\/com-ou-sem-saude-mental-pm-vai-demorar-para-resgatar-moral\/#primaryimage\"},\"thumbnailUrl\":\"https:\/\/www.notibras.com\/site\/wp-content\/uploads\/2023\/05\/ibaneis-demite-anderson-torres-e-manda-todo-efetivo-da-pm-para-a-esplanada.jpg\",\"keywords\":[\"capa\"],\"articleSection\":[\"Quadradinho em Foco\"],\"inLanguage\":\"pt-BR\"},{\"@type\":\"WebPage\",\"@id\":\"https:\/\/www.notibras.com\/site\/com-ou-sem-saude-mental-pm-vai-demorar-para-resgatar-moral\/\",\"url\":\"https:\/\/www.notibras.com\/site\/com-ou-sem-saude-mental-pm-vai-demorar-para-resgatar-moral\/\",\"name\":\"Com ou sem sa\u00fade mental, PM vai demorar para resgatar moral - Notibras\",\"isPartOf\":{\"@id\":\"https:\/\/www.notibras.com\/site\/#website\"},\"primaryImageOfPage\":{\"@id\":\"https:\/\/www.notibras.com\/site\/com-ou-sem-saude-mental-pm-vai-demorar-para-resgatar-moral\/#primaryimage\"},\"image\":{\"@id\":\"https:\/\/www.notibras.com\/site\/com-ou-sem-saude-mental-pm-vai-demorar-para-resgatar-moral\/#primaryimage\"},\"thumbnailUrl\":\"https:\/\/www.notibras.com\/site\/wp-content\/uploads\/2023\/05\/ibaneis-demite-anderson-torres-e-manda-todo-efetivo-da-pm-para-a-esplanada.jpg\",\"datePublished\":\"2024-01-17T09:13:47+00:00\",\"dateModified\":\"2024-01-17T09:15:15+00:00\",\"breadcrumb\":{\"@id\":\"https:\/\/www.notibras.com\/site\/com-ou-sem-saude-mental-pm-vai-demorar-para-resgatar-moral\/#breadcrumb\"},\"inLanguage\":\"pt-BR\",\"potentialAction\":[{\"@type\":\"ReadAction\",\"target\":[\"https:\/\/www.notibras.com\/site\/com-ou-sem-saude-mental-pm-vai-demorar-para-resgatar-moral\/\"]}]},{\"@type\":\"ImageObject\",\"inLanguage\":\"pt-BR\",\"@id\":\"https:\/\/www.notibras.com\/site\/com-ou-sem-saude-mental-pm-vai-demorar-para-resgatar-moral\/#primaryimage\",\"url\":\"https:\/\/www.notibras.com\/site\/wp-content\/uploads\/2023\/05\/ibaneis-demite-anderson-torres-e-manda-todo-efetivo-da-pm-para-a-esplanada.jpg\",\"contentUrl\":\"https:\/\/www.notibras.com\/site\/wp-content\/uploads\/2023\/05\/ibaneis-demite-anderson-torres-e-manda-todo-efetivo-da-pm-para-a-esplanada.jpg\",\"width\":1000,\"height\":612},{\"@type\":\"BreadcrumbList\",\"@id\":\"https:\/\/www.notibras.com\/site\/com-ou-sem-saude-mental-pm-vai-demorar-para-resgatar-moral\/#breadcrumb\",\"itemListElement\":[{\"@type\":\"ListItem\",\"position\":1,\"name\":\"In\u00edcio\",\"item\":\"https:\/\/www.notibras.com\/site\/\"},{\"@type\":\"ListItem\",\"position\":2,\"name\":\"Com ou sem sa\u00fade mental, PM vai demorar para resgatar moral\"}]},{\"@type\":\"WebSite\",\"@id\":\"https:\/\/www.notibras.com\/site\/#website\",\"url\":\"https:\/\/www.notibras.com\/site\/\",\"name\":\"Notibras\",\"description\":\"Not\u00edcias de Bras\u00edlia, do Brasil e do Mundo\",\"publisher\":{\"@id\":\"https:\/\/www.notibras.com\/site\/#organization\"},\"potentialAction\":[{\"@type\":\"SearchAction\",\"target\":{\"@type\":\"EntryPoint\",\"urlTemplate\":\"https:\/\/www.notibras.com\/site\/?s={search_term_string}\"},\"query-input\":{\"@type\":\"PropertyValueSpecification\",\"valueRequired\":true,\"valueName\":\"search_term_string\"}}],\"inLanguage\":\"pt-BR\"},{\"@type\":\"Organization\",\"@id\":\"https:\/\/www.notibras.com\/site\/#organization\",\"name\":\"Grupo Notibras de Comunica\u00e7\u00e3o\",\"url\":\"https:\/\/www.notibras.com\/site\/\",\"logo\":{\"@type\":\"ImageObject\",\"inLanguage\":\"pt-BR\",\"@id\":\"https:\/\/www.notibras.com\/site\/#\/schema\/logo\/image\/\",\"url\":\"https:\/\/www.notibras.com\/site\/wp-content\/uploads\/2023\/01\/notibras23.png\",\"contentUrl\":\"https:\/\/www.notibras.com\/site\/wp-content\/uploads\/2023\/01\/notibras23.png\",\"width\":350,\"height\":87,\"caption\":\"Grupo Notibras de Comunica\u00e7\u00e3o\"},\"image\":{\"@id\":\"https:\/\/www.notibras.com\/site\/#\/schema\/logo\/image\/\"},\"sameAs\":[\"https:\/\/www.facebook.com\/notibras\/\",\"https:\/\/x.com\/Notibras\",\"https:\/\/www.instagram.com\/notibras\/\"]},{\"@type\":\"Person\",\"@id\":\"https:\/\/www.notibras.com\/site\/#\/schema\/person\/36ab0979449956132d3e5b517ea76ac8\",\"name\":\"Reda\u00e7\u00e3o\",\"image\":{\"@type\":\"ImageObject\",\"inLanguage\":\"pt-BR\",\"@id\":\"https:\/\/secure.gravatar.com\/avatar\/e0a867bdedb85fd243eadf09663511f96fc81e0720a4a42581f334ad4303aa6b?s=96&d=mm&r=g\",\"url\":\"https:\/\/secure.gravatar.com\/avatar\/e0a867bdedb85fd243eadf09663511f96fc81e0720a4a42581f334ad4303aa6b?s=96&d=mm&r=g\",\"contentUrl\":\"https:\/\/secure.gravatar.com\/avatar\/e0a867bdedb85fd243eadf09663511f96fc81e0720a4a42581f334ad4303aa6b?s=96&d=mm&r=g\",\"caption\":\"Reda\u00e7\u00e3o\"}}]}<\/script>\n<!-- \/ Yoast SEO plugin. -->","yoast_head_json":{"title":"Com ou sem sa\u00fade mental, PM vai demorar para resgatar moral - Notibras","robots":{"index":"index","follow":"follow","max-snippet":"max-snippet:-1","max-image-preview":"max-image-preview:large","max-video-preview":"max-video-preview:-1"},"canonical":"https:\/\/www.notibras.com\/site\/com-ou-sem-saude-mental-pm-vai-demorar-para-resgatar-moral\/","og_locale":"pt_BR","og_type":"article","og_title":"Com ou sem sa\u00fade mental, PM vai demorar para resgatar moral - Notibras","og_description":"Em carta publicada esta semana no Correio Braziliense, uma leitora diz estar \u201cmuito triste com o que est\u00e1 acontecendo com as pol\u00edcias em geral\u201d, particularmente com a do Distrito Federal. O desabafo decorre da trag\u00e9dia envolvendo a Pol\u00edcia Militar, tristemente colocada na linha de frente do levante de 8 de janeiro de 2023. O golpe [&hellip;]","og_url":"https:\/\/www.notibras.com\/site\/com-ou-sem-saude-mental-pm-vai-demorar-para-resgatar-moral\/","og_site_name":"Notibras","article_publisher":"https:\/\/www.facebook.com\/notibras\/","article_published_time":"2024-01-17T09:13:47+00:00","article_modified_time":"2024-01-17T09:15:15+00:00","og_image":[{"width":1000,"height":612,"url":"https:\/\/www.notibras.com\/site\/wp-content\/uploads\/2023\/05\/ibaneis-demite-anderson-torres-e-manda-todo-efetivo-da-pm-para-a-esplanada.jpg","type":"image\/jpeg"}],"author":"Reda\u00e7\u00e3o","twitter_card":"summary_large_image","twitter_creator":"@Notibras","twitter_site":"@Notibras","twitter_misc":{"Escrito por":"Reda\u00e7\u00e3o","Est. tempo de leitura":"5 minutos"},"schema":{"@context":"https:\/\/schema.org","@graph":[{"@type":"Article","@id":"https:\/\/www.notibras.com\/site\/com-ou-sem-saude-mental-pm-vai-demorar-para-resgatar-moral\/#article","isPartOf":{"@id":"https:\/\/www.notibras.com\/site\/com-ou-sem-saude-mental-pm-vai-demorar-para-resgatar-moral\/"},"author":{"name":"Reda\u00e7\u00e3o","@id":"https:\/\/www.notibras.com\/site\/#\/schema\/person\/36ab0979449956132d3e5b517ea76ac8"},"headline":"Com ou sem sa\u00fade mental, PM vai demorar para resgatar moral","datePublished":"2024-01-17T09:13:47+00:00","dateModified":"2024-01-17T09:15:15+00:00","mainEntityOfPage":{"@id":"https:\/\/www.notibras.com\/site\/com-ou-sem-saude-mental-pm-vai-demorar-para-resgatar-moral\/"},"wordCount":854,"publisher":{"@id":"https:\/\/www.notibras.com\/site\/#organization"},"image":{"@id":"https:\/\/www.notibras.com\/site\/com-ou-sem-saude-mental-pm-vai-demorar-para-resgatar-moral\/#primaryimage"},"thumbnailUrl":"https:\/\/www.notibras.com\/site\/wp-content\/uploads\/2023\/05\/ibaneis-demite-anderson-torres-e-manda-todo-efetivo-da-pm-para-a-esplanada.jpg","keywords":["capa"],"articleSection":["Quadradinho em Foco"],"inLanguage":"pt-BR"},{"@type":"WebPage","@id":"https:\/\/www.notibras.com\/site\/com-ou-sem-saude-mental-pm-vai-demorar-para-resgatar-moral\/","url":"https:\/\/www.notibras.com\/site\/com-ou-sem-saude-mental-pm-vai-demorar-para-resgatar-moral\/","name":"Com ou sem sa\u00fade mental, PM vai demorar para resgatar moral - Notibras","isPartOf":{"@id":"https:\/\/www.notibras.com\/site\/#website"},"primaryImageOfPage":{"@id":"https:\/\/www.notibras.com\/site\/com-ou-sem-saude-mental-pm-vai-demorar-para-resgatar-moral\/#primaryimage"},"image":{"@id":"https:\/\/www.notibras.com\/site\/com-ou-sem-saude-mental-pm-vai-demorar-para-resgatar-moral\/#primaryimage"},"thumbnailUrl":"https:\/\/www.notibras.com\/site\/wp-content\/uploads\/2023\/05\/ibaneis-demite-anderson-torres-e-manda-todo-efetivo-da-pm-para-a-esplanada.jpg","datePublished":"2024-01-17T09:13:47+00:00","dateModified":"2024-01-17T09:15:15+00:00","breadcrumb":{"@id":"https:\/\/www.notibras.com\/site\/com-ou-sem-saude-mental-pm-vai-demorar-para-resgatar-moral\/#breadcrumb"},"inLanguage":"pt-BR","potentialAction":[{"@type":"ReadAction","target":["https:\/\/www.notibras.com\/site\/com-ou-sem-saude-mental-pm-vai-demorar-para-resgatar-moral\/"]}]},{"@type":"ImageObject","inLanguage":"pt-BR","@id":"https:\/\/www.notibras.com\/site\/com-ou-sem-saude-mental-pm-vai-demorar-para-resgatar-moral\/#primaryimage","url":"https:\/\/www.notibras.com\/site\/wp-content\/uploads\/2023\/05\/ibaneis-demite-anderson-torres-e-manda-todo-efetivo-da-pm-para-a-esplanada.jpg","contentUrl":"https:\/\/www.notibras.com\/site\/wp-content\/uploads\/2023\/05\/ibaneis-demite-anderson-torres-e-manda-todo-efetivo-da-pm-para-a-esplanada.jpg","width":1000,"height":612},{"@type":"BreadcrumbList","@id":"https:\/\/www.notibras.com\/site\/com-ou-sem-saude-mental-pm-vai-demorar-para-resgatar-moral\/#breadcrumb","itemListElement":[{"@type":"ListItem","position":1,"name":"In\u00edcio","item":"https:\/\/www.notibras.com\/site\/"},{"@type":"ListItem","position":2,"name":"Com ou sem sa\u00fade mental, PM vai demorar para resgatar moral"}]},{"@type":"WebSite","@id":"https:\/\/www.notibras.com\/site\/#website","url":"https:\/\/www.notibras.com\/site\/","name":"Notibras","description":"Not\u00edcias de Bras\u00edlia, do Brasil e do Mundo","publisher":{"@id":"https:\/\/www.notibras.com\/site\/#organization"},"potentialAction":[{"@type":"SearchAction","target":{"@type":"EntryPoint","urlTemplate":"https:\/\/www.notibras.com\/site\/?s={search_term_string}"},"query-input":{"@type":"PropertyValueSpecification","valueRequired":true,"valueName":"search_term_string"}}],"inLanguage":"pt-BR"},{"@type":"Organization","@id":"https:\/\/www.notibras.com\/site\/#organization","name":"Grupo Notibras de Comunica\u00e7\u00e3o","url":"https:\/\/www.notibras.com\/site\/","logo":{"@type":"ImageObject","inLanguage":"pt-BR","@id":"https:\/\/www.notibras.com\/site\/#\/schema\/logo\/image\/","url":"https:\/\/www.notibras.com\/site\/wp-content\/uploads\/2023\/01\/notibras23.png","contentUrl":"https:\/\/www.notibras.com\/site\/wp-content\/uploads\/2023\/01\/notibras23.png","width":350,"height":87,"caption":"Grupo Notibras de Comunica\u00e7\u00e3o"},"image":{"@id":"https:\/\/www.notibras.com\/site\/#\/schema\/logo\/image\/"},"sameAs":["https:\/\/www.facebook.com\/notibras\/","https:\/\/x.com\/Notibras","https:\/\/www.instagram.com\/notibras\/"]},{"@type":"Person","@id":"https:\/\/www.notibras.com\/site\/#\/schema\/person\/36ab0979449956132d3e5b517ea76ac8","name":"Reda\u00e7\u00e3o","image":{"@type":"ImageObject","inLanguage":"pt-BR","@id":"https:\/\/secure.gravatar.com\/avatar\/e0a867bdedb85fd243eadf09663511f96fc81e0720a4a42581f334ad4303aa6b?s=96&d=mm&r=g","url":"https:\/\/secure.gravatar.com\/avatar\/e0a867bdedb85fd243eadf09663511f96fc81e0720a4a42581f334ad4303aa6b?s=96&d=mm&r=g","contentUrl":"https:\/\/secure.gravatar.com\/avatar\/e0a867bdedb85fd243eadf09663511f96fc81e0720a4a42581f334ad4303aa6b?s=96&d=mm&r=g","caption":"Reda\u00e7\u00e3o"}}]}},"amp_enabled":true,"_links":{"self":[{"href":"https:\/\/www.notibras.com\/site\/wp-json\/wp\/v2\/posts\/320699","targetHints":{"allow":["GET"]}}],"collection":[{"href":"https:\/\/www.notibras.com\/site\/wp-json\/wp\/v2\/posts"}],"about":[{"href":"https:\/\/www.notibras.com\/site\/wp-json\/wp\/v2\/types\/post"}],"author":[{"embeddable":true,"href":"https:\/\/www.notibras.com\/site\/wp-json\/wp\/v2\/users\/2"}],"replies":[{"embeddable":true,"href":"https:\/\/www.notibras.com\/site\/wp-json\/wp\/v2\/comments?post=320699"}],"version-history":[{"count":3,"href":"https:\/\/www.notibras.com\/site\/wp-json\/wp\/v2\/posts\/320699\/revisions"}],"predecessor-version":[{"id":320702,"href":"https:\/\/www.notibras.com\/site\/wp-json\/wp\/v2\/posts\/320699\/revisions\/320702"}],"wp:featuredmedia":[{"embeddable":true,"href":"https:\/\/www.notibras.com\/site\/wp-json\/wp\/v2\/media\/305206"}],"wp:attachment":[{"href":"https:\/\/www.notibras.com\/site\/wp-json\/wp\/v2\/media?parent=320699"}],"wp:term":[{"taxonomy":"category","embeddable":true,"href":"https:\/\/www.notibras.com\/site\/wp-json\/wp\/v2\/categories?post=320699"},{"taxonomy":"post_tag","embeddable":true,"href":"https:\/\/www.notibras.com\/site\/wp-json\/wp\/v2\/tags?post=320699"}],"curies":[{"name":"wp","href":"https:\/\/api.w.org\/{rel}","templated":true}]}}