{"id":320717,"date":"2024-01-17T07:14:17","date_gmt":"2024-01-17T10:14:17","guid":{"rendered":"https:\/\/www.notibras.com\/site\/?p=320717"},"modified":"2024-01-17T13:17:11","modified_gmt":"2024-01-17T16:17:11","slug":"engenheiros-tem-oportunidades-ocupar-cargo-publico","status":"publish","type":"post","link":"https:\/\/www.notibras.com\/site\/engenheiros-tem-oportunidades-ocupar-cargo-publico\/","title":{"rendered":"Engenheiros t\u00eam oportunidade de ocupar cargo p\u00fablico"},"content":{"rendered":"<p>O Concurso Nacional Unificado oferece aos formados em engenharia 384 vagas em oito \u00f3rg\u00e3os do governo federal. Na Advocacia-Geral da Uni\u00e3o (AGU), h\u00e1 dez vagas para engenharia civil, quatro para engenharia el\u00e9trica, duas para engenharia agron\u00f4mica e duas para engenharia de produ\u00e7\u00e3o. O sal\u00e1rio inicial \u00e9 de R$ 7.736,77, para 40 horas semanais, com vagas em n\u00edvel nacional.<\/p>\n<p>No Instituto Brasileiro de Geografia e Estat\u00edstica (IBGE), o cargo \u00e9 de analista de planejamento, gest\u00e3o e infraestrutura em informa\u00e7\u00f5es geogr\u00e1ficas e estat\u00edstica, com seis vagas para engenheiro civil, el\u00e9trico e mec\u00e2nico. Outras duas vagas s\u00e3o para o cargo de tecnologista em informa\u00e7\u00f5es geogr\u00e1ficas e estat\u00edsticas, no qual o aprovado realizar\u00e1 atividades especializadas de produ\u00e7\u00e3o, an\u00e1lise e dissemina\u00e7\u00e3o de dados e informa\u00e7\u00f5es de natureza estat\u00edstica, geogr\u00e1fica, cartogr\u00e1fica, geod\u00e9sica e ambiental. Para os dois cargos, a jornada semanal \u00e9 de 40 horas e sal\u00e1rio de R$ 8.453, no Rio de Janeiro.<\/p>\n<p>Na Funda\u00e7\u00e3o Nacional dos Povos Ind\u00edgenas (Funai), engenheiros podem atuar no cargo de especialista em indigenismo, com sal\u00e1rio de R$ 7.697,02, para 40 horas semanais em Bras\u00edlia ou no Rio. As atividades da fun\u00e7\u00e3o s\u00e3o desenvolver projetos de engenharia; planejar, coordenar a opera\u00e7\u00e3o e a manuten\u00e7\u00e3o, or\u00e7ar, emitir laudo t\u00e9cnico, vistoriar, fiscalizar execu\u00e7\u00e3o de contratos de obras; controlar a qualidade dos suprimentos e servi\u00e7os comprados e executados; supervisionar, planejar e coordenar a execu\u00e7\u00e3o de obras; elaborar normas e documentos; prestar assessoria e assist\u00eancia t\u00e9cnico-gerencial em sua \u00e1rea de atua\u00e7\u00e3o.<\/p>\n<p>No Minist\u00e9rio da Gest\u00e3o e da Inova\u00e7\u00e3o em Servi\u00e7os P\u00fablicos (MGI), o cargo \u00e9 o de analista de infraestrutura, para as especialidades de engenharia civil (142), engenharia el\u00e9trica, eletr\u00f4nica, telecomunica\u00e7\u00f5es, eletrot\u00e9cnica ou energia (73), engenheiro (68). O sal\u00e1rio inicial \u00e9 de R$ 12.982,20, para trabalhar em Bras\u00edlia, com jornada semanal de 40 horas.<\/p>\n<p>No Minist\u00e9rio da Ci\u00eancia Tecnologia e Inova\u00e7\u00e3o (MCTI), h\u00e1 vagas para o cargo de analista em ci\u00eancia e tecnologia, para o formado em engenharia coordenar, executar, fiscalizar, promover, especificar atividades relacionadas \u00e0 gest\u00e3o em seguran\u00e7a do trabalho, visando ao cumprimento da legisla\u00e7\u00e3o e normas vigentes; atuar na defini\u00e7\u00e3o dos m\u00e9todos, processos, procedimentos e mecanismos para realizar as atividades relacionadas \u00e0 seguran\u00e7a do trabalho; realizar per\u00edcias in loco sobre grau de exposi\u00e7\u00e3o a agentes agressivos f\u00edsicos, qu\u00edmicos e biol\u00f3gicos. O sal\u00e1rio inicial \u00e9 de R$ 6.662,68, para 40 horas semanais, com vagas para S\u00e3o Jos\u00e9 dos Campos (SP), no Instituto Nacional de Pesquisas Espaciais (Inpe), e Manaus, no Instituto Nacional de Pesquisas da Amaz\u00f4nia (Inpa).<\/p>\n<p>O Minist\u00e9rio da Sa\u00fade oferece duas vagas para tecnologista, para engenheiro e com a atribui\u00e7\u00e3o de exercer atividades espec\u00edficas de pesquisa e desenvolvimento tecnol\u00f3gico ou necess\u00e1rias \u00e0 atua\u00e7\u00e3o t\u00e9cnica da pasta. A remunera\u00e7\u00e3o inicial \u00e9 de R$ 6.662,68, para 40 horas semanais em Bras\u00edlia.<\/p>\n<p>Para o cargo de analista em ci\u00eancia e tecnologia no Minist\u00e9rio da Agricultura e Pecu\u00e1ria, que oferece 13 vagas, \u00e9 preciso ser especialista em engenharia eletr\u00f4nica ou el\u00e9trica. As atividades desenvolvidas s\u00e3o o apoio \u00e0 dire\u00e7\u00e3o, coordena\u00e7\u00e3o, organiza\u00e7\u00e3o, planejamento, controle e avalia\u00e7\u00e3o de projetos e de suporte administrativo do \u00f3rg\u00e3o, com remunera\u00e7\u00e3o inicial de R$ 6.662,68, por 40 horas semanais, em Bras\u00edlia.<\/p>\n<p>No Instituto Nacional de Coloniza\u00e7\u00e3o e Reforma Agr\u00e1ria (Incra), formados em engenharia civil, el\u00e9trica, de agrimensura ou cartogr\u00e1fica podem concorrer ao cargo de analista em reforma e desenvolvimento agr\u00e1rio, que oferece 128 vagas, com sal\u00e1rio inicial de R$ 5.212,29, para jornada de trabalho de 40 horas semanais. Os candidatos selecionados poder\u00e3o ser alocados para trabalhar em Rio Branco, Macei\u00f3, Manaus, Macap\u00e1, Fortaleza, Bras\u00edlia, Vit\u00f3ria, Goi\u00e2nia, Belo Horizonte, Campo Grande, Santar\u00e9m (PA), Marab\u00e1 (PA), Jo\u00e3o Pessoa, Curitiba, Rio de Janeiro, Natal, Porto Velho, Porto Alegre, Florian\u00f3polis, Aracaju e S\u00e3o Paulo.<\/p>\n<p>No Bloco 1, h\u00e1 ainda \u00f3rg\u00e3os nos quais podem se inscrever candidatos em qualquer \u00e1rea de conhecimento. O edital com todos os detalhes est\u00e1 dispon\u00edvel\u00a0<a href=\"https:\/\/www.in.gov.br\/en\/web\/dou\/-\/edital-n-1-de-10-de-janeiro-de-2024concurso-publico-nacional-unificado-do-governo-federal-para-provimento-536759310\" target=\"_blank\" rel=\"noopener\">aqui<\/a>.<\/p>\n<p>O candidato poder\u00e1 concorrer a todos os cargos dentro do mesmo bloco tem\u00e1tico. As inscri\u00e7\u00f5es come\u00e7am na sexta-feira (19), v\u00e3o at\u00e9 6 de fevereiro e ser\u00e3o feitas exclusivamente pelo Portal Gov.br. As taxas custam R$ 60 (n\u00edvel m\u00e9dio) e R$ 90 (n\u00edvel superior). Est\u00e3o isentos de pagamento os inscritos no Cad\u00danico; doadores de medula \u00f3ssea; bolsistas ou ex-bolsistas do ProUni; bolsistas ou ex-bolsistas do Fundo de Financiamento Estudantil (Fies).<\/p>\n","protected":false},"excerpt":{"rendered":"<p>O Concurso Nacional Unificado oferece aos formados em engenharia 384 vagas em oito \u00f3rg\u00e3os do governo federal. Na Advocacia-Geral da Uni\u00e3o (AGU), h\u00e1 dez vagas para engenharia civil, quatro para engenharia el\u00e9trica, duas para engenharia agron\u00f4mica e duas para engenharia de produ\u00e7\u00e3o. O sal\u00e1rio inicial \u00e9 de R$ 7.736,77, para 40 horas semanais, com vagas [&hellip;]<\/p>\n","protected":false},"author":2,"featured_media":216446,"comment_status":"closed","ping_status":"closed","sticky":false,"template":"","format":"standard","meta":{"_acf_changed":false,"footnotes":""},"categories":[161],"tags":[],"class_list":["post-320717","post","type-post","status-publish","format-standard","has-post-thumbnail","hentry","category-quadradinho-em-foco"],"acf":[],"yoast_head":"<!-- This site is optimized with the Yoast SEO plugin v27.2 - https:\/\/yoast.com\/product\/yoast-seo-wordpress\/ -->\n<title>Engenheiros t\u00eam oportunidade de ocupar cargo p\u00fablico - Notibras<\/title>\n<meta name=\"robots\" content=\"index, follow, max-snippet:-1, max-image-preview:large, max-video-preview:-1\" \/>\n<link rel=\"canonical\" href=\"https:\/\/www.notibras.com\/site\/engenheiros-tem-oportunidades-ocupar-cargo-publico\/\" \/>\n<meta property=\"og:locale\" content=\"pt_BR\" \/>\n<meta property=\"og:type\" content=\"article\" \/>\n<meta property=\"og:title\" content=\"Engenheiros t\u00eam oportunidade de ocupar cargo p\u00fablico - Notibras\" \/>\n<meta property=\"og:description\" content=\"O Concurso Nacional Unificado oferece aos formados em engenharia 384 vagas em oito \u00f3rg\u00e3os do governo federal. Na Advocacia-Geral da Uni\u00e3o (AGU), h\u00e1 dez vagas para engenharia civil, quatro para engenharia el\u00e9trica, duas para engenharia agron\u00f4mica e duas para engenharia de produ\u00e7\u00e3o. O sal\u00e1rio inicial \u00e9 de R$ 7.736,77, para 40 horas semanais, com vagas [&hellip;]\" \/>\n<meta property=\"og:url\" content=\"https:\/\/www.notibras.com\/site\/engenheiros-tem-oportunidades-ocupar-cargo-publico\/\" \/>\n<meta property=\"og:site_name\" content=\"Notibras\" \/>\n<meta property=\"article:publisher\" content=\"https:\/\/www.facebook.com\/notibras\/\" \/>\n<meta property=\"article:published_time\" content=\"2024-01-17T10:14:17+00:00\" \/>\n<meta property=\"article:modified_time\" content=\"2024-01-17T16:17:11+00:00\" \/>\n<meta property=\"og:image\" content=\"https:\/\/www.notibras.com\/site\/wp-content\/uploads\/2019\/09\/constru\u00e7\u00e3o-civil-24.jpg\" \/>\n\t<meta property=\"og:image:width\" content=\"1140\" \/>\n\t<meta property=\"og:image:height\" content=\"760\" \/>\n\t<meta property=\"og:image:type\" content=\"image\/jpeg\" \/>\n<meta name=\"author\" content=\"Reda\u00e7\u00e3o\" \/>\n<meta name=\"twitter:card\" content=\"summary_large_image\" \/>\n<meta name=\"twitter:creator\" content=\"@Notibras\" \/>\n<meta name=\"twitter:site\" content=\"@Notibras\" \/>\n<meta name=\"twitter:label1\" content=\"Escrito por\" \/>\n\t<meta name=\"twitter:data1\" content=\"Reda\u00e7\u00e3o\" \/>\n\t<meta name=\"twitter:label2\" content=\"Est. tempo de leitura\" \/>\n\t<meta name=\"twitter:data2\" content=\"4 minutos\" \/>\n<script type=\"application\/ld+json\" class=\"yoast-schema-graph\">{\"@context\":\"https:\/\/schema.org\",\"@graph\":[{\"@type\":\"Article\",\"@id\":\"https:\/\/www.notibras.com\/site\/engenheiros-tem-oportunidades-ocupar-cargo-publico\/#article\",\"isPartOf\":{\"@id\":\"https:\/\/www.notibras.com\/site\/engenheiros-tem-oportunidades-ocupar-cargo-publico\/\"},\"author\":{\"name\":\"Reda\u00e7\u00e3o\",\"@id\":\"https:\/\/www.notibras.com\/site\/#\/schema\/person\/36ab0979449956132d3e5b517ea76ac8\"},\"headline\":\"Engenheiros t\u00eam oportunidade de ocupar cargo p\u00fablico\",\"datePublished\":\"2024-01-17T10:14:17+00:00\",\"dateModified\":\"2024-01-17T16:17:11+00:00\",\"mainEntityOfPage\":{\"@id\":\"https:\/\/www.notibras.com\/site\/engenheiros-tem-oportunidades-ocupar-cargo-publico\/\"},\"wordCount\":786,\"publisher\":{\"@id\":\"https:\/\/www.notibras.com\/site\/#organization\"},\"image\":{\"@id\":\"https:\/\/www.notibras.com\/site\/engenheiros-tem-oportunidades-ocupar-cargo-publico\/#primaryimage\"},\"thumbnailUrl\":\"https:\/\/www.notibras.com\/site\/wp-content\/uploads\/2019\/09\/constru\u00e7\u00e3o-civil-24.jpg\",\"articleSection\":[\"Quadradinho em Foco\"],\"inLanguage\":\"pt-BR\"},{\"@type\":\"WebPage\",\"@id\":\"https:\/\/www.notibras.com\/site\/engenheiros-tem-oportunidades-ocupar-cargo-publico\/\",\"url\":\"https:\/\/www.notibras.com\/site\/engenheiros-tem-oportunidades-ocupar-cargo-publico\/\",\"name\":\"Engenheiros t\u00eam oportunidade de ocupar cargo p\u00fablico - Notibras\",\"isPartOf\":{\"@id\":\"https:\/\/www.notibras.com\/site\/#website\"},\"primaryImageOfPage\":{\"@id\":\"https:\/\/www.notibras.com\/site\/engenheiros-tem-oportunidades-ocupar-cargo-publico\/#primaryimage\"},\"image\":{\"@id\":\"https:\/\/www.notibras.com\/site\/engenheiros-tem-oportunidades-ocupar-cargo-publico\/#primaryimage\"},\"thumbnailUrl\":\"https:\/\/www.notibras.com\/site\/wp-content\/uploads\/2019\/09\/constru\u00e7\u00e3o-civil-24.jpg\",\"datePublished\":\"2024-01-17T10:14:17+00:00\",\"dateModified\":\"2024-01-17T16:17:11+00:00\",\"breadcrumb\":{\"@id\":\"https:\/\/www.notibras.com\/site\/engenheiros-tem-oportunidades-ocupar-cargo-publico\/#breadcrumb\"},\"inLanguage\":\"pt-BR\",\"potentialAction\":[{\"@type\":\"ReadAction\",\"target\":[\"https:\/\/www.notibras.com\/site\/engenheiros-tem-oportunidades-ocupar-cargo-publico\/\"]}]},{\"@type\":\"ImageObject\",\"inLanguage\":\"pt-BR\",\"@id\":\"https:\/\/www.notibras.com\/site\/engenheiros-tem-oportunidades-ocupar-cargo-publico\/#primaryimage\",\"url\":\"https:\/\/www.notibras.com\/site\/wp-content\/uploads\/2019\/09\/constru\u00e7\u00e3o-civil-24.jpg\",\"contentUrl\":\"https:\/\/www.notibras.com\/site\/wp-content\/uploads\/2019\/09\/constru\u00e7\u00e3o-civil-24.jpg\",\"width\":1140,\"height\":760},{\"@type\":\"BreadcrumbList\",\"@id\":\"https:\/\/www.notibras.com\/site\/engenheiros-tem-oportunidades-ocupar-cargo-publico\/#breadcrumb\",\"itemListElement\":[{\"@type\":\"ListItem\",\"position\":1,\"name\":\"In\u00edcio\",\"item\":\"https:\/\/www.notibras.com\/site\/\"},{\"@type\":\"ListItem\",\"position\":2,\"name\":\"Engenheiros t\u00eam oportunidade de ocupar cargo p\u00fablico\"}]},{\"@type\":\"WebSite\",\"@id\":\"https:\/\/www.notibras.com\/site\/#website\",\"url\":\"https:\/\/www.notibras.com\/site\/\",\"name\":\"Notibras\",\"description\":\"Not\u00edcias de Bras\u00edlia, do Brasil e do Mundo\",\"publisher\":{\"@id\":\"https:\/\/www.notibras.com\/site\/#organization\"},\"potentialAction\":[{\"@type\":\"SearchAction\",\"target\":{\"@type\":\"EntryPoint\",\"urlTemplate\":\"https:\/\/www.notibras.com\/site\/?s={search_term_string}\"},\"query-input\":{\"@type\":\"PropertyValueSpecification\",\"valueRequired\":true,\"valueName\":\"search_term_string\"}}],\"inLanguage\":\"pt-BR\"},{\"@type\":\"Organization\",\"@id\":\"https:\/\/www.notibras.com\/site\/#organization\",\"name\":\"Grupo Notibras de Comunica\u00e7\u00e3o\",\"url\":\"https:\/\/www.notibras.com\/site\/\",\"logo\":{\"@type\":\"ImageObject\",\"inLanguage\":\"pt-BR\",\"@id\":\"https:\/\/www.notibras.com\/site\/#\/schema\/logo\/image\/\",\"url\":\"https:\/\/www.notibras.com\/site\/wp-content\/uploads\/2023\/01\/notibras23.png\",\"contentUrl\":\"https:\/\/www.notibras.com\/site\/wp-content\/uploads\/2023\/01\/notibras23.png\",\"width\":350,\"height\":87,\"caption\":\"Grupo Notibras de Comunica\u00e7\u00e3o\"},\"image\":{\"@id\":\"https:\/\/www.notibras.com\/site\/#\/schema\/logo\/image\/\"},\"sameAs\":[\"https:\/\/www.facebook.com\/notibras\/\",\"https:\/\/x.com\/Notibras\",\"https:\/\/www.instagram.com\/notibras\/\"]},{\"@type\":\"Person\",\"@id\":\"https:\/\/www.notibras.com\/site\/#\/schema\/person\/36ab0979449956132d3e5b517ea76ac8\",\"name\":\"Reda\u00e7\u00e3o\",\"image\":{\"@type\":\"ImageObject\",\"inLanguage\":\"pt-BR\",\"@id\":\"https:\/\/secure.gravatar.com\/avatar\/e0a867bdedb85fd243eadf09663511f96fc81e0720a4a42581f334ad4303aa6b?s=96&d=mm&r=g\",\"url\":\"https:\/\/secure.gravatar.com\/avatar\/e0a867bdedb85fd243eadf09663511f96fc81e0720a4a42581f334ad4303aa6b?s=96&d=mm&r=g\",\"contentUrl\":\"https:\/\/secure.gravatar.com\/avatar\/e0a867bdedb85fd243eadf09663511f96fc81e0720a4a42581f334ad4303aa6b?s=96&d=mm&r=g\",\"caption\":\"Reda\u00e7\u00e3o\"}}]}<\/script>\n<!-- \/ Yoast SEO plugin. -->","yoast_head_json":{"title":"Engenheiros t\u00eam oportunidade de ocupar cargo p\u00fablico - Notibras","robots":{"index":"index","follow":"follow","max-snippet":"max-snippet:-1","max-image-preview":"max-image-preview:large","max-video-preview":"max-video-preview:-1"},"canonical":"https:\/\/www.notibras.com\/site\/engenheiros-tem-oportunidades-ocupar-cargo-publico\/","og_locale":"pt_BR","og_type":"article","og_title":"Engenheiros t\u00eam oportunidade de ocupar cargo p\u00fablico - Notibras","og_description":"O Concurso Nacional Unificado oferece aos formados em engenharia 384 vagas em oito \u00f3rg\u00e3os do governo federal. Na Advocacia-Geral da Uni\u00e3o (AGU), h\u00e1 dez vagas para engenharia civil, quatro para engenharia el\u00e9trica, duas para engenharia agron\u00f4mica e duas para engenharia de produ\u00e7\u00e3o. O sal\u00e1rio inicial \u00e9 de R$ 7.736,77, para 40 horas semanais, com vagas [&hellip;]","og_url":"https:\/\/www.notibras.com\/site\/engenheiros-tem-oportunidades-ocupar-cargo-publico\/","og_site_name":"Notibras","article_publisher":"https:\/\/www.facebook.com\/notibras\/","article_published_time":"2024-01-17T10:14:17+00:00","article_modified_time":"2024-01-17T16:17:11+00:00","og_image":[{"width":1140,"height":760,"url":"https:\/\/www.notibras.com\/site\/wp-content\/uploads\/2019\/09\/constru\u00e7\u00e3o-civil-24.jpg","type":"image\/jpeg"}],"author":"Reda\u00e7\u00e3o","twitter_card":"summary_large_image","twitter_creator":"@Notibras","twitter_site":"@Notibras","twitter_misc":{"Escrito por":"Reda\u00e7\u00e3o","Est. tempo de leitura":"4 minutos"},"schema":{"@context":"https:\/\/schema.org","@graph":[{"@type":"Article","@id":"https:\/\/www.notibras.com\/site\/engenheiros-tem-oportunidades-ocupar-cargo-publico\/#article","isPartOf":{"@id":"https:\/\/www.notibras.com\/site\/engenheiros-tem-oportunidades-ocupar-cargo-publico\/"},"author":{"name":"Reda\u00e7\u00e3o","@id":"https:\/\/www.notibras.com\/site\/#\/schema\/person\/36ab0979449956132d3e5b517ea76ac8"},"headline":"Engenheiros t\u00eam oportunidade de ocupar cargo p\u00fablico","datePublished":"2024-01-17T10:14:17+00:00","dateModified":"2024-01-17T16:17:11+00:00","mainEntityOfPage":{"@id":"https:\/\/www.notibras.com\/site\/engenheiros-tem-oportunidades-ocupar-cargo-publico\/"},"wordCount":786,"publisher":{"@id":"https:\/\/www.notibras.com\/site\/#organization"},"image":{"@id":"https:\/\/www.notibras.com\/site\/engenheiros-tem-oportunidades-ocupar-cargo-publico\/#primaryimage"},"thumbnailUrl":"https:\/\/www.notibras.com\/site\/wp-content\/uploads\/2019\/09\/constru\u00e7\u00e3o-civil-24.jpg","articleSection":["Quadradinho em Foco"],"inLanguage":"pt-BR"},{"@type":"WebPage","@id":"https:\/\/www.notibras.com\/site\/engenheiros-tem-oportunidades-ocupar-cargo-publico\/","url":"https:\/\/www.notibras.com\/site\/engenheiros-tem-oportunidades-ocupar-cargo-publico\/","name":"Engenheiros t\u00eam oportunidade de ocupar cargo p\u00fablico - Notibras","isPartOf":{"@id":"https:\/\/www.notibras.com\/site\/#website"},"primaryImageOfPage":{"@id":"https:\/\/www.notibras.com\/site\/engenheiros-tem-oportunidades-ocupar-cargo-publico\/#primaryimage"},"image":{"@id":"https:\/\/www.notibras.com\/site\/engenheiros-tem-oportunidades-ocupar-cargo-publico\/#primaryimage"},"thumbnailUrl":"https:\/\/www.notibras.com\/site\/wp-content\/uploads\/2019\/09\/constru\u00e7\u00e3o-civil-24.jpg","datePublished":"2024-01-17T10:14:17+00:00","dateModified":"2024-01-17T16:17:11+00:00","breadcrumb":{"@id":"https:\/\/www.notibras.com\/site\/engenheiros-tem-oportunidades-ocupar-cargo-publico\/#breadcrumb"},"inLanguage":"pt-BR","potentialAction":[{"@type":"ReadAction","target":["https:\/\/www.notibras.com\/site\/engenheiros-tem-oportunidades-ocupar-cargo-publico\/"]}]},{"@type":"ImageObject","inLanguage":"pt-BR","@id":"https:\/\/www.notibras.com\/site\/engenheiros-tem-oportunidades-ocupar-cargo-publico\/#primaryimage","url":"https:\/\/www.notibras.com\/site\/wp-content\/uploads\/2019\/09\/constru\u00e7\u00e3o-civil-24.jpg","contentUrl":"https:\/\/www.notibras.com\/site\/wp-content\/uploads\/2019\/09\/constru\u00e7\u00e3o-civil-24.jpg","width":1140,"height":760},{"@type":"BreadcrumbList","@id":"https:\/\/www.notibras.com\/site\/engenheiros-tem-oportunidades-ocupar-cargo-publico\/#breadcrumb","itemListElement":[{"@type":"ListItem","position":1,"name":"In\u00edcio","item":"https:\/\/www.notibras.com\/site\/"},{"@type":"ListItem","position":2,"name":"Engenheiros t\u00eam oportunidade de ocupar cargo p\u00fablico"}]},{"@type":"WebSite","@id":"https:\/\/www.notibras.com\/site\/#website","url":"https:\/\/www.notibras.com\/site\/","name":"Notibras","description":"Not\u00edcias de Bras\u00edlia, do Brasil e do Mundo","publisher":{"@id":"https:\/\/www.notibras.com\/site\/#organization"},"potentialAction":[{"@type":"SearchAction","target":{"@type":"EntryPoint","urlTemplate":"https:\/\/www.notibras.com\/site\/?s={search_term_string}"},"query-input":{"@type":"PropertyValueSpecification","valueRequired":true,"valueName":"search_term_string"}}],"inLanguage":"pt-BR"},{"@type":"Organization","@id":"https:\/\/www.notibras.com\/site\/#organization","name":"Grupo Notibras de Comunica\u00e7\u00e3o","url":"https:\/\/www.notibras.com\/site\/","logo":{"@type":"ImageObject","inLanguage":"pt-BR","@id":"https:\/\/www.notibras.com\/site\/#\/schema\/logo\/image\/","url":"https:\/\/www.notibras.com\/site\/wp-content\/uploads\/2023\/01\/notibras23.png","contentUrl":"https:\/\/www.notibras.com\/site\/wp-content\/uploads\/2023\/01\/notibras23.png","width":350,"height":87,"caption":"Grupo Notibras de Comunica\u00e7\u00e3o"},"image":{"@id":"https:\/\/www.notibras.com\/site\/#\/schema\/logo\/image\/"},"sameAs":["https:\/\/www.facebook.com\/notibras\/","https:\/\/x.com\/Notibras","https:\/\/www.instagram.com\/notibras\/"]},{"@type":"Person","@id":"https:\/\/www.notibras.com\/site\/#\/schema\/person\/36ab0979449956132d3e5b517ea76ac8","name":"Reda\u00e7\u00e3o","image":{"@type":"ImageObject","inLanguage":"pt-BR","@id":"https:\/\/secure.gravatar.com\/avatar\/e0a867bdedb85fd243eadf09663511f96fc81e0720a4a42581f334ad4303aa6b?s=96&d=mm&r=g","url":"https:\/\/secure.gravatar.com\/avatar\/e0a867bdedb85fd243eadf09663511f96fc81e0720a4a42581f334ad4303aa6b?s=96&d=mm&r=g","contentUrl":"https:\/\/secure.gravatar.com\/avatar\/e0a867bdedb85fd243eadf09663511f96fc81e0720a4a42581f334ad4303aa6b?s=96&d=mm&r=g","caption":"Reda\u00e7\u00e3o"}}]}},"amp_enabled":true,"_links":{"self":[{"href":"https:\/\/www.notibras.com\/site\/wp-json\/wp\/v2\/posts\/320717","targetHints":{"allow":["GET"]}}],"collection":[{"href":"https:\/\/www.notibras.com\/site\/wp-json\/wp\/v2\/posts"}],"about":[{"href":"https:\/\/www.notibras.com\/site\/wp-json\/wp\/v2\/types\/post"}],"author":[{"embeddable":true,"href":"https:\/\/www.notibras.com\/site\/wp-json\/wp\/v2\/users\/2"}],"replies":[{"embeddable":true,"href":"https:\/\/www.notibras.com\/site\/wp-json\/wp\/v2\/comments?post=320717"}],"version-history":[{"count":3,"href":"https:\/\/www.notibras.com\/site\/wp-json\/wp\/v2\/posts\/320717\/revisions"}],"predecessor-version":[{"id":320784,"href":"https:\/\/www.notibras.com\/site\/wp-json\/wp\/v2\/posts\/320717\/revisions\/320784"}],"wp:featuredmedia":[{"embeddable":true,"href":"https:\/\/www.notibras.com\/site\/wp-json\/wp\/v2\/media\/216446"}],"wp:attachment":[{"href":"https:\/\/www.notibras.com\/site\/wp-json\/wp\/v2\/media?parent=320717"}],"wp:term":[{"taxonomy":"category","embeddable":true,"href":"https:\/\/www.notibras.com\/site\/wp-json\/wp\/v2\/categories?post=320717"},{"taxonomy":"post_tag","embeddable":true,"href":"https:\/\/www.notibras.com\/site\/wp-json\/wp\/v2\/tags?post=320717"}],"curies":[{"name":"wp","href":"https:\/\/api.w.org\/{rel}","templated":true}]}}