{"id":320814,"date":"2024-01-18T09:34:18","date_gmt":"2024-01-18T12:34:18","guid":{"rendered":"https:\/\/www.notibras.com\/site\/?p=320814"},"modified":"2024-01-18T09:34:18","modified_gmt":"2024-01-18T12:34:18","slug":"cara-de-choro-faz-judeu-abrir-carteira-e-pagar-agua","status":"publish","type":"post","link":"https:\/\/www.notibras.com\/site\/cara-de-choro-faz-judeu-abrir-carteira-e-pagar-agua\/","title":{"rendered":"Cara de choro faz judeu abrir carteira e pagar \u00e1gua"},"content":{"rendered":"<p>Dizem que essa hist\u00f3ria aconteceu em Porto Alegre. Na verdade, eu at\u00e9 sei os nomes dos personagens: Lucas, Marcio e a sua filha, a pequena Helena, que n\u00e3o \u00e9 a de Troia, mas bem que poderia ser, tamanha a sua capacidade de captar os olhares de todos. Magnetismo puro, apesar dos seus oito anos, quase nove.<\/p>\n<p>Pois bem, o Marcio havia matriculado a menina em uma aula de nata\u00e7\u00e3o. E l\u00e1 estavam os dois saltitando pelas largas cal\u00e7adas da capital ga\u00facha, quando, de repente, surgiu o Lucas. De t\u00e3o amigo do Marcio, o Lucas fez quest\u00e3o de acompanh\u00e1-lo nessa miss\u00e3o important\u00edssima para o futuro da nata\u00e7\u00e3o nacional. Afinal, vai que a Helena se torne uma prod\u00edgio nesse esporte e ganhe v\u00e1rias medalhas nas pr\u00f3ximas olimp\u00edadas.<\/p>\n<p>Durante o trajeto, Helena, tagarela como ela s\u00f3, disse que sua av\u00f3 materna era judia. Lucas sorriu e falou que ele era judeu. At\u00e9 falou que o seu sobrenome era Hoffmann. Pronto! Formou-se um la\u00e7o quase instant\u00e2neo por conta dos elos de uma hist\u00f3ria marcada por persegui\u00e7\u00f5es. Tanto \u00e9 que o Marcio, que \u00e9 Petracco, se sentiu um pouco deslocado da conversa. Todavia, curioso como ele s\u00f3, quis saber como aquele bate-papo iria terminar.<\/p>\n<p>A conversa sobre o povo judeu prosseguiu at\u00e9 pouco depois do trio entrar no clube, onde a pequena Helena iria seguir os seus firmes passos at\u00e9 o ponto mais alto nos futuros jogos ol\u00edmpicos. Isso se a professora, uma mulher enorme, cabelos loiros, olhos azuis mais azuis at\u00e9 que os azulejos da piscina, n\u00e3o come\u00e7asse a gritar ordens e mais ordens. S\u00f3 faltou exigir que todos os alunos lhe prestassem contin\u00eancia.<\/p>\n<p>A aula prosseguiu, a pequena Helena parecia resistir a qualquer improp\u00e9rio da professora de nata\u00e7\u00e3o. J\u00e1 o Marcio queria porque queria arrancar a sua garotinha das garras daquela enorme mulher, que parecia uma caricatura de militar de pantufas. Todavia, foi contido pelo Lucas. Ademais, a professora era bem maior do que o Marcio. Perigava ele tomar uma surra.<\/p>\n<p>Terminada a aula, Helena foi direto para o vesti\u00e1rio a fim de se trocar. O Marcio, todo orgulhoso, imaginou que a sua filha era durona, pois havia resistido a tanta brutalidade. No entanto, assim que a menina saiu, ele percebeu que estava enganado. A pequena Helena surgiu com o rosto mais choroso que uma menina de quase nove anos poderia ter. Os dois se abra\u00e7aram e choraram juntos.<\/p>\n<p>O Marcio disse para a filha n\u00e3o se preocupar, pois ela n\u00e3o precisaria ser uma campe\u00e3 de nata\u00e7\u00e3o. Ele falou para a Helena que ela j\u00e1 sabia nadar muito bem cachorrinho. Ali\u00e1s, esse estilo de nado ela havia aprendido muito mais com o Coco e o Cacau, que s\u00e3o os dois cachorros do Marcio, do que com ele. \u00c9 que o Marcio n\u00e3o \u00e9 o que podemos chamar de grande adepto das bra\u00e7adas em \u00e1guas com mais de 30 cent\u00edmetros de profundidade. O lance dele \u00e9 mesmo a m\u00fasica.<\/p>\n<p>O Lucas ficou t\u00e3o emocionado com a situa\u00e7\u00e3o, que foi abra\u00e7ar aqueles dois. Nisso, a Helena fez um bico e disse que estava com sede. O Lucas, ent\u00e3o, disse que iria pagar uma \u00e1gua para a menina, que sorriu aquele sorriso mais largo do que boca de sapo.<\/p>\n<p>J\u00e1 no caminho de volta, Lucas se despediu do amigo e da menina. O Marcio e a Helena continuaram a caminhada. Nisso, ele para e pergunta para a filha se ela est\u00e1 melhor. A menina, ainda com a garrafa de \u00e1gua nas m\u00e3os, responde: &#8220;Estou \u00f3tima! Eu s\u00f3 queria ver se eu conseguia fazer o Lucas me pagar uma \u00e1gua&#8221;.<\/p>\n","protected":false},"excerpt":{"rendered":"<p>Dizem que essa hist\u00f3ria aconteceu em Porto Alegre. Na verdade, eu at\u00e9 sei os nomes dos personagens: Lucas, Marcio e a sua filha, a pequena Helena, que n\u00e3o \u00e9 a de Troia, mas bem que poderia ser, tamanha a sua capacidade de captar os olhares de todos. Magnetismo puro, apesar dos seus oito anos, quase [&hellip;]<\/p>\n","protected":false},"author":2,"featured_media":320815,"comment_status":"closed","ping_status":"closed","sticky":false,"template":"","format":"standard","meta":{"_acf_changed":false,"footnotes":""},"categories":[161],"tags":[],"class_list":["post-320814","post","type-post","status-publish","format-standard","has-post-thumbnail","hentry","category-quadradinho-em-foco"],"acf":[],"yoast_head":"<!-- This site is optimized with the Yoast SEO plugin v27.2 - https:\/\/yoast.com\/product\/yoast-seo-wordpress\/ -->\n<title>Cara de choro faz judeu abrir carteira e pagar \u00e1gua - Notibras<\/title>\n<meta name=\"robots\" content=\"index, follow, max-snippet:-1, max-image-preview:large, max-video-preview:-1\" \/>\n<link rel=\"canonical\" href=\"https:\/\/www.notibras.com\/site\/cara-de-choro-faz-judeu-abrir-carteira-e-pagar-agua\/\" \/>\n<meta property=\"og:locale\" content=\"pt_BR\" \/>\n<meta property=\"og:type\" content=\"article\" \/>\n<meta property=\"og:title\" content=\"Cara de choro faz judeu abrir carteira e pagar \u00e1gua - Notibras\" \/>\n<meta property=\"og:description\" content=\"Dizem que essa hist\u00f3ria aconteceu em Porto Alegre. Na verdade, eu at\u00e9 sei os nomes dos personagens: Lucas, Marcio e a sua filha, a pequena Helena, que n\u00e3o \u00e9 a de Troia, mas bem que poderia ser, tamanha a sua capacidade de captar os olhares de todos. Magnetismo puro, apesar dos seus oito anos, quase [&hellip;]\" \/>\n<meta property=\"og:url\" content=\"https:\/\/www.notibras.com\/site\/cara-de-choro-faz-judeu-abrir-carteira-e-pagar-agua\/\" \/>\n<meta property=\"og:site_name\" content=\"Notibras\" \/>\n<meta property=\"article:publisher\" content=\"https:\/\/www.facebook.com\/notibras\/\" \/>\n<meta property=\"article:published_time\" content=\"2024-01-18T12:34:18+00:00\" \/>\n<meta property=\"og:image\" content=\"https:\/\/www.notibras.com\/site\/wp-content\/uploads\/2024\/01\/choro.agua_.ju_.jpg\" \/>\n\t<meta property=\"og:image:width\" content=\"740\" \/>\n\t<meta property=\"og:image:height\" content=\"493\" \/>\n\t<meta property=\"og:image:type\" content=\"image\/jpeg\" \/>\n<meta name=\"author\" content=\"Reda\u00e7\u00e3o\" \/>\n<meta name=\"twitter:card\" content=\"summary_large_image\" \/>\n<meta name=\"twitter:creator\" content=\"@Notibras\" \/>\n<meta name=\"twitter:site\" content=\"@Notibras\" \/>\n<meta name=\"twitter:label1\" content=\"Escrito por\" \/>\n\t<meta name=\"twitter:data1\" content=\"Reda\u00e7\u00e3o\" \/>\n\t<meta name=\"twitter:label2\" content=\"Est. tempo de leitura\" \/>\n\t<meta name=\"twitter:data2\" content=\"4 minutos\" \/>\n<script type=\"application\/ld+json\" class=\"yoast-schema-graph\">{\"@context\":\"https:\/\/schema.org\",\"@graph\":[{\"@type\":\"Article\",\"@id\":\"https:\/\/www.notibras.com\/site\/cara-de-choro-faz-judeu-abrir-carteira-e-pagar-agua\/#article\",\"isPartOf\":{\"@id\":\"https:\/\/www.notibras.com\/site\/cara-de-choro-faz-judeu-abrir-carteira-e-pagar-agua\/\"},\"author\":{\"name\":\"Reda\u00e7\u00e3o\",\"@id\":\"https:\/\/www.notibras.com\/site\/#\/schema\/person\/36ab0979449956132d3e5b517ea76ac8\"},\"headline\":\"Cara de choro faz judeu abrir carteira e pagar \u00e1gua\",\"datePublished\":\"2024-01-18T12:34:18+00:00\",\"mainEntityOfPage\":{\"@id\":\"https:\/\/www.notibras.com\/site\/cara-de-choro-faz-judeu-abrir-carteira-e-pagar-agua\/\"},\"wordCount\":637,\"publisher\":{\"@id\":\"https:\/\/www.notibras.com\/site\/#organization\"},\"image\":{\"@id\":\"https:\/\/www.notibras.com\/site\/cara-de-choro-faz-judeu-abrir-carteira-e-pagar-agua\/#primaryimage\"},\"thumbnailUrl\":\"https:\/\/www.notibras.com\/site\/wp-content\/uploads\/2024\/01\/choro.agua_.ju_.jpg\",\"articleSection\":[\"Quadradinho em Foco\"],\"inLanguage\":\"pt-BR\"},{\"@type\":\"WebPage\",\"@id\":\"https:\/\/www.notibras.com\/site\/cara-de-choro-faz-judeu-abrir-carteira-e-pagar-agua\/\",\"url\":\"https:\/\/www.notibras.com\/site\/cara-de-choro-faz-judeu-abrir-carteira-e-pagar-agua\/\",\"name\":\"Cara de choro faz judeu abrir carteira e pagar \u00e1gua - Notibras\",\"isPartOf\":{\"@id\":\"https:\/\/www.notibras.com\/site\/#website\"},\"primaryImageOfPage\":{\"@id\":\"https:\/\/www.notibras.com\/site\/cara-de-choro-faz-judeu-abrir-carteira-e-pagar-agua\/#primaryimage\"},\"image\":{\"@id\":\"https:\/\/www.notibras.com\/site\/cara-de-choro-faz-judeu-abrir-carteira-e-pagar-agua\/#primaryimage\"},\"thumbnailUrl\":\"https:\/\/www.notibras.com\/site\/wp-content\/uploads\/2024\/01\/choro.agua_.ju_.jpg\",\"datePublished\":\"2024-01-18T12:34:18+00:00\",\"breadcrumb\":{\"@id\":\"https:\/\/www.notibras.com\/site\/cara-de-choro-faz-judeu-abrir-carteira-e-pagar-agua\/#breadcrumb\"},\"inLanguage\":\"pt-BR\",\"potentialAction\":[{\"@type\":\"ReadAction\",\"target\":[\"https:\/\/www.notibras.com\/site\/cara-de-choro-faz-judeu-abrir-carteira-e-pagar-agua\/\"]}]},{\"@type\":\"ImageObject\",\"inLanguage\":\"pt-BR\",\"@id\":\"https:\/\/www.notibras.com\/site\/cara-de-choro-faz-judeu-abrir-carteira-e-pagar-agua\/#primaryimage\",\"url\":\"https:\/\/www.notibras.com\/site\/wp-content\/uploads\/2024\/01\/choro.agua_.ju_.jpg\",\"contentUrl\":\"https:\/\/www.notibras.com\/site\/wp-content\/uploads\/2024\/01\/choro.agua_.ju_.jpg\",\"width\":740,\"height\":493},{\"@type\":\"BreadcrumbList\",\"@id\":\"https:\/\/www.notibras.com\/site\/cara-de-choro-faz-judeu-abrir-carteira-e-pagar-agua\/#breadcrumb\",\"itemListElement\":[{\"@type\":\"ListItem\",\"position\":1,\"name\":\"In\u00edcio\",\"item\":\"https:\/\/www.notibras.com\/site\/\"},{\"@type\":\"ListItem\",\"position\":2,\"name\":\"Cara de choro faz judeu abrir carteira e pagar \u00e1gua\"}]},{\"@type\":\"WebSite\",\"@id\":\"https:\/\/www.notibras.com\/site\/#website\",\"url\":\"https:\/\/www.notibras.com\/site\/\",\"name\":\"Notibras\",\"description\":\"Not\u00edcias de Bras\u00edlia, do Brasil e do Mundo\",\"publisher\":{\"@id\":\"https:\/\/www.notibras.com\/site\/#organization\"},\"potentialAction\":[{\"@type\":\"SearchAction\",\"target\":{\"@type\":\"EntryPoint\",\"urlTemplate\":\"https:\/\/www.notibras.com\/site\/?s={search_term_string}\"},\"query-input\":{\"@type\":\"PropertyValueSpecification\",\"valueRequired\":true,\"valueName\":\"search_term_string\"}}],\"inLanguage\":\"pt-BR\"},{\"@type\":\"Organization\",\"@id\":\"https:\/\/www.notibras.com\/site\/#organization\",\"name\":\"Grupo Notibras de Comunica\u00e7\u00e3o\",\"url\":\"https:\/\/www.notibras.com\/site\/\",\"logo\":{\"@type\":\"ImageObject\",\"inLanguage\":\"pt-BR\",\"@id\":\"https:\/\/www.notibras.com\/site\/#\/schema\/logo\/image\/\",\"url\":\"https:\/\/www.notibras.com\/site\/wp-content\/uploads\/2023\/01\/notibras23.png\",\"contentUrl\":\"https:\/\/www.notibras.com\/site\/wp-content\/uploads\/2023\/01\/notibras23.png\",\"width\":350,\"height\":87,\"caption\":\"Grupo Notibras de Comunica\u00e7\u00e3o\"},\"image\":{\"@id\":\"https:\/\/www.notibras.com\/site\/#\/schema\/logo\/image\/\"},\"sameAs\":[\"https:\/\/www.facebook.com\/notibras\/\",\"https:\/\/x.com\/Notibras\",\"https:\/\/www.instagram.com\/notibras\/\"]},{\"@type\":\"Person\",\"@id\":\"https:\/\/www.notibras.com\/site\/#\/schema\/person\/36ab0979449956132d3e5b517ea76ac8\",\"name\":\"Reda\u00e7\u00e3o\",\"image\":{\"@type\":\"ImageObject\",\"inLanguage\":\"pt-BR\",\"@id\":\"https:\/\/secure.gravatar.com\/avatar\/e0a867bdedb85fd243eadf09663511f96fc81e0720a4a42581f334ad4303aa6b?s=96&d=mm&r=g\",\"url\":\"https:\/\/secure.gravatar.com\/avatar\/e0a867bdedb85fd243eadf09663511f96fc81e0720a4a42581f334ad4303aa6b?s=96&d=mm&r=g\",\"contentUrl\":\"https:\/\/secure.gravatar.com\/avatar\/e0a867bdedb85fd243eadf09663511f96fc81e0720a4a42581f334ad4303aa6b?s=96&d=mm&r=g\",\"caption\":\"Reda\u00e7\u00e3o\"}}]}<\/script>\n<!-- \/ Yoast SEO plugin. -->","yoast_head_json":{"title":"Cara de choro faz judeu abrir carteira e pagar \u00e1gua - Notibras","robots":{"index":"index","follow":"follow","max-snippet":"max-snippet:-1","max-image-preview":"max-image-preview:large","max-video-preview":"max-video-preview:-1"},"canonical":"https:\/\/www.notibras.com\/site\/cara-de-choro-faz-judeu-abrir-carteira-e-pagar-agua\/","og_locale":"pt_BR","og_type":"article","og_title":"Cara de choro faz judeu abrir carteira e pagar \u00e1gua - Notibras","og_description":"Dizem que essa hist\u00f3ria aconteceu em Porto Alegre. Na verdade, eu at\u00e9 sei os nomes dos personagens: Lucas, Marcio e a sua filha, a pequena Helena, que n\u00e3o \u00e9 a de Troia, mas bem que poderia ser, tamanha a sua capacidade de captar os olhares de todos. Magnetismo puro, apesar dos seus oito anos, quase [&hellip;]","og_url":"https:\/\/www.notibras.com\/site\/cara-de-choro-faz-judeu-abrir-carteira-e-pagar-agua\/","og_site_name":"Notibras","article_publisher":"https:\/\/www.facebook.com\/notibras\/","article_published_time":"2024-01-18T12:34:18+00:00","og_image":[{"width":740,"height":493,"url":"https:\/\/www.notibras.com\/site\/wp-content\/uploads\/2024\/01\/choro.agua_.ju_.jpg","type":"image\/jpeg"}],"author":"Reda\u00e7\u00e3o","twitter_card":"summary_large_image","twitter_creator":"@Notibras","twitter_site":"@Notibras","twitter_misc":{"Escrito por":"Reda\u00e7\u00e3o","Est. tempo de leitura":"4 minutos"},"schema":{"@context":"https:\/\/schema.org","@graph":[{"@type":"Article","@id":"https:\/\/www.notibras.com\/site\/cara-de-choro-faz-judeu-abrir-carteira-e-pagar-agua\/#article","isPartOf":{"@id":"https:\/\/www.notibras.com\/site\/cara-de-choro-faz-judeu-abrir-carteira-e-pagar-agua\/"},"author":{"name":"Reda\u00e7\u00e3o","@id":"https:\/\/www.notibras.com\/site\/#\/schema\/person\/36ab0979449956132d3e5b517ea76ac8"},"headline":"Cara de choro faz judeu abrir carteira e pagar \u00e1gua","datePublished":"2024-01-18T12:34:18+00:00","mainEntityOfPage":{"@id":"https:\/\/www.notibras.com\/site\/cara-de-choro-faz-judeu-abrir-carteira-e-pagar-agua\/"},"wordCount":637,"publisher":{"@id":"https:\/\/www.notibras.com\/site\/#organization"},"image":{"@id":"https:\/\/www.notibras.com\/site\/cara-de-choro-faz-judeu-abrir-carteira-e-pagar-agua\/#primaryimage"},"thumbnailUrl":"https:\/\/www.notibras.com\/site\/wp-content\/uploads\/2024\/01\/choro.agua_.ju_.jpg","articleSection":["Quadradinho em Foco"],"inLanguage":"pt-BR"},{"@type":"WebPage","@id":"https:\/\/www.notibras.com\/site\/cara-de-choro-faz-judeu-abrir-carteira-e-pagar-agua\/","url":"https:\/\/www.notibras.com\/site\/cara-de-choro-faz-judeu-abrir-carteira-e-pagar-agua\/","name":"Cara de choro faz judeu abrir carteira e pagar \u00e1gua - Notibras","isPartOf":{"@id":"https:\/\/www.notibras.com\/site\/#website"},"primaryImageOfPage":{"@id":"https:\/\/www.notibras.com\/site\/cara-de-choro-faz-judeu-abrir-carteira-e-pagar-agua\/#primaryimage"},"image":{"@id":"https:\/\/www.notibras.com\/site\/cara-de-choro-faz-judeu-abrir-carteira-e-pagar-agua\/#primaryimage"},"thumbnailUrl":"https:\/\/www.notibras.com\/site\/wp-content\/uploads\/2024\/01\/choro.agua_.ju_.jpg","datePublished":"2024-01-18T12:34:18+00:00","breadcrumb":{"@id":"https:\/\/www.notibras.com\/site\/cara-de-choro-faz-judeu-abrir-carteira-e-pagar-agua\/#breadcrumb"},"inLanguage":"pt-BR","potentialAction":[{"@type":"ReadAction","target":["https:\/\/www.notibras.com\/site\/cara-de-choro-faz-judeu-abrir-carteira-e-pagar-agua\/"]}]},{"@type":"ImageObject","inLanguage":"pt-BR","@id":"https:\/\/www.notibras.com\/site\/cara-de-choro-faz-judeu-abrir-carteira-e-pagar-agua\/#primaryimage","url":"https:\/\/www.notibras.com\/site\/wp-content\/uploads\/2024\/01\/choro.agua_.ju_.jpg","contentUrl":"https:\/\/www.notibras.com\/site\/wp-content\/uploads\/2024\/01\/choro.agua_.ju_.jpg","width":740,"height":493},{"@type":"BreadcrumbList","@id":"https:\/\/www.notibras.com\/site\/cara-de-choro-faz-judeu-abrir-carteira-e-pagar-agua\/#breadcrumb","itemListElement":[{"@type":"ListItem","position":1,"name":"In\u00edcio","item":"https:\/\/www.notibras.com\/site\/"},{"@type":"ListItem","position":2,"name":"Cara de choro faz judeu abrir carteira e pagar \u00e1gua"}]},{"@type":"WebSite","@id":"https:\/\/www.notibras.com\/site\/#website","url":"https:\/\/www.notibras.com\/site\/","name":"Notibras","description":"Not\u00edcias de Bras\u00edlia, do Brasil e do Mundo","publisher":{"@id":"https:\/\/www.notibras.com\/site\/#organization"},"potentialAction":[{"@type":"SearchAction","target":{"@type":"EntryPoint","urlTemplate":"https:\/\/www.notibras.com\/site\/?s={search_term_string}"},"query-input":{"@type":"PropertyValueSpecification","valueRequired":true,"valueName":"search_term_string"}}],"inLanguage":"pt-BR"},{"@type":"Organization","@id":"https:\/\/www.notibras.com\/site\/#organization","name":"Grupo Notibras de Comunica\u00e7\u00e3o","url":"https:\/\/www.notibras.com\/site\/","logo":{"@type":"ImageObject","inLanguage":"pt-BR","@id":"https:\/\/www.notibras.com\/site\/#\/schema\/logo\/image\/","url":"https:\/\/www.notibras.com\/site\/wp-content\/uploads\/2023\/01\/notibras23.png","contentUrl":"https:\/\/www.notibras.com\/site\/wp-content\/uploads\/2023\/01\/notibras23.png","width":350,"height":87,"caption":"Grupo Notibras de Comunica\u00e7\u00e3o"},"image":{"@id":"https:\/\/www.notibras.com\/site\/#\/schema\/logo\/image\/"},"sameAs":["https:\/\/www.facebook.com\/notibras\/","https:\/\/x.com\/Notibras","https:\/\/www.instagram.com\/notibras\/"]},{"@type":"Person","@id":"https:\/\/www.notibras.com\/site\/#\/schema\/person\/36ab0979449956132d3e5b517ea76ac8","name":"Reda\u00e7\u00e3o","image":{"@type":"ImageObject","inLanguage":"pt-BR","@id":"https:\/\/secure.gravatar.com\/avatar\/e0a867bdedb85fd243eadf09663511f96fc81e0720a4a42581f334ad4303aa6b?s=96&d=mm&r=g","url":"https:\/\/secure.gravatar.com\/avatar\/e0a867bdedb85fd243eadf09663511f96fc81e0720a4a42581f334ad4303aa6b?s=96&d=mm&r=g","contentUrl":"https:\/\/secure.gravatar.com\/avatar\/e0a867bdedb85fd243eadf09663511f96fc81e0720a4a42581f334ad4303aa6b?s=96&d=mm&r=g","caption":"Reda\u00e7\u00e3o"}}]}},"amp_enabled":true,"_links":{"self":[{"href":"https:\/\/www.notibras.com\/site\/wp-json\/wp\/v2\/posts\/320814","targetHints":{"allow":["GET"]}}],"collection":[{"href":"https:\/\/www.notibras.com\/site\/wp-json\/wp\/v2\/posts"}],"about":[{"href":"https:\/\/www.notibras.com\/site\/wp-json\/wp\/v2\/types\/post"}],"author":[{"embeddable":true,"href":"https:\/\/www.notibras.com\/site\/wp-json\/wp\/v2\/users\/2"}],"replies":[{"embeddable":true,"href":"https:\/\/www.notibras.com\/site\/wp-json\/wp\/v2\/comments?post=320814"}],"version-history":[{"count":1,"href":"https:\/\/www.notibras.com\/site\/wp-json\/wp\/v2\/posts\/320814\/revisions"}],"predecessor-version":[{"id":320816,"href":"https:\/\/www.notibras.com\/site\/wp-json\/wp\/v2\/posts\/320814\/revisions\/320816"}],"wp:featuredmedia":[{"embeddable":true,"href":"https:\/\/www.notibras.com\/site\/wp-json\/wp\/v2\/media\/320815"}],"wp:attachment":[{"href":"https:\/\/www.notibras.com\/site\/wp-json\/wp\/v2\/media?parent=320814"}],"wp:term":[{"taxonomy":"category","embeddable":true,"href":"https:\/\/www.notibras.com\/site\/wp-json\/wp\/v2\/categories?post=320814"},{"taxonomy":"post_tag","embeddable":true,"href":"https:\/\/www.notibras.com\/site\/wp-json\/wp\/v2\/tags?post=320814"}],"curies":[{"name":"wp","href":"https:\/\/api.w.org\/{rel}","templated":true}]}}