{"id":320849,"date":"2024-01-18T10:37:02","date_gmt":"2024-01-18T13:37:02","guid":{"rendered":"https:\/\/www.notibras.com\/site\/?p=320849"},"modified":"2024-01-18T19:40:22","modified_gmt":"2024-01-18T22:40:22","slug":"mcdonalds-anuncia-retorno-do-iconico-mcfish","status":"publish","type":"post","link":"https:\/\/www.notibras.com\/site\/mcdonalds-anuncia-retorno-do-iconico-mcfish\/","title":{"rendered":"McDonald\u2019s anuncia retorno do ic\u00f4nico McFish"},"content":{"rendered":"<p>\u00c9 oficial: depois de muitos directs, coment\u00e1rios, posts e um perfil todinho pedindo a sua volta (@voltamcfish), o McDonald\u2019s anuncia o retorno do McFish, o sandu\u00edche de peixe empanado com queijo e molho t\u00e1rtaro que conquistou uma legi\u00e3o de f\u00e3s no pa\u00eds inteiro. Com o relan\u00e7amento, o M\u00e9qui vai come\u00e7ar 2024 atendendo aos milhares de clientes que mobilizaram as redes e ainda surpreend\u00ea-los com uma novidade exclusiva: o McFish Duplo!<\/p>\n<p>\u201cO McFish \u00e9 uma paix\u00e3o, e paix\u00e3o n\u00e3o se explica. \u00c9 um fen\u00f4meno de desejo entre nossos clientes e acompanhar a mobiliza\u00e7\u00e3o de todos os f\u00e3s desse sandu\u00edche tem sido espetacular. Diante de um pedido feito com tanta saudade, entusiasmo e amor que s\u00f3 crescia, s\u00f3 tinha um jeito: traz\u00ea-lo de volta! Estamos muito empolgados, come\u00e7amos agora com a novidade da venda antecipada, e tem muito mais coisa legal por vir!\u201d, comentou S\u00e9rgio Eleut\u00e9rio, Diretor de Marketing do McDonald\u2019s no Brasil.<\/p>\n<p>Feito com carne 100% peixe com um empanado crocante, molho emulsionado t\u00e1rtaro, exclusivos do M\u00e9qui e desses sandu\u00edches, p\u00e3o e uma fatia de queijo sabor cheddar, o McFish \u00e9 um \u00edcone de sabor. O peixe utilizado no McFish \u00e9 da esp\u00e9cie Polaca, que \u00e9 proveniente do Alasca e tem origem respons\u00e1vel, certificada pelo selo Marine Stewardship Council (MSC), que garante que a fonte do peixe seja sustent\u00e1vel, ou seja, evitando a sobrepesca, para que a sua popula\u00e7\u00e3o possa reproduzir-se de forma adequada, renovando-se de maneira cont\u00ednua, permanecendo produtiva e saud\u00e1vel.<\/p>\n<p>Entre 17 e 29 de janeiro, consumidores poder\u00e3o garantir, em uma compra antecipada pelo app do M\u00e9qui, a oportunidade de comer o sandu\u00edche queridinho das redes em primeira m\u00e3o. Todos os vouchers gerados no per\u00edodo d\u00e3o direito a uma experi\u00eancia de sabor antes do lan\u00e7amento oficial, j\u00e1 que poder\u00e3o ser resgatados pelo Pe\u00e7a e Retire &#8211; no app do M\u00e9qui \u2013 a partir de 30 de janeiro. J\u00e1 para aqueles clientes que n\u00e3o conseguiram o cupom, as vendas regulares come\u00e7am em 6 de fevereiro nos restaurantes de todo o Brasil e duram at\u00e9 acabarem os estoques.<\/p>\n<p><strong>Oi sumido!<\/strong><br \/>\nAntes mesmo do an\u00fancio da venda antecipada, o McDonald\u2019s j\u00e1 instigava o p\u00fablico com a poss\u00edvel volta do \u00edcone. No fim de 2023, quem foi ao cinema assistir Aquaman 2: O Reino Perdido, teve os sentidos instigados com uma cena antes do filme que apresentava uma pequena pista da volta do McFish. Aproveitando o burburinho, tanto nas redes sociais quanto em OOHs espalhados pela cidade de S\u00e3o Paulo, o McDonald\u2019s distribuiu uma s\u00e9rie de conte\u00fado para manter as pessoas em d\u00favida e querendo desvendar esse mist\u00e9rio. Toda a estrat\u00e9gia foi criada e desenvolvida pela Galeria.ag.<\/p>\n<p>Os sandu\u00edches estar\u00e3o dispon\u00edveis, por tempo limitado, em restaurantes de todo o pa\u00eds para pedidos no balc\u00e3o, pelos totens de autoatendimento, no Drive do M\u00e9qui, e no app do M\u00e9qui pelo McDelivery ou Pe\u00e7a e Retire. As compras realizadas na venda antecipada podem ser resgatadas at\u00e9 18 de fevereiro, ap\u00f3s o per\u00edodo, ser\u00e1 cancelada e o valor estornado.<\/p>\n<p>Al\u00e9m disso, caso o cliente seja cadastrado no programa de fidelidade Meu M\u00e9qui e se identifique no momento da compra, seja pelo QR code ou CPF, cada R$ 1 gasto se torna 100 pontos.<\/p>\n","protected":false},"excerpt":{"rendered":"<p>\u00c9 oficial: depois de muitos directs, coment\u00e1rios, posts e um perfil todinho pedindo a sua volta (@voltamcfish), o McDonald\u2019s anuncia o retorno do McFish, o sandu\u00edche de peixe empanado com queijo e molho t\u00e1rtaro que conquistou uma legi\u00e3o de f\u00e3s no pa\u00eds inteiro. Com o relan\u00e7amento, o M\u00e9qui vai come\u00e7ar 2024 atendendo aos milhares de [&hellip;]<\/p>\n","protected":false},"author":2,"featured_media":320850,"comment_status":"closed","ping_status":"closed","sticky":false,"template":"","format":"standard","meta":{"_acf_changed":false,"footnotes":""},"categories":[161],"tags":[],"class_list":["post-320849","post","type-post","status-publish","format-standard","has-post-thumbnail","hentry","category-quadradinho-em-foco"],"acf":[],"yoast_head":"<!-- This site is optimized with the Yoast SEO plugin v27.2 - https:\/\/yoast.com\/product\/yoast-seo-wordpress\/ -->\n<title>McDonald\u2019s anuncia retorno do ic\u00f4nico McFish - Notibras<\/title>\n<meta name=\"robots\" content=\"index, follow, max-snippet:-1, max-image-preview:large, max-video-preview:-1\" \/>\n<link rel=\"canonical\" href=\"https:\/\/www.notibras.com\/site\/mcdonalds-anuncia-retorno-do-iconico-mcfish\/\" \/>\n<meta property=\"og:locale\" content=\"pt_BR\" \/>\n<meta property=\"og:type\" content=\"article\" \/>\n<meta property=\"og:title\" content=\"McDonald\u2019s anuncia retorno do ic\u00f4nico McFish - Notibras\" \/>\n<meta property=\"og:description\" content=\"\u00c9 oficial: depois de muitos directs, coment\u00e1rios, posts e um perfil todinho pedindo a sua volta (@voltamcfish), o McDonald\u2019s anuncia o retorno do McFish, o sandu\u00edche de peixe empanado com queijo e molho t\u00e1rtaro que conquistou uma legi\u00e3o de f\u00e3s no pa\u00eds inteiro. Com o relan\u00e7amento, o M\u00e9qui vai come\u00e7ar 2024 atendendo aos milhares de [&hellip;]\" \/>\n<meta property=\"og:url\" content=\"https:\/\/www.notibras.com\/site\/mcdonalds-anuncia-retorno-do-iconico-mcfish\/\" \/>\n<meta property=\"og:site_name\" content=\"Notibras\" \/>\n<meta property=\"article:publisher\" content=\"https:\/\/www.facebook.com\/notibras\/\" \/>\n<meta property=\"article:published_time\" content=\"2024-01-18T13:37:02+00:00\" \/>\n<meta property=\"article:modified_time\" content=\"2024-01-18T22:40:22+00:00\" \/>\n<meta property=\"og:image\" content=\"https:\/\/www.notibras.com\/site\/wp-content\/uploads\/2024\/01\/230344_LANC_MCFISH_STILL_05-copy-scaled.jpg\" \/>\n\t<meta property=\"og:image:width\" content=\"2560\" \/>\n\t<meta property=\"og:image:height\" content=\"1707\" \/>\n\t<meta property=\"og:image:type\" content=\"image\/jpeg\" \/>\n<meta name=\"author\" content=\"Reda\u00e7\u00e3o\" \/>\n<meta name=\"twitter:card\" content=\"summary_large_image\" \/>\n<meta name=\"twitter:creator\" content=\"@Notibras\" \/>\n<meta name=\"twitter:site\" content=\"@Notibras\" \/>\n<meta name=\"twitter:label1\" content=\"Escrito por\" \/>\n\t<meta name=\"twitter:data1\" content=\"Reda\u00e7\u00e3o\" \/>\n\t<meta name=\"twitter:label2\" content=\"Est. tempo de leitura\" \/>\n\t<meta name=\"twitter:data2\" content=\"3 minutos\" \/>\n<script type=\"application\/ld+json\" class=\"yoast-schema-graph\">{\"@context\":\"https:\/\/schema.org\",\"@graph\":[{\"@type\":\"Article\",\"@id\":\"https:\/\/www.notibras.com\/site\/mcdonalds-anuncia-retorno-do-iconico-mcfish\/#article\",\"isPartOf\":{\"@id\":\"https:\/\/www.notibras.com\/site\/mcdonalds-anuncia-retorno-do-iconico-mcfish\/\"},\"author\":{\"name\":\"Reda\u00e7\u00e3o\",\"@id\":\"https:\/\/www.notibras.com\/site\/#\/schema\/person\/36ab0979449956132d3e5b517ea76ac8\"},\"headline\":\"McDonald\u2019s anuncia retorno do ic\u00f4nico McFish\",\"datePublished\":\"2024-01-18T13:37:02+00:00\",\"dateModified\":\"2024-01-18T22:40:22+00:00\",\"mainEntityOfPage\":{\"@id\":\"https:\/\/www.notibras.com\/site\/mcdonalds-anuncia-retorno-do-iconico-mcfish\/\"},\"wordCount\":586,\"publisher\":{\"@id\":\"https:\/\/www.notibras.com\/site\/#organization\"},\"image\":{\"@id\":\"https:\/\/www.notibras.com\/site\/mcdonalds-anuncia-retorno-do-iconico-mcfish\/#primaryimage\"},\"thumbnailUrl\":\"https:\/\/www.notibras.com\/site\/wp-content\/uploads\/2024\/01\/230344_LANC_MCFISH_STILL_05-copy-scaled.jpg\",\"articleSection\":[\"Quadradinho em Foco\"],\"inLanguage\":\"pt-BR\"},{\"@type\":\"WebPage\",\"@id\":\"https:\/\/www.notibras.com\/site\/mcdonalds-anuncia-retorno-do-iconico-mcfish\/\",\"url\":\"https:\/\/www.notibras.com\/site\/mcdonalds-anuncia-retorno-do-iconico-mcfish\/\",\"name\":\"McDonald\u2019s anuncia retorno do ic\u00f4nico McFish - Notibras\",\"isPartOf\":{\"@id\":\"https:\/\/www.notibras.com\/site\/#website\"},\"primaryImageOfPage\":{\"@id\":\"https:\/\/www.notibras.com\/site\/mcdonalds-anuncia-retorno-do-iconico-mcfish\/#primaryimage\"},\"image\":{\"@id\":\"https:\/\/www.notibras.com\/site\/mcdonalds-anuncia-retorno-do-iconico-mcfish\/#primaryimage\"},\"thumbnailUrl\":\"https:\/\/www.notibras.com\/site\/wp-content\/uploads\/2024\/01\/230344_LANC_MCFISH_STILL_05-copy-scaled.jpg\",\"datePublished\":\"2024-01-18T13:37:02+00:00\",\"dateModified\":\"2024-01-18T22:40:22+00:00\",\"breadcrumb\":{\"@id\":\"https:\/\/www.notibras.com\/site\/mcdonalds-anuncia-retorno-do-iconico-mcfish\/#breadcrumb\"},\"inLanguage\":\"pt-BR\",\"potentialAction\":[{\"@type\":\"ReadAction\",\"target\":[\"https:\/\/www.notibras.com\/site\/mcdonalds-anuncia-retorno-do-iconico-mcfish\/\"]}]},{\"@type\":\"ImageObject\",\"inLanguage\":\"pt-BR\",\"@id\":\"https:\/\/www.notibras.com\/site\/mcdonalds-anuncia-retorno-do-iconico-mcfish\/#primaryimage\",\"url\":\"https:\/\/www.notibras.com\/site\/wp-content\/uploads\/2024\/01\/230344_LANC_MCFISH_STILL_05-copy-scaled.jpg\",\"contentUrl\":\"https:\/\/www.notibras.com\/site\/wp-content\/uploads\/2024\/01\/230344_LANC_MCFISH_STILL_05-copy-scaled.jpg\",\"width\":2560,\"height\":1707},{\"@type\":\"BreadcrumbList\",\"@id\":\"https:\/\/www.notibras.com\/site\/mcdonalds-anuncia-retorno-do-iconico-mcfish\/#breadcrumb\",\"itemListElement\":[{\"@type\":\"ListItem\",\"position\":1,\"name\":\"In\u00edcio\",\"item\":\"https:\/\/www.notibras.com\/site\/\"},{\"@type\":\"ListItem\",\"position\":2,\"name\":\"McDonald\u2019s anuncia retorno do ic\u00f4nico McFish\"}]},{\"@type\":\"WebSite\",\"@id\":\"https:\/\/www.notibras.com\/site\/#website\",\"url\":\"https:\/\/www.notibras.com\/site\/\",\"name\":\"Notibras\",\"description\":\"Not\u00edcias de Bras\u00edlia, do Brasil e do Mundo\",\"publisher\":{\"@id\":\"https:\/\/www.notibras.com\/site\/#organization\"},\"potentialAction\":[{\"@type\":\"SearchAction\",\"target\":{\"@type\":\"EntryPoint\",\"urlTemplate\":\"https:\/\/www.notibras.com\/site\/?s={search_term_string}\"},\"query-input\":{\"@type\":\"PropertyValueSpecification\",\"valueRequired\":true,\"valueName\":\"search_term_string\"}}],\"inLanguage\":\"pt-BR\"},{\"@type\":\"Organization\",\"@id\":\"https:\/\/www.notibras.com\/site\/#organization\",\"name\":\"Grupo Notibras de Comunica\u00e7\u00e3o\",\"url\":\"https:\/\/www.notibras.com\/site\/\",\"logo\":{\"@type\":\"ImageObject\",\"inLanguage\":\"pt-BR\",\"@id\":\"https:\/\/www.notibras.com\/site\/#\/schema\/logo\/image\/\",\"url\":\"https:\/\/www.notibras.com\/site\/wp-content\/uploads\/2023\/01\/notibras23.png\",\"contentUrl\":\"https:\/\/www.notibras.com\/site\/wp-content\/uploads\/2023\/01\/notibras23.png\",\"width\":350,\"height\":87,\"caption\":\"Grupo Notibras de Comunica\u00e7\u00e3o\"},\"image\":{\"@id\":\"https:\/\/www.notibras.com\/site\/#\/schema\/logo\/image\/\"},\"sameAs\":[\"https:\/\/www.facebook.com\/notibras\/\",\"https:\/\/x.com\/Notibras\",\"https:\/\/www.instagram.com\/notibras\/\"]},{\"@type\":\"Person\",\"@id\":\"https:\/\/www.notibras.com\/site\/#\/schema\/person\/36ab0979449956132d3e5b517ea76ac8\",\"name\":\"Reda\u00e7\u00e3o\",\"image\":{\"@type\":\"ImageObject\",\"inLanguage\":\"pt-BR\",\"@id\":\"https:\/\/secure.gravatar.com\/avatar\/e0a867bdedb85fd243eadf09663511f96fc81e0720a4a42581f334ad4303aa6b?s=96&d=mm&r=g\",\"url\":\"https:\/\/secure.gravatar.com\/avatar\/e0a867bdedb85fd243eadf09663511f96fc81e0720a4a42581f334ad4303aa6b?s=96&d=mm&r=g\",\"contentUrl\":\"https:\/\/secure.gravatar.com\/avatar\/e0a867bdedb85fd243eadf09663511f96fc81e0720a4a42581f334ad4303aa6b?s=96&d=mm&r=g\",\"caption\":\"Reda\u00e7\u00e3o\"}}]}<\/script>\n<!-- \/ Yoast SEO plugin. -->","yoast_head_json":{"title":"McDonald\u2019s anuncia retorno do ic\u00f4nico McFish - Notibras","robots":{"index":"index","follow":"follow","max-snippet":"max-snippet:-1","max-image-preview":"max-image-preview:large","max-video-preview":"max-video-preview:-1"},"canonical":"https:\/\/www.notibras.com\/site\/mcdonalds-anuncia-retorno-do-iconico-mcfish\/","og_locale":"pt_BR","og_type":"article","og_title":"McDonald\u2019s anuncia retorno do ic\u00f4nico McFish - Notibras","og_description":"\u00c9 oficial: depois de muitos directs, coment\u00e1rios, posts e um perfil todinho pedindo a sua volta (@voltamcfish), o McDonald\u2019s anuncia o retorno do McFish, o sandu\u00edche de peixe empanado com queijo e molho t\u00e1rtaro que conquistou uma legi\u00e3o de f\u00e3s no pa\u00eds inteiro. Com o relan\u00e7amento, o M\u00e9qui vai come\u00e7ar 2024 atendendo aos milhares de [&hellip;]","og_url":"https:\/\/www.notibras.com\/site\/mcdonalds-anuncia-retorno-do-iconico-mcfish\/","og_site_name":"Notibras","article_publisher":"https:\/\/www.facebook.com\/notibras\/","article_published_time":"2024-01-18T13:37:02+00:00","article_modified_time":"2024-01-18T22:40:22+00:00","og_image":[{"width":2560,"height":1707,"url":"https:\/\/www.notibras.com\/site\/wp-content\/uploads\/2024\/01\/230344_LANC_MCFISH_STILL_05-copy-scaled.jpg","type":"image\/jpeg"}],"author":"Reda\u00e7\u00e3o","twitter_card":"summary_large_image","twitter_creator":"@Notibras","twitter_site":"@Notibras","twitter_misc":{"Escrito por":"Reda\u00e7\u00e3o","Est. tempo de leitura":"3 minutos"},"schema":{"@context":"https:\/\/schema.org","@graph":[{"@type":"Article","@id":"https:\/\/www.notibras.com\/site\/mcdonalds-anuncia-retorno-do-iconico-mcfish\/#article","isPartOf":{"@id":"https:\/\/www.notibras.com\/site\/mcdonalds-anuncia-retorno-do-iconico-mcfish\/"},"author":{"name":"Reda\u00e7\u00e3o","@id":"https:\/\/www.notibras.com\/site\/#\/schema\/person\/36ab0979449956132d3e5b517ea76ac8"},"headline":"McDonald\u2019s anuncia retorno do ic\u00f4nico McFish","datePublished":"2024-01-18T13:37:02+00:00","dateModified":"2024-01-18T22:40:22+00:00","mainEntityOfPage":{"@id":"https:\/\/www.notibras.com\/site\/mcdonalds-anuncia-retorno-do-iconico-mcfish\/"},"wordCount":586,"publisher":{"@id":"https:\/\/www.notibras.com\/site\/#organization"},"image":{"@id":"https:\/\/www.notibras.com\/site\/mcdonalds-anuncia-retorno-do-iconico-mcfish\/#primaryimage"},"thumbnailUrl":"https:\/\/www.notibras.com\/site\/wp-content\/uploads\/2024\/01\/230344_LANC_MCFISH_STILL_05-copy-scaled.jpg","articleSection":["Quadradinho em Foco"],"inLanguage":"pt-BR"},{"@type":"WebPage","@id":"https:\/\/www.notibras.com\/site\/mcdonalds-anuncia-retorno-do-iconico-mcfish\/","url":"https:\/\/www.notibras.com\/site\/mcdonalds-anuncia-retorno-do-iconico-mcfish\/","name":"McDonald\u2019s anuncia retorno do ic\u00f4nico McFish - Notibras","isPartOf":{"@id":"https:\/\/www.notibras.com\/site\/#website"},"primaryImageOfPage":{"@id":"https:\/\/www.notibras.com\/site\/mcdonalds-anuncia-retorno-do-iconico-mcfish\/#primaryimage"},"image":{"@id":"https:\/\/www.notibras.com\/site\/mcdonalds-anuncia-retorno-do-iconico-mcfish\/#primaryimage"},"thumbnailUrl":"https:\/\/www.notibras.com\/site\/wp-content\/uploads\/2024\/01\/230344_LANC_MCFISH_STILL_05-copy-scaled.jpg","datePublished":"2024-01-18T13:37:02+00:00","dateModified":"2024-01-18T22:40:22+00:00","breadcrumb":{"@id":"https:\/\/www.notibras.com\/site\/mcdonalds-anuncia-retorno-do-iconico-mcfish\/#breadcrumb"},"inLanguage":"pt-BR","potentialAction":[{"@type":"ReadAction","target":["https:\/\/www.notibras.com\/site\/mcdonalds-anuncia-retorno-do-iconico-mcfish\/"]}]},{"@type":"ImageObject","inLanguage":"pt-BR","@id":"https:\/\/www.notibras.com\/site\/mcdonalds-anuncia-retorno-do-iconico-mcfish\/#primaryimage","url":"https:\/\/www.notibras.com\/site\/wp-content\/uploads\/2024\/01\/230344_LANC_MCFISH_STILL_05-copy-scaled.jpg","contentUrl":"https:\/\/www.notibras.com\/site\/wp-content\/uploads\/2024\/01\/230344_LANC_MCFISH_STILL_05-copy-scaled.jpg","width":2560,"height":1707},{"@type":"BreadcrumbList","@id":"https:\/\/www.notibras.com\/site\/mcdonalds-anuncia-retorno-do-iconico-mcfish\/#breadcrumb","itemListElement":[{"@type":"ListItem","position":1,"name":"In\u00edcio","item":"https:\/\/www.notibras.com\/site\/"},{"@type":"ListItem","position":2,"name":"McDonald\u2019s anuncia retorno do ic\u00f4nico McFish"}]},{"@type":"WebSite","@id":"https:\/\/www.notibras.com\/site\/#website","url":"https:\/\/www.notibras.com\/site\/","name":"Notibras","description":"Not\u00edcias de Bras\u00edlia, do Brasil e do Mundo","publisher":{"@id":"https:\/\/www.notibras.com\/site\/#organization"},"potentialAction":[{"@type":"SearchAction","target":{"@type":"EntryPoint","urlTemplate":"https:\/\/www.notibras.com\/site\/?s={search_term_string}"},"query-input":{"@type":"PropertyValueSpecification","valueRequired":true,"valueName":"search_term_string"}}],"inLanguage":"pt-BR"},{"@type":"Organization","@id":"https:\/\/www.notibras.com\/site\/#organization","name":"Grupo Notibras de Comunica\u00e7\u00e3o","url":"https:\/\/www.notibras.com\/site\/","logo":{"@type":"ImageObject","inLanguage":"pt-BR","@id":"https:\/\/www.notibras.com\/site\/#\/schema\/logo\/image\/","url":"https:\/\/www.notibras.com\/site\/wp-content\/uploads\/2023\/01\/notibras23.png","contentUrl":"https:\/\/www.notibras.com\/site\/wp-content\/uploads\/2023\/01\/notibras23.png","width":350,"height":87,"caption":"Grupo Notibras de Comunica\u00e7\u00e3o"},"image":{"@id":"https:\/\/www.notibras.com\/site\/#\/schema\/logo\/image\/"},"sameAs":["https:\/\/www.facebook.com\/notibras\/","https:\/\/x.com\/Notibras","https:\/\/www.instagram.com\/notibras\/"]},{"@type":"Person","@id":"https:\/\/www.notibras.com\/site\/#\/schema\/person\/36ab0979449956132d3e5b517ea76ac8","name":"Reda\u00e7\u00e3o","image":{"@type":"ImageObject","inLanguage":"pt-BR","@id":"https:\/\/secure.gravatar.com\/avatar\/e0a867bdedb85fd243eadf09663511f96fc81e0720a4a42581f334ad4303aa6b?s=96&d=mm&r=g","url":"https:\/\/secure.gravatar.com\/avatar\/e0a867bdedb85fd243eadf09663511f96fc81e0720a4a42581f334ad4303aa6b?s=96&d=mm&r=g","contentUrl":"https:\/\/secure.gravatar.com\/avatar\/e0a867bdedb85fd243eadf09663511f96fc81e0720a4a42581f334ad4303aa6b?s=96&d=mm&r=g","caption":"Reda\u00e7\u00e3o"}}]}},"amp_enabled":true,"_links":{"self":[{"href":"https:\/\/www.notibras.com\/site\/wp-json\/wp\/v2\/posts\/320849","targetHints":{"allow":["GET"]}}],"collection":[{"href":"https:\/\/www.notibras.com\/site\/wp-json\/wp\/v2\/posts"}],"about":[{"href":"https:\/\/www.notibras.com\/site\/wp-json\/wp\/v2\/types\/post"}],"author":[{"embeddable":true,"href":"https:\/\/www.notibras.com\/site\/wp-json\/wp\/v2\/users\/2"}],"replies":[{"embeddable":true,"href":"https:\/\/www.notibras.com\/site\/wp-json\/wp\/v2\/comments?post=320849"}],"version-history":[{"count":1,"href":"https:\/\/www.notibras.com\/site\/wp-json\/wp\/v2\/posts\/320849\/revisions"}],"predecessor-version":[{"id":320851,"href":"https:\/\/www.notibras.com\/site\/wp-json\/wp\/v2\/posts\/320849\/revisions\/320851"}],"wp:featuredmedia":[{"embeddable":true,"href":"https:\/\/www.notibras.com\/site\/wp-json\/wp\/v2\/media\/320850"}],"wp:attachment":[{"href":"https:\/\/www.notibras.com\/site\/wp-json\/wp\/v2\/media?parent=320849"}],"wp:term":[{"taxonomy":"category","embeddable":true,"href":"https:\/\/www.notibras.com\/site\/wp-json\/wp\/v2\/categories?post=320849"},{"taxonomy":"post_tag","embeddable":true,"href":"https:\/\/www.notibras.com\/site\/wp-json\/wp\/v2\/tags?post=320849"}],"curies":[{"name":"wp","href":"https:\/\/api.w.org\/{rel}","templated":true}]}}