{"id":320854,"date":"2024-01-19T05:48:21","date_gmt":"2024-01-19T08:48:21","guid":{"rendered":"https:\/\/www.notibras.com\/site\/?p=320854"},"modified":"2024-01-19T05:53:51","modified_gmt":"2024-01-19T08:53:51","slug":"suspensa-licitacao-para-construcao-de-paradas-de-onibus","status":"publish","type":"post","link":"https:\/\/www.notibras.com\/site\/suspensa-licitacao-para-construcao-de-paradas-de-onibus\/","title":{"rendered":"Suspensa licita\u00e7\u00e3o para constru\u00e7\u00e3o de paradas de \u00f4nibus"},"content":{"rendered":"<p>O Tribunal de Contas do Distrito Federal suspendeu a licita\u00e7\u00e3o, lan\u00e7ada pela Secretaria de Transporte e Mobilidade, para constru\u00e7\u00e3o de cerca de duas mil paradas de \u00f4nibus. Dentre os motivos est\u00e3o ind\u00edcios de sobrepre\u00e7o, restri\u00e7\u00e3o de competitividade e poss\u00edvel sobreposi\u00e7\u00e3o de servi\u00e7os.<\/p>\n<p>Dentre outras falhas apontadas pelo corpo t\u00e9cnico do TCDF est\u00e1 a apresenta\u00e7\u00e3o de projetos arquitet\u00f4nicos e de engenharia deficientes. O certame prev\u00ea a constru\u00e7\u00e3o de abrigos do tipo C no modelo &#8220;implanta\u00e7\u00e3o reduzida&#8221; e &#8220;implanta\u00e7\u00e3o normal&#8221;, mas os desenhos t\u00e9cnicos n\u00e3o trazem o detalhamento de cada vers\u00e3o. Outra irregularidade \u00e9 a aus\u00eancia de Anota\u00e7\u00e3o de Responsabilidade T\u00e9cnica (ART), ou seja, n\u00e3o h\u00e1 a indica\u00e7\u00e3o dos respons\u00e1veis t\u00e9cnicos pelas atividades envolvidas, como, por exemplo, elabora\u00e7\u00e3o dos projetos e do or\u00e7amento.<\/p>\n<p>Diante das ocorr\u00eancias que podem implicar em preju\u00edzo aos cofres p\u00fablicos, o presidente do Tribunal de Contas determinou que a Semob suspendesse a licita\u00e7\u00e3o e corrigisse as falhas apontadas.<\/p>\n<p>De acordo com o edital divulgado pela Semob, o valor estimado para a contrata\u00e7\u00e3o \u00e9 de R$ 66.775.030,10.\u202fO certame prev\u00ea a implanta\u00e7\u00e3o de at\u00e9 1.070 abrigos e a substitui\u00e7\u00e3o de at\u00e9 915 paradas existentes.<\/p>\n<p>Poss\u00edveis irregularidades apontadas pelo TCDF<\/p>\n<p>\u2022 inclus\u00e3o de itens na planilha or\u00e7ament\u00e1ria que oneram injustificadamente o valor estimado;<\/p>\n<p>\u2022 poss\u00edvel sobreposi\u00e7\u00e3o de servi\u00e7os;<\/p>\n<p>\u2022 aus\u00eancia do memorial de c\u00e1lculo dos quantitativos;<\/p>\n<p>\u2022 projetos arquitet\u00f4nicos e de engenharia deficientes;<\/p>\n<p>\u2022 exig\u00eancia de qualifica\u00e7\u00e3o t\u00e9cnica demasiadamente restritiva;<\/p>\n<p>\u2022 aus\u00eancia de cronograma f\u00edsico-financeiro e prazo para execu\u00e7\u00e3o dos servi\u00e7os;<\/p>\n<p>\u2022 previs\u00e3o de vig\u00eancia dos contratos por um per\u00edodo de dez anos, apesar de n\u00e3o se tratar de servi\u00e7os continuados;<\/p>\n<p>\u2022 agrupamento indevido do objeto em lote\/item \u00fanico;<\/p>\n<p>\u2022 aus\u00eancia de cota reservada e\/ou subcontrata\u00e7\u00e3o compuls\u00f3ria;<\/p>\n<p>\u2022 aus\u00eancia de ART (Anota\u00e7\u00e3o de Responsabilidade T\u00e9cnica); e<\/p>\n<p>\u2022 previs\u00e3o indevida da al\u00edquota de ISSQN (Imposto sobre Servi\u00e7os de Qualquer Natureza) no BDI (Benef\u00edcios e Despesas Indiretas) de fornecimento.<\/p>\n","protected":false},"excerpt":{"rendered":"<p>O Tribunal de Contas do Distrito Federal suspendeu a licita\u00e7\u00e3o, lan\u00e7ada pela Secretaria de Transporte e Mobilidade, para constru\u00e7\u00e3o de cerca de duas mil paradas de \u00f4nibus. Dentre os motivos est\u00e3o ind\u00edcios de sobrepre\u00e7o, restri\u00e7\u00e3o de competitividade e poss\u00edvel sobreposi\u00e7\u00e3o de servi\u00e7os. Dentre outras falhas apontadas pelo corpo t\u00e9cnico do TCDF est\u00e1 a apresenta\u00e7\u00e3o de [&hellip;]<\/p>\n","protected":false},"author":2,"featured_media":301105,"comment_status":"closed","ping_status":"closed","sticky":false,"template":"","format":"standard","meta":{"_acf_changed":false,"footnotes":""},"categories":[161],"tags":[],"class_list":["post-320854","post","type-post","status-publish","format-standard","has-post-thumbnail","hentry","category-quadradinho-em-foco"],"acf":[],"yoast_head":"<!-- This site is optimized with the Yoast SEO plugin v27.2 - https:\/\/yoast.com\/product\/yoast-seo-wordpress\/ -->\n<title>Suspensa licita\u00e7\u00e3o para constru\u00e7\u00e3o de paradas de \u00f4nibus - Notibras<\/title>\n<meta name=\"robots\" content=\"index, follow, max-snippet:-1, max-image-preview:large, max-video-preview:-1\" \/>\n<link rel=\"canonical\" href=\"https:\/\/www.notibras.com\/site\/suspensa-licitacao-para-construcao-de-paradas-de-onibus\/\" \/>\n<meta property=\"og:locale\" content=\"pt_BR\" \/>\n<meta property=\"og:type\" content=\"article\" \/>\n<meta property=\"og:title\" content=\"Suspensa licita\u00e7\u00e3o para constru\u00e7\u00e3o de paradas de \u00f4nibus - Notibras\" \/>\n<meta property=\"og:description\" content=\"O Tribunal de Contas do Distrito Federal suspendeu a licita\u00e7\u00e3o, lan\u00e7ada pela Secretaria de Transporte e Mobilidade, para constru\u00e7\u00e3o de cerca de duas mil paradas de \u00f4nibus. Dentre os motivos est\u00e3o ind\u00edcios de sobrepre\u00e7o, restri\u00e7\u00e3o de competitividade e poss\u00edvel sobreposi\u00e7\u00e3o de servi\u00e7os. Dentre outras falhas apontadas pelo corpo t\u00e9cnico do TCDF est\u00e1 a apresenta\u00e7\u00e3o de [&hellip;]\" \/>\n<meta property=\"og:url\" content=\"https:\/\/www.notibras.com\/site\/suspensa-licitacao-para-construcao-de-paradas-de-onibus\/\" \/>\n<meta property=\"og:site_name\" content=\"Notibras\" \/>\n<meta property=\"article:publisher\" content=\"https:\/\/www.facebook.com\/notibras\/\" \/>\n<meta property=\"article:published_time\" content=\"2024-01-19T08:48:21+00:00\" \/>\n<meta property=\"article:modified_time\" content=\"2024-01-19T08:53:51+00:00\" \/>\n<meta property=\"og:image\" content=\"https:\/\/www.notibras.com\/site\/wp-content\/uploads\/2023\/03\/novas-paradas-de-onibus-na-epia-sul-toninho-tavares.jpg\" \/>\n\t<meta property=\"og:image:width\" content=\"1920\" \/>\n\t<meta property=\"og:image:height\" content=\"1280\" \/>\n\t<meta property=\"og:image:type\" content=\"image\/jpeg\" \/>\n<meta name=\"author\" content=\"Reda\u00e7\u00e3o\" \/>\n<meta name=\"twitter:card\" content=\"summary_large_image\" \/>\n<meta name=\"twitter:creator\" content=\"@Notibras\" \/>\n<meta name=\"twitter:site\" content=\"@Notibras\" \/>\n<meta name=\"twitter:label1\" content=\"Escrito por\" \/>\n\t<meta name=\"twitter:data1\" content=\"Reda\u00e7\u00e3o\" \/>\n\t<meta name=\"twitter:label2\" content=\"Est. tempo de leitura\" \/>\n\t<meta name=\"twitter:data2\" content=\"2 minutos\" \/>\n<script type=\"application\/ld+json\" class=\"yoast-schema-graph\">{\"@context\":\"https:\/\/schema.org\",\"@graph\":[{\"@type\":\"Article\",\"@id\":\"https:\/\/www.notibras.com\/site\/suspensa-licitacao-para-construcao-de-paradas-de-onibus\/#article\",\"isPartOf\":{\"@id\":\"https:\/\/www.notibras.com\/site\/suspensa-licitacao-para-construcao-de-paradas-de-onibus\/\"},\"author\":{\"name\":\"Reda\u00e7\u00e3o\",\"@id\":\"https:\/\/www.notibras.com\/site\/#\/schema\/person\/36ab0979449956132d3e5b517ea76ac8\"},\"headline\":\"Suspensa licita\u00e7\u00e3o para constru\u00e7\u00e3o de paradas de \u00f4nibus\",\"datePublished\":\"2024-01-19T08:48:21+00:00\",\"dateModified\":\"2024-01-19T08:53:51+00:00\",\"mainEntityOfPage\":{\"@id\":\"https:\/\/www.notibras.com\/site\/suspensa-licitacao-para-construcao-de-paradas-de-onibus\/\"},\"wordCount\":370,\"publisher\":{\"@id\":\"https:\/\/www.notibras.com\/site\/#organization\"},\"image\":{\"@id\":\"https:\/\/www.notibras.com\/site\/suspensa-licitacao-para-construcao-de-paradas-de-onibus\/#primaryimage\"},\"thumbnailUrl\":\"https:\/\/www.notibras.com\/site\/wp-content\/uploads\/2023\/03\/novas-paradas-de-onibus-na-epia-sul-toninho-tavares.jpg\",\"articleSection\":[\"Quadradinho em Foco\"],\"inLanguage\":\"pt-BR\"},{\"@type\":\"WebPage\",\"@id\":\"https:\/\/www.notibras.com\/site\/suspensa-licitacao-para-construcao-de-paradas-de-onibus\/\",\"url\":\"https:\/\/www.notibras.com\/site\/suspensa-licitacao-para-construcao-de-paradas-de-onibus\/\",\"name\":\"Suspensa licita\u00e7\u00e3o para constru\u00e7\u00e3o de paradas de \u00f4nibus - Notibras\",\"isPartOf\":{\"@id\":\"https:\/\/www.notibras.com\/site\/#website\"},\"primaryImageOfPage\":{\"@id\":\"https:\/\/www.notibras.com\/site\/suspensa-licitacao-para-construcao-de-paradas-de-onibus\/#primaryimage\"},\"image\":{\"@id\":\"https:\/\/www.notibras.com\/site\/suspensa-licitacao-para-construcao-de-paradas-de-onibus\/#primaryimage\"},\"thumbnailUrl\":\"https:\/\/www.notibras.com\/site\/wp-content\/uploads\/2023\/03\/novas-paradas-de-onibus-na-epia-sul-toninho-tavares.jpg\",\"datePublished\":\"2024-01-19T08:48:21+00:00\",\"dateModified\":\"2024-01-19T08:53:51+00:00\",\"breadcrumb\":{\"@id\":\"https:\/\/www.notibras.com\/site\/suspensa-licitacao-para-construcao-de-paradas-de-onibus\/#breadcrumb\"},\"inLanguage\":\"pt-BR\",\"potentialAction\":[{\"@type\":\"ReadAction\",\"target\":[\"https:\/\/www.notibras.com\/site\/suspensa-licitacao-para-construcao-de-paradas-de-onibus\/\"]}]},{\"@type\":\"ImageObject\",\"inLanguage\":\"pt-BR\",\"@id\":\"https:\/\/www.notibras.com\/site\/suspensa-licitacao-para-construcao-de-paradas-de-onibus\/#primaryimage\",\"url\":\"https:\/\/www.notibras.com\/site\/wp-content\/uploads\/2023\/03\/novas-paradas-de-onibus-na-epia-sul-toninho-tavares.jpg\",\"contentUrl\":\"https:\/\/www.notibras.com\/site\/wp-content\/uploads\/2023\/03\/novas-paradas-de-onibus-na-epia-sul-toninho-tavares.jpg\",\"width\":1920,\"height\":1280},{\"@type\":\"BreadcrumbList\",\"@id\":\"https:\/\/www.notibras.com\/site\/suspensa-licitacao-para-construcao-de-paradas-de-onibus\/#breadcrumb\",\"itemListElement\":[{\"@type\":\"ListItem\",\"position\":1,\"name\":\"In\u00edcio\",\"item\":\"https:\/\/www.notibras.com\/site\/\"},{\"@type\":\"ListItem\",\"position\":2,\"name\":\"Suspensa licita\u00e7\u00e3o para constru\u00e7\u00e3o de paradas de \u00f4nibus\"}]},{\"@type\":\"WebSite\",\"@id\":\"https:\/\/www.notibras.com\/site\/#website\",\"url\":\"https:\/\/www.notibras.com\/site\/\",\"name\":\"Notibras\",\"description\":\"Not\u00edcias de Bras\u00edlia, do Brasil e do Mundo\",\"publisher\":{\"@id\":\"https:\/\/www.notibras.com\/site\/#organization\"},\"potentialAction\":[{\"@type\":\"SearchAction\",\"target\":{\"@type\":\"EntryPoint\",\"urlTemplate\":\"https:\/\/www.notibras.com\/site\/?s={search_term_string}\"},\"query-input\":{\"@type\":\"PropertyValueSpecification\",\"valueRequired\":true,\"valueName\":\"search_term_string\"}}],\"inLanguage\":\"pt-BR\"},{\"@type\":\"Organization\",\"@id\":\"https:\/\/www.notibras.com\/site\/#organization\",\"name\":\"Grupo Notibras de Comunica\u00e7\u00e3o\",\"url\":\"https:\/\/www.notibras.com\/site\/\",\"logo\":{\"@type\":\"ImageObject\",\"inLanguage\":\"pt-BR\",\"@id\":\"https:\/\/www.notibras.com\/site\/#\/schema\/logo\/image\/\",\"url\":\"https:\/\/www.notibras.com\/site\/wp-content\/uploads\/2023\/01\/notibras23.png\",\"contentUrl\":\"https:\/\/www.notibras.com\/site\/wp-content\/uploads\/2023\/01\/notibras23.png\",\"width\":350,\"height\":87,\"caption\":\"Grupo Notibras de Comunica\u00e7\u00e3o\"},\"image\":{\"@id\":\"https:\/\/www.notibras.com\/site\/#\/schema\/logo\/image\/\"},\"sameAs\":[\"https:\/\/www.facebook.com\/notibras\/\",\"https:\/\/x.com\/Notibras\",\"https:\/\/www.instagram.com\/notibras\/\"]},{\"@type\":\"Person\",\"@id\":\"https:\/\/www.notibras.com\/site\/#\/schema\/person\/36ab0979449956132d3e5b517ea76ac8\",\"name\":\"Reda\u00e7\u00e3o\",\"image\":{\"@type\":\"ImageObject\",\"inLanguage\":\"pt-BR\",\"@id\":\"https:\/\/secure.gravatar.com\/avatar\/e0a867bdedb85fd243eadf09663511f96fc81e0720a4a42581f334ad4303aa6b?s=96&d=mm&r=g\",\"url\":\"https:\/\/secure.gravatar.com\/avatar\/e0a867bdedb85fd243eadf09663511f96fc81e0720a4a42581f334ad4303aa6b?s=96&d=mm&r=g\",\"contentUrl\":\"https:\/\/secure.gravatar.com\/avatar\/e0a867bdedb85fd243eadf09663511f96fc81e0720a4a42581f334ad4303aa6b?s=96&d=mm&r=g\",\"caption\":\"Reda\u00e7\u00e3o\"}}]}<\/script>\n<!-- \/ Yoast SEO plugin. -->","yoast_head_json":{"title":"Suspensa licita\u00e7\u00e3o para constru\u00e7\u00e3o de paradas de \u00f4nibus - Notibras","robots":{"index":"index","follow":"follow","max-snippet":"max-snippet:-1","max-image-preview":"max-image-preview:large","max-video-preview":"max-video-preview:-1"},"canonical":"https:\/\/www.notibras.com\/site\/suspensa-licitacao-para-construcao-de-paradas-de-onibus\/","og_locale":"pt_BR","og_type":"article","og_title":"Suspensa licita\u00e7\u00e3o para constru\u00e7\u00e3o de paradas de \u00f4nibus - Notibras","og_description":"O Tribunal de Contas do Distrito Federal suspendeu a licita\u00e7\u00e3o, lan\u00e7ada pela Secretaria de Transporte e Mobilidade, para constru\u00e7\u00e3o de cerca de duas mil paradas de \u00f4nibus. Dentre os motivos est\u00e3o ind\u00edcios de sobrepre\u00e7o, restri\u00e7\u00e3o de competitividade e poss\u00edvel sobreposi\u00e7\u00e3o de servi\u00e7os. Dentre outras falhas apontadas pelo corpo t\u00e9cnico do TCDF est\u00e1 a apresenta\u00e7\u00e3o de [&hellip;]","og_url":"https:\/\/www.notibras.com\/site\/suspensa-licitacao-para-construcao-de-paradas-de-onibus\/","og_site_name":"Notibras","article_publisher":"https:\/\/www.facebook.com\/notibras\/","article_published_time":"2024-01-19T08:48:21+00:00","article_modified_time":"2024-01-19T08:53:51+00:00","og_image":[{"width":1920,"height":1280,"url":"https:\/\/www.notibras.com\/site\/wp-content\/uploads\/2023\/03\/novas-paradas-de-onibus-na-epia-sul-toninho-tavares.jpg","type":"image\/jpeg"}],"author":"Reda\u00e7\u00e3o","twitter_card":"summary_large_image","twitter_creator":"@Notibras","twitter_site":"@Notibras","twitter_misc":{"Escrito por":"Reda\u00e7\u00e3o","Est. tempo de leitura":"2 minutos"},"schema":{"@context":"https:\/\/schema.org","@graph":[{"@type":"Article","@id":"https:\/\/www.notibras.com\/site\/suspensa-licitacao-para-construcao-de-paradas-de-onibus\/#article","isPartOf":{"@id":"https:\/\/www.notibras.com\/site\/suspensa-licitacao-para-construcao-de-paradas-de-onibus\/"},"author":{"name":"Reda\u00e7\u00e3o","@id":"https:\/\/www.notibras.com\/site\/#\/schema\/person\/36ab0979449956132d3e5b517ea76ac8"},"headline":"Suspensa licita\u00e7\u00e3o para constru\u00e7\u00e3o de paradas de \u00f4nibus","datePublished":"2024-01-19T08:48:21+00:00","dateModified":"2024-01-19T08:53:51+00:00","mainEntityOfPage":{"@id":"https:\/\/www.notibras.com\/site\/suspensa-licitacao-para-construcao-de-paradas-de-onibus\/"},"wordCount":370,"publisher":{"@id":"https:\/\/www.notibras.com\/site\/#organization"},"image":{"@id":"https:\/\/www.notibras.com\/site\/suspensa-licitacao-para-construcao-de-paradas-de-onibus\/#primaryimage"},"thumbnailUrl":"https:\/\/www.notibras.com\/site\/wp-content\/uploads\/2023\/03\/novas-paradas-de-onibus-na-epia-sul-toninho-tavares.jpg","articleSection":["Quadradinho em Foco"],"inLanguage":"pt-BR"},{"@type":"WebPage","@id":"https:\/\/www.notibras.com\/site\/suspensa-licitacao-para-construcao-de-paradas-de-onibus\/","url":"https:\/\/www.notibras.com\/site\/suspensa-licitacao-para-construcao-de-paradas-de-onibus\/","name":"Suspensa licita\u00e7\u00e3o para constru\u00e7\u00e3o de paradas de \u00f4nibus - Notibras","isPartOf":{"@id":"https:\/\/www.notibras.com\/site\/#website"},"primaryImageOfPage":{"@id":"https:\/\/www.notibras.com\/site\/suspensa-licitacao-para-construcao-de-paradas-de-onibus\/#primaryimage"},"image":{"@id":"https:\/\/www.notibras.com\/site\/suspensa-licitacao-para-construcao-de-paradas-de-onibus\/#primaryimage"},"thumbnailUrl":"https:\/\/www.notibras.com\/site\/wp-content\/uploads\/2023\/03\/novas-paradas-de-onibus-na-epia-sul-toninho-tavares.jpg","datePublished":"2024-01-19T08:48:21+00:00","dateModified":"2024-01-19T08:53:51+00:00","breadcrumb":{"@id":"https:\/\/www.notibras.com\/site\/suspensa-licitacao-para-construcao-de-paradas-de-onibus\/#breadcrumb"},"inLanguage":"pt-BR","potentialAction":[{"@type":"ReadAction","target":["https:\/\/www.notibras.com\/site\/suspensa-licitacao-para-construcao-de-paradas-de-onibus\/"]}]},{"@type":"ImageObject","inLanguage":"pt-BR","@id":"https:\/\/www.notibras.com\/site\/suspensa-licitacao-para-construcao-de-paradas-de-onibus\/#primaryimage","url":"https:\/\/www.notibras.com\/site\/wp-content\/uploads\/2023\/03\/novas-paradas-de-onibus-na-epia-sul-toninho-tavares.jpg","contentUrl":"https:\/\/www.notibras.com\/site\/wp-content\/uploads\/2023\/03\/novas-paradas-de-onibus-na-epia-sul-toninho-tavares.jpg","width":1920,"height":1280},{"@type":"BreadcrumbList","@id":"https:\/\/www.notibras.com\/site\/suspensa-licitacao-para-construcao-de-paradas-de-onibus\/#breadcrumb","itemListElement":[{"@type":"ListItem","position":1,"name":"In\u00edcio","item":"https:\/\/www.notibras.com\/site\/"},{"@type":"ListItem","position":2,"name":"Suspensa licita\u00e7\u00e3o para constru\u00e7\u00e3o de paradas de \u00f4nibus"}]},{"@type":"WebSite","@id":"https:\/\/www.notibras.com\/site\/#website","url":"https:\/\/www.notibras.com\/site\/","name":"Notibras","description":"Not\u00edcias de Bras\u00edlia, do Brasil e do Mundo","publisher":{"@id":"https:\/\/www.notibras.com\/site\/#organization"},"potentialAction":[{"@type":"SearchAction","target":{"@type":"EntryPoint","urlTemplate":"https:\/\/www.notibras.com\/site\/?s={search_term_string}"},"query-input":{"@type":"PropertyValueSpecification","valueRequired":true,"valueName":"search_term_string"}}],"inLanguage":"pt-BR"},{"@type":"Organization","@id":"https:\/\/www.notibras.com\/site\/#organization","name":"Grupo Notibras de Comunica\u00e7\u00e3o","url":"https:\/\/www.notibras.com\/site\/","logo":{"@type":"ImageObject","inLanguage":"pt-BR","@id":"https:\/\/www.notibras.com\/site\/#\/schema\/logo\/image\/","url":"https:\/\/www.notibras.com\/site\/wp-content\/uploads\/2023\/01\/notibras23.png","contentUrl":"https:\/\/www.notibras.com\/site\/wp-content\/uploads\/2023\/01\/notibras23.png","width":350,"height":87,"caption":"Grupo Notibras de Comunica\u00e7\u00e3o"},"image":{"@id":"https:\/\/www.notibras.com\/site\/#\/schema\/logo\/image\/"},"sameAs":["https:\/\/www.facebook.com\/notibras\/","https:\/\/x.com\/Notibras","https:\/\/www.instagram.com\/notibras\/"]},{"@type":"Person","@id":"https:\/\/www.notibras.com\/site\/#\/schema\/person\/36ab0979449956132d3e5b517ea76ac8","name":"Reda\u00e7\u00e3o","image":{"@type":"ImageObject","inLanguage":"pt-BR","@id":"https:\/\/secure.gravatar.com\/avatar\/e0a867bdedb85fd243eadf09663511f96fc81e0720a4a42581f334ad4303aa6b?s=96&d=mm&r=g","url":"https:\/\/secure.gravatar.com\/avatar\/e0a867bdedb85fd243eadf09663511f96fc81e0720a4a42581f334ad4303aa6b?s=96&d=mm&r=g","contentUrl":"https:\/\/secure.gravatar.com\/avatar\/e0a867bdedb85fd243eadf09663511f96fc81e0720a4a42581f334ad4303aa6b?s=96&d=mm&r=g","caption":"Reda\u00e7\u00e3o"}}]}},"amp_enabled":true,"_links":{"self":[{"href":"https:\/\/www.notibras.com\/site\/wp-json\/wp\/v2\/posts\/320854","targetHints":{"allow":["GET"]}}],"collection":[{"href":"https:\/\/www.notibras.com\/site\/wp-json\/wp\/v2\/posts"}],"about":[{"href":"https:\/\/www.notibras.com\/site\/wp-json\/wp\/v2\/types\/post"}],"author":[{"embeddable":true,"href":"https:\/\/www.notibras.com\/site\/wp-json\/wp\/v2\/users\/2"}],"replies":[{"embeddable":true,"href":"https:\/\/www.notibras.com\/site\/wp-json\/wp\/v2\/comments?post=320854"}],"version-history":[{"count":1,"href":"https:\/\/www.notibras.com\/site\/wp-json\/wp\/v2\/posts\/320854\/revisions"}],"predecessor-version":[{"id":320855,"href":"https:\/\/www.notibras.com\/site\/wp-json\/wp\/v2\/posts\/320854\/revisions\/320855"}],"wp:featuredmedia":[{"embeddable":true,"href":"https:\/\/www.notibras.com\/site\/wp-json\/wp\/v2\/media\/301105"}],"wp:attachment":[{"href":"https:\/\/www.notibras.com\/site\/wp-json\/wp\/v2\/media?parent=320854"}],"wp:term":[{"taxonomy":"category","embeddable":true,"href":"https:\/\/www.notibras.com\/site\/wp-json\/wp\/v2\/categories?post=320854"},{"taxonomy":"post_tag","embeddable":true,"href":"https:\/\/www.notibras.com\/site\/wp-json\/wp\/v2\/tags?post=320854"}],"curies":[{"name":"wp","href":"https:\/\/api.w.org\/{rel}","templated":true}]}}