{"id":320856,"date":"2024-01-19T05:55:59","date_gmt":"2024-01-19T08:55:59","guid":{"rendered":"https:\/\/www.notibras.com\/site\/?p=320856"},"modified":"2024-01-19T05:55:59","modified_gmt":"2024-01-19T08:55:59","slug":"melhor-saida-para-inclusao-social-ao-alcance-da-mao","status":"publish","type":"post","link":"https:\/\/www.notibras.com\/site\/melhor-saida-para-inclusao-social-ao-alcance-da-mao\/","title":{"rendered":"Melhor sa\u00edda para inclus\u00e3o social ao alcance da m\u00e3o"},"content":{"rendered":"<p>A lei que cria a Pol\u00edtica Nacional de Trabalho Digno e Cidadania para a Popula\u00e7\u00e3o em Situa\u00e7\u00e3o de Rua (PNTC PopRua), sancionada pelo presidente Luiz In\u00e1cio Lula da Silva, tem a economia solid\u00e1ria como um dos tr\u00eas eixos estrat\u00e9gicos que estruturam as a\u00e7\u00f5es para renda, qualifica\u00e7\u00e3o profissional e eleva\u00e7\u00e3o da escolaridade dessas pessoas em vulnerabilidade social. A estrat\u00e9gia faz parte do Plano Ruas Vis\u00edveis, anunciado em dezembro de 2023, pelo governo federal.<\/p>\n<p>Baseada no princ\u00edpio de cooperativismo, gest\u00e3o democr\u00e1tica e distribui\u00e7\u00e3o igualit\u00e1ria, a economia solid\u00e1ria surge como uma ferramenta para as a\u00e7\u00f5es do governo, a ser incentivada por meio de uma maior acesso ao microcr\u00e9dito. E junto com a qualifica\u00e7\u00e3o profissional e a eleva\u00e7\u00e3o da escolaridade, estrutura o programa de incentivo a gera\u00e7\u00e3o de emprego para pessoas em situa\u00e7\u00e3o de rua.<\/p>\n<p>Tamb\u00e9m s\u00e3o previstos mecanismos para a cria\u00e7\u00e3o de incentivos \u00e0 contrata\u00e7\u00e3o dessa popula\u00e7\u00e3o, tudo com investimentos previstos de R$ 1,2 milh\u00e3o, por parte da Uni\u00e3o, do total de R$ 575,7 milh\u00f5es previstos para o Plano Ruas Vis\u00edveis.<\/p>\n<p>A ades\u00e3o de estados, Distrito Federal e munic\u00edpios \u00e9 apontada, ainda, como o caminho a ser alcan\u00e7ado para a estrutura\u00e7\u00e3o de uma rede que estabele\u00e7a a pol\u00edtica p\u00fablica em todo o pa\u00eds, por meio dos centros de Apoio ao Trabalhador em Situa\u00e7\u00e3o de Rua (CatRua), onde dever\u00e3o ser articuladas as iniciativas de economia solid\u00e1ria, qualifica\u00e7\u00e3o profissional e qualquer a\u00e7\u00e3o que gere empregabilidade.<\/p>\n<p>Os espa\u00e7os tamb\u00e9m ser\u00e3o respons\u00e1veis por cadastrar e orientar a popula\u00e7\u00e3o de rua desempregada, promover o encaminhamento ao Sistema Nacional de Emprego (Sine), facilitar a emiss\u00e3o de documentos pessoais, al\u00e9m de dar acesso \u00e0 qualifica\u00e7\u00e3o profissional, por meio de pol\u00edticas como o Programa Nacional de Acesso ao Ensino T\u00e9cnico e Emprego (Pronatec).<\/p>\n<p><strong>Bolsas<\/strong><br \/>\nAssociadas \u00e0s atividades de qualifica\u00e7\u00e3o, capacita\u00e7\u00e3o, forma\u00e7\u00e3o profissional e de eleva\u00e7\u00e3o da escolaridade, tamb\u00e9m ser\u00e3o criadas Bolsas de Qualifica\u00e7\u00e3o para o Trabalho e Ensino da Popula\u00e7\u00e3o em Situa\u00e7\u00e3o de Rua (Bolsas QualisRua) para garantir a perman\u00eancia dessa popula\u00e7\u00e3o nos ambientes de aprendizado.<\/p>\n<p>Todos os entes federados que aderirem \u00e0 pol\u00edtica p\u00fablica tamb\u00e9m dever\u00e3o promover a inclus\u00e3o produtiva por meio da aquisi\u00e7\u00e3o de produtos e servi\u00e7os ofertados por iniciativas de economia solid\u00e1ria da popula\u00e7\u00e3o em situa\u00e7\u00e3o de rua, al\u00e9m de facilitarem os acessos aos instrumentos de fomento, linhas de microcr\u00e9dito, meios de produ\u00e7\u00e3o e mercados.<\/p>\n<p><strong>Perfil<\/strong><br \/>\nEm julho de 2023, o Minist\u00e9rio dos Direitos Humanos e da Cidadania realizou um perfil das pessoas em situa\u00e7\u00e3o de rua a partir de dados do Cadastro \u00danico (Cad\u00danico) e do Censo Demogr\u00e1fico 2022 do IBGE. A pesquisa evidenciou a necessidade de a\u00e7\u00f5es que gerem acesso amplo, seguro e simplificado ao trabalho e \u00e0 renda para essa popula\u00e7\u00e3o.<\/p>\n<p>Das 221.113 pessoas registradas, que se declaram em situa\u00e7\u00e3o de rua, 38% apontaram o desemprego como a principal causa por estarem nessas condi\u00e7\u00f5es, embora 68% tenham declarado j\u00e1 ter trabalhado com carteira assinada.<\/p>\n","protected":false},"excerpt":{"rendered":"<p>A lei que cria a Pol\u00edtica Nacional de Trabalho Digno e Cidadania para a Popula\u00e7\u00e3o em Situa\u00e7\u00e3o de Rua (PNTC PopRua), sancionada pelo presidente Luiz In\u00e1cio Lula da Silva, tem a economia solid\u00e1ria como um dos tr\u00eas eixos estrat\u00e9gicos que estruturam as a\u00e7\u00f5es para renda, qualifica\u00e7\u00e3o profissional e eleva\u00e7\u00e3o da escolaridade dessas pessoas em vulnerabilidade [&hellip;]<\/p>\n","protected":false},"author":2,"featured_media":320857,"comment_status":"closed","ping_status":"closed","sticky":false,"template":"","format":"standard","meta":{"_acf_changed":false,"footnotes":""},"categories":[161],"tags":[],"class_list":["post-320856","post","type-post","status-publish","format-standard","has-post-thumbnail","hentry","category-quadradinho-em-foco"],"acf":[],"yoast_head":"<!-- This site is optimized with the Yoast SEO plugin v27.2 - https:\/\/yoast.com\/product\/yoast-seo-wordpress\/ -->\n<title>Melhor sa\u00edda para inclus\u00e3o social ao alcance da m\u00e3o - Notibras<\/title>\n<meta name=\"robots\" content=\"index, follow, max-snippet:-1, max-image-preview:large, max-video-preview:-1\" \/>\n<link rel=\"canonical\" href=\"https:\/\/www.notibras.com\/site\/melhor-saida-para-inclusao-social-ao-alcance-da-mao\/\" \/>\n<meta property=\"og:locale\" content=\"pt_BR\" \/>\n<meta property=\"og:type\" content=\"article\" \/>\n<meta property=\"og:title\" content=\"Melhor sa\u00edda para inclus\u00e3o social ao alcance da m\u00e3o - Notibras\" \/>\n<meta property=\"og:description\" content=\"A lei que cria a Pol\u00edtica Nacional de Trabalho Digno e Cidadania para a Popula\u00e7\u00e3o em Situa\u00e7\u00e3o de Rua (PNTC PopRua), sancionada pelo presidente Luiz In\u00e1cio Lula da Silva, tem a economia solid\u00e1ria como um dos tr\u00eas eixos estrat\u00e9gicos que estruturam as a\u00e7\u00f5es para renda, qualifica\u00e7\u00e3o profissional e eleva\u00e7\u00e3o da escolaridade dessas pessoas em vulnerabilidade [&hellip;]\" \/>\n<meta property=\"og:url\" content=\"https:\/\/www.notibras.com\/site\/melhor-saida-para-inclusao-social-ao-alcance-da-mao\/\" \/>\n<meta property=\"og:site_name\" content=\"Notibras\" \/>\n<meta property=\"article:publisher\" content=\"https:\/\/www.facebook.com\/notibras\/\" \/>\n<meta property=\"article:published_time\" content=\"2024-01-19T08:55:59+00:00\" \/>\n<meta property=\"og:image\" content=\"https:\/\/www.notibras.com\/site\/wp-content\/uploads\/2024\/01\/morador_de_rua3101206060-1.jpg\" \/>\n\t<meta property=\"og:image:width\" content=\"1170\" \/>\n\t<meta property=\"og:image:height\" content=\"700\" \/>\n\t<meta property=\"og:image:type\" content=\"image\/jpeg\" \/>\n<meta name=\"author\" content=\"Reda\u00e7\u00e3o\" \/>\n<meta name=\"twitter:card\" content=\"summary_large_image\" \/>\n<meta name=\"twitter:creator\" content=\"@Notibras\" \/>\n<meta name=\"twitter:site\" content=\"@Notibras\" \/>\n<meta name=\"twitter:label1\" content=\"Escrito por\" \/>\n\t<meta name=\"twitter:data1\" content=\"Reda\u00e7\u00e3o\" \/>\n\t<meta name=\"twitter:label2\" content=\"Est. tempo de leitura\" \/>\n\t<meta name=\"twitter:data2\" content=\"3 minutos\" \/>\n<script type=\"application\/ld+json\" class=\"yoast-schema-graph\">{\"@context\":\"https:\/\/schema.org\",\"@graph\":[{\"@type\":\"Article\",\"@id\":\"https:\/\/www.notibras.com\/site\/melhor-saida-para-inclusao-social-ao-alcance-da-mao\/#article\",\"isPartOf\":{\"@id\":\"https:\/\/www.notibras.com\/site\/melhor-saida-para-inclusao-social-ao-alcance-da-mao\/\"},\"author\":{\"name\":\"Reda\u00e7\u00e3o\",\"@id\":\"https:\/\/www.notibras.com\/site\/#\/schema\/person\/36ab0979449956132d3e5b517ea76ac8\"},\"headline\":\"Melhor sa\u00edda para inclus\u00e3o social ao alcance da m\u00e3o\",\"datePublished\":\"2024-01-19T08:55:59+00:00\",\"mainEntityOfPage\":{\"@id\":\"https:\/\/www.notibras.com\/site\/melhor-saida-para-inclusao-social-ao-alcance-da-mao\/\"},\"wordCount\":556,\"publisher\":{\"@id\":\"https:\/\/www.notibras.com\/site\/#organization\"},\"image\":{\"@id\":\"https:\/\/www.notibras.com\/site\/melhor-saida-para-inclusao-social-ao-alcance-da-mao\/#primaryimage\"},\"thumbnailUrl\":\"https:\/\/www.notibras.com\/site\/wp-content\/uploads\/2024\/01\/morador_de_rua3101206060-1.jpg\",\"articleSection\":[\"Quadradinho em Foco\"],\"inLanguage\":\"pt-BR\"},{\"@type\":\"WebPage\",\"@id\":\"https:\/\/www.notibras.com\/site\/melhor-saida-para-inclusao-social-ao-alcance-da-mao\/\",\"url\":\"https:\/\/www.notibras.com\/site\/melhor-saida-para-inclusao-social-ao-alcance-da-mao\/\",\"name\":\"Melhor sa\u00edda para inclus\u00e3o social ao alcance da m\u00e3o - Notibras\",\"isPartOf\":{\"@id\":\"https:\/\/www.notibras.com\/site\/#website\"},\"primaryImageOfPage\":{\"@id\":\"https:\/\/www.notibras.com\/site\/melhor-saida-para-inclusao-social-ao-alcance-da-mao\/#primaryimage\"},\"image\":{\"@id\":\"https:\/\/www.notibras.com\/site\/melhor-saida-para-inclusao-social-ao-alcance-da-mao\/#primaryimage\"},\"thumbnailUrl\":\"https:\/\/www.notibras.com\/site\/wp-content\/uploads\/2024\/01\/morador_de_rua3101206060-1.jpg\",\"datePublished\":\"2024-01-19T08:55:59+00:00\",\"breadcrumb\":{\"@id\":\"https:\/\/www.notibras.com\/site\/melhor-saida-para-inclusao-social-ao-alcance-da-mao\/#breadcrumb\"},\"inLanguage\":\"pt-BR\",\"potentialAction\":[{\"@type\":\"ReadAction\",\"target\":[\"https:\/\/www.notibras.com\/site\/melhor-saida-para-inclusao-social-ao-alcance-da-mao\/\"]}]},{\"@type\":\"ImageObject\",\"inLanguage\":\"pt-BR\",\"@id\":\"https:\/\/www.notibras.com\/site\/melhor-saida-para-inclusao-social-ao-alcance-da-mao\/#primaryimage\",\"url\":\"https:\/\/www.notibras.com\/site\/wp-content\/uploads\/2024\/01\/morador_de_rua3101206060-1.jpg\",\"contentUrl\":\"https:\/\/www.notibras.com\/site\/wp-content\/uploads\/2024\/01\/morador_de_rua3101206060-1.jpg\",\"width\":1170,\"height\":700},{\"@type\":\"BreadcrumbList\",\"@id\":\"https:\/\/www.notibras.com\/site\/melhor-saida-para-inclusao-social-ao-alcance-da-mao\/#breadcrumb\",\"itemListElement\":[{\"@type\":\"ListItem\",\"position\":1,\"name\":\"In\u00edcio\",\"item\":\"https:\/\/www.notibras.com\/site\/\"},{\"@type\":\"ListItem\",\"position\":2,\"name\":\"Melhor sa\u00edda para inclus\u00e3o social ao alcance da m\u00e3o\"}]},{\"@type\":\"WebSite\",\"@id\":\"https:\/\/www.notibras.com\/site\/#website\",\"url\":\"https:\/\/www.notibras.com\/site\/\",\"name\":\"Notibras\",\"description\":\"Not\u00edcias de Bras\u00edlia, do Brasil e do Mundo\",\"publisher\":{\"@id\":\"https:\/\/www.notibras.com\/site\/#organization\"},\"potentialAction\":[{\"@type\":\"SearchAction\",\"target\":{\"@type\":\"EntryPoint\",\"urlTemplate\":\"https:\/\/www.notibras.com\/site\/?s={search_term_string}\"},\"query-input\":{\"@type\":\"PropertyValueSpecification\",\"valueRequired\":true,\"valueName\":\"search_term_string\"}}],\"inLanguage\":\"pt-BR\"},{\"@type\":\"Organization\",\"@id\":\"https:\/\/www.notibras.com\/site\/#organization\",\"name\":\"Grupo Notibras de Comunica\u00e7\u00e3o\",\"url\":\"https:\/\/www.notibras.com\/site\/\",\"logo\":{\"@type\":\"ImageObject\",\"inLanguage\":\"pt-BR\",\"@id\":\"https:\/\/www.notibras.com\/site\/#\/schema\/logo\/image\/\",\"url\":\"https:\/\/www.notibras.com\/site\/wp-content\/uploads\/2023\/01\/notibras23.png\",\"contentUrl\":\"https:\/\/www.notibras.com\/site\/wp-content\/uploads\/2023\/01\/notibras23.png\",\"width\":350,\"height\":87,\"caption\":\"Grupo Notibras de Comunica\u00e7\u00e3o\"},\"image\":{\"@id\":\"https:\/\/www.notibras.com\/site\/#\/schema\/logo\/image\/\"},\"sameAs\":[\"https:\/\/www.facebook.com\/notibras\/\",\"https:\/\/x.com\/Notibras\",\"https:\/\/www.instagram.com\/notibras\/\"]},{\"@type\":\"Person\",\"@id\":\"https:\/\/www.notibras.com\/site\/#\/schema\/person\/36ab0979449956132d3e5b517ea76ac8\",\"name\":\"Reda\u00e7\u00e3o\",\"image\":{\"@type\":\"ImageObject\",\"inLanguage\":\"pt-BR\",\"@id\":\"https:\/\/secure.gravatar.com\/avatar\/e0a867bdedb85fd243eadf09663511f96fc81e0720a4a42581f334ad4303aa6b?s=96&d=mm&r=g\",\"url\":\"https:\/\/secure.gravatar.com\/avatar\/e0a867bdedb85fd243eadf09663511f96fc81e0720a4a42581f334ad4303aa6b?s=96&d=mm&r=g\",\"contentUrl\":\"https:\/\/secure.gravatar.com\/avatar\/e0a867bdedb85fd243eadf09663511f96fc81e0720a4a42581f334ad4303aa6b?s=96&d=mm&r=g\",\"caption\":\"Reda\u00e7\u00e3o\"}}]}<\/script>\n<!-- \/ Yoast SEO plugin. -->","yoast_head_json":{"title":"Melhor sa\u00edda para inclus\u00e3o social ao alcance da m\u00e3o - Notibras","robots":{"index":"index","follow":"follow","max-snippet":"max-snippet:-1","max-image-preview":"max-image-preview:large","max-video-preview":"max-video-preview:-1"},"canonical":"https:\/\/www.notibras.com\/site\/melhor-saida-para-inclusao-social-ao-alcance-da-mao\/","og_locale":"pt_BR","og_type":"article","og_title":"Melhor sa\u00edda para inclus\u00e3o social ao alcance da m\u00e3o - Notibras","og_description":"A lei que cria a Pol\u00edtica Nacional de Trabalho Digno e Cidadania para a Popula\u00e7\u00e3o em Situa\u00e7\u00e3o de Rua (PNTC PopRua), sancionada pelo presidente Luiz In\u00e1cio Lula da Silva, tem a economia solid\u00e1ria como um dos tr\u00eas eixos estrat\u00e9gicos que estruturam as a\u00e7\u00f5es para renda, qualifica\u00e7\u00e3o profissional e eleva\u00e7\u00e3o da escolaridade dessas pessoas em vulnerabilidade [&hellip;]","og_url":"https:\/\/www.notibras.com\/site\/melhor-saida-para-inclusao-social-ao-alcance-da-mao\/","og_site_name":"Notibras","article_publisher":"https:\/\/www.facebook.com\/notibras\/","article_published_time":"2024-01-19T08:55:59+00:00","og_image":[{"width":1170,"height":700,"url":"https:\/\/www.notibras.com\/site\/wp-content\/uploads\/2024\/01\/morador_de_rua3101206060-1.jpg","type":"image\/jpeg"}],"author":"Reda\u00e7\u00e3o","twitter_card":"summary_large_image","twitter_creator":"@Notibras","twitter_site":"@Notibras","twitter_misc":{"Escrito por":"Reda\u00e7\u00e3o","Est. tempo de leitura":"3 minutos"},"schema":{"@context":"https:\/\/schema.org","@graph":[{"@type":"Article","@id":"https:\/\/www.notibras.com\/site\/melhor-saida-para-inclusao-social-ao-alcance-da-mao\/#article","isPartOf":{"@id":"https:\/\/www.notibras.com\/site\/melhor-saida-para-inclusao-social-ao-alcance-da-mao\/"},"author":{"name":"Reda\u00e7\u00e3o","@id":"https:\/\/www.notibras.com\/site\/#\/schema\/person\/36ab0979449956132d3e5b517ea76ac8"},"headline":"Melhor sa\u00edda para inclus\u00e3o social ao alcance da m\u00e3o","datePublished":"2024-01-19T08:55:59+00:00","mainEntityOfPage":{"@id":"https:\/\/www.notibras.com\/site\/melhor-saida-para-inclusao-social-ao-alcance-da-mao\/"},"wordCount":556,"publisher":{"@id":"https:\/\/www.notibras.com\/site\/#organization"},"image":{"@id":"https:\/\/www.notibras.com\/site\/melhor-saida-para-inclusao-social-ao-alcance-da-mao\/#primaryimage"},"thumbnailUrl":"https:\/\/www.notibras.com\/site\/wp-content\/uploads\/2024\/01\/morador_de_rua3101206060-1.jpg","articleSection":["Quadradinho em Foco"],"inLanguage":"pt-BR"},{"@type":"WebPage","@id":"https:\/\/www.notibras.com\/site\/melhor-saida-para-inclusao-social-ao-alcance-da-mao\/","url":"https:\/\/www.notibras.com\/site\/melhor-saida-para-inclusao-social-ao-alcance-da-mao\/","name":"Melhor sa\u00edda para inclus\u00e3o social ao alcance da m\u00e3o - Notibras","isPartOf":{"@id":"https:\/\/www.notibras.com\/site\/#website"},"primaryImageOfPage":{"@id":"https:\/\/www.notibras.com\/site\/melhor-saida-para-inclusao-social-ao-alcance-da-mao\/#primaryimage"},"image":{"@id":"https:\/\/www.notibras.com\/site\/melhor-saida-para-inclusao-social-ao-alcance-da-mao\/#primaryimage"},"thumbnailUrl":"https:\/\/www.notibras.com\/site\/wp-content\/uploads\/2024\/01\/morador_de_rua3101206060-1.jpg","datePublished":"2024-01-19T08:55:59+00:00","breadcrumb":{"@id":"https:\/\/www.notibras.com\/site\/melhor-saida-para-inclusao-social-ao-alcance-da-mao\/#breadcrumb"},"inLanguage":"pt-BR","potentialAction":[{"@type":"ReadAction","target":["https:\/\/www.notibras.com\/site\/melhor-saida-para-inclusao-social-ao-alcance-da-mao\/"]}]},{"@type":"ImageObject","inLanguage":"pt-BR","@id":"https:\/\/www.notibras.com\/site\/melhor-saida-para-inclusao-social-ao-alcance-da-mao\/#primaryimage","url":"https:\/\/www.notibras.com\/site\/wp-content\/uploads\/2024\/01\/morador_de_rua3101206060-1.jpg","contentUrl":"https:\/\/www.notibras.com\/site\/wp-content\/uploads\/2024\/01\/morador_de_rua3101206060-1.jpg","width":1170,"height":700},{"@type":"BreadcrumbList","@id":"https:\/\/www.notibras.com\/site\/melhor-saida-para-inclusao-social-ao-alcance-da-mao\/#breadcrumb","itemListElement":[{"@type":"ListItem","position":1,"name":"In\u00edcio","item":"https:\/\/www.notibras.com\/site\/"},{"@type":"ListItem","position":2,"name":"Melhor sa\u00edda para inclus\u00e3o social ao alcance da m\u00e3o"}]},{"@type":"WebSite","@id":"https:\/\/www.notibras.com\/site\/#website","url":"https:\/\/www.notibras.com\/site\/","name":"Notibras","description":"Not\u00edcias de Bras\u00edlia, do Brasil e do Mundo","publisher":{"@id":"https:\/\/www.notibras.com\/site\/#organization"},"potentialAction":[{"@type":"SearchAction","target":{"@type":"EntryPoint","urlTemplate":"https:\/\/www.notibras.com\/site\/?s={search_term_string}"},"query-input":{"@type":"PropertyValueSpecification","valueRequired":true,"valueName":"search_term_string"}}],"inLanguage":"pt-BR"},{"@type":"Organization","@id":"https:\/\/www.notibras.com\/site\/#organization","name":"Grupo Notibras de Comunica\u00e7\u00e3o","url":"https:\/\/www.notibras.com\/site\/","logo":{"@type":"ImageObject","inLanguage":"pt-BR","@id":"https:\/\/www.notibras.com\/site\/#\/schema\/logo\/image\/","url":"https:\/\/www.notibras.com\/site\/wp-content\/uploads\/2023\/01\/notibras23.png","contentUrl":"https:\/\/www.notibras.com\/site\/wp-content\/uploads\/2023\/01\/notibras23.png","width":350,"height":87,"caption":"Grupo Notibras de Comunica\u00e7\u00e3o"},"image":{"@id":"https:\/\/www.notibras.com\/site\/#\/schema\/logo\/image\/"},"sameAs":["https:\/\/www.facebook.com\/notibras\/","https:\/\/x.com\/Notibras","https:\/\/www.instagram.com\/notibras\/"]},{"@type":"Person","@id":"https:\/\/www.notibras.com\/site\/#\/schema\/person\/36ab0979449956132d3e5b517ea76ac8","name":"Reda\u00e7\u00e3o","image":{"@type":"ImageObject","inLanguage":"pt-BR","@id":"https:\/\/secure.gravatar.com\/avatar\/e0a867bdedb85fd243eadf09663511f96fc81e0720a4a42581f334ad4303aa6b?s=96&d=mm&r=g","url":"https:\/\/secure.gravatar.com\/avatar\/e0a867bdedb85fd243eadf09663511f96fc81e0720a4a42581f334ad4303aa6b?s=96&d=mm&r=g","contentUrl":"https:\/\/secure.gravatar.com\/avatar\/e0a867bdedb85fd243eadf09663511f96fc81e0720a4a42581f334ad4303aa6b?s=96&d=mm&r=g","caption":"Reda\u00e7\u00e3o"}}]}},"amp_enabled":true,"_links":{"self":[{"href":"https:\/\/www.notibras.com\/site\/wp-json\/wp\/v2\/posts\/320856","targetHints":{"allow":["GET"]}}],"collection":[{"href":"https:\/\/www.notibras.com\/site\/wp-json\/wp\/v2\/posts"}],"about":[{"href":"https:\/\/www.notibras.com\/site\/wp-json\/wp\/v2\/types\/post"}],"author":[{"embeddable":true,"href":"https:\/\/www.notibras.com\/site\/wp-json\/wp\/v2\/users\/2"}],"replies":[{"embeddable":true,"href":"https:\/\/www.notibras.com\/site\/wp-json\/wp\/v2\/comments?post=320856"}],"version-history":[{"count":1,"href":"https:\/\/www.notibras.com\/site\/wp-json\/wp\/v2\/posts\/320856\/revisions"}],"predecessor-version":[{"id":320858,"href":"https:\/\/www.notibras.com\/site\/wp-json\/wp\/v2\/posts\/320856\/revisions\/320858"}],"wp:featuredmedia":[{"embeddable":true,"href":"https:\/\/www.notibras.com\/site\/wp-json\/wp\/v2\/media\/320857"}],"wp:attachment":[{"href":"https:\/\/www.notibras.com\/site\/wp-json\/wp\/v2\/media?parent=320856"}],"wp:term":[{"taxonomy":"category","embeddable":true,"href":"https:\/\/www.notibras.com\/site\/wp-json\/wp\/v2\/categories?post=320856"},{"taxonomy":"post_tag","embeddable":true,"href":"https:\/\/www.notibras.com\/site\/wp-json\/wp\/v2\/tags?post=320856"}],"curies":[{"name":"wp","href":"https:\/\/api.w.org\/{rel}","templated":true}]}}