{"id":320873,"date":"2024-01-19T07:23:39","date_gmt":"2024-01-19T10:23:39","guid":{"rendered":"https:\/\/www.notibras.com\/site\/?p=320873"},"modified":"2024-01-19T08:21:55","modified_gmt":"2024-01-19T11:21:55","slug":"todo-dia-ele-faz-tudo-sempre-igual-acorda-as-4-da-matina","status":"publish","type":"post","link":"https:\/\/www.notibras.com\/site\/todo-dia-ele-faz-tudo-sempre-igual-acorda-as-4-da-matina\/","title":{"rendered":"&#8216;Todo dia ele faz tudo sempre igual.. acorda \u00e0s 4 da matina&#8217;"},"content":{"rendered":"<p>O personagem de hoje \u00e9 um not\u00f3rio e not\u00e1vel jornalista, que, al\u00e9m das mat\u00e9rias de alto n\u00edvel produzidas para <strong>Notibras<\/strong>, recentemente resolveu se hospedar compulsoriamente na resid\u00eancia do mais charmoso casal de Barra de S\u00e3o Miguel, litoral de Alagoas, os dign\u00edssimos Bet\u00e2nia e Marcos. Pois bem, o nome do gajo \u00e9 Jos\u00e9 Seabra, que tem se enveredado ultimamente pelas cr\u00f4nicas, mas \u00e9 contumaz apreciador da brasileir\u00edssima cacha\u00e7a, ainda mais se acompanhada de um caldo de camar\u00e3o e aquele peixe frito.<\/p>\n<p>Seabra, que tamb\u00e9m atende pela pomposa alcunha de Chefe, para n\u00e3o se passar por aproveitador da hospitalidade que lhe foi ofertada, diz que est\u00e1 fazendo um bico de caseiro para pagar pela su\u00edte e pelo comes e bebes. Que nada! O <em>bon vivant<\/em>, segundo j\u00e1 se fala \u00e0 boca pequena, ainda n\u00e3o varreu um s\u00f3 gr\u00e3o da areia, que cisma em convid\u00e1-lo para mais uma caminhada at\u00e9 a birosca mais pr\u00f3xima. \u00c9 justamente l\u00e1 que pensa no que escrever ou, ent\u00e3o, algo o leva a ter longas prosas com outro desocupado ou, na falta de algum, puxa conversa com um velho conhecido, nascido e criado ali mesmo na praia: um p\u00e9 de coco.<\/p>\n<p>O povo daqui da reda\u00e7\u00e3o do <strong>Notibras<\/strong>, a princ\u00edpio, imaginou que essa viagem do Seabra fosse apenas mais uma de suas loucuras, mas que n\u00e3o duraria al\u00e9m de alguns dias, qui\u00e7\u00e1 duas ou tr\u00eas semanas. Ledo engano, no que me incluo entre os inocentes, puros e bestas, que, apesar de j\u00e1 ter tido o prazer de morar em Ipanema, estou aqui cumprindo a minha sina de mais uma temporada em Bras\u00edlia.<\/p>\n<p>Que seja assim ou assim seja, n\u00e3o importa, como bem diz o meu colega de labuta, o Wenceslau Ara\u00fajo. Este, ali\u00e1s, me grita assim que o meu celular toca. Vejo que \u00e9 o Daniel Marchi, tamb\u00e9m conhecido como Bruxo do M\u00e9ier. Atendo e ele me diz que vai me mandar mais um conto incr\u00edvel para ser publicado na pr\u00f3xima segunda-feira. Fico animado com a not\u00edcia, mas o Wenceslau me grita novamente. Ele est\u00e1 com uma passagem na m\u00e3o esquerda.<\/p>\n<p>&#8211; Edu, t\u00f4 indo pro Rio! Ah, n\u00e3o se esque\u00e7a!<\/p>\n<p>&#8211; Do qu\u00ea, Wenceslau?<\/p>\n<p>&#8211; Hoje \u00e9 o anivers\u00e1rio do Chefe!<\/p>\n<p>E Mathuzal\u00e9m, l\u00e1 no fundo da reda\u00e7\u00e3o, cofia o bigode e diz, em surdina: &#8220;Logo ser\u00e1 meu contempor\u00e2neo&#8221;.<\/p>\n","protected":false},"excerpt":{"rendered":"<p>O personagem de hoje \u00e9 um not\u00f3rio e not\u00e1vel jornalista, que, al\u00e9m das mat\u00e9rias de alto n\u00edvel produzidas para Notibras, recentemente resolveu se hospedar compulsoriamente na resid\u00eancia do mais charmoso casal de Barra de S\u00e3o Miguel, litoral de Alagoas, os dign\u00edssimos Bet\u00e2nia e Marcos. Pois bem, o nome do gajo \u00e9 Jos\u00e9 Seabra, que tem [&hellip;]<\/p>\n","protected":false},"author":2,"featured_media":320874,"comment_status":"closed","ping_status":"closed","sticky":false,"template":"","format":"standard","meta":{"_acf_changed":false,"footnotes":""},"categories":[161],"tags":[],"class_list":["post-320873","post","type-post","status-publish","format-standard","has-post-thumbnail","hentry","category-quadradinho-em-foco"],"acf":[],"yoast_head":"<!-- This site is optimized with the Yoast SEO plugin v27.2 - https:\/\/yoast.com\/product\/yoast-seo-wordpress\/ -->\n<title>&#039;Todo dia ele faz tudo sempre igual.. acorda \u00e0s 4 da matina&#039; - Notibras<\/title>\n<meta name=\"robots\" content=\"index, follow, max-snippet:-1, max-image-preview:large, max-video-preview:-1\" \/>\n<link rel=\"canonical\" href=\"https:\/\/www.notibras.com\/site\/todo-dia-ele-faz-tudo-sempre-igual-acorda-as-4-da-matina\/\" \/>\n<meta property=\"og:locale\" content=\"pt_BR\" \/>\n<meta property=\"og:type\" content=\"article\" \/>\n<meta property=\"og:title\" content=\"&#039;Todo dia ele faz tudo sempre igual.. acorda \u00e0s 4 da matina&#039; - Notibras\" \/>\n<meta property=\"og:description\" content=\"O personagem de hoje \u00e9 um not\u00f3rio e not\u00e1vel jornalista, que, al\u00e9m das mat\u00e9rias de alto n\u00edvel produzidas para Notibras, recentemente resolveu se hospedar compulsoriamente na resid\u00eancia do mais charmoso casal de Barra de S\u00e3o Miguel, litoral de Alagoas, os dign\u00edssimos Bet\u00e2nia e Marcos. Pois bem, o nome do gajo \u00e9 Jos\u00e9 Seabra, que tem [&hellip;]\" \/>\n<meta property=\"og:url\" content=\"https:\/\/www.notibras.com\/site\/todo-dia-ele-faz-tudo-sempre-igual-acorda-as-4-da-matina\/\" \/>\n<meta property=\"og:site_name\" content=\"Notibras\" \/>\n<meta property=\"article:publisher\" content=\"https:\/\/www.facebook.com\/notibras\/\" \/>\n<meta property=\"article:published_time\" content=\"2024-01-19T10:23:39+00:00\" \/>\n<meta property=\"article:modified_time\" content=\"2024-01-19T11:21:55+00:00\" \/>\n<meta property=\"og:image\" content=\"https:\/\/www.notibras.com\/site\/wp-content\/uploads\/2024\/01\/eu.72.jpg\" \/>\n\t<meta property=\"og:image:width\" content=\"1024\" \/>\n\t<meta property=\"og:image:height\" content=\"768\" \/>\n\t<meta property=\"og:image:type\" content=\"image\/jpeg\" \/>\n<meta name=\"author\" content=\"Reda\u00e7\u00e3o\" \/>\n<meta name=\"twitter:card\" content=\"summary_large_image\" \/>\n<meta name=\"twitter:creator\" content=\"@Notibras\" \/>\n<meta name=\"twitter:site\" content=\"@Notibras\" \/>\n<meta name=\"twitter:label1\" content=\"Escrito por\" \/>\n\t<meta name=\"twitter:data1\" content=\"Reda\u00e7\u00e3o\" \/>\n\t<meta name=\"twitter:label2\" content=\"Est. tempo de leitura\" \/>\n\t<meta name=\"twitter:data2\" content=\"3 minutos\" \/>\n<script type=\"application\/ld+json\" class=\"yoast-schema-graph\">{\"@context\":\"https:\/\/schema.org\",\"@graph\":[{\"@type\":\"Article\",\"@id\":\"https:\/\/www.notibras.com\/site\/todo-dia-ele-faz-tudo-sempre-igual-acorda-as-4-da-matina\/#article\",\"isPartOf\":{\"@id\":\"https:\/\/www.notibras.com\/site\/todo-dia-ele-faz-tudo-sempre-igual-acorda-as-4-da-matina\/\"},\"author\":{\"name\":\"Reda\u00e7\u00e3o\",\"@id\":\"https:\/\/www.notibras.com\/site\/#\/schema\/person\/36ab0979449956132d3e5b517ea76ac8\"},\"headline\":\"&#8216;Todo dia ele faz tudo sempre igual.. acorda \u00e0s 4 da matina&#8217;\",\"datePublished\":\"2024-01-19T10:23:39+00:00\",\"dateModified\":\"2024-01-19T11:21:55+00:00\",\"mainEntityOfPage\":{\"@id\":\"https:\/\/www.notibras.com\/site\/todo-dia-ele-faz-tudo-sempre-igual-acorda-as-4-da-matina\/\"},\"wordCount\":428,\"publisher\":{\"@id\":\"https:\/\/www.notibras.com\/site\/#organization\"},\"image\":{\"@id\":\"https:\/\/www.notibras.com\/site\/todo-dia-ele-faz-tudo-sempre-igual-acorda-as-4-da-matina\/#primaryimage\"},\"thumbnailUrl\":\"https:\/\/www.notibras.com\/site\/wp-content\/uploads\/2024\/01\/eu.72.jpg\",\"articleSection\":[\"Quadradinho em Foco\"],\"inLanguage\":\"pt-BR\"},{\"@type\":\"WebPage\",\"@id\":\"https:\/\/www.notibras.com\/site\/todo-dia-ele-faz-tudo-sempre-igual-acorda-as-4-da-matina\/\",\"url\":\"https:\/\/www.notibras.com\/site\/todo-dia-ele-faz-tudo-sempre-igual-acorda-as-4-da-matina\/\",\"name\":\"'Todo dia ele faz tudo sempre igual.. acorda \u00e0s 4 da matina' - Notibras\",\"isPartOf\":{\"@id\":\"https:\/\/www.notibras.com\/site\/#website\"},\"primaryImageOfPage\":{\"@id\":\"https:\/\/www.notibras.com\/site\/todo-dia-ele-faz-tudo-sempre-igual-acorda-as-4-da-matina\/#primaryimage\"},\"image\":{\"@id\":\"https:\/\/www.notibras.com\/site\/todo-dia-ele-faz-tudo-sempre-igual-acorda-as-4-da-matina\/#primaryimage\"},\"thumbnailUrl\":\"https:\/\/www.notibras.com\/site\/wp-content\/uploads\/2024\/01\/eu.72.jpg\",\"datePublished\":\"2024-01-19T10:23:39+00:00\",\"dateModified\":\"2024-01-19T11:21:55+00:00\",\"breadcrumb\":{\"@id\":\"https:\/\/www.notibras.com\/site\/todo-dia-ele-faz-tudo-sempre-igual-acorda-as-4-da-matina\/#breadcrumb\"},\"inLanguage\":\"pt-BR\",\"potentialAction\":[{\"@type\":\"ReadAction\",\"target\":[\"https:\/\/www.notibras.com\/site\/todo-dia-ele-faz-tudo-sempre-igual-acorda-as-4-da-matina\/\"]}]},{\"@type\":\"ImageObject\",\"inLanguage\":\"pt-BR\",\"@id\":\"https:\/\/www.notibras.com\/site\/todo-dia-ele-faz-tudo-sempre-igual-acorda-as-4-da-matina\/#primaryimage\",\"url\":\"https:\/\/www.notibras.com\/site\/wp-content\/uploads\/2024\/01\/eu.72.jpg\",\"contentUrl\":\"https:\/\/www.notibras.com\/site\/wp-content\/uploads\/2024\/01\/eu.72.jpg\",\"width\":1024,\"height\":768},{\"@type\":\"BreadcrumbList\",\"@id\":\"https:\/\/www.notibras.com\/site\/todo-dia-ele-faz-tudo-sempre-igual-acorda-as-4-da-matina\/#breadcrumb\",\"itemListElement\":[{\"@type\":\"ListItem\",\"position\":1,\"name\":\"In\u00edcio\",\"item\":\"https:\/\/www.notibras.com\/site\/\"},{\"@type\":\"ListItem\",\"position\":2,\"name\":\"&#8216;Todo dia ele faz tudo sempre igual.. acorda \u00e0s 4 da matina&#8217;\"}]},{\"@type\":\"WebSite\",\"@id\":\"https:\/\/www.notibras.com\/site\/#website\",\"url\":\"https:\/\/www.notibras.com\/site\/\",\"name\":\"Notibras\",\"description\":\"Not\u00edcias de Bras\u00edlia, do Brasil e do Mundo\",\"publisher\":{\"@id\":\"https:\/\/www.notibras.com\/site\/#organization\"},\"potentialAction\":[{\"@type\":\"SearchAction\",\"target\":{\"@type\":\"EntryPoint\",\"urlTemplate\":\"https:\/\/www.notibras.com\/site\/?s={search_term_string}\"},\"query-input\":{\"@type\":\"PropertyValueSpecification\",\"valueRequired\":true,\"valueName\":\"search_term_string\"}}],\"inLanguage\":\"pt-BR\"},{\"@type\":\"Organization\",\"@id\":\"https:\/\/www.notibras.com\/site\/#organization\",\"name\":\"Grupo Notibras de Comunica\u00e7\u00e3o\",\"url\":\"https:\/\/www.notibras.com\/site\/\",\"logo\":{\"@type\":\"ImageObject\",\"inLanguage\":\"pt-BR\",\"@id\":\"https:\/\/www.notibras.com\/site\/#\/schema\/logo\/image\/\",\"url\":\"https:\/\/www.notibras.com\/site\/wp-content\/uploads\/2023\/01\/notibras23.png\",\"contentUrl\":\"https:\/\/www.notibras.com\/site\/wp-content\/uploads\/2023\/01\/notibras23.png\",\"width\":350,\"height\":87,\"caption\":\"Grupo Notibras de Comunica\u00e7\u00e3o\"},\"image\":{\"@id\":\"https:\/\/www.notibras.com\/site\/#\/schema\/logo\/image\/\"},\"sameAs\":[\"https:\/\/www.facebook.com\/notibras\/\",\"https:\/\/x.com\/Notibras\",\"https:\/\/www.instagram.com\/notibras\/\"]},{\"@type\":\"Person\",\"@id\":\"https:\/\/www.notibras.com\/site\/#\/schema\/person\/36ab0979449956132d3e5b517ea76ac8\",\"name\":\"Reda\u00e7\u00e3o\",\"image\":{\"@type\":\"ImageObject\",\"inLanguage\":\"pt-BR\",\"@id\":\"https:\/\/secure.gravatar.com\/avatar\/e0a867bdedb85fd243eadf09663511f96fc81e0720a4a42581f334ad4303aa6b?s=96&d=mm&r=g\",\"url\":\"https:\/\/secure.gravatar.com\/avatar\/e0a867bdedb85fd243eadf09663511f96fc81e0720a4a42581f334ad4303aa6b?s=96&d=mm&r=g\",\"contentUrl\":\"https:\/\/secure.gravatar.com\/avatar\/e0a867bdedb85fd243eadf09663511f96fc81e0720a4a42581f334ad4303aa6b?s=96&d=mm&r=g\",\"caption\":\"Reda\u00e7\u00e3o\"}}]}<\/script>\n<!-- \/ Yoast SEO plugin. -->","yoast_head_json":{"title":"'Todo dia ele faz tudo sempre igual.. acorda \u00e0s 4 da matina' - Notibras","robots":{"index":"index","follow":"follow","max-snippet":"max-snippet:-1","max-image-preview":"max-image-preview:large","max-video-preview":"max-video-preview:-1"},"canonical":"https:\/\/www.notibras.com\/site\/todo-dia-ele-faz-tudo-sempre-igual-acorda-as-4-da-matina\/","og_locale":"pt_BR","og_type":"article","og_title":"'Todo dia ele faz tudo sempre igual.. acorda \u00e0s 4 da matina' - Notibras","og_description":"O personagem de hoje \u00e9 um not\u00f3rio e not\u00e1vel jornalista, que, al\u00e9m das mat\u00e9rias de alto n\u00edvel produzidas para Notibras, recentemente resolveu se hospedar compulsoriamente na resid\u00eancia do mais charmoso casal de Barra de S\u00e3o Miguel, litoral de Alagoas, os dign\u00edssimos Bet\u00e2nia e Marcos. Pois bem, o nome do gajo \u00e9 Jos\u00e9 Seabra, que tem [&hellip;]","og_url":"https:\/\/www.notibras.com\/site\/todo-dia-ele-faz-tudo-sempre-igual-acorda-as-4-da-matina\/","og_site_name":"Notibras","article_publisher":"https:\/\/www.facebook.com\/notibras\/","article_published_time":"2024-01-19T10:23:39+00:00","article_modified_time":"2024-01-19T11:21:55+00:00","og_image":[{"width":1024,"height":768,"url":"https:\/\/www.notibras.com\/site\/wp-content\/uploads\/2024\/01\/eu.72.jpg","type":"image\/jpeg"}],"author":"Reda\u00e7\u00e3o","twitter_card":"summary_large_image","twitter_creator":"@Notibras","twitter_site":"@Notibras","twitter_misc":{"Escrito por":"Reda\u00e7\u00e3o","Est. tempo de leitura":"3 minutos"},"schema":{"@context":"https:\/\/schema.org","@graph":[{"@type":"Article","@id":"https:\/\/www.notibras.com\/site\/todo-dia-ele-faz-tudo-sempre-igual-acorda-as-4-da-matina\/#article","isPartOf":{"@id":"https:\/\/www.notibras.com\/site\/todo-dia-ele-faz-tudo-sempre-igual-acorda-as-4-da-matina\/"},"author":{"name":"Reda\u00e7\u00e3o","@id":"https:\/\/www.notibras.com\/site\/#\/schema\/person\/36ab0979449956132d3e5b517ea76ac8"},"headline":"&#8216;Todo dia ele faz tudo sempre igual.. acorda \u00e0s 4 da matina&#8217;","datePublished":"2024-01-19T10:23:39+00:00","dateModified":"2024-01-19T11:21:55+00:00","mainEntityOfPage":{"@id":"https:\/\/www.notibras.com\/site\/todo-dia-ele-faz-tudo-sempre-igual-acorda-as-4-da-matina\/"},"wordCount":428,"publisher":{"@id":"https:\/\/www.notibras.com\/site\/#organization"},"image":{"@id":"https:\/\/www.notibras.com\/site\/todo-dia-ele-faz-tudo-sempre-igual-acorda-as-4-da-matina\/#primaryimage"},"thumbnailUrl":"https:\/\/www.notibras.com\/site\/wp-content\/uploads\/2024\/01\/eu.72.jpg","articleSection":["Quadradinho em Foco"],"inLanguage":"pt-BR"},{"@type":"WebPage","@id":"https:\/\/www.notibras.com\/site\/todo-dia-ele-faz-tudo-sempre-igual-acorda-as-4-da-matina\/","url":"https:\/\/www.notibras.com\/site\/todo-dia-ele-faz-tudo-sempre-igual-acorda-as-4-da-matina\/","name":"'Todo dia ele faz tudo sempre igual.. acorda \u00e0s 4 da matina' - Notibras","isPartOf":{"@id":"https:\/\/www.notibras.com\/site\/#website"},"primaryImageOfPage":{"@id":"https:\/\/www.notibras.com\/site\/todo-dia-ele-faz-tudo-sempre-igual-acorda-as-4-da-matina\/#primaryimage"},"image":{"@id":"https:\/\/www.notibras.com\/site\/todo-dia-ele-faz-tudo-sempre-igual-acorda-as-4-da-matina\/#primaryimage"},"thumbnailUrl":"https:\/\/www.notibras.com\/site\/wp-content\/uploads\/2024\/01\/eu.72.jpg","datePublished":"2024-01-19T10:23:39+00:00","dateModified":"2024-01-19T11:21:55+00:00","breadcrumb":{"@id":"https:\/\/www.notibras.com\/site\/todo-dia-ele-faz-tudo-sempre-igual-acorda-as-4-da-matina\/#breadcrumb"},"inLanguage":"pt-BR","potentialAction":[{"@type":"ReadAction","target":["https:\/\/www.notibras.com\/site\/todo-dia-ele-faz-tudo-sempre-igual-acorda-as-4-da-matina\/"]}]},{"@type":"ImageObject","inLanguage":"pt-BR","@id":"https:\/\/www.notibras.com\/site\/todo-dia-ele-faz-tudo-sempre-igual-acorda-as-4-da-matina\/#primaryimage","url":"https:\/\/www.notibras.com\/site\/wp-content\/uploads\/2024\/01\/eu.72.jpg","contentUrl":"https:\/\/www.notibras.com\/site\/wp-content\/uploads\/2024\/01\/eu.72.jpg","width":1024,"height":768},{"@type":"BreadcrumbList","@id":"https:\/\/www.notibras.com\/site\/todo-dia-ele-faz-tudo-sempre-igual-acorda-as-4-da-matina\/#breadcrumb","itemListElement":[{"@type":"ListItem","position":1,"name":"In\u00edcio","item":"https:\/\/www.notibras.com\/site\/"},{"@type":"ListItem","position":2,"name":"&#8216;Todo dia ele faz tudo sempre igual.. acorda \u00e0s 4 da matina&#8217;"}]},{"@type":"WebSite","@id":"https:\/\/www.notibras.com\/site\/#website","url":"https:\/\/www.notibras.com\/site\/","name":"Notibras","description":"Not\u00edcias de Bras\u00edlia, do Brasil e do Mundo","publisher":{"@id":"https:\/\/www.notibras.com\/site\/#organization"},"potentialAction":[{"@type":"SearchAction","target":{"@type":"EntryPoint","urlTemplate":"https:\/\/www.notibras.com\/site\/?s={search_term_string}"},"query-input":{"@type":"PropertyValueSpecification","valueRequired":true,"valueName":"search_term_string"}}],"inLanguage":"pt-BR"},{"@type":"Organization","@id":"https:\/\/www.notibras.com\/site\/#organization","name":"Grupo Notibras de Comunica\u00e7\u00e3o","url":"https:\/\/www.notibras.com\/site\/","logo":{"@type":"ImageObject","inLanguage":"pt-BR","@id":"https:\/\/www.notibras.com\/site\/#\/schema\/logo\/image\/","url":"https:\/\/www.notibras.com\/site\/wp-content\/uploads\/2023\/01\/notibras23.png","contentUrl":"https:\/\/www.notibras.com\/site\/wp-content\/uploads\/2023\/01\/notibras23.png","width":350,"height":87,"caption":"Grupo Notibras de Comunica\u00e7\u00e3o"},"image":{"@id":"https:\/\/www.notibras.com\/site\/#\/schema\/logo\/image\/"},"sameAs":["https:\/\/www.facebook.com\/notibras\/","https:\/\/x.com\/Notibras","https:\/\/www.instagram.com\/notibras\/"]},{"@type":"Person","@id":"https:\/\/www.notibras.com\/site\/#\/schema\/person\/36ab0979449956132d3e5b517ea76ac8","name":"Reda\u00e7\u00e3o","image":{"@type":"ImageObject","inLanguage":"pt-BR","@id":"https:\/\/secure.gravatar.com\/avatar\/e0a867bdedb85fd243eadf09663511f96fc81e0720a4a42581f334ad4303aa6b?s=96&d=mm&r=g","url":"https:\/\/secure.gravatar.com\/avatar\/e0a867bdedb85fd243eadf09663511f96fc81e0720a4a42581f334ad4303aa6b?s=96&d=mm&r=g","contentUrl":"https:\/\/secure.gravatar.com\/avatar\/e0a867bdedb85fd243eadf09663511f96fc81e0720a4a42581f334ad4303aa6b?s=96&d=mm&r=g","caption":"Reda\u00e7\u00e3o"}}]}},"amp_enabled":true,"_links":{"self":[{"href":"https:\/\/www.notibras.com\/site\/wp-json\/wp\/v2\/posts\/320873","targetHints":{"allow":["GET"]}}],"collection":[{"href":"https:\/\/www.notibras.com\/site\/wp-json\/wp\/v2\/posts"}],"about":[{"href":"https:\/\/www.notibras.com\/site\/wp-json\/wp\/v2\/types\/post"}],"author":[{"embeddable":true,"href":"https:\/\/www.notibras.com\/site\/wp-json\/wp\/v2\/users\/2"}],"replies":[{"embeddable":true,"href":"https:\/\/www.notibras.com\/site\/wp-json\/wp\/v2\/comments?post=320873"}],"version-history":[{"count":2,"href":"https:\/\/www.notibras.com\/site\/wp-json\/wp\/v2\/posts\/320873\/revisions"}],"predecessor-version":[{"id":320879,"href":"https:\/\/www.notibras.com\/site\/wp-json\/wp\/v2\/posts\/320873\/revisions\/320879"}],"wp:featuredmedia":[{"embeddable":true,"href":"https:\/\/www.notibras.com\/site\/wp-json\/wp\/v2\/media\/320874"}],"wp:attachment":[{"href":"https:\/\/www.notibras.com\/site\/wp-json\/wp\/v2\/media?parent=320873"}],"wp:term":[{"taxonomy":"category","embeddable":true,"href":"https:\/\/www.notibras.com\/site\/wp-json\/wp\/v2\/categories?post=320873"},{"taxonomy":"post_tag","embeddable":true,"href":"https:\/\/www.notibras.com\/site\/wp-json\/wp\/v2\/tags?post=320873"}],"curies":[{"name":"wp","href":"https:\/\/api.w.org\/{rel}","templated":true}]}}