{"id":320876,"date":"2024-01-19T07:05:59","date_gmt":"2024-01-19T10:05:59","guid":{"rendered":"https:\/\/www.notibras.com\/site\/?p=320876"},"modified":"2024-01-19T08:13:45","modified_gmt":"2024-01-19T11:13:45","slug":"acessibilidade-assistiva-coloca-pcd-no-mundo-real","status":"publish","type":"post","link":"https:\/\/www.notibras.com\/site\/acessibilidade-assistiva-coloca-pcd-no-mundo-real\/","title":{"rendered":"Acessibilidade assistiva coloca PcD no mundo real"},"content":{"rendered":"<p>No exato momento em que meus dedos tocam o teclado, uma revolu\u00e7\u00e3o silenciosa acontece. Uma revolu\u00e7\u00e3o que n\u00e3o \u00e9 amplamente proclamada, mas que transforma vidas de maneiras profundas e significativas. Estou falando da revolu\u00e7\u00e3o da acessibilidade assistiva, uma ponte que une o mundo f\u00edsico e digital para aqueles cujos caminhos s\u00e3o frequentemente marcados por obst\u00e1culos invis\u00edveis.<\/p>\n<p>Em um passado n\u00e3o t\u00e3o distante, as barreiras eram quase intranspon\u00edveis para muitas pessoas. Cal\u00e7adas cheias de obst\u00e1culos, portas estreitas, sinaliza\u00e7\u00f5es inintelig\u00edveis eram apenas alguns dos desafios que impediam a livre circula\u00e7\u00e3o. No entanto, a tecnologia, sempre impar\u00e1vel em sua evolu\u00e7\u00e3o, trouxe consigo uma mudan\u00e7a que n\u00e3o apenas quebrou essas barreiras, mas tamb\u00e9m ergueu pontes de possibilidades.<\/p>\n<p>Os dispositivos de acessibilidade assistiva tornaram-se os instrumentos virtuosos que permitiram a uma comunidade outrora marginalizada tocar o mundo com uma liberdade nunca antes experimentada. Os teclados, antes apenas caixas de letras e n\u00fameros, tornaram-se portas de entrada para um universo vasto de informa\u00e7\u00e3o e comunica\u00e7\u00e3o. Para aqueles cujos movimentos s\u00e3o limitados, o mouse tornou-se uma extens\u00e3o vital, um companheiro de jornada virtual que desbrava territ\u00f3rios cibern\u00e9ticos.<\/p>\n<p>As telas falam, transformando palavras em melodias para os ouvidos famintos de conhecimento. Os softwares de reconhecimento de voz desdobram-se como maestros de uma sinfonia moderna, dando voz \u00e0queles que antes eram silenciados pelo design inacess\u00edvel. A realidade virtual, outrora um conceito futurista, agora se torna uma janela para mundos infinitos, onde limita\u00e7\u00f5es f\u00edsicas desaparecem e a experi\u00eancia transcende os limites da carne.<\/p>\n<p>Mas essa revolu\u00e7\u00e3o vai al\u00e9m do ciberespa\u00e7o. No mundo tang\u00edvel, rampas e elevadores s\u00e3o as novas pontes de acesso, conectando diferentes n\u00edveis de possibilidades. Cal\u00e7adas amplas e sinaliza\u00e7\u00f5es claras tornam-se aliadas na jornada di\u00e1ria. Braille n\u00e3o \u00e9 mais apenas um sistema de pontos em relevo, mas uma linguagem que abre portas para a literatura, a informa\u00e7\u00e3o e a cultura.<\/p>\n<p>Contudo, a revolu\u00e7\u00e3o n\u00e3o \u00e9 completa. Ainda existem obst\u00e1culos a serem superados, desafios a serem enfrentados. A conscientiza\u00e7\u00e3o precisa ser cultivada, as mentalidades precisam mudar. A acessibilidade assistiva n\u00e3o \u00e9 apenas uma quest\u00e3o t\u00e9cnica; \u00e9 uma quest\u00e3o de empatia, de entender que a inclus\u00e3o n\u00e3o \u00e9 um favor, mas sim um direito fundamental.<\/p>\n<p>Enquanto eu termino de digitar estas palavras, reflito sobre como cada clique, cada palavra, \u00e9 uma celebra\u00e7\u00e3o silenciosa da acessibilidade assistiva. Cada vez que algu\u00e9m com defici\u00eancia visual l\u00ea este texto usando um leitor de tela, ou algu\u00e9m com mobilidade reduzida navega por estas palavras usando um dispositivo adaptado, o impacto da acessibilidade assistiva se torna tang\u00edvel.<\/p>\n<p>A revolu\u00e7\u00e3o \u00e9 continua, e cada avan\u00e7o \u00e9 uma nota na sinfonia da inclus\u00e3o. Num mundo onde as barreiras est\u00e3o sendo derrubadas, \u00e9 fundamental que continuemos a tocar o mundo juntos, n\u00e3o apenas para alguns, mas para todos. Afinal, a verdadeira grandiosidade de uma sociedade se reflete na maneira como ela permite que todos toquem as estrelas, independentemente das notas que a vida lhes deu.<\/p>\n","protected":false},"excerpt":{"rendered":"<p>No exato momento em que meus dedos tocam o teclado, uma revolu\u00e7\u00e3o silenciosa acontece. Uma revolu\u00e7\u00e3o que n\u00e3o \u00e9 amplamente proclamada, mas que transforma vidas de maneiras profundas e significativas. Estou falando da revolu\u00e7\u00e3o da acessibilidade assistiva, uma ponte que une o mundo f\u00edsico e digital para aqueles cujos caminhos s\u00e3o frequentemente marcados por obst\u00e1culos [&hellip;]<\/p>\n","protected":false},"author":2,"featured_media":320877,"comment_status":"closed","ping_status":"closed","sticky":false,"template":"","format":"standard","meta":{"_acf_changed":false,"footnotes":""},"categories":[161],"tags":[],"class_list":["post-320876","post","type-post","status-publish","format-standard","has-post-thumbnail","hentry","category-quadradinho-em-foco"],"acf":[],"yoast_head":"<!-- This site is optimized with the Yoast SEO plugin v27.2 - https:\/\/yoast.com\/product\/yoast-seo-wordpress\/ -->\n<title>Acessibilidade assistiva coloca PcD no mundo real - Notibras<\/title>\n<meta name=\"robots\" content=\"index, follow, max-snippet:-1, max-image-preview:large, max-video-preview:-1\" \/>\n<link rel=\"canonical\" href=\"https:\/\/www.notibras.com\/site\/acessibilidade-assistiva-coloca-pcd-no-mundo-real\/\" \/>\n<meta property=\"og:locale\" content=\"pt_BR\" \/>\n<meta property=\"og:type\" content=\"article\" \/>\n<meta property=\"og:title\" content=\"Acessibilidade assistiva coloca PcD no mundo real - Notibras\" \/>\n<meta property=\"og:description\" content=\"No exato momento em que meus dedos tocam o teclado, uma revolu\u00e7\u00e3o silenciosa acontece. Uma revolu\u00e7\u00e3o que n\u00e3o \u00e9 amplamente proclamada, mas que transforma vidas de maneiras profundas e significativas. Estou falando da revolu\u00e7\u00e3o da acessibilidade assistiva, uma ponte que une o mundo f\u00edsico e digital para aqueles cujos caminhos s\u00e3o frequentemente marcados por obst\u00e1culos [&hellip;]\" \/>\n<meta property=\"og:url\" content=\"https:\/\/www.notibras.com\/site\/acessibilidade-assistiva-coloca-pcd-no-mundo-real\/\" \/>\n<meta property=\"og:site_name\" content=\"Notibras\" \/>\n<meta property=\"article:publisher\" content=\"https:\/\/www.facebook.com\/notibras\/\" \/>\n<meta property=\"article:published_time\" content=\"2024-01-19T10:05:59+00:00\" \/>\n<meta property=\"article:modified_time\" content=\"2024-01-19T11:13:45+00:00\" \/>\n<meta property=\"og:image\" content=\"https:\/\/www.notibras.com\/site\/wp-content\/uploads\/2024\/01\/tecnologiaassistivaunesp.jpeg\" \/>\n\t<meta property=\"og:image:width\" content=\"800\" \/>\n\t<meta property=\"og:image:height\" content=\"600\" \/>\n\t<meta property=\"og:image:type\" content=\"image\/jpeg\" \/>\n<meta name=\"author\" content=\"Reda\u00e7\u00e3o\" \/>\n<meta name=\"twitter:card\" content=\"summary_large_image\" \/>\n<meta name=\"twitter:creator\" content=\"@Notibras\" \/>\n<meta name=\"twitter:site\" content=\"@Notibras\" \/>\n<meta name=\"twitter:label1\" content=\"Escrito por\" \/>\n\t<meta name=\"twitter:data1\" content=\"Reda\u00e7\u00e3o\" \/>\n\t<meta name=\"twitter:label2\" content=\"Est. tempo de leitura\" \/>\n\t<meta name=\"twitter:data2\" content=\"3 minutos\" \/>\n<script type=\"application\/ld+json\" class=\"yoast-schema-graph\">{\"@context\":\"https:\/\/schema.org\",\"@graph\":[{\"@type\":\"Article\",\"@id\":\"https:\/\/www.notibras.com\/site\/acessibilidade-assistiva-coloca-pcd-no-mundo-real\/#article\",\"isPartOf\":{\"@id\":\"https:\/\/www.notibras.com\/site\/acessibilidade-assistiva-coloca-pcd-no-mundo-real\/\"},\"author\":{\"name\":\"Reda\u00e7\u00e3o\",\"@id\":\"https:\/\/www.notibras.com\/site\/#\/schema\/person\/36ab0979449956132d3e5b517ea76ac8\"},\"headline\":\"Acessibilidade assistiva coloca PcD no mundo real\",\"datePublished\":\"2024-01-19T10:05:59+00:00\",\"dateModified\":\"2024-01-19T11:13:45+00:00\",\"mainEntityOfPage\":{\"@id\":\"https:\/\/www.notibras.com\/site\/acessibilidade-assistiva-coloca-pcd-no-mundo-real\/\"},\"wordCount\":537,\"publisher\":{\"@id\":\"https:\/\/www.notibras.com\/site\/#organization\"},\"image\":{\"@id\":\"https:\/\/www.notibras.com\/site\/acessibilidade-assistiva-coloca-pcd-no-mundo-real\/#primaryimage\"},\"thumbnailUrl\":\"https:\/\/www.notibras.com\/site\/wp-content\/uploads\/2024\/01\/tecnologiaassistivaunesp.jpeg\",\"articleSection\":[\"Quadradinho em Foco\"],\"inLanguage\":\"pt-BR\"},{\"@type\":\"WebPage\",\"@id\":\"https:\/\/www.notibras.com\/site\/acessibilidade-assistiva-coloca-pcd-no-mundo-real\/\",\"url\":\"https:\/\/www.notibras.com\/site\/acessibilidade-assistiva-coloca-pcd-no-mundo-real\/\",\"name\":\"Acessibilidade assistiva coloca PcD no mundo real - Notibras\",\"isPartOf\":{\"@id\":\"https:\/\/www.notibras.com\/site\/#website\"},\"primaryImageOfPage\":{\"@id\":\"https:\/\/www.notibras.com\/site\/acessibilidade-assistiva-coloca-pcd-no-mundo-real\/#primaryimage\"},\"image\":{\"@id\":\"https:\/\/www.notibras.com\/site\/acessibilidade-assistiva-coloca-pcd-no-mundo-real\/#primaryimage\"},\"thumbnailUrl\":\"https:\/\/www.notibras.com\/site\/wp-content\/uploads\/2024\/01\/tecnologiaassistivaunesp.jpeg\",\"datePublished\":\"2024-01-19T10:05:59+00:00\",\"dateModified\":\"2024-01-19T11:13:45+00:00\",\"breadcrumb\":{\"@id\":\"https:\/\/www.notibras.com\/site\/acessibilidade-assistiva-coloca-pcd-no-mundo-real\/#breadcrumb\"},\"inLanguage\":\"pt-BR\",\"potentialAction\":[{\"@type\":\"ReadAction\",\"target\":[\"https:\/\/www.notibras.com\/site\/acessibilidade-assistiva-coloca-pcd-no-mundo-real\/\"]}]},{\"@type\":\"ImageObject\",\"inLanguage\":\"pt-BR\",\"@id\":\"https:\/\/www.notibras.com\/site\/acessibilidade-assistiva-coloca-pcd-no-mundo-real\/#primaryimage\",\"url\":\"https:\/\/www.notibras.com\/site\/wp-content\/uploads\/2024\/01\/tecnologiaassistivaunesp.jpeg\",\"contentUrl\":\"https:\/\/www.notibras.com\/site\/wp-content\/uploads\/2024\/01\/tecnologiaassistivaunesp.jpeg\",\"width\":800,\"height\":600},{\"@type\":\"BreadcrumbList\",\"@id\":\"https:\/\/www.notibras.com\/site\/acessibilidade-assistiva-coloca-pcd-no-mundo-real\/#breadcrumb\",\"itemListElement\":[{\"@type\":\"ListItem\",\"position\":1,\"name\":\"In\u00edcio\",\"item\":\"https:\/\/www.notibras.com\/site\/\"},{\"@type\":\"ListItem\",\"position\":2,\"name\":\"Acessibilidade assistiva coloca PcD no mundo real\"}]},{\"@type\":\"WebSite\",\"@id\":\"https:\/\/www.notibras.com\/site\/#website\",\"url\":\"https:\/\/www.notibras.com\/site\/\",\"name\":\"Notibras\",\"description\":\"Not\u00edcias de Bras\u00edlia, do Brasil e do Mundo\",\"publisher\":{\"@id\":\"https:\/\/www.notibras.com\/site\/#organization\"},\"potentialAction\":[{\"@type\":\"SearchAction\",\"target\":{\"@type\":\"EntryPoint\",\"urlTemplate\":\"https:\/\/www.notibras.com\/site\/?s={search_term_string}\"},\"query-input\":{\"@type\":\"PropertyValueSpecification\",\"valueRequired\":true,\"valueName\":\"search_term_string\"}}],\"inLanguage\":\"pt-BR\"},{\"@type\":\"Organization\",\"@id\":\"https:\/\/www.notibras.com\/site\/#organization\",\"name\":\"Grupo Notibras de Comunica\u00e7\u00e3o\",\"url\":\"https:\/\/www.notibras.com\/site\/\",\"logo\":{\"@type\":\"ImageObject\",\"inLanguage\":\"pt-BR\",\"@id\":\"https:\/\/www.notibras.com\/site\/#\/schema\/logo\/image\/\",\"url\":\"https:\/\/www.notibras.com\/site\/wp-content\/uploads\/2023\/01\/notibras23.png\",\"contentUrl\":\"https:\/\/www.notibras.com\/site\/wp-content\/uploads\/2023\/01\/notibras23.png\",\"width\":350,\"height\":87,\"caption\":\"Grupo Notibras de Comunica\u00e7\u00e3o\"},\"image\":{\"@id\":\"https:\/\/www.notibras.com\/site\/#\/schema\/logo\/image\/\"},\"sameAs\":[\"https:\/\/www.facebook.com\/notibras\/\",\"https:\/\/x.com\/Notibras\",\"https:\/\/www.instagram.com\/notibras\/\"]},{\"@type\":\"Person\",\"@id\":\"https:\/\/www.notibras.com\/site\/#\/schema\/person\/36ab0979449956132d3e5b517ea76ac8\",\"name\":\"Reda\u00e7\u00e3o\",\"image\":{\"@type\":\"ImageObject\",\"inLanguage\":\"pt-BR\",\"@id\":\"https:\/\/secure.gravatar.com\/avatar\/e0a867bdedb85fd243eadf09663511f96fc81e0720a4a42581f334ad4303aa6b?s=96&d=mm&r=g\",\"url\":\"https:\/\/secure.gravatar.com\/avatar\/e0a867bdedb85fd243eadf09663511f96fc81e0720a4a42581f334ad4303aa6b?s=96&d=mm&r=g\",\"contentUrl\":\"https:\/\/secure.gravatar.com\/avatar\/e0a867bdedb85fd243eadf09663511f96fc81e0720a4a42581f334ad4303aa6b?s=96&d=mm&r=g\",\"caption\":\"Reda\u00e7\u00e3o\"}}]}<\/script>\n<!-- \/ Yoast SEO plugin. -->","yoast_head_json":{"title":"Acessibilidade assistiva coloca PcD no mundo real - Notibras","robots":{"index":"index","follow":"follow","max-snippet":"max-snippet:-1","max-image-preview":"max-image-preview:large","max-video-preview":"max-video-preview:-1"},"canonical":"https:\/\/www.notibras.com\/site\/acessibilidade-assistiva-coloca-pcd-no-mundo-real\/","og_locale":"pt_BR","og_type":"article","og_title":"Acessibilidade assistiva coloca PcD no mundo real - Notibras","og_description":"No exato momento em que meus dedos tocam o teclado, uma revolu\u00e7\u00e3o silenciosa acontece. Uma revolu\u00e7\u00e3o que n\u00e3o \u00e9 amplamente proclamada, mas que transforma vidas de maneiras profundas e significativas. Estou falando da revolu\u00e7\u00e3o da acessibilidade assistiva, uma ponte que une o mundo f\u00edsico e digital para aqueles cujos caminhos s\u00e3o frequentemente marcados por obst\u00e1culos [&hellip;]","og_url":"https:\/\/www.notibras.com\/site\/acessibilidade-assistiva-coloca-pcd-no-mundo-real\/","og_site_name":"Notibras","article_publisher":"https:\/\/www.facebook.com\/notibras\/","article_published_time":"2024-01-19T10:05:59+00:00","article_modified_time":"2024-01-19T11:13:45+00:00","og_image":[{"width":800,"height":600,"url":"https:\/\/www.notibras.com\/site\/wp-content\/uploads\/2024\/01\/tecnologiaassistivaunesp.jpeg","type":"image\/jpeg"}],"author":"Reda\u00e7\u00e3o","twitter_card":"summary_large_image","twitter_creator":"@Notibras","twitter_site":"@Notibras","twitter_misc":{"Escrito por":"Reda\u00e7\u00e3o","Est. tempo de leitura":"3 minutos"},"schema":{"@context":"https:\/\/schema.org","@graph":[{"@type":"Article","@id":"https:\/\/www.notibras.com\/site\/acessibilidade-assistiva-coloca-pcd-no-mundo-real\/#article","isPartOf":{"@id":"https:\/\/www.notibras.com\/site\/acessibilidade-assistiva-coloca-pcd-no-mundo-real\/"},"author":{"name":"Reda\u00e7\u00e3o","@id":"https:\/\/www.notibras.com\/site\/#\/schema\/person\/36ab0979449956132d3e5b517ea76ac8"},"headline":"Acessibilidade assistiva coloca PcD no mundo real","datePublished":"2024-01-19T10:05:59+00:00","dateModified":"2024-01-19T11:13:45+00:00","mainEntityOfPage":{"@id":"https:\/\/www.notibras.com\/site\/acessibilidade-assistiva-coloca-pcd-no-mundo-real\/"},"wordCount":537,"publisher":{"@id":"https:\/\/www.notibras.com\/site\/#organization"},"image":{"@id":"https:\/\/www.notibras.com\/site\/acessibilidade-assistiva-coloca-pcd-no-mundo-real\/#primaryimage"},"thumbnailUrl":"https:\/\/www.notibras.com\/site\/wp-content\/uploads\/2024\/01\/tecnologiaassistivaunesp.jpeg","articleSection":["Quadradinho em Foco"],"inLanguage":"pt-BR"},{"@type":"WebPage","@id":"https:\/\/www.notibras.com\/site\/acessibilidade-assistiva-coloca-pcd-no-mundo-real\/","url":"https:\/\/www.notibras.com\/site\/acessibilidade-assistiva-coloca-pcd-no-mundo-real\/","name":"Acessibilidade assistiva coloca PcD no mundo real - Notibras","isPartOf":{"@id":"https:\/\/www.notibras.com\/site\/#website"},"primaryImageOfPage":{"@id":"https:\/\/www.notibras.com\/site\/acessibilidade-assistiva-coloca-pcd-no-mundo-real\/#primaryimage"},"image":{"@id":"https:\/\/www.notibras.com\/site\/acessibilidade-assistiva-coloca-pcd-no-mundo-real\/#primaryimage"},"thumbnailUrl":"https:\/\/www.notibras.com\/site\/wp-content\/uploads\/2024\/01\/tecnologiaassistivaunesp.jpeg","datePublished":"2024-01-19T10:05:59+00:00","dateModified":"2024-01-19T11:13:45+00:00","breadcrumb":{"@id":"https:\/\/www.notibras.com\/site\/acessibilidade-assistiva-coloca-pcd-no-mundo-real\/#breadcrumb"},"inLanguage":"pt-BR","potentialAction":[{"@type":"ReadAction","target":["https:\/\/www.notibras.com\/site\/acessibilidade-assistiva-coloca-pcd-no-mundo-real\/"]}]},{"@type":"ImageObject","inLanguage":"pt-BR","@id":"https:\/\/www.notibras.com\/site\/acessibilidade-assistiva-coloca-pcd-no-mundo-real\/#primaryimage","url":"https:\/\/www.notibras.com\/site\/wp-content\/uploads\/2024\/01\/tecnologiaassistivaunesp.jpeg","contentUrl":"https:\/\/www.notibras.com\/site\/wp-content\/uploads\/2024\/01\/tecnologiaassistivaunesp.jpeg","width":800,"height":600},{"@type":"BreadcrumbList","@id":"https:\/\/www.notibras.com\/site\/acessibilidade-assistiva-coloca-pcd-no-mundo-real\/#breadcrumb","itemListElement":[{"@type":"ListItem","position":1,"name":"In\u00edcio","item":"https:\/\/www.notibras.com\/site\/"},{"@type":"ListItem","position":2,"name":"Acessibilidade assistiva coloca PcD no mundo real"}]},{"@type":"WebSite","@id":"https:\/\/www.notibras.com\/site\/#website","url":"https:\/\/www.notibras.com\/site\/","name":"Notibras","description":"Not\u00edcias de Bras\u00edlia, do Brasil e do Mundo","publisher":{"@id":"https:\/\/www.notibras.com\/site\/#organization"},"potentialAction":[{"@type":"SearchAction","target":{"@type":"EntryPoint","urlTemplate":"https:\/\/www.notibras.com\/site\/?s={search_term_string}"},"query-input":{"@type":"PropertyValueSpecification","valueRequired":true,"valueName":"search_term_string"}}],"inLanguage":"pt-BR"},{"@type":"Organization","@id":"https:\/\/www.notibras.com\/site\/#organization","name":"Grupo Notibras de Comunica\u00e7\u00e3o","url":"https:\/\/www.notibras.com\/site\/","logo":{"@type":"ImageObject","inLanguage":"pt-BR","@id":"https:\/\/www.notibras.com\/site\/#\/schema\/logo\/image\/","url":"https:\/\/www.notibras.com\/site\/wp-content\/uploads\/2023\/01\/notibras23.png","contentUrl":"https:\/\/www.notibras.com\/site\/wp-content\/uploads\/2023\/01\/notibras23.png","width":350,"height":87,"caption":"Grupo Notibras de Comunica\u00e7\u00e3o"},"image":{"@id":"https:\/\/www.notibras.com\/site\/#\/schema\/logo\/image\/"},"sameAs":["https:\/\/www.facebook.com\/notibras\/","https:\/\/x.com\/Notibras","https:\/\/www.instagram.com\/notibras\/"]},{"@type":"Person","@id":"https:\/\/www.notibras.com\/site\/#\/schema\/person\/36ab0979449956132d3e5b517ea76ac8","name":"Reda\u00e7\u00e3o","image":{"@type":"ImageObject","inLanguage":"pt-BR","@id":"https:\/\/secure.gravatar.com\/avatar\/e0a867bdedb85fd243eadf09663511f96fc81e0720a4a42581f334ad4303aa6b?s=96&d=mm&r=g","url":"https:\/\/secure.gravatar.com\/avatar\/e0a867bdedb85fd243eadf09663511f96fc81e0720a4a42581f334ad4303aa6b?s=96&d=mm&r=g","contentUrl":"https:\/\/secure.gravatar.com\/avatar\/e0a867bdedb85fd243eadf09663511f96fc81e0720a4a42581f334ad4303aa6b?s=96&d=mm&r=g","caption":"Reda\u00e7\u00e3o"}}]}},"amp_enabled":true,"_links":{"self":[{"href":"https:\/\/www.notibras.com\/site\/wp-json\/wp\/v2\/posts\/320876","targetHints":{"allow":["GET"]}}],"collection":[{"href":"https:\/\/www.notibras.com\/site\/wp-json\/wp\/v2\/posts"}],"about":[{"href":"https:\/\/www.notibras.com\/site\/wp-json\/wp\/v2\/types\/post"}],"author":[{"embeddable":true,"href":"https:\/\/www.notibras.com\/site\/wp-json\/wp\/v2\/users\/2"}],"replies":[{"embeddable":true,"href":"https:\/\/www.notibras.com\/site\/wp-json\/wp\/v2\/comments?post=320876"}],"version-history":[{"count":1,"href":"https:\/\/www.notibras.com\/site\/wp-json\/wp\/v2\/posts\/320876\/revisions"}],"predecessor-version":[{"id":320878,"href":"https:\/\/www.notibras.com\/site\/wp-json\/wp\/v2\/posts\/320876\/revisions\/320878"}],"wp:featuredmedia":[{"embeddable":true,"href":"https:\/\/www.notibras.com\/site\/wp-json\/wp\/v2\/media\/320877"}],"wp:attachment":[{"href":"https:\/\/www.notibras.com\/site\/wp-json\/wp\/v2\/media?parent=320876"}],"wp:term":[{"taxonomy":"category","embeddable":true,"href":"https:\/\/www.notibras.com\/site\/wp-json\/wp\/v2\/categories?post=320876"},{"taxonomy":"post_tag","embeddable":true,"href":"https:\/\/www.notibras.com\/site\/wp-json\/wp\/v2\/tags?post=320876"}],"curies":[{"name":"wp","href":"https:\/\/api.w.org\/{rel}","templated":true}]}}