{"id":320880,"date":"2024-01-19T10:51:40","date_gmt":"2024-01-19T13:51:40","guid":{"rendered":"https:\/\/www.notibras.com\/site\/?p=320880"},"modified":"2024-01-19T10:51:40","modified_gmt":"2024-01-19T13:51:40","slug":"comeca-corrida-para-garantir-uma-vaga-no-servico-publico","status":"publish","type":"post","link":"https:\/\/www.notibras.com\/site\/comeca-corrida-para-garantir-uma-vaga-no-servico-publico\/","title":{"rendered":"Come\u00e7a corrida para garantir uma vaga no servi\u00e7o p\u00fablico"},"content":{"rendered":"<p>As inscri\u00e7\u00f5es para o Concurso P\u00fablico Nacional Unificado come\u00e7aram nesta sexta-feira (19) e seguem at\u00e9 o dia 9 de fevereiro. O certame vai selecionar, de uma s\u00f3 vez, 6.640 servidores para lota\u00e7\u00e3o em 21 \u00f3rg\u00e3os p\u00fablicos federais.<\/p>\n<p>As provas ser\u00e3o aplicadas no dia 5 de maio, em 220 cidades, distribu\u00eddas em todos os estados e no Distrito Federal. A taxa de inscri\u00e7\u00e3o \u00e9 R$ 60 para vagas de n\u00edvel m\u00e9dio e R$ 90, para vagas de n\u00edvel superior.<\/p>\n<p>Est\u00e3o isentos candidatos que integram o Cadastro \u00danico para Programas Sociais (Cad\u00danico) e que cursam ou cursaram faculdade com apoio do Fundo de Financiamento ao Estudante do Ensino Superior (Fies) ou do Programa Universidade para Todos (ProUni), assim como doadores de medula \u00f3ssea.<\/p>\n<p>No ato da inscri\u00e7\u00e3o, feita exclusivamente pelo aplicativo Gov.br, ser\u00e1 gerada uma Guia de Recolhimento da Uni\u00e3o (GRU), \u00fanico mecanismo de pagamento que valer\u00e1 para o concurso.<\/p>\n<p>O Minist\u00e9rio da Gest\u00e3o e da Inova\u00e7\u00e3o em Servi\u00e7os P\u00fablicos, respons\u00e1vel pela condu\u00e7\u00e3o do concurso, recomenda leitura cuidadosa dos editais, \u201cpotencializando as trajet\u00f3rias profissionais e acad\u00eamicas dos candidatos\u201c.<\/p>\n<p>Em nota, a pasta destacou que a proposta \u00e9 democratizar o acesso aos quadros federais e permitir que candidatos alinhem suas voca\u00e7\u00f5es \u00e0s oportunidades oferecidas.<\/p>\n<p><strong>Editais &#8211; <\/strong>O minist\u00e9rio apresentou um detalhamento dos editais do concurso. A se\u00e7\u00e3o 1 (disposi\u00e7\u00f5es preliminares) trata de regras gerais, empresa aplicadora (Funda\u00e7\u00e3o Cesgranrio) e etapas do processo de sele\u00e7\u00e3o.<\/p>\n<p>A se\u00e7\u00e3o 2 (vagas) especifica quais vagas est\u00e3o em disputa dentro de cada um dos oito blocos tem\u00e1ticos. J\u00e1 a se\u00e7\u00e3o 3 (vagas reservadas) detalha as vagas reservadas sendo 5% para pessoas com defici\u00eancia e 20% para pessoas negras, al\u00e9m de 30% das vagas da Funda\u00e7\u00e3o Nacional dos Povos Ind\u00edgenas (Funai) para ind\u00edgenas.<\/p>\n<p>A se\u00e7\u00e3o 4 (requisitos para a investidura na especialidade) trata das especificidades necess\u00e1rias para cada um dos cargos, como ter nacionalidade brasileira ou portuguesa; estar em dia com obriga\u00e7\u00f5es eleitorais e militares; e ter forma\u00e7\u00e3o em gradua\u00e7\u00f5es espec\u00edficas para alguns dos cargos.<\/p>\n<p>\u201cOu seja, uma pessoa at\u00e9 pode obter pontua\u00e7\u00e3o para ser aprovada, mas se n\u00e3o apresentar a forma\u00e7\u00e3o exigida, n\u00e3o poder\u00e1 assumir o cargo. As exig\u00eancias de forma\u00e7\u00e3o variam a cada cargo e \u00f3rg\u00e3o participante. \u00c9 preciso redobrar a aten\u00e7\u00e3o na hora das escolhas\u201d, alerta o minist\u00e9rio.<\/p>\n<p>Na se\u00e7\u00e3o 5 (inscri\u00e7\u00f5es), est\u00e1 explicitado que a inscri\u00e7\u00e3o deve ser realizada pelo pr\u00f3prio candidato e apenas pelo aplicativo Gov.br. Ser\u00e3o aceitos todos os n\u00edveis de conta na plataforma (ouro, prata ou bronze). Somente ap\u00f3s o credenciamento \u00e9 que o candidato conseguir\u00e1 acessar o ambiente de inscri\u00e7\u00e3o da Funda\u00e7\u00e3o Cesgranrio, que vai aplicar as provas.<\/p>\n<p>A se\u00e7\u00e3o 6 (confirma\u00e7\u00e3o de inscri\u00e7\u00e3o) destaca que \u00e9 preciso checar se todos os crit\u00e9rios exigidos foram contidos e se as informa\u00e7\u00f5es prestadas est\u00e3o corretas, assim como ter certeza da lista de prefer\u00eancia aos cargos pleiteados.<\/p>\n<p>A se\u00e7\u00e3o 7 (etapa de qualifica\u00e7\u00e3o t\u00e9cnica) discorre sobre as especificidades da prova e das etapas que comp\u00f5em o concurso e trata ainda da organiza\u00e7\u00e3o das provas em cinco eixos tem\u00e1ticos, que apresentam pesos diferentes para cada um dos cargos que comp\u00f5em o bloco.<\/p>\n<p>\u201cAp\u00f3s escolhido um dos oito blocos tem\u00e1ticos [cada candidato poder\u00e1 se inscrever em apenas um bloco, sendo permitida mudan\u00e7a at\u00e9 a data final de inscri\u00e7\u00f5es, dia 9 de fevereiro], o candidato dever\u00e1 fazer classificar, por ordem de prefer\u00eancia, os cargos desejados [sendo poss\u00edvel se candidatar a todos os cargos, desde que dentro do mesmo bloco].\u201d<\/p>\n<p>A se\u00e7\u00e3o 8 (normas e procedimentos relativos \u00e0 realiza\u00e7\u00e3o das provas) trata das regras para o dia do exame. Pela manh\u00e3, ser\u00e3o aplicadas quest\u00f5es objetivas gerais e prova discursiva. \u00c0 tarde, ser\u00e3o aplicadas provas com quest\u00f5es objetivas espec\u00edficas.<\/p>\n<p>J\u00e1 na se\u00e7\u00e3o 9 (recursos e revis\u00e3o) est\u00e3o dados, prazos e procedimentos necess\u00e1rios para assegurar que os recursos sejam avaliados pela comiss\u00e3o organizadora e pela banca examinadora.<\/p>\n<p>A se\u00e7\u00e3o 10 (classifica\u00e7\u00e3o final, homologa\u00e7\u00e3o e nomea\u00e7\u00e3o) contar\u00e1 com uma live espec\u00edfica a ser conduzida pelo minist\u00e9rio, mas ainda sem data.<\/p>\n<p>Por fim, a se\u00e7\u00e3o 11 (disposi\u00e7\u00f5es finais), destaca a possibilidade de utilizar as listas de classifica\u00e7\u00e3o do concurso tamb\u00e9m para a ocupa\u00e7\u00e3o de vagas em cargos tempor\u00e1rios, sendo que, se o candidato aceitar um cargo tempor\u00e1rio, continuar\u00e1 na lista de espera dos outros cargos. O concurso ter\u00e1 validade de 12 meses, podendo ser prorrogado por mais 12 meses.<\/p>\n<p>\u201cPessoas aprovadas para cargos que, porventura, n\u00e3o sejam o da primeira op\u00e7\u00e3o selecionada no momento da inscri\u00e7\u00e3o, continuar\u00e3o em lista de espera para o principal posto desejado\u201d, refor\u00e7ou a pasta.<\/p>\n","protected":false},"excerpt":{"rendered":"<p>As inscri\u00e7\u00f5es para o Concurso P\u00fablico Nacional Unificado come\u00e7aram nesta sexta-feira (19) e seguem at\u00e9 o dia 9 de fevereiro. O certame vai selecionar, de uma s\u00f3 vez, 6.640 servidores para lota\u00e7\u00e3o em 21 \u00f3rg\u00e3os p\u00fablicos federais. As provas ser\u00e3o aplicadas no dia 5 de maio, em 220 cidades, distribu\u00eddas em todos os estados e [&hellip;]<\/p>\n","protected":false},"author":2,"featured_media":320881,"comment_status":"closed","ping_status":"closed","sticky":false,"template":"","format":"standard","meta":{"_acf_changed":false,"footnotes":""},"categories":[161],"tags":[95],"class_list":["post-320880","post","type-post","status-publish","format-standard","has-post-thumbnail","hentry","category-quadradinho-em-foco","tag-capa"],"acf":[],"yoast_head":"<!-- This site is optimized with the Yoast SEO plugin v27.2 - https:\/\/yoast.com\/product\/yoast-seo-wordpress\/ -->\n<title>Come\u00e7a corrida para garantir uma vaga no servi\u00e7o p\u00fablico - Notibras<\/title>\n<meta name=\"robots\" content=\"index, follow, max-snippet:-1, max-image-preview:large, max-video-preview:-1\" \/>\n<link rel=\"canonical\" href=\"https:\/\/www.notibras.com\/site\/comeca-corrida-para-garantir-uma-vaga-no-servico-publico\/\" \/>\n<meta property=\"og:locale\" content=\"pt_BR\" \/>\n<meta property=\"og:type\" content=\"article\" \/>\n<meta property=\"og:title\" content=\"Come\u00e7a corrida para garantir uma vaga no servi\u00e7o p\u00fablico - Notibras\" \/>\n<meta property=\"og:description\" content=\"As inscri\u00e7\u00f5es para o Concurso P\u00fablico Nacional Unificado come\u00e7aram nesta sexta-feira (19) e seguem at\u00e9 o dia 9 de fevereiro. O certame vai selecionar, de uma s\u00f3 vez, 6.640 servidores para lota\u00e7\u00e3o em 21 \u00f3rg\u00e3os p\u00fablicos federais. As provas ser\u00e3o aplicadas no dia 5 de maio, em 220 cidades, distribu\u00eddas em todos os estados e [&hellip;]\" \/>\n<meta property=\"og:url\" content=\"https:\/\/www.notibras.com\/site\/comeca-corrida-para-garantir-uma-vaga-no-servico-publico\/\" \/>\n<meta property=\"og:site_name\" content=\"Notibras\" \/>\n<meta property=\"article:publisher\" content=\"https:\/\/www.facebook.com\/notibras\/\" \/>\n<meta property=\"article:published_time\" content=\"2024-01-19T13:51:40+00:00\" \/>\n<meta property=\"og:image\" content=\"https:\/\/www.notibras.com\/site\/wp-content\/uploads\/2024\/01\/vagas.19l.abertas.webp\" \/>\n\t<meta property=\"og:image:width\" content=\"1170\" \/>\n\t<meta property=\"og:image:height\" content=\"700\" \/>\n\t<meta property=\"og:image:type\" content=\"image\/webp\" \/>\n<meta name=\"author\" content=\"Reda\u00e7\u00e3o\" \/>\n<meta name=\"twitter:card\" content=\"summary_large_image\" \/>\n<meta name=\"twitter:creator\" content=\"@Notibras\" \/>\n<meta name=\"twitter:site\" content=\"@Notibras\" \/>\n<meta name=\"twitter:label1\" content=\"Escrito por\" \/>\n\t<meta name=\"twitter:data1\" content=\"Reda\u00e7\u00e3o\" \/>\n\t<meta name=\"twitter:label2\" content=\"Est. tempo de leitura\" \/>\n\t<meta name=\"twitter:data2\" content=\"5 minutos\" \/>\n<script type=\"application\/ld+json\" class=\"yoast-schema-graph\">{\"@context\":\"https:\/\/schema.org\",\"@graph\":[{\"@type\":\"Article\",\"@id\":\"https:\/\/www.notibras.com\/site\/comeca-corrida-para-garantir-uma-vaga-no-servico-publico\/#article\",\"isPartOf\":{\"@id\":\"https:\/\/www.notibras.com\/site\/comeca-corrida-para-garantir-uma-vaga-no-servico-publico\/\"},\"author\":{\"name\":\"Reda\u00e7\u00e3o\",\"@id\":\"https:\/\/www.notibras.com\/site\/#\/schema\/person\/36ab0979449956132d3e5b517ea76ac8\"},\"headline\":\"Come\u00e7a corrida para garantir uma vaga no servi\u00e7o p\u00fablico\",\"datePublished\":\"2024-01-19T13:51:40+00:00\",\"mainEntityOfPage\":{\"@id\":\"https:\/\/www.notibras.com\/site\/comeca-corrida-para-garantir-uma-vaga-no-servico-publico\/\"},\"wordCount\":833,\"publisher\":{\"@id\":\"https:\/\/www.notibras.com\/site\/#organization\"},\"image\":{\"@id\":\"https:\/\/www.notibras.com\/site\/comeca-corrida-para-garantir-uma-vaga-no-servico-publico\/#primaryimage\"},\"thumbnailUrl\":\"https:\/\/www.notibras.com\/site\/wp-content\/uploads\/2024\/01\/vagas.19l.abertas.webp\",\"keywords\":[\"capa\"],\"articleSection\":[\"Quadradinho em Foco\"],\"inLanguage\":\"pt-BR\"},{\"@type\":\"WebPage\",\"@id\":\"https:\/\/www.notibras.com\/site\/comeca-corrida-para-garantir-uma-vaga-no-servico-publico\/\",\"url\":\"https:\/\/www.notibras.com\/site\/comeca-corrida-para-garantir-uma-vaga-no-servico-publico\/\",\"name\":\"Come\u00e7a corrida para garantir uma vaga no servi\u00e7o p\u00fablico - Notibras\",\"isPartOf\":{\"@id\":\"https:\/\/www.notibras.com\/site\/#website\"},\"primaryImageOfPage\":{\"@id\":\"https:\/\/www.notibras.com\/site\/comeca-corrida-para-garantir-uma-vaga-no-servico-publico\/#primaryimage\"},\"image\":{\"@id\":\"https:\/\/www.notibras.com\/site\/comeca-corrida-para-garantir-uma-vaga-no-servico-publico\/#primaryimage\"},\"thumbnailUrl\":\"https:\/\/www.notibras.com\/site\/wp-content\/uploads\/2024\/01\/vagas.19l.abertas.webp\",\"datePublished\":\"2024-01-19T13:51:40+00:00\",\"breadcrumb\":{\"@id\":\"https:\/\/www.notibras.com\/site\/comeca-corrida-para-garantir-uma-vaga-no-servico-publico\/#breadcrumb\"},\"inLanguage\":\"pt-BR\",\"potentialAction\":[{\"@type\":\"ReadAction\",\"target\":[\"https:\/\/www.notibras.com\/site\/comeca-corrida-para-garantir-uma-vaga-no-servico-publico\/\"]}]},{\"@type\":\"ImageObject\",\"inLanguage\":\"pt-BR\",\"@id\":\"https:\/\/www.notibras.com\/site\/comeca-corrida-para-garantir-uma-vaga-no-servico-publico\/#primaryimage\",\"url\":\"https:\/\/www.notibras.com\/site\/wp-content\/uploads\/2024\/01\/vagas.19l.abertas.webp\",\"contentUrl\":\"https:\/\/www.notibras.com\/site\/wp-content\/uploads\/2024\/01\/vagas.19l.abertas.webp\",\"width\":1170,\"height\":700},{\"@type\":\"BreadcrumbList\",\"@id\":\"https:\/\/www.notibras.com\/site\/comeca-corrida-para-garantir-uma-vaga-no-servico-publico\/#breadcrumb\",\"itemListElement\":[{\"@type\":\"ListItem\",\"position\":1,\"name\":\"In\u00edcio\",\"item\":\"https:\/\/www.notibras.com\/site\/\"},{\"@type\":\"ListItem\",\"position\":2,\"name\":\"Come\u00e7a corrida para garantir uma vaga no servi\u00e7o p\u00fablico\"}]},{\"@type\":\"WebSite\",\"@id\":\"https:\/\/www.notibras.com\/site\/#website\",\"url\":\"https:\/\/www.notibras.com\/site\/\",\"name\":\"Notibras\",\"description\":\"Not\u00edcias de Bras\u00edlia, do Brasil e do Mundo\",\"publisher\":{\"@id\":\"https:\/\/www.notibras.com\/site\/#organization\"},\"potentialAction\":[{\"@type\":\"SearchAction\",\"target\":{\"@type\":\"EntryPoint\",\"urlTemplate\":\"https:\/\/www.notibras.com\/site\/?s={search_term_string}\"},\"query-input\":{\"@type\":\"PropertyValueSpecification\",\"valueRequired\":true,\"valueName\":\"search_term_string\"}}],\"inLanguage\":\"pt-BR\"},{\"@type\":\"Organization\",\"@id\":\"https:\/\/www.notibras.com\/site\/#organization\",\"name\":\"Grupo Notibras de Comunica\u00e7\u00e3o\",\"url\":\"https:\/\/www.notibras.com\/site\/\",\"logo\":{\"@type\":\"ImageObject\",\"inLanguage\":\"pt-BR\",\"@id\":\"https:\/\/www.notibras.com\/site\/#\/schema\/logo\/image\/\",\"url\":\"https:\/\/www.notibras.com\/site\/wp-content\/uploads\/2023\/01\/notibras23.png\",\"contentUrl\":\"https:\/\/www.notibras.com\/site\/wp-content\/uploads\/2023\/01\/notibras23.png\",\"width\":350,\"height\":87,\"caption\":\"Grupo Notibras de Comunica\u00e7\u00e3o\"},\"image\":{\"@id\":\"https:\/\/www.notibras.com\/site\/#\/schema\/logo\/image\/\"},\"sameAs\":[\"https:\/\/www.facebook.com\/notibras\/\",\"https:\/\/x.com\/Notibras\",\"https:\/\/www.instagram.com\/notibras\/\"]},{\"@type\":\"Person\",\"@id\":\"https:\/\/www.notibras.com\/site\/#\/schema\/person\/36ab0979449956132d3e5b517ea76ac8\",\"name\":\"Reda\u00e7\u00e3o\",\"image\":{\"@type\":\"ImageObject\",\"inLanguage\":\"pt-BR\",\"@id\":\"https:\/\/secure.gravatar.com\/avatar\/e0a867bdedb85fd243eadf09663511f96fc81e0720a4a42581f334ad4303aa6b?s=96&d=mm&r=g\",\"url\":\"https:\/\/secure.gravatar.com\/avatar\/e0a867bdedb85fd243eadf09663511f96fc81e0720a4a42581f334ad4303aa6b?s=96&d=mm&r=g\",\"contentUrl\":\"https:\/\/secure.gravatar.com\/avatar\/e0a867bdedb85fd243eadf09663511f96fc81e0720a4a42581f334ad4303aa6b?s=96&d=mm&r=g\",\"caption\":\"Reda\u00e7\u00e3o\"}}]}<\/script>\n<!-- \/ Yoast SEO plugin. -->","yoast_head_json":{"title":"Come\u00e7a corrida para garantir uma vaga no servi\u00e7o p\u00fablico - Notibras","robots":{"index":"index","follow":"follow","max-snippet":"max-snippet:-1","max-image-preview":"max-image-preview:large","max-video-preview":"max-video-preview:-1"},"canonical":"https:\/\/www.notibras.com\/site\/comeca-corrida-para-garantir-uma-vaga-no-servico-publico\/","og_locale":"pt_BR","og_type":"article","og_title":"Come\u00e7a corrida para garantir uma vaga no servi\u00e7o p\u00fablico - Notibras","og_description":"As inscri\u00e7\u00f5es para o Concurso P\u00fablico Nacional Unificado come\u00e7aram nesta sexta-feira (19) e seguem at\u00e9 o dia 9 de fevereiro. O certame vai selecionar, de uma s\u00f3 vez, 6.640 servidores para lota\u00e7\u00e3o em 21 \u00f3rg\u00e3os p\u00fablicos federais. As provas ser\u00e3o aplicadas no dia 5 de maio, em 220 cidades, distribu\u00eddas em todos os estados e [&hellip;]","og_url":"https:\/\/www.notibras.com\/site\/comeca-corrida-para-garantir-uma-vaga-no-servico-publico\/","og_site_name":"Notibras","article_publisher":"https:\/\/www.facebook.com\/notibras\/","article_published_time":"2024-01-19T13:51:40+00:00","og_image":[{"width":1170,"height":700,"url":"https:\/\/www.notibras.com\/site\/wp-content\/uploads\/2024\/01\/vagas.19l.abertas.webp","type":"image\/webp"}],"author":"Reda\u00e7\u00e3o","twitter_card":"summary_large_image","twitter_creator":"@Notibras","twitter_site":"@Notibras","twitter_misc":{"Escrito por":"Reda\u00e7\u00e3o","Est. tempo de leitura":"5 minutos"},"schema":{"@context":"https:\/\/schema.org","@graph":[{"@type":"Article","@id":"https:\/\/www.notibras.com\/site\/comeca-corrida-para-garantir-uma-vaga-no-servico-publico\/#article","isPartOf":{"@id":"https:\/\/www.notibras.com\/site\/comeca-corrida-para-garantir-uma-vaga-no-servico-publico\/"},"author":{"name":"Reda\u00e7\u00e3o","@id":"https:\/\/www.notibras.com\/site\/#\/schema\/person\/36ab0979449956132d3e5b517ea76ac8"},"headline":"Come\u00e7a corrida para garantir uma vaga no servi\u00e7o p\u00fablico","datePublished":"2024-01-19T13:51:40+00:00","mainEntityOfPage":{"@id":"https:\/\/www.notibras.com\/site\/comeca-corrida-para-garantir-uma-vaga-no-servico-publico\/"},"wordCount":833,"publisher":{"@id":"https:\/\/www.notibras.com\/site\/#organization"},"image":{"@id":"https:\/\/www.notibras.com\/site\/comeca-corrida-para-garantir-uma-vaga-no-servico-publico\/#primaryimage"},"thumbnailUrl":"https:\/\/www.notibras.com\/site\/wp-content\/uploads\/2024\/01\/vagas.19l.abertas.webp","keywords":["capa"],"articleSection":["Quadradinho em Foco"],"inLanguage":"pt-BR"},{"@type":"WebPage","@id":"https:\/\/www.notibras.com\/site\/comeca-corrida-para-garantir-uma-vaga-no-servico-publico\/","url":"https:\/\/www.notibras.com\/site\/comeca-corrida-para-garantir-uma-vaga-no-servico-publico\/","name":"Come\u00e7a corrida para garantir uma vaga no servi\u00e7o p\u00fablico - Notibras","isPartOf":{"@id":"https:\/\/www.notibras.com\/site\/#website"},"primaryImageOfPage":{"@id":"https:\/\/www.notibras.com\/site\/comeca-corrida-para-garantir-uma-vaga-no-servico-publico\/#primaryimage"},"image":{"@id":"https:\/\/www.notibras.com\/site\/comeca-corrida-para-garantir-uma-vaga-no-servico-publico\/#primaryimage"},"thumbnailUrl":"https:\/\/www.notibras.com\/site\/wp-content\/uploads\/2024\/01\/vagas.19l.abertas.webp","datePublished":"2024-01-19T13:51:40+00:00","breadcrumb":{"@id":"https:\/\/www.notibras.com\/site\/comeca-corrida-para-garantir-uma-vaga-no-servico-publico\/#breadcrumb"},"inLanguage":"pt-BR","potentialAction":[{"@type":"ReadAction","target":["https:\/\/www.notibras.com\/site\/comeca-corrida-para-garantir-uma-vaga-no-servico-publico\/"]}]},{"@type":"ImageObject","inLanguage":"pt-BR","@id":"https:\/\/www.notibras.com\/site\/comeca-corrida-para-garantir-uma-vaga-no-servico-publico\/#primaryimage","url":"https:\/\/www.notibras.com\/site\/wp-content\/uploads\/2024\/01\/vagas.19l.abertas.webp","contentUrl":"https:\/\/www.notibras.com\/site\/wp-content\/uploads\/2024\/01\/vagas.19l.abertas.webp","width":1170,"height":700},{"@type":"BreadcrumbList","@id":"https:\/\/www.notibras.com\/site\/comeca-corrida-para-garantir-uma-vaga-no-servico-publico\/#breadcrumb","itemListElement":[{"@type":"ListItem","position":1,"name":"In\u00edcio","item":"https:\/\/www.notibras.com\/site\/"},{"@type":"ListItem","position":2,"name":"Come\u00e7a corrida para garantir uma vaga no servi\u00e7o p\u00fablico"}]},{"@type":"WebSite","@id":"https:\/\/www.notibras.com\/site\/#website","url":"https:\/\/www.notibras.com\/site\/","name":"Notibras","description":"Not\u00edcias de Bras\u00edlia, do Brasil e do Mundo","publisher":{"@id":"https:\/\/www.notibras.com\/site\/#organization"},"potentialAction":[{"@type":"SearchAction","target":{"@type":"EntryPoint","urlTemplate":"https:\/\/www.notibras.com\/site\/?s={search_term_string}"},"query-input":{"@type":"PropertyValueSpecification","valueRequired":true,"valueName":"search_term_string"}}],"inLanguage":"pt-BR"},{"@type":"Organization","@id":"https:\/\/www.notibras.com\/site\/#organization","name":"Grupo Notibras de Comunica\u00e7\u00e3o","url":"https:\/\/www.notibras.com\/site\/","logo":{"@type":"ImageObject","inLanguage":"pt-BR","@id":"https:\/\/www.notibras.com\/site\/#\/schema\/logo\/image\/","url":"https:\/\/www.notibras.com\/site\/wp-content\/uploads\/2023\/01\/notibras23.png","contentUrl":"https:\/\/www.notibras.com\/site\/wp-content\/uploads\/2023\/01\/notibras23.png","width":350,"height":87,"caption":"Grupo Notibras de Comunica\u00e7\u00e3o"},"image":{"@id":"https:\/\/www.notibras.com\/site\/#\/schema\/logo\/image\/"},"sameAs":["https:\/\/www.facebook.com\/notibras\/","https:\/\/x.com\/Notibras","https:\/\/www.instagram.com\/notibras\/"]},{"@type":"Person","@id":"https:\/\/www.notibras.com\/site\/#\/schema\/person\/36ab0979449956132d3e5b517ea76ac8","name":"Reda\u00e7\u00e3o","image":{"@type":"ImageObject","inLanguage":"pt-BR","@id":"https:\/\/secure.gravatar.com\/avatar\/e0a867bdedb85fd243eadf09663511f96fc81e0720a4a42581f334ad4303aa6b?s=96&d=mm&r=g","url":"https:\/\/secure.gravatar.com\/avatar\/e0a867bdedb85fd243eadf09663511f96fc81e0720a4a42581f334ad4303aa6b?s=96&d=mm&r=g","contentUrl":"https:\/\/secure.gravatar.com\/avatar\/e0a867bdedb85fd243eadf09663511f96fc81e0720a4a42581f334ad4303aa6b?s=96&d=mm&r=g","caption":"Reda\u00e7\u00e3o"}}]}},"amp_enabled":true,"_links":{"self":[{"href":"https:\/\/www.notibras.com\/site\/wp-json\/wp\/v2\/posts\/320880","targetHints":{"allow":["GET"]}}],"collection":[{"href":"https:\/\/www.notibras.com\/site\/wp-json\/wp\/v2\/posts"}],"about":[{"href":"https:\/\/www.notibras.com\/site\/wp-json\/wp\/v2\/types\/post"}],"author":[{"embeddable":true,"href":"https:\/\/www.notibras.com\/site\/wp-json\/wp\/v2\/users\/2"}],"replies":[{"embeddable":true,"href":"https:\/\/www.notibras.com\/site\/wp-json\/wp\/v2\/comments?post=320880"}],"version-history":[{"count":1,"href":"https:\/\/www.notibras.com\/site\/wp-json\/wp\/v2\/posts\/320880\/revisions"}],"predecessor-version":[{"id":320882,"href":"https:\/\/www.notibras.com\/site\/wp-json\/wp\/v2\/posts\/320880\/revisions\/320882"}],"wp:featuredmedia":[{"embeddable":true,"href":"https:\/\/www.notibras.com\/site\/wp-json\/wp\/v2\/media\/320881"}],"wp:attachment":[{"href":"https:\/\/www.notibras.com\/site\/wp-json\/wp\/v2\/media?parent=320880"}],"wp:term":[{"taxonomy":"category","embeddable":true,"href":"https:\/\/www.notibras.com\/site\/wp-json\/wp\/v2\/categories?post=320880"},{"taxonomy":"post_tag","embeddable":true,"href":"https:\/\/www.notibras.com\/site\/wp-json\/wp\/v2\/tags?post=320880"}],"curies":[{"name":"wp","href":"https:\/\/api.w.org\/{rel}","templated":true}]}}