{"id":320896,"date":"2024-01-19T12:29:03","date_gmt":"2024-01-19T15:29:03","guid":{"rendered":"https:\/\/www.notibras.com\/site\/?p=320896"},"modified":"2024-01-20T08:48:01","modified_gmt":"2024-01-20T11:48:01","slug":"festa-da-lili-fica-sem-a-coca-prometida-por-ze-carioca","status":"publish","type":"post","link":"https:\/\/www.notibras.com\/site\/festa-da-lili-fica-sem-a-coca-prometida-por-ze-carioca\/","title":{"rendered":"Festa da Lili fica sem a coca prometida por Z\u00e9 Carioca"},"content":{"rendered":"<p>Uma equipe da 5\u00aa Delegacia de Pol\u00edcia, no Plano piloto, prendeu em flagrante nesta sexta, 19, um traficante de drogas (em especial coca\u00edna e crack) em um flat no Setor de Hot\u00e9is e Turismo Norte, \u00e0s margens do Lago Parano\u00e1. A opera\u00e7\u00e3o, denominada <em>Z\u00e9 Carioca<\/em>, \u00e9 uma alus\u00e3o ao suspeito, que diz ser servidor da OAB. Ele tem 58 anos e seu nome vem sendo mantido em sigilo. As drogas seriam vendidas na <em>Festa da Lili<\/em>, programada para o domingo, 21.<\/p>\n<p>O traficante estava sendo investigado h\u00e1 alguns dias. Ele comercializava as drogas no pr\u00f3prio flat, atendendo a clientes especiais. Al\u00e9m de coca\u00edna e crack, ele tamb\u00e9m fornecia Ketamina (anest\u00e9sico geral utilizado em procedimentos veterin\u00e1rios cir\u00fargicos, utilizada por usu\u00e1rios como droga recreativa devido aos efeitos alucin\u00f3genos que ela causa, proporcionando a sensa\u00e7\u00e3o de &#8220;estar fora do seu corpo&#8221;. Nas buscas tamb\u00e9m foram encontradas quantidades de Ecstasy.<\/p>\n<p>Segundo a pol\u00edcia, o suspeito tinha o costume de se relacionar com &#8220;garotos e garotas de programa&#8221; e que ele &#8220;intermediava a aquisi\u00e7\u00e3o de drogas junto aos seus fornecedores, tendo sido surpreendido dormindo com um garoto de programa quando da a\u00e7\u00e3o policial&#8221;. O criminoso &#8220;tamb\u00e9m tinha o costume de realizar festas sexuais em seu apartamento, tudo regrado a drogas&#8221;.<\/p>\n<p>Em depoimento, o traficante disse ser servidor da OAB\/RJ e que j\u00e1 trabalhou cedido para o Conselho Federal da Ordem dos Advogados do Brasil. Atualmente, conforme o que disse \u00e0 pol\u00edcia, ele est\u00e1 vinculado \u00e0 OAB do Rio de Janeiro.<\/p>\n","protected":false},"excerpt":{"rendered":"<p>Uma equipe da 5\u00aa Delegacia de Pol\u00edcia, no Plano piloto, prendeu em flagrante nesta sexta, 19, um traficante de drogas (em especial coca\u00edna e crack) em um flat no Setor de Hot\u00e9is e Turismo Norte, \u00e0s margens do Lago Parano\u00e1. A opera\u00e7\u00e3o, denominada Z\u00e9 Carioca, \u00e9 uma alus\u00e3o ao suspeito, que diz ser servidor da [&hellip;]<\/p>\n","protected":false},"author":2,"featured_media":320897,"comment_status":"closed","ping_status":"closed","sticky":false,"template":"","format":"standard","meta":{"_acf_changed":false,"footnotes":""},"categories":[161],"tags":[95],"class_list":["post-320896","post","type-post","status-publish","format-standard","has-post-thumbnail","hentry","category-quadradinho-em-foco","tag-capa"],"acf":[],"yoast_head":"<!-- This site is optimized with the Yoast SEO plugin v27.2 - https:\/\/yoast.com\/product\/yoast-seo-wordpress\/ -->\n<title>Festa da Lili fica sem a coca prometida por Z\u00e9 Carioca - Notibras<\/title>\n<meta name=\"robots\" content=\"index, follow, max-snippet:-1, max-image-preview:large, max-video-preview:-1\" \/>\n<link rel=\"canonical\" href=\"https:\/\/www.notibras.com\/site\/festa-da-lili-fica-sem-a-coca-prometida-por-ze-carioca\/\" \/>\n<meta property=\"og:locale\" content=\"pt_BR\" \/>\n<meta property=\"og:type\" content=\"article\" \/>\n<meta property=\"og:title\" content=\"Festa da Lili fica sem a coca prometida por Z\u00e9 Carioca - Notibras\" \/>\n<meta property=\"og:description\" content=\"Uma equipe da 5\u00aa Delegacia de Pol\u00edcia, no Plano piloto, prendeu em flagrante nesta sexta, 19, um traficante de drogas (em especial coca\u00edna e crack) em um flat no Setor de Hot\u00e9is e Turismo Norte, \u00e0s margens do Lago Parano\u00e1. A opera\u00e7\u00e3o, denominada Z\u00e9 Carioca, \u00e9 uma alus\u00e3o ao suspeito, que diz ser servidor da [&hellip;]\" \/>\n<meta property=\"og:url\" content=\"https:\/\/www.notibras.com\/site\/festa-da-lili-fica-sem-a-coca-prometida-por-ze-carioca\/\" \/>\n<meta property=\"og:site_name\" content=\"Notibras\" \/>\n<meta property=\"article:publisher\" content=\"https:\/\/www.facebook.com\/notibras\/\" \/>\n<meta property=\"article:published_time\" content=\"2024-01-19T15:29:03+00:00\" \/>\n<meta property=\"article:modified_time\" content=\"2024-01-20T11:48:01+00:00\" \/>\n<meta property=\"og:image\" content=\"https:\/\/www.notibras.com\/site\/wp-content\/uploads\/2024\/01\/113c2bdd-09ac-489c-b3c9-8af18cb611f6.jpeg\" \/>\n\t<meta property=\"og:image:width\" content=\"1600\" \/>\n\t<meta property=\"og:image:height\" content=\"900\" \/>\n\t<meta property=\"og:image:type\" content=\"image\/jpeg\" \/>\n<meta name=\"author\" content=\"Reda\u00e7\u00e3o\" \/>\n<meta name=\"twitter:card\" content=\"summary_large_image\" \/>\n<meta name=\"twitter:creator\" content=\"@Notibras\" \/>\n<meta name=\"twitter:site\" content=\"@Notibras\" \/>\n<meta name=\"twitter:label1\" content=\"Escrito por\" \/>\n\t<meta name=\"twitter:data1\" content=\"Reda\u00e7\u00e3o\" \/>\n\t<meta name=\"twitter:label2\" content=\"Est. tempo de leitura\" \/>\n\t<meta name=\"twitter:data2\" content=\"2 minutos\" \/>\n<script type=\"application\/ld+json\" class=\"yoast-schema-graph\">{\"@context\":\"https:\/\/schema.org\",\"@graph\":[{\"@type\":\"Article\",\"@id\":\"https:\/\/www.notibras.com\/site\/festa-da-lili-fica-sem-a-coca-prometida-por-ze-carioca\/#article\",\"isPartOf\":{\"@id\":\"https:\/\/www.notibras.com\/site\/festa-da-lili-fica-sem-a-coca-prometida-por-ze-carioca\/\"},\"author\":{\"name\":\"Reda\u00e7\u00e3o\",\"@id\":\"https:\/\/www.notibras.com\/site\/#\/schema\/person\/36ab0979449956132d3e5b517ea76ac8\"},\"headline\":\"Festa da Lili fica sem a coca prometida por Z\u00e9 Carioca\",\"datePublished\":\"2024-01-19T15:29:03+00:00\",\"dateModified\":\"2024-01-20T11:48:01+00:00\",\"mainEntityOfPage\":{\"@id\":\"https:\/\/www.notibras.com\/site\/festa-da-lili-fica-sem-a-coca-prometida-por-ze-carioca\/\"},\"wordCount\":271,\"publisher\":{\"@id\":\"https:\/\/www.notibras.com\/site\/#organization\"},\"image\":{\"@id\":\"https:\/\/www.notibras.com\/site\/festa-da-lili-fica-sem-a-coca-prometida-por-ze-carioca\/#primaryimage\"},\"thumbnailUrl\":\"https:\/\/www.notibras.com\/site\/wp-content\/uploads\/2024\/01\/113c2bdd-09ac-489c-b3c9-8af18cb611f6.jpeg\",\"keywords\":[\"capa\"],\"articleSection\":[\"Quadradinho em Foco\"],\"inLanguage\":\"pt-BR\"},{\"@type\":\"WebPage\",\"@id\":\"https:\/\/www.notibras.com\/site\/festa-da-lili-fica-sem-a-coca-prometida-por-ze-carioca\/\",\"url\":\"https:\/\/www.notibras.com\/site\/festa-da-lili-fica-sem-a-coca-prometida-por-ze-carioca\/\",\"name\":\"Festa da Lili fica sem a coca prometida por Z\u00e9 Carioca - Notibras\",\"isPartOf\":{\"@id\":\"https:\/\/www.notibras.com\/site\/#website\"},\"primaryImageOfPage\":{\"@id\":\"https:\/\/www.notibras.com\/site\/festa-da-lili-fica-sem-a-coca-prometida-por-ze-carioca\/#primaryimage\"},\"image\":{\"@id\":\"https:\/\/www.notibras.com\/site\/festa-da-lili-fica-sem-a-coca-prometida-por-ze-carioca\/#primaryimage\"},\"thumbnailUrl\":\"https:\/\/www.notibras.com\/site\/wp-content\/uploads\/2024\/01\/113c2bdd-09ac-489c-b3c9-8af18cb611f6.jpeg\",\"datePublished\":\"2024-01-19T15:29:03+00:00\",\"dateModified\":\"2024-01-20T11:48:01+00:00\",\"breadcrumb\":{\"@id\":\"https:\/\/www.notibras.com\/site\/festa-da-lili-fica-sem-a-coca-prometida-por-ze-carioca\/#breadcrumb\"},\"inLanguage\":\"pt-BR\",\"potentialAction\":[{\"@type\":\"ReadAction\",\"target\":[\"https:\/\/www.notibras.com\/site\/festa-da-lili-fica-sem-a-coca-prometida-por-ze-carioca\/\"]}]},{\"@type\":\"ImageObject\",\"inLanguage\":\"pt-BR\",\"@id\":\"https:\/\/www.notibras.com\/site\/festa-da-lili-fica-sem-a-coca-prometida-por-ze-carioca\/#primaryimage\",\"url\":\"https:\/\/www.notibras.com\/site\/wp-content\/uploads\/2024\/01\/113c2bdd-09ac-489c-b3c9-8af18cb611f6.jpeg\",\"contentUrl\":\"https:\/\/www.notibras.com\/site\/wp-content\/uploads\/2024\/01\/113c2bdd-09ac-489c-b3c9-8af18cb611f6.jpeg\",\"width\":1600,\"height\":900},{\"@type\":\"BreadcrumbList\",\"@id\":\"https:\/\/www.notibras.com\/site\/festa-da-lili-fica-sem-a-coca-prometida-por-ze-carioca\/#breadcrumb\",\"itemListElement\":[{\"@type\":\"ListItem\",\"position\":1,\"name\":\"In\u00edcio\",\"item\":\"https:\/\/www.notibras.com\/site\/\"},{\"@type\":\"ListItem\",\"position\":2,\"name\":\"Festa da Lili fica sem a coca prometida por Z\u00e9 Carioca\"}]},{\"@type\":\"WebSite\",\"@id\":\"https:\/\/www.notibras.com\/site\/#website\",\"url\":\"https:\/\/www.notibras.com\/site\/\",\"name\":\"Notibras\",\"description\":\"Not\u00edcias de Bras\u00edlia, do Brasil e do Mundo\",\"publisher\":{\"@id\":\"https:\/\/www.notibras.com\/site\/#organization\"},\"potentialAction\":[{\"@type\":\"SearchAction\",\"target\":{\"@type\":\"EntryPoint\",\"urlTemplate\":\"https:\/\/www.notibras.com\/site\/?s={search_term_string}\"},\"query-input\":{\"@type\":\"PropertyValueSpecification\",\"valueRequired\":true,\"valueName\":\"search_term_string\"}}],\"inLanguage\":\"pt-BR\"},{\"@type\":\"Organization\",\"@id\":\"https:\/\/www.notibras.com\/site\/#organization\",\"name\":\"Grupo Notibras de Comunica\u00e7\u00e3o\",\"url\":\"https:\/\/www.notibras.com\/site\/\",\"logo\":{\"@type\":\"ImageObject\",\"inLanguage\":\"pt-BR\",\"@id\":\"https:\/\/www.notibras.com\/site\/#\/schema\/logo\/image\/\",\"url\":\"https:\/\/www.notibras.com\/site\/wp-content\/uploads\/2023\/01\/notibras23.png\",\"contentUrl\":\"https:\/\/www.notibras.com\/site\/wp-content\/uploads\/2023\/01\/notibras23.png\",\"width\":350,\"height\":87,\"caption\":\"Grupo Notibras de Comunica\u00e7\u00e3o\"},\"image\":{\"@id\":\"https:\/\/www.notibras.com\/site\/#\/schema\/logo\/image\/\"},\"sameAs\":[\"https:\/\/www.facebook.com\/notibras\/\",\"https:\/\/x.com\/Notibras\",\"https:\/\/www.instagram.com\/notibras\/\"]},{\"@type\":\"Person\",\"@id\":\"https:\/\/www.notibras.com\/site\/#\/schema\/person\/36ab0979449956132d3e5b517ea76ac8\",\"name\":\"Reda\u00e7\u00e3o\",\"image\":{\"@type\":\"ImageObject\",\"inLanguage\":\"pt-BR\",\"@id\":\"https:\/\/secure.gravatar.com\/avatar\/e0a867bdedb85fd243eadf09663511f96fc81e0720a4a42581f334ad4303aa6b?s=96&d=mm&r=g\",\"url\":\"https:\/\/secure.gravatar.com\/avatar\/e0a867bdedb85fd243eadf09663511f96fc81e0720a4a42581f334ad4303aa6b?s=96&d=mm&r=g\",\"contentUrl\":\"https:\/\/secure.gravatar.com\/avatar\/e0a867bdedb85fd243eadf09663511f96fc81e0720a4a42581f334ad4303aa6b?s=96&d=mm&r=g\",\"caption\":\"Reda\u00e7\u00e3o\"}}]}<\/script>\n<!-- \/ Yoast SEO plugin. -->","yoast_head_json":{"title":"Festa da Lili fica sem a coca prometida por Z\u00e9 Carioca - Notibras","robots":{"index":"index","follow":"follow","max-snippet":"max-snippet:-1","max-image-preview":"max-image-preview:large","max-video-preview":"max-video-preview:-1"},"canonical":"https:\/\/www.notibras.com\/site\/festa-da-lili-fica-sem-a-coca-prometida-por-ze-carioca\/","og_locale":"pt_BR","og_type":"article","og_title":"Festa da Lili fica sem a coca prometida por Z\u00e9 Carioca - Notibras","og_description":"Uma equipe da 5\u00aa Delegacia de Pol\u00edcia, no Plano piloto, prendeu em flagrante nesta sexta, 19, um traficante de drogas (em especial coca\u00edna e crack) em um flat no Setor de Hot\u00e9is e Turismo Norte, \u00e0s margens do Lago Parano\u00e1. A opera\u00e7\u00e3o, denominada Z\u00e9 Carioca, \u00e9 uma alus\u00e3o ao suspeito, que diz ser servidor da [&hellip;]","og_url":"https:\/\/www.notibras.com\/site\/festa-da-lili-fica-sem-a-coca-prometida-por-ze-carioca\/","og_site_name":"Notibras","article_publisher":"https:\/\/www.facebook.com\/notibras\/","article_published_time":"2024-01-19T15:29:03+00:00","article_modified_time":"2024-01-20T11:48:01+00:00","og_image":[{"width":1600,"height":900,"url":"https:\/\/www.notibras.com\/site\/wp-content\/uploads\/2024\/01\/113c2bdd-09ac-489c-b3c9-8af18cb611f6.jpeg","type":"image\/jpeg"}],"author":"Reda\u00e7\u00e3o","twitter_card":"summary_large_image","twitter_creator":"@Notibras","twitter_site":"@Notibras","twitter_misc":{"Escrito por":"Reda\u00e7\u00e3o","Est. tempo de leitura":"2 minutos"},"schema":{"@context":"https:\/\/schema.org","@graph":[{"@type":"Article","@id":"https:\/\/www.notibras.com\/site\/festa-da-lili-fica-sem-a-coca-prometida-por-ze-carioca\/#article","isPartOf":{"@id":"https:\/\/www.notibras.com\/site\/festa-da-lili-fica-sem-a-coca-prometida-por-ze-carioca\/"},"author":{"name":"Reda\u00e7\u00e3o","@id":"https:\/\/www.notibras.com\/site\/#\/schema\/person\/36ab0979449956132d3e5b517ea76ac8"},"headline":"Festa da Lili fica sem a coca prometida por Z\u00e9 Carioca","datePublished":"2024-01-19T15:29:03+00:00","dateModified":"2024-01-20T11:48:01+00:00","mainEntityOfPage":{"@id":"https:\/\/www.notibras.com\/site\/festa-da-lili-fica-sem-a-coca-prometida-por-ze-carioca\/"},"wordCount":271,"publisher":{"@id":"https:\/\/www.notibras.com\/site\/#organization"},"image":{"@id":"https:\/\/www.notibras.com\/site\/festa-da-lili-fica-sem-a-coca-prometida-por-ze-carioca\/#primaryimage"},"thumbnailUrl":"https:\/\/www.notibras.com\/site\/wp-content\/uploads\/2024\/01\/113c2bdd-09ac-489c-b3c9-8af18cb611f6.jpeg","keywords":["capa"],"articleSection":["Quadradinho em Foco"],"inLanguage":"pt-BR"},{"@type":"WebPage","@id":"https:\/\/www.notibras.com\/site\/festa-da-lili-fica-sem-a-coca-prometida-por-ze-carioca\/","url":"https:\/\/www.notibras.com\/site\/festa-da-lili-fica-sem-a-coca-prometida-por-ze-carioca\/","name":"Festa da Lili fica sem a coca prometida por Z\u00e9 Carioca - Notibras","isPartOf":{"@id":"https:\/\/www.notibras.com\/site\/#website"},"primaryImageOfPage":{"@id":"https:\/\/www.notibras.com\/site\/festa-da-lili-fica-sem-a-coca-prometida-por-ze-carioca\/#primaryimage"},"image":{"@id":"https:\/\/www.notibras.com\/site\/festa-da-lili-fica-sem-a-coca-prometida-por-ze-carioca\/#primaryimage"},"thumbnailUrl":"https:\/\/www.notibras.com\/site\/wp-content\/uploads\/2024\/01\/113c2bdd-09ac-489c-b3c9-8af18cb611f6.jpeg","datePublished":"2024-01-19T15:29:03+00:00","dateModified":"2024-01-20T11:48:01+00:00","breadcrumb":{"@id":"https:\/\/www.notibras.com\/site\/festa-da-lili-fica-sem-a-coca-prometida-por-ze-carioca\/#breadcrumb"},"inLanguage":"pt-BR","potentialAction":[{"@type":"ReadAction","target":["https:\/\/www.notibras.com\/site\/festa-da-lili-fica-sem-a-coca-prometida-por-ze-carioca\/"]}]},{"@type":"ImageObject","inLanguage":"pt-BR","@id":"https:\/\/www.notibras.com\/site\/festa-da-lili-fica-sem-a-coca-prometida-por-ze-carioca\/#primaryimage","url":"https:\/\/www.notibras.com\/site\/wp-content\/uploads\/2024\/01\/113c2bdd-09ac-489c-b3c9-8af18cb611f6.jpeg","contentUrl":"https:\/\/www.notibras.com\/site\/wp-content\/uploads\/2024\/01\/113c2bdd-09ac-489c-b3c9-8af18cb611f6.jpeg","width":1600,"height":900},{"@type":"BreadcrumbList","@id":"https:\/\/www.notibras.com\/site\/festa-da-lili-fica-sem-a-coca-prometida-por-ze-carioca\/#breadcrumb","itemListElement":[{"@type":"ListItem","position":1,"name":"In\u00edcio","item":"https:\/\/www.notibras.com\/site\/"},{"@type":"ListItem","position":2,"name":"Festa da Lili fica sem a coca prometida por Z\u00e9 Carioca"}]},{"@type":"WebSite","@id":"https:\/\/www.notibras.com\/site\/#website","url":"https:\/\/www.notibras.com\/site\/","name":"Notibras","description":"Not\u00edcias de Bras\u00edlia, do Brasil e do Mundo","publisher":{"@id":"https:\/\/www.notibras.com\/site\/#organization"},"potentialAction":[{"@type":"SearchAction","target":{"@type":"EntryPoint","urlTemplate":"https:\/\/www.notibras.com\/site\/?s={search_term_string}"},"query-input":{"@type":"PropertyValueSpecification","valueRequired":true,"valueName":"search_term_string"}}],"inLanguage":"pt-BR"},{"@type":"Organization","@id":"https:\/\/www.notibras.com\/site\/#organization","name":"Grupo Notibras de Comunica\u00e7\u00e3o","url":"https:\/\/www.notibras.com\/site\/","logo":{"@type":"ImageObject","inLanguage":"pt-BR","@id":"https:\/\/www.notibras.com\/site\/#\/schema\/logo\/image\/","url":"https:\/\/www.notibras.com\/site\/wp-content\/uploads\/2023\/01\/notibras23.png","contentUrl":"https:\/\/www.notibras.com\/site\/wp-content\/uploads\/2023\/01\/notibras23.png","width":350,"height":87,"caption":"Grupo Notibras de Comunica\u00e7\u00e3o"},"image":{"@id":"https:\/\/www.notibras.com\/site\/#\/schema\/logo\/image\/"},"sameAs":["https:\/\/www.facebook.com\/notibras\/","https:\/\/x.com\/Notibras","https:\/\/www.instagram.com\/notibras\/"]},{"@type":"Person","@id":"https:\/\/www.notibras.com\/site\/#\/schema\/person\/36ab0979449956132d3e5b517ea76ac8","name":"Reda\u00e7\u00e3o","image":{"@type":"ImageObject","inLanguage":"pt-BR","@id":"https:\/\/secure.gravatar.com\/avatar\/e0a867bdedb85fd243eadf09663511f96fc81e0720a4a42581f334ad4303aa6b?s=96&d=mm&r=g","url":"https:\/\/secure.gravatar.com\/avatar\/e0a867bdedb85fd243eadf09663511f96fc81e0720a4a42581f334ad4303aa6b?s=96&d=mm&r=g","contentUrl":"https:\/\/secure.gravatar.com\/avatar\/e0a867bdedb85fd243eadf09663511f96fc81e0720a4a42581f334ad4303aa6b?s=96&d=mm&r=g","caption":"Reda\u00e7\u00e3o"}}]}},"amp_enabled":true,"_links":{"self":[{"href":"https:\/\/www.notibras.com\/site\/wp-json\/wp\/v2\/posts\/320896","targetHints":{"allow":["GET"]}}],"collection":[{"href":"https:\/\/www.notibras.com\/site\/wp-json\/wp\/v2\/posts"}],"about":[{"href":"https:\/\/www.notibras.com\/site\/wp-json\/wp\/v2\/types\/post"}],"author":[{"embeddable":true,"href":"https:\/\/www.notibras.com\/site\/wp-json\/wp\/v2\/users\/2"}],"replies":[{"embeddable":true,"href":"https:\/\/www.notibras.com\/site\/wp-json\/wp\/v2\/comments?post=320896"}],"version-history":[{"count":4,"href":"https:\/\/www.notibras.com\/site\/wp-json\/wp\/v2\/posts\/320896\/revisions"}],"predecessor-version":[{"id":320907,"href":"https:\/\/www.notibras.com\/site\/wp-json\/wp\/v2\/posts\/320896\/revisions\/320907"}],"wp:featuredmedia":[{"embeddable":true,"href":"https:\/\/www.notibras.com\/site\/wp-json\/wp\/v2\/media\/320897"}],"wp:attachment":[{"href":"https:\/\/www.notibras.com\/site\/wp-json\/wp\/v2\/media?parent=320896"}],"wp:term":[{"taxonomy":"category","embeddable":true,"href":"https:\/\/www.notibras.com\/site\/wp-json\/wp\/v2\/categories?post=320896"},{"taxonomy":"post_tag","embeddable":true,"href":"https:\/\/www.notibras.com\/site\/wp-json\/wp\/v2\/tags?post=320896"}],"curies":[{"name":"wp","href":"https:\/\/api.w.org\/{rel}","templated":true}]}}