{"id":320920,"date":"2024-01-20T12:06:50","date_gmt":"2024-01-20T15:06:50","guid":{"rendered":"https:\/\/www.notibras.com\/site\/?p=320920"},"modified":"2024-01-20T12:06:50","modified_gmt":"2024-01-20T15:06:50","slug":"jaime-filosofo-de-araque-explica-origem-do-samba","status":"publish","type":"post","link":"https:\/\/www.notibras.com\/site\/jaime-filosofo-de-araque-explica-origem-do-samba\/","title":{"rendered":"Jaime, fil\u00f3sofo de araque, explica origem do samba"},"content":{"rendered":"<p>Jaime, quase mudo, mantinha-se calado no trabalho, nas reuni\u00f5es de fam\u00edlia, nas festinhas de fim de ano. Gostava de se manter distante das discuss\u00f5es, pois preferia a paz \u00e0 disc\u00f3rdia. E assim se mantinha livre de agress\u00f5es verbais de algu\u00e9m com ideias divergentes, mas tamb\u00e9m n\u00e3o atra\u00eda olhares apaixonados por poss\u00edveis mentes sin\u00f4nimas.<\/p>\n<p>Aos 60 redondos, apenas duas coisas lhe transformavam num tagarela: bebida e botequim. N\u00e3o um ou outro, mas um e outro. Somente essa combina\u00e7\u00e3o era capaz de tal fa\u00e7anha. Tanto assim, que Jaime arriscava teses filos\u00f3ficas, algumas t\u00e3o estapaf\u00fardias, que fariam at\u00e9 mesmo um energ\u00fameno ficar com um p\u00e9 atr\u00e1s. S\u00f3 n\u00e3o ficaria com os dois porque, desse jeito, tombaria para frente e daria com a fu\u00e7a no ch\u00e3o.<\/p>\n<p>Uma das teses mais sem-no\u00e7\u00e3o foi a que Jaime tentou explicar naquele final de tarde no Boteco Benfica, famoso bar ali em Copacabana. Com um copo de chope na m\u00e3o esquerda, Jaime ergueu a direita e afirmou com todas as letras: &#8220;O samba foi criado por um ga\u00facho que se chamava Castro!&#8221; Todos os pingu\u00e7os presentes encararam o Jaime, que j\u00e1 estava pra l\u00e1 de calibrado.<\/p>\n<p>O fil\u00f3sofo de botequim pediu a aten\u00e7\u00e3o de todos, pois iria explicar. Entretanto, o que disse logo em seguida pareceu mais uma baboseira, como tantas outras que j\u00e1 haviam sa\u00eddo daquela boca. Deu um longo gole no chope, limpou o bigode com a l\u00edngua, pousou a ta\u00e7a sobre o balc\u00e3o.<\/p>\n<p>&#8211; Pois bem, meus amigos! O Castro, l\u00e1 no final do s\u00e9culo XIX, estava batucando numa mesa, quando seus amigos, admirados, se aproximaram. Ali tamb\u00e9m se encontrava o Samuel, que todos conheciam por Sam. Curioso, ele perguntou para o Castro que m\u00fasica era aquela. O Castro, como todo ga\u00facho que se presa, respondeu: &#8220;Sam, bah! Sonhei com isso e gostei&#8221;.<\/p>\n<p>Diante de tamanha asneira, o Boteco Benfica esvaziou quase que instantaneamente. Outra consequ\u00eancia dessa teoria estapaf\u00fardia foi o cart\u00e3o vermelho que o Jaime tomou imediatamente. Dizem que o gancho durou o ver\u00e3o inteiro.<\/p>\n","protected":false},"excerpt":{"rendered":"<p>Jaime, quase mudo, mantinha-se calado no trabalho, nas reuni\u00f5es de fam\u00edlia, nas festinhas de fim de ano. Gostava de se manter distante das discuss\u00f5es, pois preferia a paz \u00e0 disc\u00f3rdia. E assim se mantinha livre de agress\u00f5es verbais de algu\u00e9m com ideias divergentes, mas tamb\u00e9m n\u00e3o atra\u00eda olhares apaixonados por poss\u00edveis mentes sin\u00f4nimas. Aos 60 [&hellip;]<\/p>\n","protected":false},"author":2,"featured_media":198297,"comment_status":"closed","ping_status":"closed","sticky":false,"template":"","format":"standard","meta":{"_acf_changed":false,"footnotes":""},"categories":[161],"tags":[],"class_list":["post-320920","post","type-post","status-publish","format-standard","has-post-thumbnail","hentry","category-quadradinho-em-foco"],"acf":[],"yoast_head":"<!-- This site is optimized with the Yoast SEO plugin v27.2 - https:\/\/yoast.com\/product\/yoast-seo-wordpress\/ -->\n<title>Jaime, fil\u00f3sofo de araque, explica origem do samba - Notibras<\/title>\n<meta name=\"robots\" content=\"index, follow, max-snippet:-1, max-image-preview:large, max-video-preview:-1\" \/>\n<link rel=\"canonical\" href=\"https:\/\/www.notibras.com\/site\/jaime-filosofo-de-araque-explica-origem-do-samba\/\" \/>\n<meta property=\"og:locale\" content=\"pt_BR\" \/>\n<meta property=\"og:type\" content=\"article\" \/>\n<meta property=\"og:title\" content=\"Jaime, fil\u00f3sofo de araque, explica origem do samba - Notibras\" \/>\n<meta property=\"og:description\" content=\"Jaime, quase mudo, mantinha-se calado no trabalho, nas reuni\u00f5es de fam\u00edlia, nas festinhas de fim de ano. Gostava de se manter distante das discuss\u00f5es, pois preferia a paz \u00e0 disc\u00f3rdia. E assim se mantinha livre de agress\u00f5es verbais de algu\u00e9m com ideias divergentes, mas tamb\u00e9m n\u00e3o atra\u00eda olhares apaixonados por poss\u00edveis mentes sin\u00f4nimas. Aos 60 [&hellip;]\" \/>\n<meta property=\"og:url\" content=\"https:\/\/www.notibras.com\/site\/jaime-filosofo-de-araque-explica-origem-do-samba\/\" \/>\n<meta property=\"og:site_name\" content=\"Notibras\" \/>\n<meta property=\"article:publisher\" content=\"https:\/\/www.facebook.com\/notibras\/\" \/>\n<meta property=\"article:published_time\" content=\"2024-01-20T15:06:50+00:00\" \/>\n<meta property=\"og:image\" content=\"https:\/\/www.notibras.com\/site\/wp-content\/uploads\/2018\/12\/bebida-cuidado.jpg\" \/>\n\t<meta property=\"og:image:width\" content=\"1140\" \/>\n\t<meta property=\"og:image:height\" content=\"760\" \/>\n\t<meta property=\"og:image:type\" content=\"image\/jpeg\" \/>\n<meta name=\"author\" content=\"Reda\u00e7\u00e3o\" \/>\n<meta name=\"twitter:card\" content=\"summary_large_image\" \/>\n<meta name=\"twitter:creator\" content=\"@Notibras\" \/>\n<meta name=\"twitter:site\" content=\"@Notibras\" \/>\n<meta name=\"twitter:label1\" content=\"Escrito por\" \/>\n\t<meta name=\"twitter:data1\" content=\"Reda\u00e7\u00e3o\" \/>\n\t<meta name=\"twitter:label2\" content=\"Est. tempo de leitura\" \/>\n\t<meta name=\"twitter:data2\" content=\"2 minutos\" \/>\n<script type=\"application\/ld+json\" class=\"yoast-schema-graph\">{\"@context\":\"https:\/\/schema.org\",\"@graph\":[{\"@type\":\"Article\",\"@id\":\"https:\/\/www.notibras.com\/site\/jaime-filosofo-de-araque-explica-origem-do-samba\/#article\",\"isPartOf\":{\"@id\":\"https:\/\/www.notibras.com\/site\/jaime-filosofo-de-araque-explica-origem-do-samba\/\"},\"author\":{\"name\":\"Reda\u00e7\u00e3o\",\"@id\":\"https:\/\/www.notibras.com\/site\/#\/schema\/person\/36ab0979449956132d3e5b517ea76ac8\"},\"headline\":\"Jaime, fil\u00f3sofo de araque, explica origem do samba\",\"datePublished\":\"2024-01-20T15:06:50+00:00\",\"mainEntityOfPage\":{\"@id\":\"https:\/\/www.notibras.com\/site\/jaime-filosofo-de-araque-explica-origem-do-samba\/\"},\"wordCount\":378,\"publisher\":{\"@id\":\"https:\/\/www.notibras.com\/site\/#organization\"},\"image\":{\"@id\":\"https:\/\/www.notibras.com\/site\/jaime-filosofo-de-araque-explica-origem-do-samba\/#primaryimage\"},\"thumbnailUrl\":\"https:\/\/www.notibras.com\/site\/wp-content\/uploads\/2018\/12\/bebida-cuidado.jpg\",\"articleSection\":[\"Quadradinho em Foco\"],\"inLanguage\":\"pt-BR\"},{\"@type\":\"WebPage\",\"@id\":\"https:\/\/www.notibras.com\/site\/jaime-filosofo-de-araque-explica-origem-do-samba\/\",\"url\":\"https:\/\/www.notibras.com\/site\/jaime-filosofo-de-araque-explica-origem-do-samba\/\",\"name\":\"Jaime, fil\u00f3sofo de araque, explica origem do samba - Notibras\",\"isPartOf\":{\"@id\":\"https:\/\/www.notibras.com\/site\/#website\"},\"primaryImageOfPage\":{\"@id\":\"https:\/\/www.notibras.com\/site\/jaime-filosofo-de-araque-explica-origem-do-samba\/#primaryimage\"},\"image\":{\"@id\":\"https:\/\/www.notibras.com\/site\/jaime-filosofo-de-araque-explica-origem-do-samba\/#primaryimage\"},\"thumbnailUrl\":\"https:\/\/www.notibras.com\/site\/wp-content\/uploads\/2018\/12\/bebida-cuidado.jpg\",\"datePublished\":\"2024-01-20T15:06:50+00:00\",\"breadcrumb\":{\"@id\":\"https:\/\/www.notibras.com\/site\/jaime-filosofo-de-araque-explica-origem-do-samba\/#breadcrumb\"},\"inLanguage\":\"pt-BR\",\"potentialAction\":[{\"@type\":\"ReadAction\",\"target\":[\"https:\/\/www.notibras.com\/site\/jaime-filosofo-de-araque-explica-origem-do-samba\/\"]}]},{\"@type\":\"ImageObject\",\"inLanguage\":\"pt-BR\",\"@id\":\"https:\/\/www.notibras.com\/site\/jaime-filosofo-de-araque-explica-origem-do-samba\/#primaryimage\",\"url\":\"https:\/\/www.notibras.com\/site\/wp-content\/uploads\/2018\/12\/bebida-cuidado.jpg\",\"contentUrl\":\"https:\/\/www.notibras.com\/site\/wp-content\/uploads\/2018\/12\/bebida-cuidado.jpg\",\"width\":1140,\"height\":760},{\"@type\":\"BreadcrumbList\",\"@id\":\"https:\/\/www.notibras.com\/site\/jaime-filosofo-de-araque-explica-origem-do-samba\/#breadcrumb\",\"itemListElement\":[{\"@type\":\"ListItem\",\"position\":1,\"name\":\"In\u00edcio\",\"item\":\"https:\/\/www.notibras.com\/site\/\"},{\"@type\":\"ListItem\",\"position\":2,\"name\":\"Jaime, fil\u00f3sofo de araque, explica origem do samba\"}]},{\"@type\":\"WebSite\",\"@id\":\"https:\/\/www.notibras.com\/site\/#website\",\"url\":\"https:\/\/www.notibras.com\/site\/\",\"name\":\"Notibras\",\"description\":\"Not\u00edcias de Bras\u00edlia, do Brasil e do Mundo\",\"publisher\":{\"@id\":\"https:\/\/www.notibras.com\/site\/#organization\"},\"potentialAction\":[{\"@type\":\"SearchAction\",\"target\":{\"@type\":\"EntryPoint\",\"urlTemplate\":\"https:\/\/www.notibras.com\/site\/?s={search_term_string}\"},\"query-input\":{\"@type\":\"PropertyValueSpecification\",\"valueRequired\":true,\"valueName\":\"search_term_string\"}}],\"inLanguage\":\"pt-BR\"},{\"@type\":\"Organization\",\"@id\":\"https:\/\/www.notibras.com\/site\/#organization\",\"name\":\"Grupo Notibras de Comunica\u00e7\u00e3o\",\"url\":\"https:\/\/www.notibras.com\/site\/\",\"logo\":{\"@type\":\"ImageObject\",\"inLanguage\":\"pt-BR\",\"@id\":\"https:\/\/www.notibras.com\/site\/#\/schema\/logo\/image\/\",\"url\":\"https:\/\/www.notibras.com\/site\/wp-content\/uploads\/2023\/01\/notibras23.png\",\"contentUrl\":\"https:\/\/www.notibras.com\/site\/wp-content\/uploads\/2023\/01\/notibras23.png\",\"width\":350,\"height\":87,\"caption\":\"Grupo Notibras de Comunica\u00e7\u00e3o\"},\"image\":{\"@id\":\"https:\/\/www.notibras.com\/site\/#\/schema\/logo\/image\/\"},\"sameAs\":[\"https:\/\/www.facebook.com\/notibras\/\",\"https:\/\/x.com\/Notibras\",\"https:\/\/www.instagram.com\/notibras\/\"]},{\"@type\":\"Person\",\"@id\":\"https:\/\/www.notibras.com\/site\/#\/schema\/person\/36ab0979449956132d3e5b517ea76ac8\",\"name\":\"Reda\u00e7\u00e3o\",\"image\":{\"@type\":\"ImageObject\",\"inLanguage\":\"pt-BR\",\"@id\":\"https:\/\/secure.gravatar.com\/avatar\/e0a867bdedb85fd243eadf09663511f96fc81e0720a4a42581f334ad4303aa6b?s=96&d=mm&r=g\",\"url\":\"https:\/\/secure.gravatar.com\/avatar\/e0a867bdedb85fd243eadf09663511f96fc81e0720a4a42581f334ad4303aa6b?s=96&d=mm&r=g\",\"contentUrl\":\"https:\/\/secure.gravatar.com\/avatar\/e0a867bdedb85fd243eadf09663511f96fc81e0720a4a42581f334ad4303aa6b?s=96&d=mm&r=g\",\"caption\":\"Reda\u00e7\u00e3o\"}}]}<\/script>\n<!-- \/ Yoast SEO plugin. -->","yoast_head_json":{"title":"Jaime, fil\u00f3sofo de araque, explica origem do samba - Notibras","robots":{"index":"index","follow":"follow","max-snippet":"max-snippet:-1","max-image-preview":"max-image-preview:large","max-video-preview":"max-video-preview:-1"},"canonical":"https:\/\/www.notibras.com\/site\/jaime-filosofo-de-araque-explica-origem-do-samba\/","og_locale":"pt_BR","og_type":"article","og_title":"Jaime, fil\u00f3sofo de araque, explica origem do samba - Notibras","og_description":"Jaime, quase mudo, mantinha-se calado no trabalho, nas reuni\u00f5es de fam\u00edlia, nas festinhas de fim de ano. Gostava de se manter distante das discuss\u00f5es, pois preferia a paz \u00e0 disc\u00f3rdia. E assim se mantinha livre de agress\u00f5es verbais de algu\u00e9m com ideias divergentes, mas tamb\u00e9m n\u00e3o atra\u00eda olhares apaixonados por poss\u00edveis mentes sin\u00f4nimas. Aos 60 [&hellip;]","og_url":"https:\/\/www.notibras.com\/site\/jaime-filosofo-de-araque-explica-origem-do-samba\/","og_site_name":"Notibras","article_publisher":"https:\/\/www.facebook.com\/notibras\/","article_published_time":"2024-01-20T15:06:50+00:00","og_image":[{"width":1140,"height":760,"url":"https:\/\/www.notibras.com\/site\/wp-content\/uploads\/2018\/12\/bebida-cuidado.jpg","type":"image\/jpeg"}],"author":"Reda\u00e7\u00e3o","twitter_card":"summary_large_image","twitter_creator":"@Notibras","twitter_site":"@Notibras","twitter_misc":{"Escrito por":"Reda\u00e7\u00e3o","Est. tempo de leitura":"2 minutos"},"schema":{"@context":"https:\/\/schema.org","@graph":[{"@type":"Article","@id":"https:\/\/www.notibras.com\/site\/jaime-filosofo-de-araque-explica-origem-do-samba\/#article","isPartOf":{"@id":"https:\/\/www.notibras.com\/site\/jaime-filosofo-de-araque-explica-origem-do-samba\/"},"author":{"name":"Reda\u00e7\u00e3o","@id":"https:\/\/www.notibras.com\/site\/#\/schema\/person\/36ab0979449956132d3e5b517ea76ac8"},"headline":"Jaime, fil\u00f3sofo de araque, explica origem do samba","datePublished":"2024-01-20T15:06:50+00:00","mainEntityOfPage":{"@id":"https:\/\/www.notibras.com\/site\/jaime-filosofo-de-araque-explica-origem-do-samba\/"},"wordCount":378,"publisher":{"@id":"https:\/\/www.notibras.com\/site\/#organization"},"image":{"@id":"https:\/\/www.notibras.com\/site\/jaime-filosofo-de-araque-explica-origem-do-samba\/#primaryimage"},"thumbnailUrl":"https:\/\/www.notibras.com\/site\/wp-content\/uploads\/2018\/12\/bebida-cuidado.jpg","articleSection":["Quadradinho em Foco"],"inLanguage":"pt-BR"},{"@type":"WebPage","@id":"https:\/\/www.notibras.com\/site\/jaime-filosofo-de-araque-explica-origem-do-samba\/","url":"https:\/\/www.notibras.com\/site\/jaime-filosofo-de-araque-explica-origem-do-samba\/","name":"Jaime, fil\u00f3sofo de araque, explica origem do samba - Notibras","isPartOf":{"@id":"https:\/\/www.notibras.com\/site\/#website"},"primaryImageOfPage":{"@id":"https:\/\/www.notibras.com\/site\/jaime-filosofo-de-araque-explica-origem-do-samba\/#primaryimage"},"image":{"@id":"https:\/\/www.notibras.com\/site\/jaime-filosofo-de-araque-explica-origem-do-samba\/#primaryimage"},"thumbnailUrl":"https:\/\/www.notibras.com\/site\/wp-content\/uploads\/2018\/12\/bebida-cuidado.jpg","datePublished":"2024-01-20T15:06:50+00:00","breadcrumb":{"@id":"https:\/\/www.notibras.com\/site\/jaime-filosofo-de-araque-explica-origem-do-samba\/#breadcrumb"},"inLanguage":"pt-BR","potentialAction":[{"@type":"ReadAction","target":["https:\/\/www.notibras.com\/site\/jaime-filosofo-de-araque-explica-origem-do-samba\/"]}]},{"@type":"ImageObject","inLanguage":"pt-BR","@id":"https:\/\/www.notibras.com\/site\/jaime-filosofo-de-araque-explica-origem-do-samba\/#primaryimage","url":"https:\/\/www.notibras.com\/site\/wp-content\/uploads\/2018\/12\/bebida-cuidado.jpg","contentUrl":"https:\/\/www.notibras.com\/site\/wp-content\/uploads\/2018\/12\/bebida-cuidado.jpg","width":1140,"height":760},{"@type":"BreadcrumbList","@id":"https:\/\/www.notibras.com\/site\/jaime-filosofo-de-araque-explica-origem-do-samba\/#breadcrumb","itemListElement":[{"@type":"ListItem","position":1,"name":"In\u00edcio","item":"https:\/\/www.notibras.com\/site\/"},{"@type":"ListItem","position":2,"name":"Jaime, fil\u00f3sofo de araque, explica origem do samba"}]},{"@type":"WebSite","@id":"https:\/\/www.notibras.com\/site\/#website","url":"https:\/\/www.notibras.com\/site\/","name":"Notibras","description":"Not\u00edcias de Bras\u00edlia, do Brasil e do Mundo","publisher":{"@id":"https:\/\/www.notibras.com\/site\/#organization"},"potentialAction":[{"@type":"SearchAction","target":{"@type":"EntryPoint","urlTemplate":"https:\/\/www.notibras.com\/site\/?s={search_term_string}"},"query-input":{"@type":"PropertyValueSpecification","valueRequired":true,"valueName":"search_term_string"}}],"inLanguage":"pt-BR"},{"@type":"Organization","@id":"https:\/\/www.notibras.com\/site\/#organization","name":"Grupo Notibras de Comunica\u00e7\u00e3o","url":"https:\/\/www.notibras.com\/site\/","logo":{"@type":"ImageObject","inLanguage":"pt-BR","@id":"https:\/\/www.notibras.com\/site\/#\/schema\/logo\/image\/","url":"https:\/\/www.notibras.com\/site\/wp-content\/uploads\/2023\/01\/notibras23.png","contentUrl":"https:\/\/www.notibras.com\/site\/wp-content\/uploads\/2023\/01\/notibras23.png","width":350,"height":87,"caption":"Grupo Notibras de Comunica\u00e7\u00e3o"},"image":{"@id":"https:\/\/www.notibras.com\/site\/#\/schema\/logo\/image\/"},"sameAs":["https:\/\/www.facebook.com\/notibras\/","https:\/\/x.com\/Notibras","https:\/\/www.instagram.com\/notibras\/"]},{"@type":"Person","@id":"https:\/\/www.notibras.com\/site\/#\/schema\/person\/36ab0979449956132d3e5b517ea76ac8","name":"Reda\u00e7\u00e3o","image":{"@type":"ImageObject","inLanguage":"pt-BR","@id":"https:\/\/secure.gravatar.com\/avatar\/e0a867bdedb85fd243eadf09663511f96fc81e0720a4a42581f334ad4303aa6b?s=96&d=mm&r=g","url":"https:\/\/secure.gravatar.com\/avatar\/e0a867bdedb85fd243eadf09663511f96fc81e0720a4a42581f334ad4303aa6b?s=96&d=mm&r=g","contentUrl":"https:\/\/secure.gravatar.com\/avatar\/e0a867bdedb85fd243eadf09663511f96fc81e0720a4a42581f334ad4303aa6b?s=96&d=mm&r=g","caption":"Reda\u00e7\u00e3o"}}]}},"amp_enabled":true,"_links":{"self":[{"href":"https:\/\/www.notibras.com\/site\/wp-json\/wp\/v2\/posts\/320920","targetHints":{"allow":["GET"]}}],"collection":[{"href":"https:\/\/www.notibras.com\/site\/wp-json\/wp\/v2\/posts"}],"about":[{"href":"https:\/\/www.notibras.com\/site\/wp-json\/wp\/v2\/types\/post"}],"author":[{"embeddable":true,"href":"https:\/\/www.notibras.com\/site\/wp-json\/wp\/v2\/users\/2"}],"replies":[{"embeddable":true,"href":"https:\/\/www.notibras.com\/site\/wp-json\/wp\/v2\/comments?post=320920"}],"version-history":[{"count":1,"href":"https:\/\/www.notibras.com\/site\/wp-json\/wp\/v2\/posts\/320920\/revisions"}],"predecessor-version":[{"id":320921,"href":"https:\/\/www.notibras.com\/site\/wp-json\/wp\/v2\/posts\/320920\/revisions\/320921"}],"wp:featuredmedia":[{"embeddable":true,"href":"https:\/\/www.notibras.com\/site\/wp-json\/wp\/v2\/media\/198297"}],"wp:attachment":[{"href":"https:\/\/www.notibras.com\/site\/wp-json\/wp\/v2\/media?parent=320920"}],"wp:term":[{"taxonomy":"category","embeddable":true,"href":"https:\/\/www.notibras.com\/site\/wp-json\/wp\/v2\/categories?post=320920"},{"taxonomy":"post_tag","embeddable":true,"href":"https:\/\/www.notibras.com\/site\/wp-json\/wp\/v2\/tags?post=320920"}],"curies":[{"name":"wp","href":"https:\/\/api.w.org\/{rel}","templated":true}]}}