{"id":320939,"date":"2024-01-21T10:17:23","date_gmt":"2024-01-21T13:17:23","guid":{"rendered":"https:\/\/www.notibras.com\/site\/?p=320939"},"modified":"2024-01-21T10:18:10","modified_gmt":"2024-01-21T13:18:10","slug":"parido-quase-aos-12-segundo-tinha-sina-de-burro","status":"publish","type":"post","link":"https:\/\/www.notibras.com\/site\/parido-quase-aos-12-segundo-tinha-sina-de-burro\/","title":{"rendered":"Parido quase aos 12, Segundo tinha sina de burro"},"content":{"rendered":"<p>Dalva e Jos\u00e9 nasceram na ro\u00e7a, cresceram na ro\u00e7a, trabalhavam na ro\u00e7a, viviam na ro\u00e7a desde sempre. Os dois se conheceram ainda meninos e, assim que chegou a \u00e9poca apropriada, casaram-se como de costume se fazia na regi\u00e3o. Logo chegou o primeiro filho, Delv\u00e9quio, nome mais que apropriado para o primog\u00eanito.<\/p>\n<p>Enquanto o moleque crescia, o casal continuava quase na mesma rotina, agora acrescida com os cuidados com o filho. N\u00e3o tardou, Delv\u00e9quio, aos dois anos, j\u00e1 ensaiava seu futuro brincando na terra. Mal sabia ele que seu destino estava encaminhado, assim como o do seu irm\u00e3o, que j\u00e1 provocava enjoos terr\u00edveis em sua m\u00e3e. A mulher vomitava sem parar, obrigando o marido a trabalhar em dobro.<\/p>\n<p>Do curral pro chiqueiro, da\u00ed pro milharal, de onde apressava o passo pro galinheiro, a despeito das galinhas que ciscavam pelo terreiro bem em frente \u00e0 maltratada casa de sap\u00ea. Dalva tentava, a todo custo, ajudar o esposo, mas a barriga, cada vez maior, restringia seus movimentos. Agachar, ent\u00e3o, era aquele tormento para, depois, se levantar. A mulher necessitava de apoio ou, ent\u00e3o, de um belo impulso com as m\u00e3os empurrando o ch\u00e3o. Tudo do\u00eda, n\u00e3o tinha junta que escapava daquele mart\u00edrio.<\/p>\n<p>As parcas visitas indagavam-lhe sobre o tempo de parir. A buchuda, apesar da falta de estudo, era boa de conta. Sabia que as regras n\u00e3o lhe faziam sala h\u00e1 mais de nove meses, perigando chegar aos dez. Isso foi o motivo daquela conversa que Dalva teve com Jos\u00e9 numa noite quente de quase dezembro.<\/p>\n<p>T\u00f4 preocupada.<\/p>\n<p>&#8211; Cum qu\u00ea, mui\u00e9?<\/p>\n<p>&#8211; Cum o nosso fio.<\/p>\n<p>&#8211; O que tem o moleque?<\/p>\n<p>&#8211; Ele n\u00e3o qu\u00e9 nasc\u00ea. J\u00e1 t\u00f4 no d\u00e9cimo m\u00eas e nada do pirralho quer\u00ea nasc\u00ea.<\/p>\n<p>&#8211; Ele \u00e9 que \u00e9 sabido. J\u00e1 deve sab\u00ea da vida dura que vai lev\u00e1.<\/p>\n<p>&#8211; Pode s\u00ea. Mas se fic\u00e1 doze m\u00eas na barriga vai vir\u00e1 burro.<\/p>\n","protected":false},"excerpt":{"rendered":"<p>Dalva e Jos\u00e9 nasceram na ro\u00e7a, cresceram na ro\u00e7a, trabalhavam na ro\u00e7a, viviam na ro\u00e7a desde sempre. Os dois se conheceram ainda meninos e, assim que chegou a \u00e9poca apropriada, casaram-se como de costume se fazia na regi\u00e3o. Logo chegou o primeiro filho, Delv\u00e9quio, nome mais que apropriado para o primog\u00eanito. Enquanto o moleque crescia, [&hellip;]<\/p>\n","protected":false},"author":2,"featured_media":320941,"comment_status":"closed","ping_status":"closed","sticky":false,"template":"","format":"standard","meta":{"_acf_changed":false,"footnotes":""},"categories":[161],"tags":[],"class_list":["post-320939","post","type-post","status-publish","format-standard","has-post-thumbnail","hentry","category-quadradinho-em-foco"],"acf":[],"yoast_head":"<!-- This site is optimized with the Yoast SEO plugin v27.2 - https:\/\/yoast.com\/product\/yoast-seo-wordpress\/ -->\n<title>Parido quase aos 12, Segundo tinha sina de burro - Notibras<\/title>\n<meta name=\"robots\" content=\"index, follow, max-snippet:-1, max-image-preview:large, max-video-preview:-1\" \/>\n<link rel=\"canonical\" href=\"https:\/\/www.notibras.com\/site\/parido-quase-aos-12-segundo-tinha-sina-de-burro\/\" \/>\n<meta property=\"og:locale\" content=\"pt_BR\" \/>\n<meta property=\"og:type\" content=\"article\" \/>\n<meta property=\"og:title\" content=\"Parido quase aos 12, Segundo tinha sina de burro - Notibras\" \/>\n<meta property=\"og:description\" content=\"Dalva e Jos\u00e9 nasceram na ro\u00e7a, cresceram na ro\u00e7a, trabalhavam na ro\u00e7a, viviam na ro\u00e7a desde sempre. Os dois se conheceram ainda meninos e, assim que chegou a \u00e9poca apropriada, casaram-se como de costume se fazia na regi\u00e3o. Logo chegou o primeiro filho, Delv\u00e9quio, nome mais que apropriado para o primog\u00eanito. Enquanto o moleque crescia, [&hellip;]\" \/>\n<meta property=\"og:url\" content=\"https:\/\/www.notibras.com\/site\/parido-quase-aos-12-segundo-tinha-sina-de-burro\/\" \/>\n<meta property=\"og:site_name\" content=\"Notibras\" \/>\n<meta property=\"article:publisher\" content=\"https:\/\/www.facebook.com\/notibras\/\" \/>\n<meta property=\"article:published_time\" content=\"2024-01-21T13:17:23+00:00\" \/>\n<meta property=\"article:modified_time\" content=\"2024-01-21T13:18:10+00:00\" \/>\n<meta property=\"og:image\" content=\"https:\/\/www.notibras.com\/site\/wp-content\/uploads\/2024\/01\/DSC_1569.jpg\" \/>\n\t<meta property=\"og:image:width\" content=\"1600\" \/>\n\t<meta property=\"og:image:height\" content=\"1060\" \/>\n\t<meta property=\"og:image:type\" content=\"image\/jpeg\" \/>\n<meta name=\"author\" content=\"Reda\u00e7\u00e3o\" \/>\n<meta name=\"twitter:card\" content=\"summary_large_image\" \/>\n<meta name=\"twitter:creator\" content=\"@Notibras\" \/>\n<meta name=\"twitter:site\" content=\"@Notibras\" \/>\n<meta name=\"twitter:label1\" content=\"Escrito por\" \/>\n\t<meta name=\"twitter:data1\" content=\"Reda\u00e7\u00e3o\" \/>\n\t<meta name=\"twitter:label2\" content=\"Est. tempo de leitura\" \/>\n\t<meta name=\"twitter:data2\" content=\"2 minutos\" \/>\n<script type=\"application\/ld+json\" class=\"yoast-schema-graph\">{\"@context\":\"https:\/\/schema.org\",\"@graph\":[{\"@type\":\"Article\",\"@id\":\"https:\/\/www.notibras.com\/site\/parido-quase-aos-12-segundo-tinha-sina-de-burro\/#article\",\"isPartOf\":{\"@id\":\"https:\/\/www.notibras.com\/site\/parido-quase-aos-12-segundo-tinha-sina-de-burro\/\"},\"author\":{\"name\":\"Reda\u00e7\u00e3o\",\"@id\":\"https:\/\/www.notibras.com\/site\/#\/schema\/person\/36ab0979449956132d3e5b517ea76ac8\"},\"headline\":\"Parido quase aos 12, Segundo tinha sina de burro\",\"datePublished\":\"2024-01-21T13:17:23+00:00\",\"dateModified\":\"2024-01-21T13:18:10+00:00\",\"mainEntityOfPage\":{\"@id\":\"https:\/\/www.notibras.com\/site\/parido-quase-aos-12-segundo-tinha-sina-de-burro\/\"},\"wordCount\":343,\"publisher\":{\"@id\":\"https:\/\/www.notibras.com\/site\/#organization\"},\"image\":{\"@id\":\"https:\/\/www.notibras.com\/site\/parido-quase-aos-12-segundo-tinha-sina-de-burro\/#primaryimage\"},\"thumbnailUrl\":\"https:\/\/www.notibras.com\/site\/wp-content\/uploads\/2024\/01\/DSC_1569.jpg\",\"articleSection\":[\"Quadradinho em Foco\"],\"inLanguage\":\"pt-BR\"},{\"@type\":\"WebPage\",\"@id\":\"https:\/\/www.notibras.com\/site\/parido-quase-aos-12-segundo-tinha-sina-de-burro\/\",\"url\":\"https:\/\/www.notibras.com\/site\/parido-quase-aos-12-segundo-tinha-sina-de-burro\/\",\"name\":\"Parido quase aos 12, Segundo tinha sina de burro - Notibras\",\"isPartOf\":{\"@id\":\"https:\/\/www.notibras.com\/site\/#website\"},\"primaryImageOfPage\":{\"@id\":\"https:\/\/www.notibras.com\/site\/parido-quase-aos-12-segundo-tinha-sina-de-burro\/#primaryimage\"},\"image\":{\"@id\":\"https:\/\/www.notibras.com\/site\/parido-quase-aos-12-segundo-tinha-sina-de-burro\/#primaryimage\"},\"thumbnailUrl\":\"https:\/\/www.notibras.com\/site\/wp-content\/uploads\/2024\/01\/DSC_1569.jpg\",\"datePublished\":\"2024-01-21T13:17:23+00:00\",\"dateModified\":\"2024-01-21T13:18:10+00:00\",\"breadcrumb\":{\"@id\":\"https:\/\/www.notibras.com\/site\/parido-quase-aos-12-segundo-tinha-sina-de-burro\/#breadcrumb\"},\"inLanguage\":\"pt-BR\",\"potentialAction\":[{\"@type\":\"ReadAction\",\"target\":[\"https:\/\/www.notibras.com\/site\/parido-quase-aos-12-segundo-tinha-sina-de-burro\/\"]}]},{\"@type\":\"ImageObject\",\"inLanguage\":\"pt-BR\",\"@id\":\"https:\/\/www.notibras.com\/site\/parido-quase-aos-12-segundo-tinha-sina-de-burro\/#primaryimage\",\"url\":\"https:\/\/www.notibras.com\/site\/wp-content\/uploads\/2024\/01\/DSC_1569.jpg\",\"contentUrl\":\"https:\/\/www.notibras.com\/site\/wp-content\/uploads\/2024\/01\/DSC_1569.jpg\",\"width\":1600,\"height\":1060},{\"@type\":\"BreadcrumbList\",\"@id\":\"https:\/\/www.notibras.com\/site\/parido-quase-aos-12-segundo-tinha-sina-de-burro\/#breadcrumb\",\"itemListElement\":[{\"@type\":\"ListItem\",\"position\":1,\"name\":\"In\u00edcio\",\"item\":\"https:\/\/www.notibras.com\/site\/\"},{\"@type\":\"ListItem\",\"position\":2,\"name\":\"Parido quase aos 12, Segundo tinha sina de burro\"}]},{\"@type\":\"WebSite\",\"@id\":\"https:\/\/www.notibras.com\/site\/#website\",\"url\":\"https:\/\/www.notibras.com\/site\/\",\"name\":\"Notibras\",\"description\":\"Not\u00edcias de Bras\u00edlia, do Brasil e do Mundo\",\"publisher\":{\"@id\":\"https:\/\/www.notibras.com\/site\/#organization\"},\"potentialAction\":[{\"@type\":\"SearchAction\",\"target\":{\"@type\":\"EntryPoint\",\"urlTemplate\":\"https:\/\/www.notibras.com\/site\/?s={search_term_string}\"},\"query-input\":{\"@type\":\"PropertyValueSpecification\",\"valueRequired\":true,\"valueName\":\"search_term_string\"}}],\"inLanguage\":\"pt-BR\"},{\"@type\":\"Organization\",\"@id\":\"https:\/\/www.notibras.com\/site\/#organization\",\"name\":\"Grupo Notibras de Comunica\u00e7\u00e3o\",\"url\":\"https:\/\/www.notibras.com\/site\/\",\"logo\":{\"@type\":\"ImageObject\",\"inLanguage\":\"pt-BR\",\"@id\":\"https:\/\/www.notibras.com\/site\/#\/schema\/logo\/image\/\",\"url\":\"https:\/\/www.notibras.com\/site\/wp-content\/uploads\/2023\/01\/notibras23.png\",\"contentUrl\":\"https:\/\/www.notibras.com\/site\/wp-content\/uploads\/2023\/01\/notibras23.png\",\"width\":350,\"height\":87,\"caption\":\"Grupo Notibras de Comunica\u00e7\u00e3o\"},\"image\":{\"@id\":\"https:\/\/www.notibras.com\/site\/#\/schema\/logo\/image\/\"},\"sameAs\":[\"https:\/\/www.facebook.com\/notibras\/\",\"https:\/\/x.com\/Notibras\",\"https:\/\/www.instagram.com\/notibras\/\"]},{\"@type\":\"Person\",\"@id\":\"https:\/\/www.notibras.com\/site\/#\/schema\/person\/36ab0979449956132d3e5b517ea76ac8\",\"name\":\"Reda\u00e7\u00e3o\",\"image\":{\"@type\":\"ImageObject\",\"inLanguage\":\"pt-BR\",\"@id\":\"https:\/\/secure.gravatar.com\/avatar\/e0a867bdedb85fd243eadf09663511f96fc81e0720a4a42581f334ad4303aa6b?s=96&d=mm&r=g\",\"url\":\"https:\/\/secure.gravatar.com\/avatar\/e0a867bdedb85fd243eadf09663511f96fc81e0720a4a42581f334ad4303aa6b?s=96&d=mm&r=g\",\"contentUrl\":\"https:\/\/secure.gravatar.com\/avatar\/e0a867bdedb85fd243eadf09663511f96fc81e0720a4a42581f334ad4303aa6b?s=96&d=mm&r=g\",\"caption\":\"Reda\u00e7\u00e3o\"}}]}<\/script>\n<!-- \/ Yoast SEO plugin. -->","yoast_head_json":{"title":"Parido quase aos 12, Segundo tinha sina de burro - Notibras","robots":{"index":"index","follow":"follow","max-snippet":"max-snippet:-1","max-image-preview":"max-image-preview:large","max-video-preview":"max-video-preview:-1"},"canonical":"https:\/\/www.notibras.com\/site\/parido-quase-aos-12-segundo-tinha-sina-de-burro\/","og_locale":"pt_BR","og_type":"article","og_title":"Parido quase aos 12, Segundo tinha sina de burro - Notibras","og_description":"Dalva e Jos\u00e9 nasceram na ro\u00e7a, cresceram na ro\u00e7a, trabalhavam na ro\u00e7a, viviam na ro\u00e7a desde sempre. Os dois se conheceram ainda meninos e, assim que chegou a \u00e9poca apropriada, casaram-se como de costume se fazia na regi\u00e3o. Logo chegou o primeiro filho, Delv\u00e9quio, nome mais que apropriado para o primog\u00eanito. Enquanto o moleque crescia, [&hellip;]","og_url":"https:\/\/www.notibras.com\/site\/parido-quase-aos-12-segundo-tinha-sina-de-burro\/","og_site_name":"Notibras","article_publisher":"https:\/\/www.facebook.com\/notibras\/","article_published_time":"2024-01-21T13:17:23+00:00","article_modified_time":"2024-01-21T13:18:10+00:00","og_image":[{"width":1600,"height":1060,"url":"https:\/\/www.notibras.com\/site\/wp-content\/uploads\/2024\/01\/DSC_1569.jpg","type":"image\/jpeg"}],"author":"Reda\u00e7\u00e3o","twitter_card":"summary_large_image","twitter_creator":"@Notibras","twitter_site":"@Notibras","twitter_misc":{"Escrito por":"Reda\u00e7\u00e3o","Est. tempo de leitura":"2 minutos"},"schema":{"@context":"https:\/\/schema.org","@graph":[{"@type":"Article","@id":"https:\/\/www.notibras.com\/site\/parido-quase-aos-12-segundo-tinha-sina-de-burro\/#article","isPartOf":{"@id":"https:\/\/www.notibras.com\/site\/parido-quase-aos-12-segundo-tinha-sina-de-burro\/"},"author":{"name":"Reda\u00e7\u00e3o","@id":"https:\/\/www.notibras.com\/site\/#\/schema\/person\/36ab0979449956132d3e5b517ea76ac8"},"headline":"Parido quase aos 12, Segundo tinha sina de burro","datePublished":"2024-01-21T13:17:23+00:00","dateModified":"2024-01-21T13:18:10+00:00","mainEntityOfPage":{"@id":"https:\/\/www.notibras.com\/site\/parido-quase-aos-12-segundo-tinha-sina-de-burro\/"},"wordCount":343,"publisher":{"@id":"https:\/\/www.notibras.com\/site\/#organization"},"image":{"@id":"https:\/\/www.notibras.com\/site\/parido-quase-aos-12-segundo-tinha-sina-de-burro\/#primaryimage"},"thumbnailUrl":"https:\/\/www.notibras.com\/site\/wp-content\/uploads\/2024\/01\/DSC_1569.jpg","articleSection":["Quadradinho em Foco"],"inLanguage":"pt-BR"},{"@type":"WebPage","@id":"https:\/\/www.notibras.com\/site\/parido-quase-aos-12-segundo-tinha-sina-de-burro\/","url":"https:\/\/www.notibras.com\/site\/parido-quase-aos-12-segundo-tinha-sina-de-burro\/","name":"Parido quase aos 12, Segundo tinha sina de burro - Notibras","isPartOf":{"@id":"https:\/\/www.notibras.com\/site\/#website"},"primaryImageOfPage":{"@id":"https:\/\/www.notibras.com\/site\/parido-quase-aos-12-segundo-tinha-sina-de-burro\/#primaryimage"},"image":{"@id":"https:\/\/www.notibras.com\/site\/parido-quase-aos-12-segundo-tinha-sina-de-burro\/#primaryimage"},"thumbnailUrl":"https:\/\/www.notibras.com\/site\/wp-content\/uploads\/2024\/01\/DSC_1569.jpg","datePublished":"2024-01-21T13:17:23+00:00","dateModified":"2024-01-21T13:18:10+00:00","breadcrumb":{"@id":"https:\/\/www.notibras.com\/site\/parido-quase-aos-12-segundo-tinha-sina-de-burro\/#breadcrumb"},"inLanguage":"pt-BR","potentialAction":[{"@type":"ReadAction","target":["https:\/\/www.notibras.com\/site\/parido-quase-aos-12-segundo-tinha-sina-de-burro\/"]}]},{"@type":"ImageObject","inLanguage":"pt-BR","@id":"https:\/\/www.notibras.com\/site\/parido-quase-aos-12-segundo-tinha-sina-de-burro\/#primaryimage","url":"https:\/\/www.notibras.com\/site\/wp-content\/uploads\/2024\/01\/DSC_1569.jpg","contentUrl":"https:\/\/www.notibras.com\/site\/wp-content\/uploads\/2024\/01\/DSC_1569.jpg","width":1600,"height":1060},{"@type":"BreadcrumbList","@id":"https:\/\/www.notibras.com\/site\/parido-quase-aos-12-segundo-tinha-sina-de-burro\/#breadcrumb","itemListElement":[{"@type":"ListItem","position":1,"name":"In\u00edcio","item":"https:\/\/www.notibras.com\/site\/"},{"@type":"ListItem","position":2,"name":"Parido quase aos 12, Segundo tinha sina de burro"}]},{"@type":"WebSite","@id":"https:\/\/www.notibras.com\/site\/#website","url":"https:\/\/www.notibras.com\/site\/","name":"Notibras","description":"Not\u00edcias de Bras\u00edlia, do Brasil e do Mundo","publisher":{"@id":"https:\/\/www.notibras.com\/site\/#organization"},"potentialAction":[{"@type":"SearchAction","target":{"@type":"EntryPoint","urlTemplate":"https:\/\/www.notibras.com\/site\/?s={search_term_string}"},"query-input":{"@type":"PropertyValueSpecification","valueRequired":true,"valueName":"search_term_string"}}],"inLanguage":"pt-BR"},{"@type":"Organization","@id":"https:\/\/www.notibras.com\/site\/#organization","name":"Grupo Notibras de Comunica\u00e7\u00e3o","url":"https:\/\/www.notibras.com\/site\/","logo":{"@type":"ImageObject","inLanguage":"pt-BR","@id":"https:\/\/www.notibras.com\/site\/#\/schema\/logo\/image\/","url":"https:\/\/www.notibras.com\/site\/wp-content\/uploads\/2023\/01\/notibras23.png","contentUrl":"https:\/\/www.notibras.com\/site\/wp-content\/uploads\/2023\/01\/notibras23.png","width":350,"height":87,"caption":"Grupo Notibras de Comunica\u00e7\u00e3o"},"image":{"@id":"https:\/\/www.notibras.com\/site\/#\/schema\/logo\/image\/"},"sameAs":["https:\/\/www.facebook.com\/notibras\/","https:\/\/x.com\/Notibras","https:\/\/www.instagram.com\/notibras\/"]},{"@type":"Person","@id":"https:\/\/www.notibras.com\/site\/#\/schema\/person\/36ab0979449956132d3e5b517ea76ac8","name":"Reda\u00e7\u00e3o","image":{"@type":"ImageObject","inLanguage":"pt-BR","@id":"https:\/\/secure.gravatar.com\/avatar\/e0a867bdedb85fd243eadf09663511f96fc81e0720a4a42581f334ad4303aa6b?s=96&d=mm&r=g","url":"https:\/\/secure.gravatar.com\/avatar\/e0a867bdedb85fd243eadf09663511f96fc81e0720a4a42581f334ad4303aa6b?s=96&d=mm&r=g","contentUrl":"https:\/\/secure.gravatar.com\/avatar\/e0a867bdedb85fd243eadf09663511f96fc81e0720a4a42581f334ad4303aa6b?s=96&d=mm&r=g","caption":"Reda\u00e7\u00e3o"}}]}},"amp_enabled":true,"_links":{"self":[{"href":"https:\/\/www.notibras.com\/site\/wp-json\/wp\/v2\/posts\/320939","targetHints":{"allow":["GET"]}}],"collection":[{"href":"https:\/\/www.notibras.com\/site\/wp-json\/wp\/v2\/posts"}],"about":[{"href":"https:\/\/www.notibras.com\/site\/wp-json\/wp\/v2\/types\/post"}],"author":[{"embeddable":true,"href":"https:\/\/www.notibras.com\/site\/wp-json\/wp\/v2\/users\/2"}],"replies":[{"embeddable":true,"href":"https:\/\/www.notibras.com\/site\/wp-json\/wp\/v2\/comments?post=320939"}],"version-history":[{"count":2,"href":"https:\/\/www.notibras.com\/site\/wp-json\/wp\/v2\/posts\/320939\/revisions"}],"predecessor-version":[{"id":320943,"href":"https:\/\/www.notibras.com\/site\/wp-json\/wp\/v2\/posts\/320939\/revisions\/320943"}],"wp:featuredmedia":[{"embeddable":true,"href":"https:\/\/www.notibras.com\/site\/wp-json\/wp\/v2\/media\/320941"}],"wp:attachment":[{"href":"https:\/\/www.notibras.com\/site\/wp-json\/wp\/v2\/media?parent=320939"}],"wp:term":[{"taxonomy":"category","embeddable":true,"href":"https:\/\/www.notibras.com\/site\/wp-json\/wp\/v2\/categories?post=320939"},{"taxonomy":"post_tag","embeddable":true,"href":"https:\/\/www.notibras.com\/site\/wp-json\/wp\/v2\/tags?post=320939"}],"curies":[{"name":"wp","href":"https:\/\/api.w.org\/{rel}","templated":true}]}}