{"id":320988,"date":"2024-01-22T00:02:54","date_gmt":"2024-01-22T03:02:54","guid":{"rendered":"https:\/\/www.notibras.com\/site\/?p=320988"},"modified":"2024-01-22T10:04:50","modified_gmt":"2024-01-22T13:04:50","slug":"caminhada-no-parque-da-cidade-marcara-dia-do-aposentado","status":"publish","type":"post","link":"https:\/\/www.notibras.com\/site\/caminhada-no-parque-da-cidade-marcara-dia-do-aposentado\/","title":{"rendered":"Caminhada no Parque da Cidade marcar\u00e1 Dia do Aposentado"},"content":{"rendered":"<p>A manh\u00e3 de sexta-feira (26) ser\u00e1 marcada por uma caminhada de 2 km no Parque da Cidade para comemorar o Dia do Aposentado. A largada ser\u00e1 no Estacionamento 10, pr\u00f3ximo ao lago. Promovido pelo Instituto de Previd\u00eancia dos Servidores do (Iprev-DF), o evento oferecer\u00e1 aos presentes medi\u00e7\u00e3o de press\u00e3o e glicemia, aulas de alongamento, massagens, vacinas e um caf\u00e9 da manh\u00e3 de confraterniza\u00e7\u00e3o.<\/p>\n<p>Ser\u00e3o quatro horas de atividades, das 8 \u00e0s 12h. Os aposentados que comparecerem tamb\u00e9m poder\u00e3o fazer a prova de vida, comprova\u00e7\u00e3o anual necess\u00e1ria para a continuidade do pagamento dos benef\u00edcios de quem j\u00e1 se aposentou e das pessoas que s\u00e3o pensionistas.<\/p>\n<p>A a\u00e7\u00e3o ter\u00e1 diferentes parceiros, como as secretarias de Sa\u00fade (SES-DF), de Esportes e Lazer (SEL-DF) e de Planejamento, Or\u00e7amento e Administra\u00e7\u00e3o (Seplad), al\u00e9m da Administra\u00e7\u00e3o do Parque, Academia Buriti, BRB, Caixa Econ\u00f4mica, Banco do Brasil, Caesb, Detran, Corpo de Bombeiros, Pol\u00edcia Militar do DF, Novacap, Instituto de Assist\u00eancia \u00e0 Sa\u00fade dos Servidores do DF (Inas-DF) e Sinpro-DF, entre outros.<\/p>\n<p>\u201c\u00c9 uma retribui\u00e7\u00e3o \u00e0queles que trabalharam durante toda uma vida para a nossa comunidade\u201d, ressalta a presidente do Iprev-DF, Raquel Galv\u00e3o. O instituto administra o pagamento e a solv\u00eancia dos benef\u00edcios de mais de 60 mil aposentados e 13,5 mil pensionistas.<\/p>\n","protected":false},"excerpt":{"rendered":"<p>A manh\u00e3 de sexta-feira (26) ser\u00e1 marcada por uma caminhada de 2 km no Parque da Cidade para comemorar o Dia do Aposentado. A largada ser\u00e1 no Estacionamento 10, pr\u00f3ximo ao lago. Promovido pelo Instituto de Previd\u00eancia dos Servidores do (Iprev-DF), o evento oferecer\u00e1 aos presentes medi\u00e7\u00e3o de press\u00e3o e glicemia, aulas de alongamento, massagens, [&hellip;]<\/p>\n","protected":false},"author":2,"featured_media":199108,"comment_status":"closed","ping_status":"closed","sticky":false,"template":"","format":"standard","meta":{"_acf_changed":false,"footnotes":""},"categories":[161],"tags":[],"class_list":["post-320988","post","type-post","status-publish","format-standard","has-post-thumbnail","hentry","category-quadradinho-em-foco"],"acf":[],"yoast_head":"<!-- This site is optimized with the Yoast SEO plugin v27.2 - https:\/\/yoast.com\/product\/yoast-seo-wordpress\/ -->\n<title>Caminhada no Parque da Cidade marcar\u00e1 Dia do Aposentado - Notibras<\/title>\n<meta name=\"robots\" content=\"index, follow, max-snippet:-1, max-image-preview:large, max-video-preview:-1\" \/>\n<link rel=\"canonical\" href=\"https:\/\/www.notibras.com\/site\/caminhada-no-parque-da-cidade-marcara-dia-do-aposentado\/\" \/>\n<meta property=\"og:locale\" content=\"pt_BR\" \/>\n<meta property=\"og:type\" content=\"article\" \/>\n<meta property=\"og:title\" content=\"Caminhada no Parque da Cidade marcar\u00e1 Dia do Aposentado - Notibras\" \/>\n<meta property=\"og:description\" content=\"A manh\u00e3 de sexta-feira (26) ser\u00e1 marcada por uma caminhada de 2 km no Parque da Cidade para comemorar o Dia do Aposentado. A largada ser\u00e1 no Estacionamento 10, pr\u00f3ximo ao lago. Promovido pelo Instituto de Previd\u00eancia dos Servidores do (Iprev-DF), o evento oferecer\u00e1 aos presentes medi\u00e7\u00e3o de press\u00e3o e glicemia, aulas de alongamento, massagens, [&hellip;]\" \/>\n<meta property=\"og:url\" content=\"https:\/\/www.notibras.com\/site\/caminhada-no-parque-da-cidade-marcara-dia-do-aposentado\/\" \/>\n<meta property=\"og:site_name\" content=\"Notibras\" \/>\n<meta property=\"article:publisher\" content=\"https:\/\/www.facebook.com\/notibras\/\" \/>\n<meta property=\"article:published_time\" content=\"2024-01-22T03:02:54+00:00\" \/>\n<meta property=\"article:modified_time\" content=\"2024-01-22T13:04:50+00:00\" \/>\n<meta property=\"og:image\" content=\"https:\/\/www.notibras.com\/site\/wp-content\/uploads\/2019\/01\/Saude-2.jpg\" \/>\n\t<meta property=\"og:image:width\" content=\"1600\" \/>\n\t<meta property=\"og:image:height\" content=\"843\" \/>\n\t<meta property=\"og:image:type\" content=\"image\/jpeg\" \/>\n<meta name=\"author\" content=\"Reda\u00e7\u00e3o\" \/>\n<meta name=\"twitter:card\" content=\"summary_large_image\" \/>\n<meta name=\"twitter:creator\" content=\"@Notibras\" \/>\n<meta name=\"twitter:site\" content=\"@Notibras\" \/>\n<meta name=\"twitter:label1\" content=\"Escrito por\" \/>\n\t<meta name=\"twitter:data1\" content=\"Reda\u00e7\u00e3o\" \/>\n\t<meta name=\"twitter:label2\" content=\"Est. tempo de leitura\" \/>\n\t<meta name=\"twitter:data2\" content=\"2 minutos\" \/>\n<script type=\"application\/ld+json\" class=\"yoast-schema-graph\">{\"@context\":\"https:\/\/schema.org\",\"@graph\":[{\"@type\":\"Article\",\"@id\":\"https:\/\/www.notibras.com\/site\/caminhada-no-parque-da-cidade-marcara-dia-do-aposentado\/#article\",\"isPartOf\":{\"@id\":\"https:\/\/www.notibras.com\/site\/caminhada-no-parque-da-cidade-marcara-dia-do-aposentado\/\"},\"author\":{\"name\":\"Reda\u00e7\u00e3o\",\"@id\":\"https:\/\/www.notibras.com\/site\/#\/schema\/person\/36ab0979449956132d3e5b517ea76ac8\"},\"headline\":\"Caminhada no Parque da Cidade marcar\u00e1 Dia do Aposentado\",\"datePublished\":\"2024-01-22T03:02:54+00:00\",\"dateModified\":\"2024-01-22T13:04:50+00:00\",\"mainEntityOfPage\":{\"@id\":\"https:\/\/www.notibras.com\/site\/caminhada-no-parque-da-cidade-marcara-dia-do-aposentado\/\"},\"wordCount\":232,\"publisher\":{\"@id\":\"https:\/\/www.notibras.com\/site\/#organization\"},\"image\":{\"@id\":\"https:\/\/www.notibras.com\/site\/caminhada-no-parque-da-cidade-marcara-dia-do-aposentado\/#primaryimage\"},\"thumbnailUrl\":\"https:\/\/www.notibras.com\/site\/wp-content\/uploads\/2019\/01\/Saude-2.jpg\",\"articleSection\":[\"Quadradinho em Foco\"],\"inLanguage\":\"pt-BR\"},{\"@type\":\"WebPage\",\"@id\":\"https:\/\/www.notibras.com\/site\/caminhada-no-parque-da-cidade-marcara-dia-do-aposentado\/\",\"url\":\"https:\/\/www.notibras.com\/site\/caminhada-no-parque-da-cidade-marcara-dia-do-aposentado\/\",\"name\":\"Caminhada no Parque da Cidade marcar\u00e1 Dia do Aposentado - Notibras\",\"isPartOf\":{\"@id\":\"https:\/\/www.notibras.com\/site\/#website\"},\"primaryImageOfPage\":{\"@id\":\"https:\/\/www.notibras.com\/site\/caminhada-no-parque-da-cidade-marcara-dia-do-aposentado\/#primaryimage\"},\"image\":{\"@id\":\"https:\/\/www.notibras.com\/site\/caminhada-no-parque-da-cidade-marcara-dia-do-aposentado\/#primaryimage\"},\"thumbnailUrl\":\"https:\/\/www.notibras.com\/site\/wp-content\/uploads\/2019\/01\/Saude-2.jpg\",\"datePublished\":\"2024-01-22T03:02:54+00:00\",\"dateModified\":\"2024-01-22T13:04:50+00:00\",\"breadcrumb\":{\"@id\":\"https:\/\/www.notibras.com\/site\/caminhada-no-parque-da-cidade-marcara-dia-do-aposentado\/#breadcrumb\"},\"inLanguage\":\"pt-BR\",\"potentialAction\":[{\"@type\":\"ReadAction\",\"target\":[\"https:\/\/www.notibras.com\/site\/caminhada-no-parque-da-cidade-marcara-dia-do-aposentado\/\"]}]},{\"@type\":\"ImageObject\",\"inLanguage\":\"pt-BR\",\"@id\":\"https:\/\/www.notibras.com\/site\/caminhada-no-parque-da-cidade-marcara-dia-do-aposentado\/#primaryimage\",\"url\":\"https:\/\/www.notibras.com\/site\/wp-content\/uploads\/2019\/01\/Saude-2.jpg\",\"contentUrl\":\"https:\/\/www.notibras.com\/site\/wp-content\/uploads\/2019\/01\/Saude-2.jpg\",\"width\":1600,\"height\":843},{\"@type\":\"BreadcrumbList\",\"@id\":\"https:\/\/www.notibras.com\/site\/caminhada-no-parque-da-cidade-marcara-dia-do-aposentado\/#breadcrumb\",\"itemListElement\":[{\"@type\":\"ListItem\",\"position\":1,\"name\":\"In\u00edcio\",\"item\":\"https:\/\/www.notibras.com\/site\/\"},{\"@type\":\"ListItem\",\"position\":2,\"name\":\"Caminhada no Parque da Cidade marcar\u00e1 Dia do Aposentado\"}]},{\"@type\":\"WebSite\",\"@id\":\"https:\/\/www.notibras.com\/site\/#website\",\"url\":\"https:\/\/www.notibras.com\/site\/\",\"name\":\"Notibras\",\"description\":\"Not\u00edcias de Bras\u00edlia, do Brasil e do Mundo\",\"publisher\":{\"@id\":\"https:\/\/www.notibras.com\/site\/#organization\"},\"potentialAction\":[{\"@type\":\"SearchAction\",\"target\":{\"@type\":\"EntryPoint\",\"urlTemplate\":\"https:\/\/www.notibras.com\/site\/?s={search_term_string}\"},\"query-input\":{\"@type\":\"PropertyValueSpecification\",\"valueRequired\":true,\"valueName\":\"search_term_string\"}}],\"inLanguage\":\"pt-BR\"},{\"@type\":\"Organization\",\"@id\":\"https:\/\/www.notibras.com\/site\/#organization\",\"name\":\"Grupo Notibras de Comunica\u00e7\u00e3o\",\"url\":\"https:\/\/www.notibras.com\/site\/\",\"logo\":{\"@type\":\"ImageObject\",\"inLanguage\":\"pt-BR\",\"@id\":\"https:\/\/www.notibras.com\/site\/#\/schema\/logo\/image\/\",\"url\":\"https:\/\/www.notibras.com\/site\/wp-content\/uploads\/2023\/01\/notibras23.png\",\"contentUrl\":\"https:\/\/www.notibras.com\/site\/wp-content\/uploads\/2023\/01\/notibras23.png\",\"width\":350,\"height\":87,\"caption\":\"Grupo Notibras de Comunica\u00e7\u00e3o\"},\"image\":{\"@id\":\"https:\/\/www.notibras.com\/site\/#\/schema\/logo\/image\/\"},\"sameAs\":[\"https:\/\/www.facebook.com\/notibras\/\",\"https:\/\/x.com\/Notibras\",\"https:\/\/www.instagram.com\/notibras\/\"]},{\"@type\":\"Person\",\"@id\":\"https:\/\/www.notibras.com\/site\/#\/schema\/person\/36ab0979449956132d3e5b517ea76ac8\",\"name\":\"Reda\u00e7\u00e3o\",\"image\":{\"@type\":\"ImageObject\",\"inLanguage\":\"pt-BR\",\"@id\":\"https:\/\/secure.gravatar.com\/avatar\/e0a867bdedb85fd243eadf09663511f96fc81e0720a4a42581f334ad4303aa6b?s=96&d=mm&r=g\",\"url\":\"https:\/\/secure.gravatar.com\/avatar\/e0a867bdedb85fd243eadf09663511f96fc81e0720a4a42581f334ad4303aa6b?s=96&d=mm&r=g\",\"contentUrl\":\"https:\/\/secure.gravatar.com\/avatar\/e0a867bdedb85fd243eadf09663511f96fc81e0720a4a42581f334ad4303aa6b?s=96&d=mm&r=g\",\"caption\":\"Reda\u00e7\u00e3o\"}}]}<\/script>\n<!-- \/ Yoast SEO plugin. -->","yoast_head_json":{"title":"Caminhada no Parque da Cidade marcar\u00e1 Dia do Aposentado - Notibras","robots":{"index":"index","follow":"follow","max-snippet":"max-snippet:-1","max-image-preview":"max-image-preview:large","max-video-preview":"max-video-preview:-1"},"canonical":"https:\/\/www.notibras.com\/site\/caminhada-no-parque-da-cidade-marcara-dia-do-aposentado\/","og_locale":"pt_BR","og_type":"article","og_title":"Caminhada no Parque da Cidade marcar\u00e1 Dia do Aposentado - Notibras","og_description":"A manh\u00e3 de sexta-feira (26) ser\u00e1 marcada por uma caminhada de 2 km no Parque da Cidade para comemorar o Dia do Aposentado. A largada ser\u00e1 no Estacionamento 10, pr\u00f3ximo ao lago. Promovido pelo Instituto de Previd\u00eancia dos Servidores do (Iprev-DF), o evento oferecer\u00e1 aos presentes medi\u00e7\u00e3o de press\u00e3o e glicemia, aulas de alongamento, massagens, [&hellip;]","og_url":"https:\/\/www.notibras.com\/site\/caminhada-no-parque-da-cidade-marcara-dia-do-aposentado\/","og_site_name":"Notibras","article_publisher":"https:\/\/www.facebook.com\/notibras\/","article_published_time":"2024-01-22T03:02:54+00:00","article_modified_time":"2024-01-22T13:04:50+00:00","og_image":[{"width":1600,"height":843,"url":"https:\/\/www.notibras.com\/site\/wp-content\/uploads\/2019\/01\/Saude-2.jpg","type":"image\/jpeg"}],"author":"Reda\u00e7\u00e3o","twitter_card":"summary_large_image","twitter_creator":"@Notibras","twitter_site":"@Notibras","twitter_misc":{"Escrito por":"Reda\u00e7\u00e3o","Est. tempo de leitura":"2 minutos"},"schema":{"@context":"https:\/\/schema.org","@graph":[{"@type":"Article","@id":"https:\/\/www.notibras.com\/site\/caminhada-no-parque-da-cidade-marcara-dia-do-aposentado\/#article","isPartOf":{"@id":"https:\/\/www.notibras.com\/site\/caminhada-no-parque-da-cidade-marcara-dia-do-aposentado\/"},"author":{"name":"Reda\u00e7\u00e3o","@id":"https:\/\/www.notibras.com\/site\/#\/schema\/person\/36ab0979449956132d3e5b517ea76ac8"},"headline":"Caminhada no Parque da Cidade marcar\u00e1 Dia do Aposentado","datePublished":"2024-01-22T03:02:54+00:00","dateModified":"2024-01-22T13:04:50+00:00","mainEntityOfPage":{"@id":"https:\/\/www.notibras.com\/site\/caminhada-no-parque-da-cidade-marcara-dia-do-aposentado\/"},"wordCount":232,"publisher":{"@id":"https:\/\/www.notibras.com\/site\/#organization"},"image":{"@id":"https:\/\/www.notibras.com\/site\/caminhada-no-parque-da-cidade-marcara-dia-do-aposentado\/#primaryimage"},"thumbnailUrl":"https:\/\/www.notibras.com\/site\/wp-content\/uploads\/2019\/01\/Saude-2.jpg","articleSection":["Quadradinho em Foco"],"inLanguage":"pt-BR"},{"@type":"WebPage","@id":"https:\/\/www.notibras.com\/site\/caminhada-no-parque-da-cidade-marcara-dia-do-aposentado\/","url":"https:\/\/www.notibras.com\/site\/caminhada-no-parque-da-cidade-marcara-dia-do-aposentado\/","name":"Caminhada no Parque da Cidade marcar\u00e1 Dia do Aposentado - Notibras","isPartOf":{"@id":"https:\/\/www.notibras.com\/site\/#website"},"primaryImageOfPage":{"@id":"https:\/\/www.notibras.com\/site\/caminhada-no-parque-da-cidade-marcara-dia-do-aposentado\/#primaryimage"},"image":{"@id":"https:\/\/www.notibras.com\/site\/caminhada-no-parque-da-cidade-marcara-dia-do-aposentado\/#primaryimage"},"thumbnailUrl":"https:\/\/www.notibras.com\/site\/wp-content\/uploads\/2019\/01\/Saude-2.jpg","datePublished":"2024-01-22T03:02:54+00:00","dateModified":"2024-01-22T13:04:50+00:00","breadcrumb":{"@id":"https:\/\/www.notibras.com\/site\/caminhada-no-parque-da-cidade-marcara-dia-do-aposentado\/#breadcrumb"},"inLanguage":"pt-BR","potentialAction":[{"@type":"ReadAction","target":["https:\/\/www.notibras.com\/site\/caminhada-no-parque-da-cidade-marcara-dia-do-aposentado\/"]}]},{"@type":"ImageObject","inLanguage":"pt-BR","@id":"https:\/\/www.notibras.com\/site\/caminhada-no-parque-da-cidade-marcara-dia-do-aposentado\/#primaryimage","url":"https:\/\/www.notibras.com\/site\/wp-content\/uploads\/2019\/01\/Saude-2.jpg","contentUrl":"https:\/\/www.notibras.com\/site\/wp-content\/uploads\/2019\/01\/Saude-2.jpg","width":1600,"height":843},{"@type":"BreadcrumbList","@id":"https:\/\/www.notibras.com\/site\/caminhada-no-parque-da-cidade-marcara-dia-do-aposentado\/#breadcrumb","itemListElement":[{"@type":"ListItem","position":1,"name":"In\u00edcio","item":"https:\/\/www.notibras.com\/site\/"},{"@type":"ListItem","position":2,"name":"Caminhada no Parque da Cidade marcar\u00e1 Dia do Aposentado"}]},{"@type":"WebSite","@id":"https:\/\/www.notibras.com\/site\/#website","url":"https:\/\/www.notibras.com\/site\/","name":"Notibras","description":"Not\u00edcias de Bras\u00edlia, do Brasil e do Mundo","publisher":{"@id":"https:\/\/www.notibras.com\/site\/#organization"},"potentialAction":[{"@type":"SearchAction","target":{"@type":"EntryPoint","urlTemplate":"https:\/\/www.notibras.com\/site\/?s={search_term_string}"},"query-input":{"@type":"PropertyValueSpecification","valueRequired":true,"valueName":"search_term_string"}}],"inLanguage":"pt-BR"},{"@type":"Organization","@id":"https:\/\/www.notibras.com\/site\/#organization","name":"Grupo Notibras de Comunica\u00e7\u00e3o","url":"https:\/\/www.notibras.com\/site\/","logo":{"@type":"ImageObject","inLanguage":"pt-BR","@id":"https:\/\/www.notibras.com\/site\/#\/schema\/logo\/image\/","url":"https:\/\/www.notibras.com\/site\/wp-content\/uploads\/2023\/01\/notibras23.png","contentUrl":"https:\/\/www.notibras.com\/site\/wp-content\/uploads\/2023\/01\/notibras23.png","width":350,"height":87,"caption":"Grupo Notibras de Comunica\u00e7\u00e3o"},"image":{"@id":"https:\/\/www.notibras.com\/site\/#\/schema\/logo\/image\/"},"sameAs":["https:\/\/www.facebook.com\/notibras\/","https:\/\/x.com\/Notibras","https:\/\/www.instagram.com\/notibras\/"]},{"@type":"Person","@id":"https:\/\/www.notibras.com\/site\/#\/schema\/person\/36ab0979449956132d3e5b517ea76ac8","name":"Reda\u00e7\u00e3o","image":{"@type":"ImageObject","inLanguage":"pt-BR","@id":"https:\/\/secure.gravatar.com\/avatar\/e0a867bdedb85fd243eadf09663511f96fc81e0720a4a42581f334ad4303aa6b?s=96&d=mm&r=g","url":"https:\/\/secure.gravatar.com\/avatar\/e0a867bdedb85fd243eadf09663511f96fc81e0720a4a42581f334ad4303aa6b?s=96&d=mm&r=g","contentUrl":"https:\/\/secure.gravatar.com\/avatar\/e0a867bdedb85fd243eadf09663511f96fc81e0720a4a42581f334ad4303aa6b?s=96&d=mm&r=g","caption":"Reda\u00e7\u00e3o"}}]}},"amp_enabled":true,"_links":{"self":[{"href":"https:\/\/www.notibras.com\/site\/wp-json\/wp\/v2\/posts\/320988","targetHints":{"allow":["GET"]}}],"collection":[{"href":"https:\/\/www.notibras.com\/site\/wp-json\/wp\/v2\/posts"}],"about":[{"href":"https:\/\/www.notibras.com\/site\/wp-json\/wp\/v2\/types\/post"}],"author":[{"embeddable":true,"href":"https:\/\/www.notibras.com\/site\/wp-json\/wp\/v2\/users\/2"}],"replies":[{"embeddable":true,"href":"https:\/\/www.notibras.com\/site\/wp-json\/wp\/v2\/comments?post=320988"}],"version-history":[{"count":1,"href":"https:\/\/www.notibras.com\/site\/wp-json\/wp\/v2\/posts\/320988\/revisions"}],"predecessor-version":[{"id":320989,"href":"https:\/\/www.notibras.com\/site\/wp-json\/wp\/v2\/posts\/320988\/revisions\/320989"}],"wp:featuredmedia":[{"embeddable":true,"href":"https:\/\/www.notibras.com\/site\/wp-json\/wp\/v2\/media\/199108"}],"wp:attachment":[{"href":"https:\/\/www.notibras.com\/site\/wp-json\/wp\/v2\/media?parent=320988"}],"wp:term":[{"taxonomy":"category","embeddable":true,"href":"https:\/\/www.notibras.com\/site\/wp-json\/wp\/v2\/categories?post=320988"},{"taxonomy":"post_tag","embeddable":true,"href":"https:\/\/www.notibras.com\/site\/wp-json\/wp\/v2\/tags?post=320988"}],"curies":[{"name":"wp","href":"https:\/\/api.w.org\/{rel}","templated":true}]}}