{"id":321013,"date":"2024-01-23T06:11:07","date_gmt":"2024-01-23T09:11:07","guid":{"rendered":"https:\/\/www.notibras.com\/site\/?p=321013"},"modified":"2024-01-23T06:43:17","modified_gmt":"2024-01-23T09:43:17","slug":"suspensa-licitacao-para-abastecer-novos-restaurantes-comunitarios","status":"publish","type":"post","link":"https:\/\/www.notibras.com\/site\/suspensa-licitacao-para-abastecer-novos-restaurantes-comunitarios\/","title":{"rendered":"Suspensa licita\u00e7\u00e3o para abastecer novos restaurantes comunit\u00e1rios"},"content":{"rendered":"<p>O Tribunal de Contas do Distrito Federal suspendeu uma licita\u00e7\u00e3o no valor de R$ 35.371.800,00, lan\u00e7ada pela Secretaria de Desenvolvimento Social, para contrata\u00e7\u00e3o de empresa respons\u00e1vel pelo preparo, fornecimento e distribui\u00e7\u00e3o das refei\u00e7\u00f5es dos restaurantes comunit\u00e1rios de Samambaia\/Portelinha e Varj\u00e3o. A suspens\u00e3o foi motivada por falhas na composi\u00e7\u00e3o dos valores das refei\u00e7\u00f5es, o que impossibilitaria uma fiscaliza\u00e7\u00e3o dos pre\u00e7os praticados pela empresa vencedora.<\/p>\n<p>A abertura das propostas para gest\u00e3o dos novos restaurantes, que juntos devem oferecer cerca de 7,5 mil refei\u00e7\u00f5es por dia, estava agendada para o dia 4 de janeiro. No entanto, o Tribunal de Contas verificou irregularidades no certame, tais como falta detalhamento de custos, pre\u00e7os e servi\u00e7os nas planilhas or\u00e7ament\u00e1rias, al\u00e9m do estabelecimento de uma bonifica\u00e7\u00e3o acima do que foi determinado pelo TCDF em Decis\u00e3o anterior.<\/p>\n<p>Segundo a an\u00e1lise do Tribunal, o edital n\u00e3o apontou os quantitativos de servi\u00e7os e insumos que comp\u00f5em a planilha or\u00e7ament\u00e1ria, nem um teto m\u00e1ximo de pre\u00e7os unit\u00e1rios aceit\u00e1veis no or\u00e7amento de refer\u00eancia. Tais falhas impossibilitam avaliar se os pre\u00e7os praticados est\u00e3o dentro dos valores de mercado, al\u00e9m de facilitarem a ocorr\u00eancia de &#8220;jogo de planilha&#8221;, quando h\u00e1 manipula\u00e7\u00e3o dos valores a fim de conseguir lucro ou vantagem. O certame tamb\u00e9m n\u00e3o continha um plano de fiscaliza\u00e7\u00e3o para validar e compor as refer\u00eancias de pre\u00e7os das planilhas.<\/p>\n<p>A fim de evitar um preju\u00edzo aos cofres p\u00fablicos e garantir mais transpar\u00eancia do processo licitat\u00f3rio, o presidente do Tribunal de Contas do DF expediu a Decis\u00e3o Liminar n\u00ba 1\/2024 determinando que a Sedes\/DF suspendesse a licita\u00e7\u00e3o e corrigisse as falhas apontadas. A decis\u00e3o foi referendada pelo Plen\u00e1rio do TCDF na quarta-feira, 17, no processo n\u00ba 00600-00016177\/2023-54-e.<\/p>\n","protected":false},"excerpt":{"rendered":"<p>O Tribunal de Contas do Distrito Federal suspendeu uma licita\u00e7\u00e3o no valor de R$ 35.371.800,00, lan\u00e7ada pela Secretaria de Desenvolvimento Social, para contrata\u00e7\u00e3o de empresa respons\u00e1vel pelo preparo, fornecimento e distribui\u00e7\u00e3o das refei\u00e7\u00f5es dos restaurantes comunit\u00e1rios de Samambaia\/Portelinha e Varj\u00e3o. A suspens\u00e3o foi motivada por falhas na composi\u00e7\u00e3o dos valores das refei\u00e7\u00f5es, o que impossibilitaria [&hellip;]<\/p>\n","protected":false},"author":2,"featured_media":121764,"comment_status":"closed","ping_status":"closed","sticky":false,"template":"","format":"standard","meta":{"_acf_changed":false,"footnotes":""},"categories":[161],"tags":[95],"class_list":["post-321013","post","type-post","status-publish","format-standard","has-post-thumbnail","hentry","category-quadradinho-em-foco","tag-capa"],"acf":[],"yoast_head":"<!-- This site is optimized with the Yoast SEO plugin v27.2 - https:\/\/yoast.com\/product\/yoast-seo-wordpress\/ -->\n<title>Suspensa licita\u00e7\u00e3o para abastecer novos restaurantes comunit\u00e1rios - Notibras<\/title>\n<meta name=\"robots\" content=\"index, follow, max-snippet:-1, max-image-preview:large, max-video-preview:-1\" \/>\n<link rel=\"canonical\" href=\"https:\/\/www.notibras.com\/site\/suspensa-licitacao-para-abastecer-novos-restaurantes-comunitarios\/\" \/>\n<meta property=\"og:locale\" content=\"pt_BR\" \/>\n<meta property=\"og:type\" content=\"article\" \/>\n<meta property=\"og:title\" content=\"Suspensa licita\u00e7\u00e3o para abastecer novos restaurantes comunit\u00e1rios - Notibras\" \/>\n<meta property=\"og:description\" content=\"O Tribunal de Contas do Distrito Federal suspendeu uma licita\u00e7\u00e3o no valor de R$ 35.371.800,00, lan\u00e7ada pela Secretaria de Desenvolvimento Social, para contrata\u00e7\u00e3o de empresa respons\u00e1vel pelo preparo, fornecimento e distribui\u00e7\u00e3o das refei\u00e7\u00f5es dos restaurantes comunit\u00e1rios de Samambaia\/Portelinha e Varj\u00e3o. A suspens\u00e3o foi motivada por falhas na composi\u00e7\u00e3o dos valores das refei\u00e7\u00f5es, o que impossibilitaria [&hellip;]\" \/>\n<meta property=\"og:url\" content=\"https:\/\/www.notibras.com\/site\/suspensa-licitacao-para-abastecer-novos-restaurantes-comunitarios\/\" \/>\n<meta property=\"og:site_name\" content=\"Notibras\" \/>\n<meta property=\"article:publisher\" content=\"https:\/\/www.facebook.com\/notibras\/\" \/>\n<meta property=\"article:published_time\" content=\"2024-01-23T09:11:07+00:00\" \/>\n<meta property=\"article:modified_time\" content=\"2024-01-23T09:43:17+00:00\" \/>\n<meta property=\"og:image\" content=\"https:\/\/www.notibras.com\/site\/wp-content\/uploads\/2016\/11\/restaurante-comunitario-itapoa-reabertura-toninho-tavares-640x427.jpg\" \/>\n\t<meta property=\"og:image:width\" content=\"640\" \/>\n\t<meta property=\"og:image:height\" content=\"427\" \/>\n\t<meta property=\"og:image:type\" content=\"image\/jpeg\" \/>\n<meta name=\"author\" content=\"Reda\u00e7\u00e3o\" \/>\n<meta name=\"twitter:card\" content=\"summary_large_image\" \/>\n<meta name=\"twitter:creator\" content=\"@Notibras\" \/>\n<meta name=\"twitter:site\" content=\"@Notibras\" \/>\n<meta name=\"twitter:label1\" content=\"Escrito por\" \/>\n\t<meta name=\"twitter:data1\" content=\"Reda\u00e7\u00e3o\" \/>\n\t<meta name=\"twitter:label2\" content=\"Est. tempo de leitura\" \/>\n\t<meta name=\"twitter:data2\" content=\"2 minutos\" \/>\n<script type=\"application\/ld+json\" class=\"yoast-schema-graph\">{\"@context\":\"https:\/\/schema.org\",\"@graph\":[{\"@type\":\"Article\",\"@id\":\"https:\/\/www.notibras.com\/site\/suspensa-licitacao-para-abastecer-novos-restaurantes-comunitarios\/#article\",\"isPartOf\":{\"@id\":\"https:\/\/www.notibras.com\/site\/suspensa-licitacao-para-abastecer-novos-restaurantes-comunitarios\/\"},\"author\":{\"name\":\"Reda\u00e7\u00e3o\",\"@id\":\"https:\/\/www.notibras.com\/site\/#\/schema\/person\/36ab0979449956132d3e5b517ea76ac8\"},\"headline\":\"Suspensa licita\u00e7\u00e3o para abastecer novos restaurantes comunit\u00e1rios\",\"datePublished\":\"2024-01-23T09:11:07+00:00\",\"dateModified\":\"2024-01-23T09:43:17+00:00\",\"mainEntityOfPage\":{\"@id\":\"https:\/\/www.notibras.com\/site\/suspensa-licitacao-para-abastecer-novos-restaurantes-comunitarios\/\"},\"wordCount\":332,\"publisher\":{\"@id\":\"https:\/\/www.notibras.com\/site\/#organization\"},\"image\":{\"@id\":\"https:\/\/www.notibras.com\/site\/suspensa-licitacao-para-abastecer-novos-restaurantes-comunitarios\/#primaryimage\"},\"thumbnailUrl\":\"https:\/\/www.notibras.com\/site\/wp-content\/uploads\/2016\/11\/restaurante-comunitario-itapoa-reabertura-toninho-tavares-640x427.jpg\",\"keywords\":[\"capa\"],\"articleSection\":[\"Quadradinho em Foco\"],\"inLanguage\":\"pt-BR\"},{\"@type\":\"WebPage\",\"@id\":\"https:\/\/www.notibras.com\/site\/suspensa-licitacao-para-abastecer-novos-restaurantes-comunitarios\/\",\"url\":\"https:\/\/www.notibras.com\/site\/suspensa-licitacao-para-abastecer-novos-restaurantes-comunitarios\/\",\"name\":\"Suspensa licita\u00e7\u00e3o para abastecer novos restaurantes comunit\u00e1rios - Notibras\",\"isPartOf\":{\"@id\":\"https:\/\/www.notibras.com\/site\/#website\"},\"primaryImageOfPage\":{\"@id\":\"https:\/\/www.notibras.com\/site\/suspensa-licitacao-para-abastecer-novos-restaurantes-comunitarios\/#primaryimage\"},\"image\":{\"@id\":\"https:\/\/www.notibras.com\/site\/suspensa-licitacao-para-abastecer-novos-restaurantes-comunitarios\/#primaryimage\"},\"thumbnailUrl\":\"https:\/\/www.notibras.com\/site\/wp-content\/uploads\/2016\/11\/restaurante-comunitario-itapoa-reabertura-toninho-tavares-640x427.jpg\",\"datePublished\":\"2024-01-23T09:11:07+00:00\",\"dateModified\":\"2024-01-23T09:43:17+00:00\",\"breadcrumb\":{\"@id\":\"https:\/\/www.notibras.com\/site\/suspensa-licitacao-para-abastecer-novos-restaurantes-comunitarios\/#breadcrumb\"},\"inLanguage\":\"pt-BR\",\"potentialAction\":[{\"@type\":\"ReadAction\",\"target\":[\"https:\/\/www.notibras.com\/site\/suspensa-licitacao-para-abastecer-novos-restaurantes-comunitarios\/\"]}]},{\"@type\":\"ImageObject\",\"inLanguage\":\"pt-BR\",\"@id\":\"https:\/\/www.notibras.com\/site\/suspensa-licitacao-para-abastecer-novos-restaurantes-comunitarios\/#primaryimage\",\"url\":\"https:\/\/www.notibras.com\/site\/wp-content\/uploads\/2016\/11\/restaurante-comunitario-itapoa-reabertura-toninho-tavares-640x427.jpg\",\"contentUrl\":\"https:\/\/www.notibras.com\/site\/wp-content\/uploads\/2016\/11\/restaurante-comunitario-itapoa-reabertura-toninho-tavares-640x427.jpg\",\"width\":640,\"height\":427},{\"@type\":\"BreadcrumbList\",\"@id\":\"https:\/\/www.notibras.com\/site\/suspensa-licitacao-para-abastecer-novos-restaurantes-comunitarios\/#breadcrumb\",\"itemListElement\":[{\"@type\":\"ListItem\",\"position\":1,\"name\":\"In\u00edcio\",\"item\":\"https:\/\/www.notibras.com\/site\/\"},{\"@type\":\"ListItem\",\"position\":2,\"name\":\"Suspensa licita\u00e7\u00e3o para abastecer novos restaurantes comunit\u00e1rios\"}]},{\"@type\":\"WebSite\",\"@id\":\"https:\/\/www.notibras.com\/site\/#website\",\"url\":\"https:\/\/www.notibras.com\/site\/\",\"name\":\"Notibras\",\"description\":\"Not\u00edcias de Bras\u00edlia, do Brasil e do Mundo\",\"publisher\":{\"@id\":\"https:\/\/www.notibras.com\/site\/#organization\"},\"potentialAction\":[{\"@type\":\"SearchAction\",\"target\":{\"@type\":\"EntryPoint\",\"urlTemplate\":\"https:\/\/www.notibras.com\/site\/?s={search_term_string}\"},\"query-input\":{\"@type\":\"PropertyValueSpecification\",\"valueRequired\":true,\"valueName\":\"search_term_string\"}}],\"inLanguage\":\"pt-BR\"},{\"@type\":\"Organization\",\"@id\":\"https:\/\/www.notibras.com\/site\/#organization\",\"name\":\"Grupo Notibras de Comunica\u00e7\u00e3o\",\"url\":\"https:\/\/www.notibras.com\/site\/\",\"logo\":{\"@type\":\"ImageObject\",\"inLanguage\":\"pt-BR\",\"@id\":\"https:\/\/www.notibras.com\/site\/#\/schema\/logo\/image\/\",\"url\":\"https:\/\/www.notibras.com\/site\/wp-content\/uploads\/2023\/01\/notibras23.png\",\"contentUrl\":\"https:\/\/www.notibras.com\/site\/wp-content\/uploads\/2023\/01\/notibras23.png\",\"width\":350,\"height\":87,\"caption\":\"Grupo Notibras de Comunica\u00e7\u00e3o\"},\"image\":{\"@id\":\"https:\/\/www.notibras.com\/site\/#\/schema\/logo\/image\/\"},\"sameAs\":[\"https:\/\/www.facebook.com\/notibras\/\",\"https:\/\/x.com\/Notibras\",\"https:\/\/www.instagram.com\/notibras\/\"]},{\"@type\":\"Person\",\"@id\":\"https:\/\/www.notibras.com\/site\/#\/schema\/person\/36ab0979449956132d3e5b517ea76ac8\",\"name\":\"Reda\u00e7\u00e3o\",\"image\":{\"@type\":\"ImageObject\",\"inLanguage\":\"pt-BR\",\"@id\":\"https:\/\/secure.gravatar.com\/avatar\/e0a867bdedb85fd243eadf09663511f96fc81e0720a4a42581f334ad4303aa6b?s=96&d=mm&r=g\",\"url\":\"https:\/\/secure.gravatar.com\/avatar\/e0a867bdedb85fd243eadf09663511f96fc81e0720a4a42581f334ad4303aa6b?s=96&d=mm&r=g\",\"contentUrl\":\"https:\/\/secure.gravatar.com\/avatar\/e0a867bdedb85fd243eadf09663511f96fc81e0720a4a42581f334ad4303aa6b?s=96&d=mm&r=g\",\"caption\":\"Reda\u00e7\u00e3o\"}}]}<\/script>\n<!-- \/ Yoast SEO plugin. -->","yoast_head_json":{"title":"Suspensa licita\u00e7\u00e3o para abastecer novos restaurantes comunit\u00e1rios - Notibras","robots":{"index":"index","follow":"follow","max-snippet":"max-snippet:-1","max-image-preview":"max-image-preview:large","max-video-preview":"max-video-preview:-1"},"canonical":"https:\/\/www.notibras.com\/site\/suspensa-licitacao-para-abastecer-novos-restaurantes-comunitarios\/","og_locale":"pt_BR","og_type":"article","og_title":"Suspensa licita\u00e7\u00e3o para abastecer novos restaurantes comunit\u00e1rios - Notibras","og_description":"O Tribunal de Contas do Distrito Federal suspendeu uma licita\u00e7\u00e3o no valor de R$ 35.371.800,00, lan\u00e7ada pela Secretaria de Desenvolvimento Social, para contrata\u00e7\u00e3o de empresa respons\u00e1vel pelo preparo, fornecimento e distribui\u00e7\u00e3o das refei\u00e7\u00f5es dos restaurantes comunit\u00e1rios de Samambaia\/Portelinha e Varj\u00e3o. A suspens\u00e3o foi motivada por falhas na composi\u00e7\u00e3o dos valores das refei\u00e7\u00f5es, o que impossibilitaria [&hellip;]","og_url":"https:\/\/www.notibras.com\/site\/suspensa-licitacao-para-abastecer-novos-restaurantes-comunitarios\/","og_site_name":"Notibras","article_publisher":"https:\/\/www.facebook.com\/notibras\/","article_published_time":"2024-01-23T09:11:07+00:00","article_modified_time":"2024-01-23T09:43:17+00:00","og_image":[{"width":640,"height":427,"url":"https:\/\/www.notibras.com\/site\/wp-content\/uploads\/2016\/11\/restaurante-comunitario-itapoa-reabertura-toninho-tavares-640x427.jpg","type":"image\/jpeg"}],"author":"Reda\u00e7\u00e3o","twitter_card":"summary_large_image","twitter_creator":"@Notibras","twitter_site":"@Notibras","twitter_misc":{"Escrito por":"Reda\u00e7\u00e3o","Est. tempo de leitura":"2 minutos"},"schema":{"@context":"https:\/\/schema.org","@graph":[{"@type":"Article","@id":"https:\/\/www.notibras.com\/site\/suspensa-licitacao-para-abastecer-novos-restaurantes-comunitarios\/#article","isPartOf":{"@id":"https:\/\/www.notibras.com\/site\/suspensa-licitacao-para-abastecer-novos-restaurantes-comunitarios\/"},"author":{"name":"Reda\u00e7\u00e3o","@id":"https:\/\/www.notibras.com\/site\/#\/schema\/person\/36ab0979449956132d3e5b517ea76ac8"},"headline":"Suspensa licita\u00e7\u00e3o para abastecer novos restaurantes comunit\u00e1rios","datePublished":"2024-01-23T09:11:07+00:00","dateModified":"2024-01-23T09:43:17+00:00","mainEntityOfPage":{"@id":"https:\/\/www.notibras.com\/site\/suspensa-licitacao-para-abastecer-novos-restaurantes-comunitarios\/"},"wordCount":332,"publisher":{"@id":"https:\/\/www.notibras.com\/site\/#organization"},"image":{"@id":"https:\/\/www.notibras.com\/site\/suspensa-licitacao-para-abastecer-novos-restaurantes-comunitarios\/#primaryimage"},"thumbnailUrl":"https:\/\/www.notibras.com\/site\/wp-content\/uploads\/2016\/11\/restaurante-comunitario-itapoa-reabertura-toninho-tavares-640x427.jpg","keywords":["capa"],"articleSection":["Quadradinho em Foco"],"inLanguage":"pt-BR"},{"@type":"WebPage","@id":"https:\/\/www.notibras.com\/site\/suspensa-licitacao-para-abastecer-novos-restaurantes-comunitarios\/","url":"https:\/\/www.notibras.com\/site\/suspensa-licitacao-para-abastecer-novos-restaurantes-comunitarios\/","name":"Suspensa licita\u00e7\u00e3o para abastecer novos restaurantes comunit\u00e1rios - Notibras","isPartOf":{"@id":"https:\/\/www.notibras.com\/site\/#website"},"primaryImageOfPage":{"@id":"https:\/\/www.notibras.com\/site\/suspensa-licitacao-para-abastecer-novos-restaurantes-comunitarios\/#primaryimage"},"image":{"@id":"https:\/\/www.notibras.com\/site\/suspensa-licitacao-para-abastecer-novos-restaurantes-comunitarios\/#primaryimage"},"thumbnailUrl":"https:\/\/www.notibras.com\/site\/wp-content\/uploads\/2016\/11\/restaurante-comunitario-itapoa-reabertura-toninho-tavares-640x427.jpg","datePublished":"2024-01-23T09:11:07+00:00","dateModified":"2024-01-23T09:43:17+00:00","breadcrumb":{"@id":"https:\/\/www.notibras.com\/site\/suspensa-licitacao-para-abastecer-novos-restaurantes-comunitarios\/#breadcrumb"},"inLanguage":"pt-BR","potentialAction":[{"@type":"ReadAction","target":["https:\/\/www.notibras.com\/site\/suspensa-licitacao-para-abastecer-novos-restaurantes-comunitarios\/"]}]},{"@type":"ImageObject","inLanguage":"pt-BR","@id":"https:\/\/www.notibras.com\/site\/suspensa-licitacao-para-abastecer-novos-restaurantes-comunitarios\/#primaryimage","url":"https:\/\/www.notibras.com\/site\/wp-content\/uploads\/2016\/11\/restaurante-comunitario-itapoa-reabertura-toninho-tavares-640x427.jpg","contentUrl":"https:\/\/www.notibras.com\/site\/wp-content\/uploads\/2016\/11\/restaurante-comunitario-itapoa-reabertura-toninho-tavares-640x427.jpg","width":640,"height":427},{"@type":"BreadcrumbList","@id":"https:\/\/www.notibras.com\/site\/suspensa-licitacao-para-abastecer-novos-restaurantes-comunitarios\/#breadcrumb","itemListElement":[{"@type":"ListItem","position":1,"name":"In\u00edcio","item":"https:\/\/www.notibras.com\/site\/"},{"@type":"ListItem","position":2,"name":"Suspensa licita\u00e7\u00e3o para abastecer novos restaurantes comunit\u00e1rios"}]},{"@type":"WebSite","@id":"https:\/\/www.notibras.com\/site\/#website","url":"https:\/\/www.notibras.com\/site\/","name":"Notibras","description":"Not\u00edcias de Bras\u00edlia, do Brasil e do Mundo","publisher":{"@id":"https:\/\/www.notibras.com\/site\/#organization"},"potentialAction":[{"@type":"SearchAction","target":{"@type":"EntryPoint","urlTemplate":"https:\/\/www.notibras.com\/site\/?s={search_term_string}"},"query-input":{"@type":"PropertyValueSpecification","valueRequired":true,"valueName":"search_term_string"}}],"inLanguage":"pt-BR"},{"@type":"Organization","@id":"https:\/\/www.notibras.com\/site\/#organization","name":"Grupo Notibras de Comunica\u00e7\u00e3o","url":"https:\/\/www.notibras.com\/site\/","logo":{"@type":"ImageObject","inLanguage":"pt-BR","@id":"https:\/\/www.notibras.com\/site\/#\/schema\/logo\/image\/","url":"https:\/\/www.notibras.com\/site\/wp-content\/uploads\/2023\/01\/notibras23.png","contentUrl":"https:\/\/www.notibras.com\/site\/wp-content\/uploads\/2023\/01\/notibras23.png","width":350,"height":87,"caption":"Grupo Notibras de Comunica\u00e7\u00e3o"},"image":{"@id":"https:\/\/www.notibras.com\/site\/#\/schema\/logo\/image\/"},"sameAs":["https:\/\/www.facebook.com\/notibras\/","https:\/\/x.com\/Notibras","https:\/\/www.instagram.com\/notibras\/"]},{"@type":"Person","@id":"https:\/\/www.notibras.com\/site\/#\/schema\/person\/36ab0979449956132d3e5b517ea76ac8","name":"Reda\u00e7\u00e3o","image":{"@type":"ImageObject","inLanguage":"pt-BR","@id":"https:\/\/secure.gravatar.com\/avatar\/e0a867bdedb85fd243eadf09663511f96fc81e0720a4a42581f334ad4303aa6b?s=96&d=mm&r=g","url":"https:\/\/secure.gravatar.com\/avatar\/e0a867bdedb85fd243eadf09663511f96fc81e0720a4a42581f334ad4303aa6b?s=96&d=mm&r=g","contentUrl":"https:\/\/secure.gravatar.com\/avatar\/e0a867bdedb85fd243eadf09663511f96fc81e0720a4a42581f334ad4303aa6b?s=96&d=mm&r=g","caption":"Reda\u00e7\u00e3o"}}]}},"amp_enabled":true,"_links":{"self":[{"href":"https:\/\/www.notibras.com\/site\/wp-json\/wp\/v2\/posts\/321013","targetHints":{"allow":["GET"]}}],"collection":[{"href":"https:\/\/www.notibras.com\/site\/wp-json\/wp\/v2\/posts"}],"about":[{"href":"https:\/\/www.notibras.com\/site\/wp-json\/wp\/v2\/types\/post"}],"author":[{"embeddable":true,"href":"https:\/\/www.notibras.com\/site\/wp-json\/wp\/v2\/users\/2"}],"replies":[{"embeddable":true,"href":"https:\/\/www.notibras.com\/site\/wp-json\/wp\/v2\/comments?post=321013"}],"version-history":[{"count":1,"href":"https:\/\/www.notibras.com\/site\/wp-json\/wp\/v2\/posts\/321013\/revisions"}],"predecessor-version":[{"id":321014,"href":"https:\/\/www.notibras.com\/site\/wp-json\/wp\/v2\/posts\/321013\/revisions\/321014"}],"wp:featuredmedia":[{"embeddable":true,"href":"https:\/\/www.notibras.com\/site\/wp-json\/wp\/v2\/media\/121764"}],"wp:attachment":[{"href":"https:\/\/www.notibras.com\/site\/wp-json\/wp\/v2\/media?parent=321013"}],"wp:term":[{"taxonomy":"category","embeddable":true,"href":"https:\/\/www.notibras.com\/site\/wp-json\/wp\/v2\/categories?post=321013"},{"taxonomy":"post_tag","embeddable":true,"href":"https:\/\/www.notibras.com\/site\/wp-json\/wp\/v2\/tags?post=321013"}],"curies":[{"name":"wp","href":"https:\/\/api.w.org\/{rel}","templated":true}]}}