{"id":321034,"date":"2024-01-23T00:00:47","date_gmt":"2024-01-23T03:00:47","guid":{"rendered":"https:\/\/www.notibras.com\/site\/?p=321034"},"modified":"2024-01-23T09:17:14","modified_gmt":"2024-01-23T12:17:14","slug":"vacinas-protegem-criancas-de-covid-longa-infeccao-e-morte","status":"publish","type":"post","link":"https:\/\/www.notibras.com\/site\/vacinas-protegem-criancas-de-covid-longa-infeccao-e-morte\/","title":{"rendered":"Vacinas protegem crian\u00e7as de covid longa, infec\u00e7\u00e3o e morte"},"content":{"rendered":"<p>A efetividade das vacinas contra covid-19 usadas em crian\u00e7as e adolescentes \u00e9 de quase 90%, e os efeitos adversos graves s\u00e3o raramente relatados, refor\u00e7a uma nova nota t\u00e9cnica da Funda\u00e7\u00e3o Oswaldo Cruz (Fiocruz). A imuniza\u00e7\u00e3o tamb\u00e9m \u00e9 uma ajuda a prevenir a covid-19 longa, quadro que permanece ap\u00f3s quase um ter\u00e7o dos das infec\u00e7\u00f5es.<\/p>\n<p>Os cientistas da funda\u00e7\u00e3o respons\u00e1veis pelo texto coordenam o Projeto VigiVac, que monitora dados de vacina\u00e7\u00e3o, como ades\u00e3o, efetividade e ocorr\u00eancia de eventos adversos.<\/p>\n<p>A nota refor\u00e7a que as vacinas CoronaVac, do Butant\u00e3, e a BNT162b2, da Pfizer, t\u00eam alta efetividade contra infec\u00e7\u00e3o e, principalmente, contra hospitaliza\u00e7\u00e3o por covid-19.<\/p>\n<p>&#8220;J\u00e1 em rela\u00e7\u00e3o aos efeitos adversos, a CoronaVac apresentou taxa de 5% para eventos leves, enquanto a Pfizer, os eventos adversos graves foram raramente relatados&#8221;, diz a Fiocruz.<\/p>\n<p><strong>Covid longa<\/strong><br \/>\nAs vacinas tamb\u00e9m protegem contra o quadro cr\u00f4nico chamado de covid longa, uma condi\u00e7\u00e3o em que a pessoa permanece com sintomas ap\u00f3s a fase aguda da doen\u00e7a, o que ocorre em at\u00e9 30% dos casos.<\/p>\n<p>Segundo a nota t\u00e9cnica, a vacina\u00e7\u00e3o reduz em 41% o risco de crian\u00e7as e adolescentes desenvolverem covid longa, prote\u00e7\u00e3o que \u00e9 ainda maior para crian\u00e7as com at\u00e9 seis meses da \u00faltima dose da vacina, chegando a 61%.<\/p>\n<p>&#8220;Esse conjunto de achados demonstra a prote\u00e7\u00e3o das vacinas contra Covid-19, inclusive em casos considerados como \u201cfalha vacinal\u201d, isto \u00e9, em casos em que a pessoa n\u00e3o \u00e9 protegida da infec\u00e7\u00e3o. Portanto, as vacinas contra Covid-19 s\u00e3o efetivas em proteger contra formas graves da doen\u00e7a e suas complica\u00e7\u00f5es residuais&#8221;, diz a Fiocruz.<\/p>\n<p><strong>Baixa ades\u00e3o<\/strong><br \/>\nA funda\u00e7\u00e3o lembra ainda que a covid-19 foi a principal causa de morte por doen\u00e7a preven\u00edvel por vacina, em menores de 19 anos, entre agosto de 2021 e julho de 2022.<\/p>\n<p>A cada 100 mil beb\u00eas de at\u00e9 1 ano, ao menos quatro morreram de covid-19. Mesmo assim, refor\u00e7a a Fiocruz, &#8220;a cobertura vacinal desse imunizante no Brasil ainda encontra-se em n\u00fameros abaixo do esperado, chegando a menos de 25% na faixa et\u00e1ria de 3 a 4 anos de idade com duas doses&#8221;.: vacinas protegem crian\u00e7as de covid longa, infec\u00e7\u00e3o e morte.<\/p>\n","protected":false},"excerpt":{"rendered":"<p>A efetividade das vacinas contra covid-19 usadas em crian\u00e7as e adolescentes \u00e9 de quase 90%, e os efeitos adversos graves s\u00e3o raramente relatados, refor\u00e7a uma nova nota t\u00e9cnica da Funda\u00e7\u00e3o Oswaldo Cruz (Fiocruz). A imuniza\u00e7\u00e3o tamb\u00e9m \u00e9 uma ajuda a prevenir a covid-19 longa, quadro que permanece ap\u00f3s quase um ter\u00e7o dos das infec\u00e7\u00f5es. Os [&hellip;]<\/p>\n","protected":false},"author":2,"featured_media":321035,"comment_status":"closed","ping_status":"closed","sticky":false,"template":"","format":"standard","meta":{"_acf_changed":false,"footnotes":""},"categories":[161],"tags":[],"class_list":["post-321034","post","type-post","status-publish","format-standard","has-post-thumbnail","hentry","category-quadradinho-em-foco"],"acf":[],"yoast_head":"<!-- This site is optimized with the Yoast SEO plugin v27.2 - https:\/\/yoast.com\/product\/yoast-seo-wordpress\/ -->\n<title>Vacinas protegem crian\u00e7as de covid longa, infec\u00e7\u00e3o e morte - Notibras<\/title>\n<meta name=\"robots\" content=\"index, follow, max-snippet:-1, max-image-preview:large, max-video-preview:-1\" \/>\n<link rel=\"canonical\" href=\"https:\/\/www.notibras.com\/site\/vacinas-protegem-criancas-de-covid-longa-infeccao-e-morte\/\" \/>\n<meta property=\"og:locale\" content=\"pt_BR\" \/>\n<meta property=\"og:type\" content=\"article\" \/>\n<meta property=\"og:title\" content=\"Vacinas protegem crian\u00e7as de covid longa, infec\u00e7\u00e3o e morte - Notibras\" \/>\n<meta property=\"og:description\" content=\"A efetividade das vacinas contra covid-19 usadas em crian\u00e7as e adolescentes \u00e9 de quase 90%, e os efeitos adversos graves s\u00e3o raramente relatados, refor\u00e7a uma nova nota t\u00e9cnica da Funda\u00e7\u00e3o Oswaldo Cruz (Fiocruz). A imuniza\u00e7\u00e3o tamb\u00e9m \u00e9 uma ajuda a prevenir a covid-19 longa, quadro que permanece ap\u00f3s quase um ter\u00e7o dos das infec\u00e7\u00f5es. Os [&hellip;]\" \/>\n<meta property=\"og:url\" content=\"https:\/\/www.notibras.com\/site\/vacinas-protegem-criancas-de-covid-longa-infeccao-e-morte\/\" \/>\n<meta property=\"og:site_name\" content=\"Notibras\" \/>\n<meta property=\"article:publisher\" content=\"https:\/\/www.facebook.com\/notibras\/\" \/>\n<meta property=\"article:published_time\" content=\"2024-01-23T03:00:47+00:00\" \/>\n<meta property=\"article:modified_time\" content=\"2024-01-23T12:17:14+00:00\" \/>\n<meta property=\"og:image\" content=\"https:\/\/www.notibras.com\/site\/wp-content\/uploads\/2024\/01\/cov.cri_.webp\" \/>\n\t<meta property=\"og:image:width\" content=\"1170\" \/>\n\t<meta property=\"og:image:height\" content=\"700\" \/>\n\t<meta property=\"og:image:type\" content=\"image\/webp\" \/>\n<meta name=\"author\" content=\"Reda\u00e7\u00e3o\" \/>\n<meta name=\"twitter:card\" content=\"summary_large_image\" \/>\n<meta name=\"twitter:creator\" content=\"@Notibras\" \/>\n<meta name=\"twitter:site\" content=\"@Notibras\" \/>\n<meta name=\"twitter:label1\" content=\"Escrito por\" \/>\n\t<meta name=\"twitter:data1\" content=\"Reda\u00e7\u00e3o\" \/>\n\t<meta name=\"twitter:label2\" content=\"Est. tempo de leitura\" \/>\n\t<meta name=\"twitter:data2\" content=\"2 minutos\" \/>\n<script type=\"application\/ld+json\" class=\"yoast-schema-graph\">{\"@context\":\"https:\/\/schema.org\",\"@graph\":[{\"@type\":\"Article\",\"@id\":\"https:\/\/www.notibras.com\/site\/vacinas-protegem-criancas-de-covid-longa-infeccao-e-morte\/#article\",\"isPartOf\":{\"@id\":\"https:\/\/www.notibras.com\/site\/vacinas-protegem-criancas-de-covid-longa-infeccao-e-morte\/\"},\"author\":{\"name\":\"Reda\u00e7\u00e3o\",\"@id\":\"https:\/\/www.notibras.com\/site\/#\/schema\/person\/36ab0979449956132d3e5b517ea76ac8\"},\"headline\":\"Vacinas protegem crian\u00e7as de covid longa, infec\u00e7\u00e3o e morte\",\"datePublished\":\"2024-01-23T03:00:47+00:00\",\"dateModified\":\"2024-01-23T12:17:14+00:00\",\"mainEntityOfPage\":{\"@id\":\"https:\/\/www.notibras.com\/site\/vacinas-protegem-criancas-de-covid-longa-infeccao-e-morte\/\"},\"wordCount\":391,\"publisher\":{\"@id\":\"https:\/\/www.notibras.com\/site\/#organization\"},\"image\":{\"@id\":\"https:\/\/www.notibras.com\/site\/vacinas-protegem-criancas-de-covid-longa-infeccao-e-morte\/#primaryimage\"},\"thumbnailUrl\":\"https:\/\/www.notibras.com\/site\/wp-content\/uploads\/2024\/01\/cov.cri_.webp\",\"articleSection\":[\"Quadradinho em Foco\"],\"inLanguage\":\"pt-BR\"},{\"@type\":\"WebPage\",\"@id\":\"https:\/\/www.notibras.com\/site\/vacinas-protegem-criancas-de-covid-longa-infeccao-e-morte\/\",\"url\":\"https:\/\/www.notibras.com\/site\/vacinas-protegem-criancas-de-covid-longa-infeccao-e-morte\/\",\"name\":\"Vacinas protegem crian\u00e7as de covid longa, infec\u00e7\u00e3o e morte - Notibras\",\"isPartOf\":{\"@id\":\"https:\/\/www.notibras.com\/site\/#website\"},\"primaryImageOfPage\":{\"@id\":\"https:\/\/www.notibras.com\/site\/vacinas-protegem-criancas-de-covid-longa-infeccao-e-morte\/#primaryimage\"},\"image\":{\"@id\":\"https:\/\/www.notibras.com\/site\/vacinas-protegem-criancas-de-covid-longa-infeccao-e-morte\/#primaryimage\"},\"thumbnailUrl\":\"https:\/\/www.notibras.com\/site\/wp-content\/uploads\/2024\/01\/cov.cri_.webp\",\"datePublished\":\"2024-01-23T03:00:47+00:00\",\"dateModified\":\"2024-01-23T12:17:14+00:00\",\"breadcrumb\":{\"@id\":\"https:\/\/www.notibras.com\/site\/vacinas-protegem-criancas-de-covid-longa-infeccao-e-morte\/#breadcrumb\"},\"inLanguage\":\"pt-BR\",\"potentialAction\":[{\"@type\":\"ReadAction\",\"target\":[\"https:\/\/www.notibras.com\/site\/vacinas-protegem-criancas-de-covid-longa-infeccao-e-morte\/\"]}]},{\"@type\":\"ImageObject\",\"inLanguage\":\"pt-BR\",\"@id\":\"https:\/\/www.notibras.com\/site\/vacinas-protegem-criancas-de-covid-longa-infeccao-e-morte\/#primaryimage\",\"url\":\"https:\/\/www.notibras.com\/site\/wp-content\/uploads\/2024\/01\/cov.cri_.webp\",\"contentUrl\":\"https:\/\/www.notibras.com\/site\/wp-content\/uploads\/2024\/01\/cov.cri_.webp\",\"width\":1170,\"height\":700},{\"@type\":\"BreadcrumbList\",\"@id\":\"https:\/\/www.notibras.com\/site\/vacinas-protegem-criancas-de-covid-longa-infeccao-e-morte\/#breadcrumb\",\"itemListElement\":[{\"@type\":\"ListItem\",\"position\":1,\"name\":\"In\u00edcio\",\"item\":\"https:\/\/www.notibras.com\/site\/\"},{\"@type\":\"ListItem\",\"position\":2,\"name\":\"Vacinas protegem crian\u00e7as de covid longa, infec\u00e7\u00e3o e morte\"}]},{\"@type\":\"WebSite\",\"@id\":\"https:\/\/www.notibras.com\/site\/#website\",\"url\":\"https:\/\/www.notibras.com\/site\/\",\"name\":\"Notibras\",\"description\":\"Not\u00edcias de Bras\u00edlia, do Brasil e do Mundo\",\"publisher\":{\"@id\":\"https:\/\/www.notibras.com\/site\/#organization\"},\"potentialAction\":[{\"@type\":\"SearchAction\",\"target\":{\"@type\":\"EntryPoint\",\"urlTemplate\":\"https:\/\/www.notibras.com\/site\/?s={search_term_string}\"},\"query-input\":{\"@type\":\"PropertyValueSpecification\",\"valueRequired\":true,\"valueName\":\"search_term_string\"}}],\"inLanguage\":\"pt-BR\"},{\"@type\":\"Organization\",\"@id\":\"https:\/\/www.notibras.com\/site\/#organization\",\"name\":\"Grupo Notibras de Comunica\u00e7\u00e3o\",\"url\":\"https:\/\/www.notibras.com\/site\/\",\"logo\":{\"@type\":\"ImageObject\",\"inLanguage\":\"pt-BR\",\"@id\":\"https:\/\/www.notibras.com\/site\/#\/schema\/logo\/image\/\",\"url\":\"https:\/\/www.notibras.com\/site\/wp-content\/uploads\/2023\/01\/notibras23.png\",\"contentUrl\":\"https:\/\/www.notibras.com\/site\/wp-content\/uploads\/2023\/01\/notibras23.png\",\"width\":350,\"height\":87,\"caption\":\"Grupo Notibras de Comunica\u00e7\u00e3o\"},\"image\":{\"@id\":\"https:\/\/www.notibras.com\/site\/#\/schema\/logo\/image\/\"},\"sameAs\":[\"https:\/\/www.facebook.com\/notibras\/\",\"https:\/\/x.com\/Notibras\",\"https:\/\/www.instagram.com\/notibras\/\"]},{\"@type\":\"Person\",\"@id\":\"https:\/\/www.notibras.com\/site\/#\/schema\/person\/36ab0979449956132d3e5b517ea76ac8\",\"name\":\"Reda\u00e7\u00e3o\",\"image\":{\"@type\":\"ImageObject\",\"inLanguage\":\"pt-BR\",\"@id\":\"https:\/\/secure.gravatar.com\/avatar\/e0a867bdedb85fd243eadf09663511f96fc81e0720a4a42581f334ad4303aa6b?s=96&d=mm&r=g\",\"url\":\"https:\/\/secure.gravatar.com\/avatar\/e0a867bdedb85fd243eadf09663511f96fc81e0720a4a42581f334ad4303aa6b?s=96&d=mm&r=g\",\"contentUrl\":\"https:\/\/secure.gravatar.com\/avatar\/e0a867bdedb85fd243eadf09663511f96fc81e0720a4a42581f334ad4303aa6b?s=96&d=mm&r=g\",\"caption\":\"Reda\u00e7\u00e3o\"}}]}<\/script>\n<!-- \/ Yoast SEO plugin. -->","yoast_head_json":{"title":"Vacinas protegem crian\u00e7as de covid longa, infec\u00e7\u00e3o e morte - Notibras","robots":{"index":"index","follow":"follow","max-snippet":"max-snippet:-1","max-image-preview":"max-image-preview:large","max-video-preview":"max-video-preview:-1"},"canonical":"https:\/\/www.notibras.com\/site\/vacinas-protegem-criancas-de-covid-longa-infeccao-e-morte\/","og_locale":"pt_BR","og_type":"article","og_title":"Vacinas protegem crian\u00e7as de covid longa, infec\u00e7\u00e3o e morte - Notibras","og_description":"A efetividade das vacinas contra covid-19 usadas em crian\u00e7as e adolescentes \u00e9 de quase 90%, e os efeitos adversos graves s\u00e3o raramente relatados, refor\u00e7a uma nova nota t\u00e9cnica da Funda\u00e7\u00e3o Oswaldo Cruz (Fiocruz). A imuniza\u00e7\u00e3o tamb\u00e9m \u00e9 uma ajuda a prevenir a covid-19 longa, quadro que permanece ap\u00f3s quase um ter\u00e7o dos das infec\u00e7\u00f5es. Os [&hellip;]","og_url":"https:\/\/www.notibras.com\/site\/vacinas-protegem-criancas-de-covid-longa-infeccao-e-morte\/","og_site_name":"Notibras","article_publisher":"https:\/\/www.facebook.com\/notibras\/","article_published_time":"2024-01-23T03:00:47+00:00","article_modified_time":"2024-01-23T12:17:14+00:00","og_image":[{"width":1170,"height":700,"url":"https:\/\/www.notibras.com\/site\/wp-content\/uploads\/2024\/01\/cov.cri_.webp","type":"image\/webp"}],"author":"Reda\u00e7\u00e3o","twitter_card":"summary_large_image","twitter_creator":"@Notibras","twitter_site":"@Notibras","twitter_misc":{"Escrito por":"Reda\u00e7\u00e3o","Est. tempo de leitura":"2 minutos"},"schema":{"@context":"https:\/\/schema.org","@graph":[{"@type":"Article","@id":"https:\/\/www.notibras.com\/site\/vacinas-protegem-criancas-de-covid-longa-infeccao-e-morte\/#article","isPartOf":{"@id":"https:\/\/www.notibras.com\/site\/vacinas-protegem-criancas-de-covid-longa-infeccao-e-morte\/"},"author":{"name":"Reda\u00e7\u00e3o","@id":"https:\/\/www.notibras.com\/site\/#\/schema\/person\/36ab0979449956132d3e5b517ea76ac8"},"headline":"Vacinas protegem crian\u00e7as de covid longa, infec\u00e7\u00e3o e morte","datePublished":"2024-01-23T03:00:47+00:00","dateModified":"2024-01-23T12:17:14+00:00","mainEntityOfPage":{"@id":"https:\/\/www.notibras.com\/site\/vacinas-protegem-criancas-de-covid-longa-infeccao-e-morte\/"},"wordCount":391,"publisher":{"@id":"https:\/\/www.notibras.com\/site\/#organization"},"image":{"@id":"https:\/\/www.notibras.com\/site\/vacinas-protegem-criancas-de-covid-longa-infeccao-e-morte\/#primaryimage"},"thumbnailUrl":"https:\/\/www.notibras.com\/site\/wp-content\/uploads\/2024\/01\/cov.cri_.webp","articleSection":["Quadradinho em Foco"],"inLanguage":"pt-BR"},{"@type":"WebPage","@id":"https:\/\/www.notibras.com\/site\/vacinas-protegem-criancas-de-covid-longa-infeccao-e-morte\/","url":"https:\/\/www.notibras.com\/site\/vacinas-protegem-criancas-de-covid-longa-infeccao-e-morte\/","name":"Vacinas protegem crian\u00e7as de covid longa, infec\u00e7\u00e3o e morte - Notibras","isPartOf":{"@id":"https:\/\/www.notibras.com\/site\/#website"},"primaryImageOfPage":{"@id":"https:\/\/www.notibras.com\/site\/vacinas-protegem-criancas-de-covid-longa-infeccao-e-morte\/#primaryimage"},"image":{"@id":"https:\/\/www.notibras.com\/site\/vacinas-protegem-criancas-de-covid-longa-infeccao-e-morte\/#primaryimage"},"thumbnailUrl":"https:\/\/www.notibras.com\/site\/wp-content\/uploads\/2024\/01\/cov.cri_.webp","datePublished":"2024-01-23T03:00:47+00:00","dateModified":"2024-01-23T12:17:14+00:00","breadcrumb":{"@id":"https:\/\/www.notibras.com\/site\/vacinas-protegem-criancas-de-covid-longa-infeccao-e-morte\/#breadcrumb"},"inLanguage":"pt-BR","potentialAction":[{"@type":"ReadAction","target":["https:\/\/www.notibras.com\/site\/vacinas-protegem-criancas-de-covid-longa-infeccao-e-morte\/"]}]},{"@type":"ImageObject","inLanguage":"pt-BR","@id":"https:\/\/www.notibras.com\/site\/vacinas-protegem-criancas-de-covid-longa-infeccao-e-morte\/#primaryimage","url":"https:\/\/www.notibras.com\/site\/wp-content\/uploads\/2024\/01\/cov.cri_.webp","contentUrl":"https:\/\/www.notibras.com\/site\/wp-content\/uploads\/2024\/01\/cov.cri_.webp","width":1170,"height":700},{"@type":"BreadcrumbList","@id":"https:\/\/www.notibras.com\/site\/vacinas-protegem-criancas-de-covid-longa-infeccao-e-morte\/#breadcrumb","itemListElement":[{"@type":"ListItem","position":1,"name":"In\u00edcio","item":"https:\/\/www.notibras.com\/site\/"},{"@type":"ListItem","position":2,"name":"Vacinas protegem crian\u00e7as de covid longa, infec\u00e7\u00e3o e morte"}]},{"@type":"WebSite","@id":"https:\/\/www.notibras.com\/site\/#website","url":"https:\/\/www.notibras.com\/site\/","name":"Notibras","description":"Not\u00edcias de Bras\u00edlia, do Brasil e do Mundo","publisher":{"@id":"https:\/\/www.notibras.com\/site\/#organization"},"potentialAction":[{"@type":"SearchAction","target":{"@type":"EntryPoint","urlTemplate":"https:\/\/www.notibras.com\/site\/?s={search_term_string}"},"query-input":{"@type":"PropertyValueSpecification","valueRequired":true,"valueName":"search_term_string"}}],"inLanguage":"pt-BR"},{"@type":"Organization","@id":"https:\/\/www.notibras.com\/site\/#organization","name":"Grupo Notibras de Comunica\u00e7\u00e3o","url":"https:\/\/www.notibras.com\/site\/","logo":{"@type":"ImageObject","inLanguage":"pt-BR","@id":"https:\/\/www.notibras.com\/site\/#\/schema\/logo\/image\/","url":"https:\/\/www.notibras.com\/site\/wp-content\/uploads\/2023\/01\/notibras23.png","contentUrl":"https:\/\/www.notibras.com\/site\/wp-content\/uploads\/2023\/01\/notibras23.png","width":350,"height":87,"caption":"Grupo Notibras de Comunica\u00e7\u00e3o"},"image":{"@id":"https:\/\/www.notibras.com\/site\/#\/schema\/logo\/image\/"},"sameAs":["https:\/\/www.facebook.com\/notibras\/","https:\/\/x.com\/Notibras","https:\/\/www.instagram.com\/notibras\/"]},{"@type":"Person","@id":"https:\/\/www.notibras.com\/site\/#\/schema\/person\/36ab0979449956132d3e5b517ea76ac8","name":"Reda\u00e7\u00e3o","image":{"@type":"ImageObject","inLanguage":"pt-BR","@id":"https:\/\/secure.gravatar.com\/avatar\/e0a867bdedb85fd243eadf09663511f96fc81e0720a4a42581f334ad4303aa6b?s=96&d=mm&r=g","url":"https:\/\/secure.gravatar.com\/avatar\/e0a867bdedb85fd243eadf09663511f96fc81e0720a4a42581f334ad4303aa6b?s=96&d=mm&r=g","contentUrl":"https:\/\/secure.gravatar.com\/avatar\/e0a867bdedb85fd243eadf09663511f96fc81e0720a4a42581f334ad4303aa6b?s=96&d=mm&r=g","caption":"Reda\u00e7\u00e3o"}}]}},"amp_enabled":true,"_links":{"self":[{"href":"https:\/\/www.notibras.com\/site\/wp-json\/wp\/v2\/posts\/321034","targetHints":{"allow":["GET"]}}],"collection":[{"href":"https:\/\/www.notibras.com\/site\/wp-json\/wp\/v2\/posts"}],"about":[{"href":"https:\/\/www.notibras.com\/site\/wp-json\/wp\/v2\/types\/post"}],"author":[{"embeddable":true,"href":"https:\/\/www.notibras.com\/site\/wp-json\/wp\/v2\/users\/2"}],"replies":[{"embeddable":true,"href":"https:\/\/www.notibras.com\/site\/wp-json\/wp\/v2\/comments?post=321034"}],"version-history":[{"count":1,"href":"https:\/\/www.notibras.com\/site\/wp-json\/wp\/v2\/posts\/321034\/revisions"}],"predecessor-version":[{"id":321036,"href":"https:\/\/www.notibras.com\/site\/wp-json\/wp\/v2\/posts\/321034\/revisions\/321036"}],"wp:featuredmedia":[{"embeddable":true,"href":"https:\/\/www.notibras.com\/site\/wp-json\/wp\/v2\/media\/321035"}],"wp:attachment":[{"href":"https:\/\/www.notibras.com\/site\/wp-json\/wp\/v2\/media?parent=321034"}],"wp:term":[{"taxonomy":"category","embeddable":true,"href":"https:\/\/www.notibras.com\/site\/wp-json\/wp\/v2\/categories?post=321034"},{"taxonomy":"post_tag","embeddable":true,"href":"https:\/\/www.notibras.com\/site\/wp-json\/wp\/v2\/tags?post=321034"}],"curies":[{"name":"wp","href":"https:\/\/api.w.org\/{rel}","templated":true}]}}