{"id":321040,"date":"2024-01-23T00:00:51","date_gmt":"2024-01-23T03:00:51","guid":{"rendered":"https:\/\/www.notibras.com\/site\/?p=321040"},"modified":"2024-01-23T09:40:25","modified_gmt":"2024-01-23T12:40:25","slug":"consorcio-brasil-central-se-renova-e-premia-acoes-inovadoras","status":"publish","type":"post","link":"https:\/\/www.notibras.com\/site\/consorcio-brasil-central-se-renova-e-premia-acoes-inovadoras\/","title":{"rendered":"Cons\u00f3rcio Brasil Central se renova e premia a\u00e7\u00f5es inovadoras"},"content":{"rendered":"<p>Os sete governadores que formam o Cons\u00f3rcio Brasil Central (BrC) v\u00e3o se reunir nesta ter\u00e7a-feira (23) para eleger um novo presidente do grupo e apresentar inova\u00e7\u00f5es regionais condecoradas na 2\u00aa edi\u00e7\u00e3o do pr\u00eamio Boas Pr\u00e1ticas. O GDF foi premiado pelo RenovaDF, programa de capacita\u00e7\u00e3o profissional criado em 2021 que insere alunos na recupera\u00e7\u00e3o de espa\u00e7os p\u00fablicos, e pelo projeto de reabilita\u00e7\u00e3o humanizada feito pelo Hospital Regional de Santa Maria.<\/p>\n<p>O encontro est\u00e1 marcado para o audit\u00f3rio do Centro Empresarial CNC, no Setor de Autarquias Norte, a partir das 9h. Al\u00e9m do governador do Distrito Federal, Ibaneis Rocha, est\u00e3o confirmados os governadores Mauro Mendes (Mato Grosso), Eduardo Riedel (Mato Grosso do Sul), Carlos Brand\u00e3o (Maranh\u00e3o), Marcos Rocha (Rond\u00f4nia), Wanderlei Barbosa (Tocantins) e Ronaldo Caiado (Goi\u00e1s).<\/p>\n<p>Durante o encontro, os chefes do Executivo v\u00e3o definir o novo presidente do cons\u00f3rcio. O atual presidente \u00e9 o governador Mauro Mendes. Essa elei\u00e7\u00e3o ocorre anualmente, e a posse do novo mandat\u00e1rio est\u00e1 marcada para este evento.<\/p>\n<p>O F\u00f3rum de Governadores do BrC contar\u00e1 tamb\u00e9m com a presen\u00e7a do ministro do Desenvolvimento e Assist\u00eancia Social, Fam\u00edlia e Combate \u00e0 Fome do Brasil, Wellington Dias. Ele ser\u00e1 respons\u00e1vel por abordar o tema seguran\u00e7a alimentar, e vai assinar, junto aos governadores, um acordo de coopera\u00e7\u00e3o t\u00e9cnica sobre o Plano Brasil sem Fome.<\/p>\n<p>\u201cSer\u00e1 mais um encontro produtivo desse grupo de governadores que responde por uma parcela importante do PIB, com tomada de decis\u00f5es para fortalecer nossas a\u00e7\u00f5es em comum. Al\u00e9m da escolha do novo presidente, vamos apresentar iniciativas de destaque do pr\u00eamio Boas Pr\u00e1ticas. No caso do Distrito Federal, fomos escolhidos pelo RenovaDF e o time de reabilita\u00e7\u00e3o de internados do Hospital Regional de Santa Maria [HRSM]\u201d, destaca o governador Ibaneis Rocha.<\/p>\n<p><strong>Inova\u00e7\u00e3o e desenvolvimento<\/strong><br \/>\nO Boas Pr\u00e1ticas recebeu 139 inscri\u00e7\u00f5es dos sete entes consorciados. Os vencedores receberam um valor de R$ 20 mil, sendo que o Mato Grosso, com o projeto da Plataforma Unificada de Servi\u00e7os Digitais, conquistou o primeiro lugar geral e recebeu uma premia\u00e7\u00e3o adicional de R$ 30 mil.<\/p>\n<p>Lan\u00e7ado em 2021, o RenovaDF \u00e9 um programa que capacita profissionais, facilita o ingresso no mercado de trabalho e reforma espa\u00e7os p\u00fablicos. \u00c9 destinado a pessoas com mais de 18 anos, moradores do DF, em situa\u00e7\u00e3o de desemprego e natas, naturalizadas ou estrangeiras em situa\u00e7\u00e3o regular no pa\u00eds. Desde a cria\u00e7\u00e3o, o RenovaDF tem colaborado para a redu\u00e7\u00e3o do desemprego, o aquecimento do mercado da constru\u00e7\u00e3o civil e a qualifica\u00e7\u00e3o de profissionais, al\u00e9m de recuperar milhares de equipamentos p\u00fablicos, entre parquinhos, pra\u00e7as e quadras poliesportivas.<\/p>\n<p>J\u00e1 o projeto do Hospital de Santa Maria \u00e9 chamado de Time de Reabilita\u00e7\u00e3o. Ele consiste num trabalho de mobiliza\u00e7\u00e3o para que pacientes internados tenham reabilita\u00e7\u00e3o mais \u00e1gil e humanizada. As equipes do hospital passaram a atender os pacientes de acordo com a gravidade dos casos e, assim, a acelerar a recupera\u00e7\u00e3o com trabalhos de fisioterapia.<\/p>\n<p><strong>Sobre o BrC<\/strong><br \/>\nFundado em 2015, o BrC tem como objetivo estimular o desenvolvimento de seus participantes, que acumulam 2,5 milh\u00f5es de metros quadrados de territ\u00f3rio e 875 munic\u00edpios.<\/p>\n<p>Juntos, Goi\u00e1s, Maranh\u00e3o, Mato Grosso, Rond\u00f4nia, Tocantins e o Distrito Federal formam o cons\u00f3rcio, respons\u00e1vel por 12,56% do Produto Interno Bruto (PIB) do pa\u00eds. Esse grupo re\u00fane uma popula\u00e7\u00e3o de aproximadamente 27 milh\u00f5es de pessoas e conta com uma relevante representa\u00e7\u00e3o no Congresso Nacional, com 21 senadores e 75 deputados.<\/p>\n<p>O governador Ibaneis Rocha presidiu o BrC entre 2021 e 2022, quando liderou a concess\u00e3o de linhas de cr\u00e9dito do Banco de Bras\u00edlia (BRB) e a redu\u00e7\u00e3o de at\u00e9 30% do custo da compra de medicamentos pelo grupo, fruto do projeto Sa\u00fade Compras Compartilhadas.<\/p>\n","protected":false},"excerpt":{"rendered":"<p>Os sete governadores que formam o Cons\u00f3rcio Brasil Central (BrC) v\u00e3o se reunir nesta ter\u00e7a-feira (23) para eleger um novo presidente do grupo e apresentar inova\u00e7\u00f5es regionais condecoradas na 2\u00aa edi\u00e7\u00e3o do pr\u00eamio Boas Pr\u00e1ticas. O GDF foi premiado pelo RenovaDF, programa de capacita\u00e7\u00e3o profissional criado em 2021 que insere alunos na recupera\u00e7\u00e3o de espa\u00e7os [&hellip;]<\/p>\n","protected":false},"author":2,"featured_media":321041,"comment_status":"closed","ping_status":"closed","sticky":false,"template":"","format":"standard","meta":{"_acf_changed":false,"footnotes":""},"categories":[161],"tags":[],"class_list":["post-321040","post","type-post","status-publish","format-standard","has-post-thumbnail","hentry","category-quadradinho-em-foco"],"acf":[],"yoast_head":"<!-- This site is optimized with the Yoast SEO plugin v27.2 - https:\/\/yoast.com\/product\/yoast-seo-wordpress\/ -->\n<title>Cons\u00f3rcio Brasil Central se renova e premia a\u00e7\u00f5es inovadoras - Notibras<\/title>\n<meta name=\"robots\" content=\"index, follow, max-snippet:-1, max-image-preview:large, max-video-preview:-1\" \/>\n<link rel=\"canonical\" href=\"https:\/\/www.notibras.com\/site\/consorcio-brasil-central-se-renova-e-premia-acoes-inovadoras\/\" \/>\n<meta property=\"og:locale\" content=\"pt_BR\" \/>\n<meta property=\"og:type\" content=\"article\" \/>\n<meta property=\"og:title\" content=\"Cons\u00f3rcio Brasil Central se renova e premia a\u00e7\u00f5es inovadoras - Notibras\" \/>\n<meta property=\"og:description\" content=\"Os sete governadores que formam o Cons\u00f3rcio Brasil Central (BrC) v\u00e3o se reunir nesta ter\u00e7a-feira (23) para eleger um novo presidente do grupo e apresentar inova\u00e7\u00f5es regionais condecoradas na 2\u00aa edi\u00e7\u00e3o do pr\u00eamio Boas Pr\u00e1ticas. O GDF foi premiado pelo RenovaDF, programa de capacita\u00e7\u00e3o profissional criado em 2021 que insere alunos na recupera\u00e7\u00e3o de espa\u00e7os [&hellip;]\" \/>\n<meta property=\"og:url\" content=\"https:\/\/www.notibras.com\/site\/consorcio-brasil-central-se-renova-e-premia-acoes-inovadoras\/\" \/>\n<meta property=\"og:site_name\" content=\"Notibras\" \/>\n<meta property=\"article:publisher\" content=\"https:\/\/www.facebook.com\/notibras\/\" \/>\n<meta property=\"article:published_time\" content=\"2024-01-23T03:00:51+00:00\" \/>\n<meta property=\"article:modified_time\" content=\"2024-01-23T12:40:25+00:00\" \/>\n<meta property=\"og:image\" content=\"https:\/\/www.notibras.com\/site\/wp-content\/uploads\/2024\/01\/co.co_.iba_.jpg\" \/>\n\t<meta property=\"og:image:width\" content=\"799\" \/>\n\t<meta property=\"og:image:height\" content=\"562\" \/>\n\t<meta property=\"og:image:type\" content=\"image\/jpeg\" \/>\n<meta name=\"author\" content=\"Reda\u00e7\u00e3o\" \/>\n<meta name=\"twitter:card\" content=\"summary_large_image\" \/>\n<meta name=\"twitter:creator\" content=\"@Notibras\" \/>\n<meta name=\"twitter:site\" content=\"@Notibras\" \/>\n<meta name=\"twitter:label1\" content=\"Escrito por\" \/>\n\t<meta name=\"twitter:data1\" content=\"Reda\u00e7\u00e3o\" \/>\n\t<meta name=\"twitter:label2\" content=\"Est. tempo de leitura\" \/>\n\t<meta name=\"twitter:data2\" content=\"4 minutos\" \/>\n<script type=\"application\/ld+json\" class=\"yoast-schema-graph\">{\"@context\":\"https:\/\/schema.org\",\"@graph\":[{\"@type\":\"Article\",\"@id\":\"https:\/\/www.notibras.com\/site\/consorcio-brasil-central-se-renova-e-premia-acoes-inovadoras\/#article\",\"isPartOf\":{\"@id\":\"https:\/\/www.notibras.com\/site\/consorcio-brasil-central-se-renova-e-premia-acoes-inovadoras\/\"},\"author\":{\"name\":\"Reda\u00e7\u00e3o\",\"@id\":\"https:\/\/www.notibras.com\/site\/#\/schema\/person\/36ab0979449956132d3e5b517ea76ac8\"},\"headline\":\"Cons\u00f3rcio Brasil Central se renova e premia a\u00e7\u00f5es inovadoras\",\"datePublished\":\"2024-01-23T03:00:51+00:00\",\"dateModified\":\"2024-01-23T12:40:25+00:00\",\"mainEntityOfPage\":{\"@id\":\"https:\/\/www.notibras.com\/site\/consorcio-brasil-central-se-renova-e-premia-acoes-inovadoras\/\"},\"wordCount\":664,\"publisher\":{\"@id\":\"https:\/\/www.notibras.com\/site\/#organization\"},\"image\":{\"@id\":\"https:\/\/www.notibras.com\/site\/consorcio-brasil-central-se-renova-e-premia-acoes-inovadoras\/#primaryimage\"},\"thumbnailUrl\":\"https:\/\/www.notibras.com\/site\/wp-content\/uploads\/2024\/01\/co.co_.iba_.jpg\",\"articleSection\":[\"Quadradinho em Foco\"],\"inLanguage\":\"pt-BR\"},{\"@type\":\"WebPage\",\"@id\":\"https:\/\/www.notibras.com\/site\/consorcio-brasil-central-se-renova-e-premia-acoes-inovadoras\/\",\"url\":\"https:\/\/www.notibras.com\/site\/consorcio-brasil-central-se-renova-e-premia-acoes-inovadoras\/\",\"name\":\"Cons\u00f3rcio Brasil Central se renova e premia a\u00e7\u00f5es inovadoras - Notibras\",\"isPartOf\":{\"@id\":\"https:\/\/www.notibras.com\/site\/#website\"},\"primaryImageOfPage\":{\"@id\":\"https:\/\/www.notibras.com\/site\/consorcio-brasil-central-se-renova-e-premia-acoes-inovadoras\/#primaryimage\"},\"image\":{\"@id\":\"https:\/\/www.notibras.com\/site\/consorcio-brasil-central-se-renova-e-premia-acoes-inovadoras\/#primaryimage\"},\"thumbnailUrl\":\"https:\/\/www.notibras.com\/site\/wp-content\/uploads\/2024\/01\/co.co_.iba_.jpg\",\"datePublished\":\"2024-01-23T03:00:51+00:00\",\"dateModified\":\"2024-01-23T12:40:25+00:00\",\"breadcrumb\":{\"@id\":\"https:\/\/www.notibras.com\/site\/consorcio-brasil-central-se-renova-e-premia-acoes-inovadoras\/#breadcrumb\"},\"inLanguage\":\"pt-BR\",\"potentialAction\":[{\"@type\":\"ReadAction\",\"target\":[\"https:\/\/www.notibras.com\/site\/consorcio-brasil-central-se-renova-e-premia-acoes-inovadoras\/\"]}]},{\"@type\":\"ImageObject\",\"inLanguage\":\"pt-BR\",\"@id\":\"https:\/\/www.notibras.com\/site\/consorcio-brasil-central-se-renova-e-premia-acoes-inovadoras\/#primaryimage\",\"url\":\"https:\/\/www.notibras.com\/site\/wp-content\/uploads\/2024\/01\/co.co_.iba_.jpg\",\"contentUrl\":\"https:\/\/www.notibras.com\/site\/wp-content\/uploads\/2024\/01\/co.co_.iba_.jpg\",\"width\":799,\"height\":562},{\"@type\":\"BreadcrumbList\",\"@id\":\"https:\/\/www.notibras.com\/site\/consorcio-brasil-central-se-renova-e-premia-acoes-inovadoras\/#breadcrumb\",\"itemListElement\":[{\"@type\":\"ListItem\",\"position\":1,\"name\":\"In\u00edcio\",\"item\":\"https:\/\/www.notibras.com\/site\/\"},{\"@type\":\"ListItem\",\"position\":2,\"name\":\"Cons\u00f3rcio Brasil Central se renova e premia a\u00e7\u00f5es inovadoras\"}]},{\"@type\":\"WebSite\",\"@id\":\"https:\/\/www.notibras.com\/site\/#website\",\"url\":\"https:\/\/www.notibras.com\/site\/\",\"name\":\"Notibras\",\"description\":\"Not\u00edcias de Bras\u00edlia, do Brasil e do Mundo\",\"publisher\":{\"@id\":\"https:\/\/www.notibras.com\/site\/#organization\"},\"potentialAction\":[{\"@type\":\"SearchAction\",\"target\":{\"@type\":\"EntryPoint\",\"urlTemplate\":\"https:\/\/www.notibras.com\/site\/?s={search_term_string}\"},\"query-input\":{\"@type\":\"PropertyValueSpecification\",\"valueRequired\":true,\"valueName\":\"search_term_string\"}}],\"inLanguage\":\"pt-BR\"},{\"@type\":\"Organization\",\"@id\":\"https:\/\/www.notibras.com\/site\/#organization\",\"name\":\"Grupo Notibras de Comunica\u00e7\u00e3o\",\"url\":\"https:\/\/www.notibras.com\/site\/\",\"logo\":{\"@type\":\"ImageObject\",\"inLanguage\":\"pt-BR\",\"@id\":\"https:\/\/www.notibras.com\/site\/#\/schema\/logo\/image\/\",\"url\":\"https:\/\/www.notibras.com\/site\/wp-content\/uploads\/2023\/01\/notibras23.png\",\"contentUrl\":\"https:\/\/www.notibras.com\/site\/wp-content\/uploads\/2023\/01\/notibras23.png\",\"width\":350,\"height\":87,\"caption\":\"Grupo Notibras de Comunica\u00e7\u00e3o\"},\"image\":{\"@id\":\"https:\/\/www.notibras.com\/site\/#\/schema\/logo\/image\/\"},\"sameAs\":[\"https:\/\/www.facebook.com\/notibras\/\",\"https:\/\/x.com\/Notibras\",\"https:\/\/www.instagram.com\/notibras\/\"]},{\"@type\":\"Person\",\"@id\":\"https:\/\/www.notibras.com\/site\/#\/schema\/person\/36ab0979449956132d3e5b517ea76ac8\",\"name\":\"Reda\u00e7\u00e3o\",\"image\":{\"@type\":\"ImageObject\",\"inLanguage\":\"pt-BR\",\"@id\":\"https:\/\/secure.gravatar.com\/avatar\/e0a867bdedb85fd243eadf09663511f96fc81e0720a4a42581f334ad4303aa6b?s=96&d=mm&r=g\",\"url\":\"https:\/\/secure.gravatar.com\/avatar\/e0a867bdedb85fd243eadf09663511f96fc81e0720a4a42581f334ad4303aa6b?s=96&d=mm&r=g\",\"contentUrl\":\"https:\/\/secure.gravatar.com\/avatar\/e0a867bdedb85fd243eadf09663511f96fc81e0720a4a42581f334ad4303aa6b?s=96&d=mm&r=g\",\"caption\":\"Reda\u00e7\u00e3o\"}}]}<\/script>\n<!-- \/ Yoast SEO plugin. -->","yoast_head_json":{"title":"Cons\u00f3rcio Brasil Central se renova e premia a\u00e7\u00f5es inovadoras - Notibras","robots":{"index":"index","follow":"follow","max-snippet":"max-snippet:-1","max-image-preview":"max-image-preview:large","max-video-preview":"max-video-preview:-1"},"canonical":"https:\/\/www.notibras.com\/site\/consorcio-brasil-central-se-renova-e-premia-acoes-inovadoras\/","og_locale":"pt_BR","og_type":"article","og_title":"Cons\u00f3rcio Brasil Central se renova e premia a\u00e7\u00f5es inovadoras - Notibras","og_description":"Os sete governadores que formam o Cons\u00f3rcio Brasil Central (BrC) v\u00e3o se reunir nesta ter\u00e7a-feira (23) para eleger um novo presidente do grupo e apresentar inova\u00e7\u00f5es regionais condecoradas na 2\u00aa edi\u00e7\u00e3o do pr\u00eamio Boas Pr\u00e1ticas. O GDF foi premiado pelo RenovaDF, programa de capacita\u00e7\u00e3o profissional criado em 2021 que insere alunos na recupera\u00e7\u00e3o de espa\u00e7os [&hellip;]","og_url":"https:\/\/www.notibras.com\/site\/consorcio-brasil-central-se-renova-e-premia-acoes-inovadoras\/","og_site_name":"Notibras","article_publisher":"https:\/\/www.facebook.com\/notibras\/","article_published_time":"2024-01-23T03:00:51+00:00","article_modified_time":"2024-01-23T12:40:25+00:00","og_image":[{"width":799,"height":562,"url":"https:\/\/www.notibras.com\/site\/wp-content\/uploads\/2024\/01\/co.co_.iba_.jpg","type":"image\/jpeg"}],"author":"Reda\u00e7\u00e3o","twitter_card":"summary_large_image","twitter_creator":"@Notibras","twitter_site":"@Notibras","twitter_misc":{"Escrito por":"Reda\u00e7\u00e3o","Est. tempo de leitura":"4 minutos"},"schema":{"@context":"https:\/\/schema.org","@graph":[{"@type":"Article","@id":"https:\/\/www.notibras.com\/site\/consorcio-brasil-central-se-renova-e-premia-acoes-inovadoras\/#article","isPartOf":{"@id":"https:\/\/www.notibras.com\/site\/consorcio-brasil-central-se-renova-e-premia-acoes-inovadoras\/"},"author":{"name":"Reda\u00e7\u00e3o","@id":"https:\/\/www.notibras.com\/site\/#\/schema\/person\/36ab0979449956132d3e5b517ea76ac8"},"headline":"Cons\u00f3rcio Brasil Central se renova e premia a\u00e7\u00f5es inovadoras","datePublished":"2024-01-23T03:00:51+00:00","dateModified":"2024-01-23T12:40:25+00:00","mainEntityOfPage":{"@id":"https:\/\/www.notibras.com\/site\/consorcio-brasil-central-se-renova-e-premia-acoes-inovadoras\/"},"wordCount":664,"publisher":{"@id":"https:\/\/www.notibras.com\/site\/#organization"},"image":{"@id":"https:\/\/www.notibras.com\/site\/consorcio-brasil-central-se-renova-e-premia-acoes-inovadoras\/#primaryimage"},"thumbnailUrl":"https:\/\/www.notibras.com\/site\/wp-content\/uploads\/2024\/01\/co.co_.iba_.jpg","articleSection":["Quadradinho em Foco"],"inLanguage":"pt-BR"},{"@type":"WebPage","@id":"https:\/\/www.notibras.com\/site\/consorcio-brasil-central-se-renova-e-premia-acoes-inovadoras\/","url":"https:\/\/www.notibras.com\/site\/consorcio-brasil-central-se-renova-e-premia-acoes-inovadoras\/","name":"Cons\u00f3rcio Brasil Central se renova e premia a\u00e7\u00f5es inovadoras - Notibras","isPartOf":{"@id":"https:\/\/www.notibras.com\/site\/#website"},"primaryImageOfPage":{"@id":"https:\/\/www.notibras.com\/site\/consorcio-brasil-central-se-renova-e-premia-acoes-inovadoras\/#primaryimage"},"image":{"@id":"https:\/\/www.notibras.com\/site\/consorcio-brasil-central-se-renova-e-premia-acoes-inovadoras\/#primaryimage"},"thumbnailUrl":"https:\/\/www.notibras.com\/site\/wp-content\/uploads\/2024\/01\/co.co_.iba_.jpg","datePublished":"2024-01-23T03:00:51+00:00","dateModified":"2024-01-23T12:40:25+00:00","breadcrumb":{"@id":"https:\/\/www.notibras.com\/site\/consorcio-brasil-central-se-renova-e-premia-acoes-inovadoras\/#breadcrumb"},"inLanguage":"pt-BR","potentialAction":[{"@type":"ReadAction","target":["https:\/\/www.notibras.com\/site\/consorcio-brasil-central-se-renova-e-premia-acoes-inovadoras\/"]}]},{"@type":"ImageObject","inLanguage":"pt-BR","@id":"https:\/\/www.notibras.com\/site\/consorcio-brasil-central-se-renova-e-premia-acoes-inovadoras\/#primaryimage","url":"https:\/\/www.notibras.com\/site\/wp-content\/uploads\/2024\/01\/co.co_.iba_.jpg","contentUrl":"https:\/\/www.notibras.com\/site\/wp-content\/uploads\/2024\/01\/co.co_.iba_.jpg","width":799,"height":562},{"@type":"BreadcrumbList","@id":"https:\/\/www.notibras.com\/site\/consorcio-brasil-central-se-renova-e-premia-acoes-inovadoras\/#breadcrumb","itemListElement":[{"@type":"ListItem","position":1,"name":"In\u00edcio","item":"https:\/\/www.notibras.com\/site\/"},{"@type":"ListItem","position":2,"name":"Cons\u00f3rcio Brasil Central se renova e premia a\u00e7\u00f5es inovadoras"}]},{"@type":"WebSite","@id":"https:\/\/www.notibras.com\/site\/#website","url":"https:\/\/www.notibras.com\/site\/","name":"Notibras","description":"Not\u00edcias de Bras\u00edlia, do Brasil e do Mundo","publisher":{"@id":"https:\/\/www.notibras.com\/site\/#organization"},"potentialAction":[{"@type":"SearchAction","target":{"@type":"EntryPoint","urlTemplate":"https:\/\/www.notibras.com\/site\/?s={search_term_string}"},"query-input":{"@type":"PropertyValueSpecification","valueRequired":true,"valueName":"search_term_string"}}],"inLanguage":"pt-BR"},{"@type":"Organization","@id":"https:\/\/www.notibras.com\/site\/#organization","name":"Grupo Notibras de Comunica\u00e7\u00e3o","url":"https:\/\/www.notibras.com\/site\/","logo":{"@type":"ImageObject","inLanguage":"pt-BR","@id":"https:\/\/www.notibras.com\/site\/#\/schema\/logo\/image\/","url":"https:\/\/www.notibras.com\/site\/wp-content\/uploads\/2023\/01\/notibras23.png","contentUrl":"https:\/\/www.notibras.com\/site\/wp-content\/uploads\/2023\/01\/notibras23.png","width":350,"height":87,"caption":"Grupo Notibras de Comunica\u00e7\u00e3o"},"image":{"@id":"https:\/\/www.notibras.com\/site\/#\/schema\/logo\/image\/"},"sameAs":["https:\/\/www.facebook.com\/notibras\/","https:\/\/x.com\/Notibras","https:\/\/www.instagram.com\/notibras\/"]},{"@type":"Person","@id":"https:\/\/www.notibras.com\/site\/#\/schema\/person\/36ab0979449956132d3e5b517ea76ac8","name":"Reda\u00e7\u00e3o","image":{"@type":"ImageObject","inLanguage":"pt-BR","@id":"https:\/\/secure.gravatar.com\/avatar\/e0a867bdedb85fd243eadf09663511f96fc81e0720a4a42581f334ad4303aa6b?s=96&d=mm&r=g","url":"https:\/\/secure.gravatar.com\/avatar\/e0a867bdedb85fd243eadf09663511f96fc81e0720a4a42581f334ad4303aa6b?s=96&d=mm&r=g","contentUrl":"https:\/\/secure.gravatar.com\/avatar\/e0a867bdedb85fd243eadf09663511f96fc81e0720a4a42581f334ad4303aa6b?s=96&d=mm&r=g","caption":"Reda\u00e7\u00e3o"}}]}},"amp_enabled":true,"_links":{"self":[{"href":"https:\/\/www.notibras.com\/site\/wp-json\/wp\/v2\/posts\/321040","targetHints":{"allow":["GET"]}}],"collection":[{"href":"https:\/\/www.notibras.com\/site\/wp-json\/wp\/v2\/posts"}],"about":[{"href":"https:\/\/www.notibras.com\/site\/wp-json\/wp\/v2\/types\/post"}],"author":[{"embeddable":true,"href":"https:\/\/www.notibras.com\/site\/wp-json\/wp\/v2\/users\/2"}],"replies":[{"embeddable":true,"href":"https:\/\/www.notibras.com\/site\/wp-json\/wp\/v2\/comments?post=321040"}],"version-history":[{"count":1,"href":"https:\/\/www.notibras.com\/site\/wp-json\/wp\/v2\/posts\/321040\/revisions"}],"predecessor-version":[{"id":321042,"href":"https:\/\/www.notibras.com\/site\/wp-json\/wp\/v2\/posts\/321040\/revisions\/321042"}],"wp:featuredmedia":[{"embeddable":true,"href":"https:\/\/www.notibras.com\/site\/wp-json\/wp\/v2\/media\/321041"}],"wp:attachment":[{"href":"https:\/\/www.notibras.com\/site\/wp-json\/wp\/v2\/media?parent=321040"}],"wp:term":[{"taxonomy":"category","embeddable":true,"href":"https:\/\/www.notibras.com\/site\/wp-json\/wp\/v2\/categories?post=321040"},{"taxonomy":"post_tag","embeddable":true,"href":"https:\/\/www.notibras.com\/site\/wp-json\/wp\/v2\/tags?post=321040"}],"curies":[{"name":"wp","href":"https:\/\/api.w.org\/{rel}","templated":true}]}}