{"id":321102,"date":"2024-01-24T08:14:14","date_gmt":"2024-01-24T11:14:14","guid":{"rendered":"https:\/\/www.notibras.com\/site\/?p=321102"},"modified":"2024-01-24T08:14:14","modified_gmt":"2024-01-24T11:14:14","slug":"comunidade-escolar-vai-propor-novas-politicas-educacionais","status":"publish","type":"post","link":"https:\/\/www.notibras.com\/site\/comunidade-escolar-vai-propor-novas-politicas-educacionais\/","title":{"rendered":"Comunidade escolar vai propor novas pol\u00edticas educacionais"},"content":{"rendered":"<p>Evas\u00e3o escolar, falta de vagas em sala de aula, analfabetismo e viol\u00eancias est\u00e3o entre os m\u00faltiplos desafios da \u00e1rea educacional no Brasil que estar\u00e3o em debate e avalia\u00e7\u00e3o a partir do pr\u00f3ximo domingo (28), na Confer\u00eancia Nacional de Educa\u00e7\u00e3o. O evento vai at\u00e9 ter\u00e7a-feira (30), na Universidade de Bras\u00edlia (UnB).<\/p>\n<p>A discuss\u00e3o dos problemas, com 2 mil profissionais do setor, estudantes e outros representantes da \u00e1rea, tem como meta propor solu\u00e7\u00f5es a serem contempladas no novo Plano Nacional de Educa\u00e7\u00e3o (2024-2034), a ser apresentado como projeto de lei do governo federal para o Congresso neste ano.<\/p>\n<p>Inclusive, o tema central da confer\u00eancia \u00e9 &#8220;Plano Nacional de Educa\u00e7\u00e3o 2024-2034: Pol\u00edtica de Estado para garantir a educa\u00e7\u00e3o como um direito humano com justi\u00e7a social e desenvolvimento socioambiental sustent\u00e1vel&#8221;. A confer\u00eancia nacional foi convocada de maneira extraordin\u00e1ria pelo Decreto Lei 11.697\/23. A abertura dos trabalhos contar\u00e1 com a presen\u00e7a do presidente Luiz In\u00e1cio Lula da Silva e do ministro da Educa\u00e7\u00e3o, Camilo Santana. Eles participar\u00e3o da solenidade de abertura na segunda, \u00e0s 19h.<\/p>\n<p><strong>Participa\u00e7\u00e3o<\/strong><br \/>\nA etapa nacional ocorre depois de confer\u00eancias municipais, intermunicipais e em cada unidade da federa\u00e7\u00e3o, como explicou \u00e0 Ag\u00eancia Brasil o presidente da Confedera\u00e7\u00e3o Nacional dos Trabalhadores em Educa\u00e7\u00e3o (CNTE), Heleno Ara\u00fajo, que \u00e9 professor da educa\u00e7\u00e3o b\u00e1sica em Pernambuco.<\/p>\n<p>\u201cA Confer\u00eancia Nacional da Educa\u00e7\u00e3o \u00e9 espa\u00e7o de participa\u00e7\u00e3o social e popular para todos os segmentos que atuam na educa\u00e7\u00e3o b\u00e1sica, superior e profissional\u201d. Dos 2 mil delegados (representantes) que participam do evento, 1,5 mil s\u00e3o estudantes, trabalhadores em educa\u00e7\u00e3o, pais e m\u00e3es respons\u00e1veis, conselheiros de educa\u00e7\u00e3o e dirigentes educacionais.<\/p>\n<p>Ara\u00fajo recorda que o presidente Lula e o ministro Camilo Santana pediram que fossem ouvidas as demandas dessas \u00e1reas da educa\u00e7\u00e3o para elaborar um projeto de lei do Plano Nacional de Educa\u00e7\u00e3o.<\/p>\n<p><strong>Desafios<\/strong><br \/>\nHeleno Ara\u00fajo acrescenta que a confer\u00eancia vai produzir um documento final com uma avalia\u00e7\u00e3o do atual plano de educa\u00e7\u00e3o que vigora at\u00e9 junho deste ano. \u201cA gente entende que h\u00e1 dois principais desafios: o financiamento da educa\u00e7\u00e3o e a falta de participa\u00e7\u00e3o popular nas quest\u00f5es do ensino. N\u00f3s tivemos nesses \u00faltimos anos dois planos nacionais e n\u00e3o foram colocados em pr\u00e1tica de forma devida.\u201d<\/p>\n<p>Ele cita que, ainda hoje, o Brasil s\u00f3 atende 35% da demanda de creche para as fam\u00edlias brasileiras, inclusive as mais pobres. \u201cSe a meta era alcan\u00e7ar 50%, 15% ou mais, \u00e9 preciso fazer com que as pessoas saibam disso e o Estado tenha um desejo de ampliar a quantidade de creches. Mobilizar a popula\u00e7\u00e3o para cobrar dos munic\u00edpios, dos estados e da Uni\u00e3o a aplica\u00e7\u00e3o dessa pol\u00edtica que \u00e9 lei.\u201d<\/p>\n<p>O presidente do CNTE defende a confer\u00eancia nacional para colocar em discuss\u00e3o temas como a necessidade de o Estado brasileiro garantir o acesso e a perman\u00eancia, no m\u00ednimo, para que os brasileiros concluam a educa\u00e7\u00e3o b\u00e1sica.<\/p>\n<p><strong>Desrespeito<\/strong><br \/>\n\u201cN\u00f3s temos quase 2 milh\u00f5es de pessoas, de 4 a 17 anos de idade, que nunca frequentaram a escola. A Constitui\u00e7\u00e3o Federal diz que \u00e9 obrigat\u00f3rio essas pessoas estarem na escola. A partir dos 18 anos de idade, n\u00f3s temos 76 milh\u00f5es de brasileiros e brasileiras que n\u00e3o conclu\u00edram a educa\u00e7\u00e3o b\u00e1sica\u201d, cita o professor.<\/p>\n<p>Para ele, n\u00e3o se pode tratar de pol\u00edtica de financiamento apenas para os que j\u00e1 est\u00e3o matriculados. \u201cA gente tem quase o dobro fora da escola. Ent\u00e3o, enquanto essa conta estiver desproporcional desse jeito, a gente, de fato, n\u00e3o vai mudar a situa\u00e7\u00e3o do nosso pa\u00eds: 40 milh\u00f5es est\u00e3o na escola e 76 milh\u00f5es est\u00e3o fora.\u201d<\/p>\n<p><strong>Pandemia<\/strong><br \/>\nOutro tema que deve ser trazido na confer\u00eancia tem rela\u00e7\u00e3o com os efeitos da pandemia de covid-19 para a educa\u00e7\u00e3o brasileira, que escancarou a defasagem no processo de aprendizagem dos alunos.<\/p>\n<p>\u201cN\u00f3s temos problemas de conex\u00e3o nas escolas, no quadro de pessoal. H\u00e1 estados e munic\u00edpios que desrespeitam a Constitui\u00e7\u00e3o quando deixam de fazer concurso p\u00fablico. Hoje n\u00f3s temos 59% dos professores no Brasil que est\u00e3o com contratos tempor\u00e1rios\u201d. Para Ara\u00fajo, isso j\u00e1 acontecia antes da pandemia, mas se agravou ap\u00f3s 2020.<\/p>\n","protected":false},"excerpt":{"rendered":"<p>Evas\u00e3o escolar, falta de vagas em sala de aula, analfabetismo e viol\u00eancias est\u00e3o entre os m\u00faltiplos desafios da \u00e1rea educacional no Brasil que estar\u00e3o em debate e avalia\u00e7\u00e3o a partir do pr\u00f3ximo domingo (28), na Confer\u00eancia Nacional de Educa\u00e7\u00e3o. O evento vai at\u00e9 ter\u00e7a-feira (30), na Universidade de Bras\u00edlia (UnB). A discuss\u00e3o dos problemas, com [&hellip;]<\/p>\n","protected":false},"author":2,"featured_media":321103,"comment_status":"closed","ping_status":"closed","sticky":false,"template":"","format":"standard","meta":{"_acf_changed":false,"footnotes":""},"categories":[161],"tags":[],"class_list":["post-321102","post","type-post","status-publish","format-standard","has-post-thumbnail","hentry","category-quadradinho-em-foco"],"acf":[],"yoast_head":"<!-- This site is optimized with the Yoast SEO plugin v27.2 - https:\/\/yoast.com\/product\/yoast-seo-wordpress\/ -->\n<title>Comunidade escolar vai propor novas pol\u00edticas educacionais - Notibras<\/title>\n<meta name=\"robots\" content=\"index, follow, max-snippet:-1, max-image-preview:large, max-video-preview:-1\" \/>\n<link rel=\"canonical\" href=\"https:\/\/www.notibras.com\/site\/comunidade-escolar-vai-propor-novas-politicas-educacionais\/\" \/>\n<meta property=\"og:locale\" content=\"pt_BR\" \/>\n<meta property=\"og:type\" content=\"article\" \/>\n<meta property=\"og:title\" content=\"Comunidade escolar vai propor novas pol\u00edticas educacionais - Notibras\" \/>\n<meta property=\"og:description\" content=\"Evas\u00e3o escolar, falta de vagas em sala de aula, analfabetismo e viol\u00eancias est\u00e3o entre os m\u00faltiplos desafios da \u00e1rea educacional no Brasil que estar\u00e3o em debate e avalia\u00e7\u00e3o a partir do pr\u00f3ximo domingo (28), na Confer\u00eancia Nacional de Educa\u00e7\u00e3o. O evento vai at\u00e9 ter\u00e7a-feira (30), na Universidade de Bras\u00edlia (UnB). A discuss\u00e3o dos problemas, com [&hellip;]\" \/>\n<meta property=\"og:url\" content=\"https:\/\/www.notibras.com\/site\/comunidade-escolar-vai-propor-novas-politicas-educacionais\/\" \/>\n<meta property=\"og:site_name\" content=\"Notibras\" \/>\n<meta property=\"article:publisher\" content=\"https:\/\/www.facebook.com\/notibras\/\" \/>\n<meta property=\"article:published_time\" content=\"2024-01-24T11:14:14+00:00\" \/>\n<meta property=\"og:image\" content=\"https:\/\/www.notibras.com\/site\/wp-content\/uploads\/2024\/01\/aulas.unb_.14.webp\" \/>\n\t<meta property=\"og:image:width\" content=\"1170\" \/>\n\t<meta property=\"og:image:height\" content=\"700\" \/>\n\t<meta property=\"og:image:type\" content=\"image\/webp\" \/>\n<meta name=\"author\" content=\"Reda\u00e7\u00e3o\" \/>\n<meta name=\"twitter:card\" content=\"summary_large_image\" \/>\n<meta name=\"twitter:creator\" content=\"@Notibras\" \/>\n<meta name=\"twitter:site\" content=\"@Notibras\" \/>\n<meta name=\"twitter:label1\" content=\"Escrito por\" \/>\n\t<meta name=\"twitter:data1\" content=\"Reda\u00e7\u00e3o\" \/>\n\t<meta name=\"twitter:label2\" content=\"Est. tempo de leitura\" \/>\n\t<meta name=\"twitter:data2\" content=\"4 minutos\" \/>\n<script type=\"application\/ld+json\" class=\"yoast-schema-graph\">{\"@context\":\"https:\/\/schema.org\",\"@graph\":[{\"@type\":\"Article\",\"@id\":\"https:\/\/www.notibras.com\/site\/comunidade-escolar-vai-propor-novas-politicas-educacionais\/#article\",\"isPartOf\":{\"@id\":\"https:\/\/www.notibras.com\/site\/comunidade-escolar-vai-propor-novas-politicas-educacionais\/\"},\"author\":{\"name\":\"Reda\u00e7\u00e3o\",\"@id\":\"https:\/\/www.notibras.com\/site\/#\/schema\/person\/36ab0979449956132d3e5b517ea76ac8\"},\"headline\":\"Comunidade escolar vai propor novas pol\u00edticas educacionais\",\"datePublished\":\"2024-01-24T11:14:14+00:00\",\"mainEntityOfPage\":{\"@id\":\"https:\/\/www.notibras.com\/site\/comunidade-escolar-vai-propor-novas-politicas-educacionais\/\"},\"wordCount\":749,\"publisher\":{\"@id\":\"https:\/\/www.notibras.com\/site\/#organization\"},\"image\":{\"@id\":\"https:\/\/www.notibras.com\/site\/comunidade-escolar-vai-propor-novas-politicas-educacionais\/#primaryimage\"},\"thumbnailUrl\":\"https:\/\/www.notibras.com\/site\/wp-content\/uploads\/2024\/01\/aulas.unb_.14.webp\",\"articleSection\":[\"Quadradinho em Foco\"],\"inLanguage\":\"pt-BR\"},{\"@type\":\"WebPage\",\"@id\":\"https:\/\/www.notibras.com\/site\/comunidade-escolar-vai-propor-novas-politicas-educacionais\/\",\"url\":\"https:\/\/www.notibras.com\/site\/comunidade-escolar-vai-propor-novas-politicas-educacionais\/\",\"name\":\"Comunidade escolar vai propor novas pol\u00edticas educacionais - Notibras\",\"isPartOf\":{\"@id\":\"https:\/\/www.notibras.com\/site\/#website\"},\"primaryImageOfPage\":{\"@id\":\"https:\/\/www.notibras.com\/site\/comunidade-escolar-vai-propor-novas-politicas-educacionais\/#primaryimage\"},\"image\":{\"@id\":\"https:\/\/www.notibras.com\/site\/comunidade-escolar-vai-propor-novas-politicas-educacionais\/#primaryimage\"},\"thumbnailUrl\":\"https:\/\/www.notibras.com\/site\/wp-content\/uploads\/2024\/01\/aulas.unb_.14.webp\",\"datePublished\":\"2024-01-24T11:14:14+00:00\",\"breadcrumb\":{\"@id\":\"https:\/\/www.notibras.com\/site\/comunidade-escolar-vai-propor-novas-politicas-educacionais\/#breadcrumb\"},\"inLanguage\":\"pt-BR\",\"potentialAction\":[{\"@type\":\"ReadAction\",\"target\":[\"https:\/\/www.notibras.com\/site\/comunidade-escolar-vai-propor-novas-politicas-educacionais\/\"]}]},{\"@type\":\"ImageObject\",\"inLanguage\":\"pt-BR\",\"@id\":\"https:\/\/www.notibras.com\/site\/comunidade-escolar-vai-propor-novas-politicas-educacionais\/#primaryimage\",\"url\":\"https:\/\/www.notibras.com\/site\/wp-content\/uploads\/2024\/01\/aulas.unb_.14.webp\",\"contentUrl\":\"https:\/\/www.notibras.com\/site\/wp-content\/uploads\/2024\/01\/aulas.unb_.14.webp\",\"width\":1170,\"height\":700},{\"@type\":\"BreadcrumbList\",\"@id\":\"https:\/\/www.notibras.com\/site\/comunidade-escolar-vai-propor-novas-politicas-educacionais\/#breadcrumb\",\"itemListElement\":[{\"@type\":\"ListItem\",\"position\":1,\"name\":\"In\u00edcio\",\"item\":\"https:\/\/www.notibras.com\/site\/\"},{\"@type\":\"ListItem\",\"position\":2,\"name\":\"Comunidade escolar vai propor novas pol\u00edticas educacionais\"}]},{\"@type\":\"WebSite\",\"@id\":\"https:\/\/www.notibras.com\/site\/#website\",\"url\":\"https:\/\/www.notibras.com\/site\/\",\"name\":\"Notibras\",\"description\":\"Not\u00edcias de Bras\u00edlia, do Brasil e do Mundo\",\"publisher\":{\"@id\":\"https:\/\/www.notibras.com\/site\/#organization\"},\"potentialAction\":[{\"@type\":\"SearchAction\",\"target\":{\"@type\":\"EntryPoint\",\"urlTemplate\":\"https:\/\/www.notibras.com\/site\/?s={search_term_string}\"},\"query-input\":{\"@type\":\"PropertyValueSpecification\",\"valueRequired\":true,\"valueName\":\"search_term_string\"}}],\"inLanguage\":\"pt-BR\"},{\"@type\":\"Organization\",\"@id\":\"https:\/\/www.notibras.com\/site\/#organization\",\"name\":\"Grupo Notibras de Comunica\u00e7\u00e3o\",\"url\":\"https:\/\/www.notibras.com\/site\/\",\"logo\":{\"@type\":\"ImageObject\",\"inLanguage\":\"pt-BR\",\"@id\":\"https:\/\/www.notibras.com\/site\/#\/schema\/logo\/image\/\",\"url\":\"https:\/\/www.notibras.com\/site\/wp-content\/uploads\/2023\/01\/notibras23.png\",\"contentUrl\":\"https:\/\/www.notibras.com\/site\/wp-content\/uploads\/2023\/01\/notibras23.png\",\"width\":350,\"height\":87,\"caption\":\"Grupo Notibras de Comunica\u00e7\u00e3o\"},\"image\":{\"@id\":\"https:\/\/www.notibras.com\/site\/#\/schema\/logo\/image\/\"},\"sameAs\":[\"https:\/\/www.facebook.com\/notibras\/\",\"https:\/\/x.com\/Notibras\",\"https:\/\/www.instagram.com\/notibras\/\"]},{\"@type\":\"Person\",\"@id\":\"https:\/\/www.notibras.com\/site\/#\/schema\/person\/36ab0979449956132d3e5b517ea76ac8\",\"name\":\"Reda\u00e7\u00e3o\",\"image\":{\"@type\":\"ImageObject\",\"inLanguage\":\"pt-BR\",\"@id\":\"https:\/\/secure.gravatar.com\/avatar\/e0a867bdedb85fd243eadf09663511f96fc81e0720a4a42581f334ad4303aa6b?s=96&d=mm&r=g\",\"url\":\"https:\/\/secure.gravatar.com\/avatar\/e0a867bdedb85fd243eadf09663511f96fc81e0720a4a42581f334ad4303aa6b?s=96&d=mm&r=g\",\"contentUrl\":\"https:\/\/secure.gravatar.com\/avatar\/e0a867bdedb85fd243eadf09663511f96fc81e0720a4a42581f334ad4303aa6b?s=96&d=mm&r=g\",\"caption\":\"Reda\u00e7\u00e3o\"}}]}<\/script>\n<!-- \/ Yoast SEO plugin. -->","yoast_head_json":{"title":"Comunidade escolar vai propor novas pol\u00edticas educacionais - Notibras","robots":{"index":"index","follow":"follow","max-snippet":"max-snippet:-1","max-image-preview":"max-image-preview:large","max-video-preview":"max-video-preview:-1"},"canonical":"https:\/\/www.notibras.com\/site\/comunidade-escolar-vai-propor-novas-politicas-educacionais\/","og_locale":"pt_BR","og_type":"article","og_title":"Comunidade escolar vai propor novas pol\u00edticas educacionais - Notibras","og_description":"Evas\u00e3o escolar, falta de vagas em sala de aula, analfabetismo e viol\u00eancias est\u00e3o entre os m\u00faltiplos desafios da \u00e1rea educacional no Brasil que estar\u00e3o em debate e avalia\u00e7\u00e3o a partir do pr\u00f3ximo domingo (28), na Confer\u00eancia Nacional de Educa\u00e7\u00e3o. O evento vai at\u00e9 ter\u00e7a-feira (30), na Universidade de Bras\u00edlia (UnB). A discuss\u00e3o dos problemas, com [&hellip;]","og_url":"https:\/\/www.notibras.com\/site\/comunidade-escolar-vai-propor-novas-politicas-educacionais\/","og_site_name":"Notibras","article_publisher":"https:\/\/www.facebook.com\/notibras\/","article_published_time":"2024-01-24T11:14:14+00:00","og_image":[{"width":1170,"height":700,"url":"https:\/\/www.notibras.com\/site\/wp-content\/uploads\/2024\/01\/aulas.unb_.14.webp","type":"image\/webp"}],"author":"Reda\u00e7\u00e3o","twitter_card":"summary_large_image","twitter_creator":"@Notibras","twitter_site":"@Notibras","twitter_misc":{"Escrito por":"Reda\u00e7\u00e3o","Est. tempo de leitura":"4 minutos"},"schema":{"@context":"https:\/\/schema.org","@graph":[{"@type":"Article","@id":"https:\/\/www.notibras.com\/site\/comunidade-escolar-vai-propor-novas-politicas-educacionais\/#article","isPartOf":{"@id":"https:\/\/www.notibras.com\/site\/comunidade-escolar-vai-propor-novas-politicas-educacionais\/"},"author":{"name":"Reda\u00e7\u00e3o","@id":"https:\/\/www.notibras.com\/site\/#\/schema\/person\/36ab0979449956132d3e5b517ea76ac8"},"headline":"Comunidade escolar vai propor novas pol\u00edticas educacionais","datePublished":"2024-01-24T11:14:14+00:00","mainEntityOfPage":{"@id":"https:\/\/www.notibras.com\/site\/comunidade-escolar-vai-propor-novas-politicas-educacionais\/"},"wordCount":749,"publisher":{"@id":"https:\/\/www.notibras.com\/site\/#organization"},"image":{"@id":"https:\/\/www.notibras.com\/site\/comunidade-escolar-vai-propor-novas-politicas-educacionais\/#primaryimage"},"thumbnailUrl":"https:\/\/www.notibras.com\/site\/wp-content\/uploads\/2024\/01\/aulas.unb_.14.webp","articleSection":["Quadradinho em Foco"],"inLanguage":"pt-BR"},{"@type":"WebPage","@id":"https:\/\/www.notibras.com\/site\/comunidade-escolar-vai-propor-novas-politicas-educacionais\/","url":"https:\/\/www.notibras.com\/site\/comunidade-escolar-vai-propor-novas-politicas-educacionais\/","name":"Comunidade escolar vai propor novas pol\u00edticas educacionais - Notibras","isPartOf":{"@id":"https:\/\/www.notibras.com\/site\/#website"},"primaryImageOfPage":{"@id":"https:\/\/www.notibras.com\/site\/comunidade-escolar-vai-propor-novas-politicas-educacionais\/#primaryimage"},"image":{"@id":"https:\/\/www.notibras.com\/site\/comunidade-escolar-vai-propor-novas-politicas-educacionais\/#primaryimage"},"thumbnailUrl":"https:\/\/www.notibras.com\/site\/wp-content\/uploads\/2024\/01\/aulas.unb_.14.webp","datePublished":"2024-01-24T11:14:14+00:00","breadcrumb":{"@id":"https:\/\/www.notibras.com\/site\/comunidade-escolar-vai-propor-novas-politicas-educacionais\/#breadcrumb"},"inLanguage":"pt-BR","potentialAction":[{"@type":"ReadAction","target":["https:\/\/www.notibras.com\/site\/comunidade-escolar-vai-propor-novas-politicas-educacionais\/"]}]},{"@type":"ImageObject","inLanguage":"pt-BR","@id":"https:\/\/www.notibras.com\/site\/comunidade-escolar-vai-propor-novas-politicas-educacionais\/#primaryimage","url":"https:\/\/www.notibras.com\/site\/wp-content\/uploads\/2024\/01\/aulas.unb_.14.webp","contentUrl":"https:\/\/www.notibras.com\/site\/wp-content\/uploads\/2024\/01\/aulas.unb_.14.webp","width":1170,"height":700},{"@type":"BreadcrumbList","@id":"https:\/\/www.notibras.com\/site\/comunidade-escolar-vai-propor-novas-politicas-educacionais\/#breadcrumb","itemListElement":[{"@type":"ListItem","position":1,"name":"In\u00edcio","item":"https:\/\/www.notibras.com\/site\/"},{"@type":"ListItem","position":2,"name":"Comunidade escolar vai propor novas pol\u00edticas educacionais"}]},{"@type":"WebSite","@id":"https:\/\/www.notibras.com\/site\/#website","url":"https:\/\/www.notibras.com\/site\/","name":"Notibras","description":"Not\u00edcias de Bras\u00edlia, do Brasil e do Mundo","publisher":{"@id":"https:\/\/www.notibras.com\/site\/#organization"},"potentialAction":[{"@type":"SearchAction","target":{"@type":"EntryPoint","urlTemplate":"https:\/\/www.notibras.com\/site\/?s={search_term_string}"},"query-input":{"@type":"PropertyValueSpecification","valueRequired":true,"valueName":"search_term_string"}}],"inLanguage":"pt-BR"},{"@type":"Organization","@id":"https:\/\/www.notibras.com\/site\/#organization","name":"Grupo Notibras de Comunica\u00e7\u00e3o","url":"https:\/\/www.notibras.com\/site\/","logo":{"@type":"ImageObject","inLanguage":"pt-BR","@id":"https:\/\/www.notibras.com\/site\/#\/schema\/logo\/image\/","url":"https:\/\/www.notibras.com\/site\/wp-content\/uploads\/2023\/01\/notibras23.png","contentUrl":"https:\/\/www.notibras.com\/site\/wp-content\/uploads\/2023\/01\/notibras23.png","width":350,"height":87,"caption":"Grupo Notibras de Comunica\u00e7\u00e3o"},"image":{"@id":"https:\/\/www.notibras.com\/site\/#\/schema\/logo\/image\/"},"sameAs":["https:\/\/www.facebook.com\/notibras\/","https:\/\/x.com\/Notibras","https:\/\/www.instagram.com\/notibras\/"]},{"@type":"Person","@id":"https:\/\/www.notibras.com\/site\/#\/schema\/person\/36ab0979449956132d3e5b517ea76ac8","name":"Reda\u00e7\u00e3o","image":{"@type":"ImageObject","inLanguage":"pt-BR","@id":"https:\/\/secure.gravatar.com\/avatar\/e0a867bdedb85fd243eadf09663511f96fc81e0720a4a42581f334ad4303aa6b?s=96&d=mm&r=g","url":"https:\/\/secure.gravatar.com\/avatar\/e0a867bdedb85fd243eadf09663511f96fc81e0720a4a42581f334ad4303aa6b?s=96&d=mm&r=g","contentUrl":"https:\/\/secure.gravatar.com\/avatar\/e0a867bdedb85fd243eadf09663511f96fc81e0720a4a42581f334ad4303aa6b?s=96&d=mm&r=g","caption":"Reda\u00e7\u00e3o"}}]}},"amp_enabled":true,"_links":{"self":[{"href":"https:\/\/www.notibras.com\/site\/wp-json\/wp\/v2\/posts\/321102","targetHints":{"allow":["GET"]}}],"collection":[{"href":"https:\/\/www.notibras.com\/site\/wp-json\/wp\/v2\/posts"}],"about":[{"href":"https:\/\/www.notibras.com\/site\/wp-json\/wp\/v2\/types\/post"}],"author":[{"embeddable":true,"href":"https:\/\/www.notibras.com\/site\/wp-json\/wp\/v2\/users\/2"}],"replies":[{"embeddable":true,"href":"https:\/\/www.notibras.com\/site\/wp-json\/wp\/v2\/comments?post=321102"}],"version-history":[{"count":1,"href":"https:\/\/www.notibras.com\/site\/wp-json\/wp\/v2\/posts\/321102\/revisions"}],"predecessor-version":[{"id":321104,"href":"https:\/\/www.notibras.com\/site\/wp-json\/wp\/v2\/posts\/321102\/revisions\/321104"}],"wp:featuredmedia":[{"embeddable":true,"href":"https:\/\/www.notibras.com\/site\/wp-json\/wp\/v2\/media\/321103"}],"wp:attachment":[{"href":"https:\/\/www.notibras.com\/site\/wp-json\/wp\/v2\/media?parent=321102"}],"wp:term":[{"taxonomy":"category","embeddable":true,"href":"https:\/\/www.notibras.com\/site\/wp-json\/wp\/v2\/categories?post=321102"},{"taxonomy":"post_tag","embeddable":true,"href":"https:\/\/www.notibras.com\/site\/wp-json\/wp\/v2\/tags?post=321102"}],"curies":[{"name":"wp","href":"https:\/\/api.w.org\/{rel}","templated":true}]}}