{"id":321111,"date":"2024-01-24T08:41:01","date_gmt":"2024-01-24T11:41:01","guid":{"rendered":"https:\/\/www.notibras.com\/site\/?p=321111"},"modified":"2024-01-24T08:41:01","modified_gmt":"2024-01-24T11:41:01","slug":"secos-molhados-revive-com-memoria-da-avo","status":"publish","type":"post","link":"https:\/\/www.notibras.com\/site\/secos-molhados-revive-com-memoria-da-avo\/","title":{"rendered":"&#8216;Secos &#038; Molhados&#8217; revive com mem\u00f3ria da av\u00f3"},"content":{"rendered":"<p>Foi numa noite de 1978, quando l\u00e1 fui, levado pelas m\u00e3os de minha m\u00e3e, para a casa de uma tia. Durante aquelas infinitas partidas de buraco, minha tia come\u00e7ou a puxar conversa comigo, que estava afundado no sof\u00e1.<\/p>\n<p>&#8211; Gosta de m\u00fasica?<\/p>\n<p>&#8211; Sim.<\/p>\n<p>&#8211; Do qu\u00ea?<\/p>\n<p>&#8211; Secos &amp; Molhados.<\/p>\n<p>&#8211; Voc\u00ea tem os dentes separados. Aposto que canta que nem o Ney Matogrosso.<\/p>\n<p>N\u00e3o sei quem venceu o carteado, mesmo porque nunca gostei de passar horas fazendo e recebendo sinais do parceiro sobre essa ou aquela jogada. Gostava de paci\u00eancia, mas n\u00e3o as de uma fileira acima. Minha av\u00f3, que sempre foi o grande amor da minha vida, me ensinou outra, que possui duas fileiras nas laterais, cada uma com quatro grupos de cinco cartas.<\/p>\n<p>Al\u00e9m do baralho, minha av\u00f3 possu\u00eda o h\u00e1bito de tomar rem\u00e9dios. Eram tantos, que os vidrinhos se acumulavam dentro de uma gaveta na cozinha. De vez em quando, ela me dava um e dizia para ir brincar no quintal. E l\u00e1 ia eu sorrindo aquele diastema, que me tornava \u00fanico entre as crian\u00e7as da rua.<\/p>\n<p>Lembro-me de uma mangueira, que ficava mais ao fundo do terreno. Minha av\u00f3, certa vez, me disse que aquela era a minha \u00e1rvore. Nem acreditei que aquele ser enorme fosse s\u00f3 meu. Tentei abra\u00e7ar o tronco, mas meus bra\u00e7os de menino eram muito curtos. Al\u00e9m disso, a aspereza da casca me causava certo desconforto, que eu tentava disfar\u00e7ar para n\u00e3o fazer com que a minha av\u00f3 desistisse daquele gesto t\u00e3o generoso. Uma \u00e1rvore! Aos oito, o neto da dona Estelita possu\u00eda uma \u00e1rvore.<\/p>\n<p>No final de 1992, logo depois de retornar para casa nas f\u00e9rias da faculdade, fui informado por minha m\u00e3e que vov\u00f3 n\u00e3o estava bem de sa\u00fade. Meu av\u00f4 havia nos deixado dois anos antes por conta de um c\u00e2ncer t\u00e3o comum aos de sua gera\u00e7\u00e3o de fumantes. Seja como for, dona Estelita requeria cuidados e, por isso, iria morar conosco.<\/p>\n<p>N\u00e3o me incomodei em dividir o quarto com vov\u00f3. Pelo contr\u00e1rio, ela sempre havia sido minha maior confidente. Agora, no entanto, os assuntos eram outros, inclusive de supostas namoradas, que nas minhas falas se tornavam muito mais interessantes e apaixonadas por mim.<\/p>\n<p>Vov\u00f3 sempre me falava que queria conhecer a menina que eu fosse escolher para ser minha futura esposa. Como se eu fosse um pr\u00edncipe que pudesse escolher qualquer uma das garotas da faculdade. Mal sabia ela ou, ent\u00e3o, fingia desconhecer a minha total falta de traquejo com as mulheres. Mas isso n\u00e3o era motivo para deixarmos de passar horas divagando sobre as minhas in\u00fameras pretendentes: Maria J\u00falia, Roberta, L\u00facia, Ana Clara, Solange, C\u00edntia&#8230;<\/p>\n<p>Eram tantas, que j\u00e1 n\u00e3o conseguia inventar tantos nomes. E, se eu repetisse algum, minha av\u00f3, sempre muito perspicaz, logo me dizia: &#8220;Outra Mariana? Essas mo\u00e7as n\u00e3o deixam o meu neto lindo em paz!&#8221; E r\u00edamos madrugada adentro.<\/p>\n<p>Foi pouco depois da minha formatura que vov\u00f3 nos deixou. Foi num dia chuvoso, como se toda a cidade chorasse a perda daquela mulher maravilhosa. Diante do caix\u00e3o, seus olhos, mesmo fechados, pareciam enxergar a ang\u00fastia que me tomava. Seu rosto sereno, entretanto, me transmitiu uma paz e a certeza de que logo estar\u00edamos juntos novamente.<\/p>\n<p>Desde ent\u00e3o, o tempo passou, \u00e0s vezes vagarosamente; outras, ligeiro como um pre\u00e1 que se esgueira no mato. N\u00e3o me lembro de ter arriscado sonoros agudos. Todavia, at\u00e9 hoje guardo com uma boa dose de pretens\u00e3o a certeza da minha tia. Ainda ou\u00e7o &#8220;Sangue Latino&#8221;, que me remete \u00e0 minha inf\u00e2ncia.<\/p>\n","protected":false},"excerpt":{"rendered":"<p>Foi numa noite de 1978, quando l\u00e1 fui, levado pelas m\u00e3os de minha m\u00e3e, para a casa de uma tia. Durante aquelas infinitas partidas de buraco, minha tia come\u00e7ou a puxar conversa comigo, que estava afundado no sof\u00e1. &#8211; Gosta de m\u00fasica? &#8211; Sim. &#8211; Do qu\u00ea? &#8211; Secos &amp; Molhados. &#8211; Voc\u00ea tem os [&hellip;]<\/p>\n","protected":false},"author":2,"featured_media":321112,"comment_status":"closed","ping_status":"closed","sticky":false,"template":"","format":"standard","meta":{"_acf_changed":false,"footnotes":""},"categories":[161],"tags":[],"class_list":["post-321111","post","type-post","status-publish","format-standard","has-post-thumbnail","hentry","category-quadradinho-em-foco"],"acf":[],"yoast_head":"<!-- This site is optimized with the Yoast SEO plugin v27.2 - https:\/\/yoast.com\/product\/yoast-seo-wordpress\/ -->\n<title>&#039;Secos &amp; Molhados&#039; revive com mem\u00f3ria da av\u00f3 - Notibras<\/title>\n<meta name=\"robots\" content=\"index, follow, max-snippet:-1, max-image-preview:large, max-video-preview:-1\" \/>\n<link rel=\"canonical\" href=\"https:\/\/www.notibras.com\/site\/secos-molhados-revive-com-memoria-da-avo\/\" \/>\n<meta property=\"og:locale\" content=\"pt_BR\" \/>\n<meta property=\"og:type\" content=\"article\" \/>\n<meta property=\"og:title\" content=\"&#039;Secos &amp; Molhados&#039; revive com mem\u00f3ria da av\u00f3 - Notibras\" \/>\n<meta property=\"og:description\" content=\"Foi numa noite de 1978, quando l\u00e1 fui, levado pelas m\u00e3os de minha m\u00e3e, para a casa de uma tia. Durante aquelas infinitas partidas de buraco, minha tia come\u00e7ou a puxar conversa comigo, que estava afundado no sof\u00e1. &#8211; Gosta de m\u00fasica? &#8211; Sim. &#8211; Do qu\u00ea? &#8211; Secos &amp; Molhados. &#8211; Voc\u00ea tem os [&hellip;]\" \/>\n<meta property=\"og:url\" content=\"https:\/\/www.notibras.com\/site\/secos-molhados-revive-com-memoria-da-avo\/\" \/>\n<meta property=\"og:site_name\" content=\"Notibras\" \/>\n<meta property=\"article:publisher\" content=\"https:\/\/www.facebook.com\/notibras\/\" \/>\n<meta property=\"article:published_time\" content=\"2024-01-24T11:41:01+00:00\" \/>\n<meta property=\"og:image\" content=\"https:\/\/www.notibras.com\/site\/wp-content\/uploads\/2024\/01\/3cfbeab7-6012-47ee-b125-51a3e46c8b39.jpeg\" \/>\n\t<meta property=\"og:image:width\" content=\"640\" \/>\n\t<meta property=\"og:image:height\" content=\"480\" \/>\n\t<meta property=\"og:image:type\" content=\"image\/jpeg\" \/>\n<meta name=\"author\" content=\"Reda\u00e7\u00e3o\" \/>\n<meta name=\"twitter:card\" content=\"summary_large_image\" \/>\n<meta name=\"twitter:creator\" content=\"@Notibras\" \/>\n<meta name=\"twitter:site\" content=\"@Notibras\" \/>\n<meta name=\"twitter:label1\" content=\"Escrito por\" \/>\n\t<meta name=\"twitter:data1\" content=\"Reda\u00e7\u00e3o\" \/>\n\t<meta name=\"twitter:label2\" content=\"Est. tempo de leitura\" \/>\n\t<meta name=\"twitter:data2\" content=\"4 minutos\" \/>\n<script type=\"application\/ld+json\" class=\"yoast-schema-graph\">{\"@context\":\"https:\/\/schema.org\",\"@graph\":[{\"@type\":\"Article\",\"@id\":\"https:\/\/www.notibras.com\/site\/secos-molhados-revive-com-memoria-da-avo\/#article\",\"isPartOf\":{\"@id\":\"https:\/\/www.notibras.com\/site\/secos-molhados-revive-com-memoria-da-avo\/\"},\"author\":{\"name\":\"Reda\u00e7\u00e3o\",\"@id\":\"https:\/\/www.notibras.com\/site\/#\/schema\/person\/36ab0979449956132d3e5b517ea76ac8\"},\"headline\":\"&#8216;Secos &#038; Molhados&#8217; revive com mem\u00f3ria da av\u00f3\",\"datePublished\":\"2024-01-24T11:41:01+00:00\",\"mainEntityOfPage\":{\"@id\":\"https:\/\/www.notibras.com\/site\/secos-molhados-revive-com-memoria-da-avo\/\"},\"wordCount\":637,\"publisher\":{\"@id\":\"https:\/\/www.notibras.com\/site\/#organization\"},\"image\":{\"@id\":\"https:\/\/www.notibras.com\/site\/secos-molhados-revive-com-memoria-da-avo\/#primaryimage\"},\"thumbnailUrl\":\"https:\/\/www.notibras.com\/site\/wp-content\/uploads\/2024\/01\/3cfbeab7-6012-47ee-b125-51a3e46c8b39.jpeg\",\"articleSection\":[\"Quadradinho em Foco\"],\"inLanguage\":\"pt-BR\"},{\"@type\":\"WebPage\",\"@id\":\"https:\/\/www.notibras.com\/site\/secos-molhados-revive-com-memoria-da-avo\/\",\"url\":\"https:\/\/www.notibras.com\/site\/secos-molhados-revive-com-memoria-da-avo\/\",\"name\":\"'Secos & Molhados' revive com mem\u00f3ria da av\u00f3 - Notibras\",\"isPartOf\":{\"@id\":\"https:\/\/www.notibras.com\/site\/#website\"},\"primaryImageOfPage\":{\"@id\":\"https:\/\/www.notibras.com\/site\/secos-molhados-revive-com-memoria-da-avo\/#primaryimage\"},\"image\":{\"@id\":\"https:\/\/www.notibras.com\/site\/secos-molhados-revive-com-memoria-da-avo\/#primaryimage\"},\"thumbnailUrl\":\"https:\/\/www.notibras.com\/site\/wp-content\/uploads\/2024\/01\/3cfbeab7-6012-47ee-b125-51a3e46c8b39.jpeg\",\"datePublished\":\"2024-01-24T11:41:01+00:00\",\"breadcrumb\":{\"@id\":\"https:\/\/www.notibras.com\/site\/secos-molhados-revive-com-memoria-da-avo\/#breadcrumb\"},\"inLanguage\":\"pt-BR\",\"potentialAction\":[{\"@type\":\"ReadAction\",\"target\":[\"https:\/\/www.notibras.com\/site\/secos-molhados-revive-com-memoria-da-avo\/\"]}]},{\"@type\":\"ImageObject\",\"inLanguage\":\"pt-BR\",\"@id\":\"https:\/\/www.notibras.com\/site\/secos-molhados-revive-com-memoria-da-avo\/#primaryimage\",\"url\":\"https:\/\/www.notibras.com\/site\/wp-content\/uploads\/2024\/01\/3cfbeab7-6012-47ee-b125-51a3e46c8b39.jpeg\",\"contentUrl\":\"https:\/\/www.notibras.com\/site\/wp-content\/uploads\/2024\/01\/3cfbeab7-6012-47ee-b125-51a3e46c8b39.jpeg\",\"width\":640,\"height\":480},{\"@type\":\"BreadcrumbList\",\"@id\":\"https:\/\/www.notibras.com\/site\/secos-molhados-revive-com-memoria-da-avo\/#breadcrumb\",\"itemListElement\":[{\"@type\":\"ListItem\",\"position\":1,\"name\":\"In\u00edcio\",\"item\":\"https:\/\/www.notibras.com\/site\/\"},{\"@type\":\"ListItem\",\"position\":2,\"name\":\"&#8216;Secos &#038; Molhados&#8217; revive com mem\u00f3ria da av\u00f3\"}]},{\"@type\":\"WebSite\",\"@id\":\"https:\/\/www.notibras.com\/site\/#website\",\"url\":\"https:\/\/www.notibras.com\/site\/\",\"name\":\"Notibras\",\"description\":\"Not\u00edcias de Bras\u00edlia, do Brasil e do Mundo\",\"publisher\":{\"@id\":\"https:\/\/www.notibras.com\/site\/#organization\"},\"potentialAction\":[{\"@type\":\"SearchAction\",\"target\":{\"@type\":\"EntryPoint\",\"urlTemplate\":\"https:\/\/www.notibras.com\/site\/?s={search_term_string}\"},\"query-input\":{\"@type\":\"PropertyValueSpecification\",\"valueRequired\":true,\"valueName\":\"search_term_string\"}}],\"inLanguage\":\"pt-BR\"},{\"@type\":\"Organization\",\"@id\":\"https:\/\/www.notibras.com\/site\/#organization\",\"name\":\"Grupo Notibras de Comunica\u00e7\u00e3o\",\"url\":\"https:\/\/www.notibras.com\/site\/\",\"logo\":{\"@type\":\"ImageObject\",\"inLanguage\":\"pt-BR\",\"@id\":\"https:\/\/www.notibras.com\/site\/#\/schema\/logo\/image\/\",\"url\":\"https:\/\/www.notibras.com\/site\/wp-content\/uploads\/2023\/01\/notibras23.png\",\"contentUrl\":\"https:\/\/www.notibras.com\/site\/wp-content\/uploads\/2023\/01\/notibras23.png\",\"width\":350,\"height\":87,\"caption\":\"Grupo Notibras de Comunica\u00e7\u00e3o\"},\"image\":{\"@id\":\"https:\/\/www.notibras.com\/site\/#\/schema\/logo\/image\/\"},\"sameAs\":[\"https:\/\/www.facebook.com\/notibras\/\",\"https:\/\/x.com\/Notibras\",\"https:\/\/www.instagram.com\/notibras\/\"]},{\"@type\":\"Person\",\"@id\":\"https:\/\/www.notibras.com\/site\/#\/schema\/person\/36ab0979449956132d3e5b517ea76ac8\",\"name\":\"Reda\u00e7\u00e3o\",\"image\":{\"@type\":\"ImageObject\",\"inLanguage\":\"pt-BR\",\"@id\":\"https:\/\/secure.gravatar.com\/avatar\/e0a867bdedb85fd243eadf09663511f96fc81e0720a4a42581f334ad4303aa6b?s=96&d=mm&r=g\",\"url\":\"https:\/\/secure.gravatar.com\/avatar\/e0a867bdedb85fd243eadf09663511f96fc81e0720a4a42581f334ad4303aa6b?s=96&d=mm&r=g\",\"contentUrl\":\"https:\/\/secure.gravatar.com\/avatar\/e0a867bdedb85fd243eadf09663511f96fc81e0720a4a42581f334ad4303aa6b?s=96&d=mm&r=g\",\"caption\":\"Reda\u00e7\u00e3o\"}}]}<\/script>\n<!-- \/ Yoast SEO plugin. -->","yoast_head_json":{"title":"'Secos & Molhados' revive com mem\u00f3ria da av\u00f3 - Notibras","robots":{"index":"index","follow":"follow","max-snippet":"max-snippet:-1","max-image-preview":"max-image-preview:large","max-video-preview":"max-video-preview:-1"},"canonical":"https:\/\/www.notibras.com\/site\/secos-molhados-revive-com-memoria-da-avo\/","og_locale":"pt_BR","og_type":"article","og_title":"'Secos & Molhados' revive com mem\u00f3ria da av\u00f3 - Notibras","og_description":"Foi numa noite de 1978, quando l\u00e1 fui, levado pelas m\u00e3os de minha m\u00e3e, para a casa de uma tia. Durante aquelas infinitas partidas de buraco, minha tia come\u00e7ou a puxar conversa comigo, que estava afundado no sof\u00e1. &#8211; Gosta de m\u00fasica? &#8211; Sim. &#8211; Do qu\u00ea? &#8211; Secos &amp; Molhados. &#8211; Voc\u00ea tem os [&hellip;]","og_url":"https:\/\/www.notibras.com\/site\/secos-molhados-revive-com-memoria-da-avo\/","og_site_name":"Notibras","article_publisher":"https:\/\/www.facebook.com\/notibras\/","article_published_time":"2024-01-24T11:41:01+00:00","og_image":[{"width":640,"height":480,"url":"https:\/\/www.notibras.com\/site\/wp-content\/uploads\/2024\/01\/3cfbeab7-6012-47ee-b125-51a3e46c8b39.jpeg","type":"image\/jpeg"}],"author":"Reda\u00e7\u00e3o","twitter_card":"summary_large_image","twitter_creator":"@Notibras","twitter_site":"@Notibras","twitter_misc":{"Escrito por":"Reda\u00e7\u00e3o","Est. tempo de leitura":"4 minutos"},"schema":{"@context":"https:\/\/schema.org","@graph":[{"@type":"Article","@id":"https:\/\/www.notibras.com\/site\/secos-molhados-revive-com-memoria-da-avo\/#article","isPartOf":{"@id":"https:\/\/www.notibras.com\/site\/secos-molhados-revive-com-memoria-da-avo\/"},"author":{"name":"Reda\u00e7\u00e3o","@id":"https:\/\/www.notibras.com\/site\/#\/schema\/person\/36ab0979449956132d3e5b517ea76ac8"},"headline":"&#8216;Secos &#038; Molhados&#8217; revive com mem\u00f3ria da av\u00f3","datePublished":"2024-01-24T11:41:01+00:00","mainEntityOfPage":{"@id":"https:\/\/www.notibras.com\/site\/secos-molhados-revive-com-memoria-da-avo\/"},"wordCount":637,"publisher":{"@id":"https:\/\/www.notibras.com\/site\/#organization"},"image":{"@id":"https:\/\/www.notibras.com\/site\/secos-molhados-revive-com-memoria-da-avo\/#primaryimage"},"thumbnailUrl":"https:\/\/www.notibras.com\/site\/wp-content\/uploads\/2024\/01\/3cfbeab7-6012-47ee-b125-51a3e46c8b39.jpeg","articleSection":["Quadradinho em Foco"],"inLanguage":"pt-BR"},{"@type":"WebPage","@id":"https:\/\/www.notibras.com\/site\/secos-molhados-revive-com-memoria-da-avo\/","url":"https:\/\/www.notibras.com\/site\/secos-molhados-revive-com-memoria-da-avo\/","name":"'Secos & Molhados' revive com mem\u00f3ria da av\u00f3 - Notibras","isPartOf":{"@id":"https:\/\/www.notibras.com\/site\/#website"},"primaryImageOfPage":{"@id":"https:\/\/www.notibras.com\/site\/secos-molhados-revive-com-memoria-da-avo\/#primaryimage"},"image":{"@id":"https:\/\/www.notibras.com\/site\/secos-molhados-revive-com-memoria-da-avo\/#primaryimage"},"thumbnailUrl":"https:\/\/www.notibras.com\/site\/wp-content\/uploads\/2024\/01\/3cfbeab7-6012-47ee-b125-51a3e46c8b39.jpeg","datePublished":"2024-01-24T11:41:01+00:00","breadcrumb":{"@id":"https:\/\/www.notibras.com\/site\/secos-molhados-revive-com-memoria-da-avo\/#breadcrumb"},"inLanguage":"pt-BR","potentialAction":[{"@type":"ReadAction","target":["https:\/\/www.notibras.com\/site\/secos-molhados-revive-com-memoria-da-avo\/"]}]},{"@type":"ImageObject","inLanguage":"pt-BR","@id":"https:\/\/www.notibras.com\/site\/secos-molhados-revive-com-memoria-da-avo\/#primaryimage","url":"https:\/\/www.notibras.com\/site\/wp-content\/uploads\/2024\/01\/3cfbeab7-6012-47ee-b125-51a3e46c8b39.jpeg","contentUrl":"https:\/\/www.notibras.com\/site\/wp-content\/uploads\/2024\/01\/3cfbeab7-6012-47ee-b125-51a3e46c8b39.jpeg","width":640,"height":480},{"@type":"BreadcrumbList","@id":"https:\/\/www.notibras.com\/site\/secos-molhados-revive-com-memoria-da-avo\/#breadcrumb","itemListElement":[{"@type":"ListItem","position":1,"name":"In\u00edcio","item":"https:\/\/www.notibras.com\/site\/"},{"@type":"ListItem","position":2,"name":"&#8216;Secos &#038; Molhados&#8217; revive com mem\u00f3ria da av\u00f3"}]},{"@type":"WebSite","@id":"https:\/\/www.notibras.com\/site\/#website","url":"https:\/\/www.notibras.com\/site\/","name":"Notibras","description":"Not\u00edcias de Bras\u00edlia, do Brasil e do Mundo","publisher":{"@id":"https:\/\/www.notibras.com\/site\/#organization"},"potentialAction":[{"@type":"SearchAction","target":{"@type":"EntryPoint","urlTemplate":"https:\/\/www.notibras.com\/site\/?s={search_term_string}"},"query-input":{"@type":"PropertyValueSpecification","valueRequired":true,"valueName":"search_term_string"}}],"inLanguage":"pt-BR"},{"@type":"Organization","@id":"https:\/\/www.notibras.com\/site\/#organization","name":"Grupo Notibras de Comunica\u00e7\u00e3o","url":"https:\/\/www.notibras.com\/site\/","logo":{"@type":"ImageObject","inLanguage":"pt-BR","@id":"https:\/\/www.notibras.com\/site\/#\/schema\/logo\/image\/","url":"https:\/\/www.notibras.com\/site\/wp-content\/uploads\/2023\/01\/notibras23.png","contentUrl":"https:\/\/www.notibras.com\/site\/wp-content\/uploads\/2023\/01\/notibras23.png","width":350,"height":87,"caption":"Grupo Notibras de Comunica\u00e7\u00e3o"},"image":{"@id":"https:\/\/www.notibras.com\/site\/#\/schema\/logo\/image\/"},"sameAs":["https:\/\/www.facebook.com\/notibras\/","https:\/\/x.com\/Notibras","https:\/\/www.instagram.com\/notibras\/"]},{"@type":"Person","@id":"https:\/\/www.notibras.com\/site\/#\/schema\/person\/36ab0979449956132d3e5b517ea76ac8","name":"Reda\u00e7\u00e3o","image":{"@type":"ImageObject","inLanguage":"pt-BR","@id":"https:\/\/secure.gravatar.com\/avatar\/e0a867bdedb85fd243eadf09663511f96fc81e0720a4a42581f334ad4303aa6b?s=96&d=mm&r=g","url":"https:\/\/secure.gravatar.com\/avatar\/e0a867bdedb85fd243eadf09663511f96fc81e0720a4a42581f334ad4303aa6b?s=96&d=mm&r=g","contentUrl":"https:\/\/secure.gravatar.com\/avatar\/e0a867bdedb85fd243eadf09663511f96fc81e0720a4a42581f334ad4303aa6b?s=96&d=mm&r=g","caption":"Reda\u00e7\u00e3o"}}]}},"amp_enabled":true,"_links":{"self":[{"href":"https:\/\/www.notibras.com\/site\/wp-json\/wp\/v2\/posts\/321111","targetHints":{"allow":["GET"]}}],"collection":[{"href":"https:\/\/www.notibras.com\/site\/wp-json\/wp\/v2\/posts"}],"about":[{"href":"https:\/\/www.notibras.com\/site\/wp-json\/wp\/v2\/types\/post"}],"author":[{"embeddable":true,"href":"https:\/\/www.notibras.com\/site\/wp-json\/wp\/v2\/users\/2"}],"replies":[{"embeddable":true,"href":"https:\/\/www.notibras.com\/site\/wp-json\/wp\/v2\/comments?post=321111"}],"version-history":[{"count":1,"href":"https:\/\/www.notibras.com\/site\/wp-json\/wp\/v2\/posts\/321111\/revisions"}],"predecessor-version":[{"id":321113,"href":"https:\/\/www.notibras.com\/site\/wp-json\/wp\/v2\/posts\/321111\/revisions\/321113"}],"wp:featuredmedia":[{"embeddable":true,"href":"https:\/\/www.notibras.com\/site\/wp-json\/wp\/v2\/media\/321112"}],"wp:attachment":[{"href":"https:\/\/www.notibras.com\/site\/wp-json\/wp\/v2\/media?parent=321111"}],"wp:term":[{"taxonomy":"category","embeddable":true,"href":"https:\/\/www.notibras.com\/site\/wp-json\/wp\/v2\/categories?post=321111"},{"taxonomy":"post_tag","embeddable":true,"href":"https:\/\/www.notibras.com\/site\/wp-json\/wp\/v2\/tags?post=321111"}],"curies":[{"name":"wp","href":"https:\/\/api.w.org\/{rel}","templated":true}]}}