{"id":321176,"date":"2024-01-25T05:45:47","date_gmt":"2024-01-25T08:45:47","guid":{"rendered":"https:\/\/www.notibras.com\/site\/?p=321176"},"modified":"2024-01-25T05:48:28","modified_gmt":"2024-01-25T08:48:28","slug":"sonia-clair-a-verdadeira-diva-de-copacabana","status":"publish","type":"post","link":"https:\/\/www.notibras.com\/site\/sonia-clair-a-verdadeira-diva-de-copacabana\/","title":{"rendered":"Sonia Clair, a verdadeira diva de Copacabana"},"content":{"rendered":"<p>Eu a conheci em outubro de 2001, quando fui transferido para o DEREG, que era um dep\u00f3sito do Banco do Brasil localizado bem na entrada da favela Kelson, na Penha Circular, um bairro do Rio de Janeiro. N\u00e3o me recordo exatamente como foi, mas lembro que ela se aproximou e, muito simp\u00e1tica, me deu as boas-vindas. Ela me lan\u00e7ou aquele sorriso e, assim, me disse que se chamava Nen\u00e9m. Muito tempo depois, soube que o seu nome era outro: Sonia Clair.<\/p>\n<p>Apesar de trabalharmos no mesmo setor, praticamente n\u00e3o t\u00ednhamos muito tempo para conversar, j\u00e1 que eu passava a maior parte do expediente dentro do escrit\u00f3rio, enquanto ela ficava na parte da confer\u00eancia dos materiais que seriam despachados para as diversas depend\u00eancias do Banco do Brasil espalhadas pelo pa\u00eds. Todavia, isso n\u00e3o foi empecilho para que, de vez em quando, troc\u00e1ssemos um &#8220;Oi! Tudo bem? Como vai?&#8221;<\/p>\n<p>Depois de algum tempo, voltei a morar em Copacabana, mesmo bairro onde a Sonia residia. Ent\u00e3o, logo em seguida, pegamos o mesmo \u00f4nibus de volta para casa. Eu havia entrado primeiro, mas n\u00e3o a tinha visto at\u00e9 que ela, esbaforida, tamb\u00e9m subiu os degraus do coletivo. Eu a cumprimentei quando ela ainda estava na roleta pagando a passagem. No entanto, para a minha surpresa, ela n\u00e3o se sentou ao meu lado, mesmo o lugar estando vazio. Ela se sentou na outra fileira de cadeiras, quase na mesma dire\u00e7\u00e3o. Eu lhe perguntei por que n\u00e3o se sentara comigo. Ela apenas sorriu, meio constrangida talvez. Eu me levantei e fui me sentar ao lado dela, j\u00e1 que o assento ao lado tamb\u00e9m estava vago.<\/p>\n<p><img loading=\"lazy\" decoding=\"async\" class=\"wp-image-321180 aligncenter\" src=\"https:\/\/www.notibras.com\/site\/wp-content\/uploads\/2024\/01\/cb61badb-0f61-4841-876d-c7359252959d-300x300.jpeg\" alt=\"\" width=\"382\" height=\"382\" srcset=\"https:\/\/www.notibras.com\/site\/wp-content\/uploads\/2024\/01\/cb61badb-0f61-4841-876d-c7359252959d-300x300.jpeg 300w, https:\/\/www.notibras.com\/site\/wp-content\/uploads\/2024\/01\/cb61badb-0f61-4841-876d-c7359252959d-150x150.jpeg 150w, https:\/\/www.notibras.com\/site\/wp-content\/uploads\/2024\/01\/cb61badb-0f61-4841-876d-c7359252959d-80x80.jpeg 80w, https:\/\/www.notibras.com\/site\/wp-content\/uploads\/2024\/01\/cb61badb-0f61-4841-876d-c7359252959d.jpeg 320w\" sizes=\"auto, (max-width: 382px) 100vw, 382px\" \/><\/p>\n<p>Fiz-lhe a mesma pergunta, quando ela finalmente me respondeu que nem todos os colegas gostavam de ficar na companhia dela fora do banco. Essas palavras me fizeram sentir vergonha dessas situa\u00e7\u00f5es horr\u00edveis da vida. A sociedade, muitas vezes, nos torna hip\u00f3critas, pois nos faz insistir em comportamentos deprimentes.<\/p>\n<p>Eu, que j\u00e1 admirava a Sonia, naquele momento quis ser seu amigo. N\u00e3o sei se consegui, mas fiz quest\u00e3o de enaltec\u00ea-la sempre que est\u00e1vamos juntos. Inclusive depois de alguns anos, quando sa\u00ed do Banco do Brasil e me mudei de cidade.<\/p>\n<p>Quando voltava ao Rio, sempre perguntava por ela e, quando t\u00ednhamos sorte, a encontr\u00e1vamos. E, numa dessas viagens, a minha esposa, a famosa Dona Irene, acabou conhecendo a minha amiga. Lembro-me muito bem desse dia, quando ela se apresentou: &#8220;Prazer, Sonia!&#8221; A minha esposa, assim como grande parte das pessoas que tiveram o enorme prazer em conhec\u00ea-la, ficou encantada com a Sonia. Ali\u00e1s, Sonia Clair!!! Mulher!!! Preta!!! Poderosa!!!<\/p>\n","protected":false},"excerpt":{"rendered":"<p>Eu a conheci em outubro de 2001, quando fui transferido para o DEREG, que era um dep\u00f3sito do Banco do Brasil localizado bem na entrada da favela Kelson, na Penha Circular, um bairro do Rio de Janeiro. N\u00e3o me recordo exatamente como foi, mas lembro que ela se aproximou e, muito simp\u00e1tica, me deu as [&hellip;]<\/p>\n","protected":false},"author":2,"featured_media":321177,"comment_status":"closed","ping_status":"closed","sticky":false,"template":"","format":"standard","meta":{"_acf_changed":false,"footnotes":""},"categories":[161],"tags":[],"class_list":["post-321176","post","type-post","status-publish","format-standard","has-post-thumbnail","hentry","category-quadradinho-em-foco"],"acf":[],"yoast_head":"<!-- This site is optimized with the Yoast SEO plugin v27.2 - https:\/\/yoast.com\/product\/yoast-seo-wordpress\/ -->\n<title>Sonia Clair, a verdadeira diva de Copacabana - Notibras<\/title>\n<meta name=\"robots\" content=\"index, follow, max-snippet:-1, max-image-preview:large, max-video-preview:-1\" \/>\n<link rel=\"canonical\" href=\"https:\/\/www.notibras.com\/site\/sonia-clair-a-verdadeira-diva-de-copacabana\/\" \/>\n<meta property=\"og:locale\" content=\"pt_BR\" \/>\n<meta property=\"og:type\" content=\"article\" \/>\n<meta property=\"og:title\" content=\"Sonia Clair, a verdadeira diva de Copacabana - Notibras\" \/>\n<meta property=\"og:description\" content=\"Eu a conheci em outubro de 2001, quando fui transferido para o DEREG, que era um dep\u00f3sito do Banco do Brasil localizado bem na entrada da favela Kelson, na Penha Circular, um bairro do Rio de Janeiro. N\u00e3o me recordo exatamente como foi, mas lembro que ela se aproximou e, muito simp\u00e1tica, me deu as [&hellip;]\" \/>\n<meta property=\"og:url\" content=\"https:\/\/www.notibras.com\/site\/sonia-clair-a-verdadeira-diva-de-copacabana\/\" \/>\n<meta property=\"og:site_name\" content=\"Notibras\" \/>\n<meta property=\"article:publisher\" content=\"https:\/\/www.facebook.com\/notibras\/\" \/>\n<meta property=\"article:published_time\" content=\"2024-01-25T08:45:47+00:00\" \/>\n<meta property=\"article:modified_time\" content=\"2024-01-25T08:48:28+00:00\" \/>\n<meta property=\"og:image\" content=\"https:\/\/www.notibras.com\/site\/wp-content\/uploads\/2024\/01\/1144bb00-5de2-4a34-8392-84af30ff0786.jpeg\" \/>\n\t<meta property=\"og:image:width\" content=\"320\" \/>\n\t<meta property=\"og:image:height\" content=\"240\" \/>\n\t<meta property=\"og:image:type\" content=\"image\/jpeg\" \/>\n<meta name=\"author\" content=\"Reda\u00e7\u00e3o\" \/>\n<meta name=\"twitter:card\" content=\"summary_large_image\" \/>\n<meta name=\"twitter:creator\" content=\"@Notibras\" \/>\n<meta name=\"twitter:site\" content=\"@Notibras\" \/>\n<meta name=\"twitter:label1\" content=\"Escrito por\" \/>\n\t<meta name=\"twitter:data1\" content=\"Reda\u00e7\u00e3o\" \/>\n\t<meta name=\"twitter:label2\" content=\"Est. tempo de leitura\" \/>\n\t<meta name=\"twitter:data2\" content=\"3 minutos\" \/>\n<script type=\"application\/ld+json\" class=\"yoast-schema-graph\">{\"@context\":\"https:\/\/schema.org\",\"@graph\":[{\"@type\":\"Article\",\"@id\":\"https:\/\/www.notibras.com\/site\/sonia-clair-a-verdadeira-diva-de-copacabana\/#article\",\"isPartOf\":{\"@id\":\"https:\/\/www.notibras.com\/site\/sonia-clair-a-verdadeira-diva-de-copacabana\/\"},\"author\":{\"name\":\"Reda\u00e7\u00e3o\",\"@id\":\"https:\/\/www.notibras.com\/site\/#\/schema\/person\/36ab0979449956132d3e5b517ea76ac8\"},\"headline\":\"Sonia Clair, a verdadeira diva de Copacabana\",\"datePublished\":\"2024-01-25T08:45:47+00:00\",\"dateModified\":\"2024-01-25T08:48:28+00:00\",\"mainEntityOfPage\":{\"@id\":\"https:\/\/www.notibras.com\/site\/sonia-clair-a-verdadeira-diva-de-copacabana\/\"},\"wordCount\":463,\"publisher\":{\"@id\":\"https:\/\/www.notibras.com\/site\/#organization\"},\"image\":{\"@id\":\"https:\/\/www.notibras.com\/site\/sonia-clair-a-verdadeira-diva-de-copacabana\/#primaryimage\"},\"thumbnailUrl\":\"https:\/\/www.notibras.com\/site\/wp-content\/uploads\/2024\/01\/1144bb00-5de2-4a34-8392-84af30ff0786.jpeg\",\"articleSection\":[\"Quadradinho em Foco\"],\"inLanguage\":\"pt-BR\"},{\"@type\":\"WebPage\",\"@id\":\"https:\/\/www.notibras.com\/site\/sonia-clair-a-verdadeira-diva-de-copacabana\/\",\"url\":\"https:\/\/www.notibras.com\/site\/sonia-clair-a-verdadeira-diva-de-copacabana\/\",\"name\":\"Sonia Clair, a verdadeira diva de Copacabana - Notibras\",\"isPartOf\":{\"@id\":\"https:\/\/www.notibras.com\/site\/#website\"},\"primaryImageOfPage\":{\"@id\":\"https:\/\/www.notibras.com\/site\/sonia-clair-a-verdadeira-diva-de-copacabana\/#primaryimage\"},\"image\":{\"@id\":\"https:\/\/www.notibras.com\/site\/sonia-clair-a-verdadeira-diva-de-copacabana\/#primaryimage\"},\"thumbnailUrl\":\"https:\/\/www.notibras.com\/site\/wp-content\/uploads\/2024\/01\/1144bb00-5de2-4a34-8392-84af30ff0786.jpeg\",\"datePublished\":\"2024-01-25T08:45:47+00:00\",\"dateModified\":\"2024-01-25T08:48:28+00:00\",\"breadcrumb\":{\"@id\":\"https:\/\/www.notibras.com\/site\/sonia-clair-a-verdadeira-diva-de-copacabana\/#breadcrumb\"},\"inLanguage\":\"pt-BR\",\"potentialAction\":[{\"@type\":\"ReadAction\",\"target\":[\"https:\/\/www.notibras.com\/site\/sonia-clair-a-verdadeira-diva-de-copacabana\/\"]}]},{\"@type\":\"ImageObject\",\"inLanguage\":\"pt-BR\",\"@id\":\"https:\/\/www.notibras.com\/site\/sonia-clair-a-verdadeira-diva-de-copacabana\/#primaryimage\",\"url\":\"https:\/\/www.notibras.com\/site\/wp-content\/uploads\/2024\/01\/1144bb00-5de2-4a34-8392-84af30ff0786.jpeg\",\"contentUrl\":\"https:\/\/www.notibras.com\/site\/wp-content\/uploads\/2024\/01\/1144bb00-5de2-4a34-8392-84af30ff0786.jpeg\",\"width\":320,\"height\":240},{\"@type\":\"BreadcrumbList\",\"@id\":\"https:\/\/www.notibras.com\/site\/sonia-clair-a-verdadeira-diva-de-copacabana\/#breadcrumb\",\"itemListElement\":[{\"@type\":\"ListItem\",\"position\":1,\"name\":\"In\u00edcio\",\"item\":\"https:\/\/www.notibras.com\/site\/\"},{\"@type\":\"ListItem\",\"position\":2,\"name\":\"Sonia Clair, a verdadeira diva de Copacabana\"}]},{\"@type\":\"WebSite\",\"@id\":\"https:\/\/www.notibras.com\/site\/#website\",\"url\":\"https:\/\/www.notibras.com\/site\/\",\"name\":\"Notibras\",\"description\":\"Not\u00edcias de Bras\u00edlia, do Brasil e do Mundo\",\"publisher\":{\"@id\":\"https:\/\/www.notibras.com\/site\/#organization\"},\"potentialAction\":[{\"@type\":\"SearchAction\",\"target\":{\"@type\":\"EntryPoint\",\"urlTemplate\":\"https:\/\/www.notibras.com\/site\/?s={search_term_string}\"},\"query-input\":{\"@type\":\"PropertyValueSpecification\",\"valueRequired\":true,\"valueName\":\"search_term_string\"}}],\"inLanguage\":\"pt-BR\"},{\"@type\":\"Organization\",\"@id\":\"https:\/\/www.notibras.com\/site\/#organization\",\"name\":\"Grupo Notibras de Comunica\u00e7\u00e3o\",\"url\":\"https:\/\/www.notibras.com\/site\/\",\"logo\":{\"@type\":\"ImageObject\",\"inLanguage\":\"pt-BR\",\"@id\":\"https:\/\/www.notibras.com\/site\/#\/schema\/logo\/image\/\",\"url\":\"https:\/\/www.notibras.com\/site\/wp-content\/uploads\/2023\/01\/notibras23.png\",\"contentUrl\":\"https:\/\/www.notibras.com\/site\/wp-content\/uploads\/2023\/01\/notibras23.png\",\"width\":350,\"height\":87,\"caption\":\"Grupo Notibras de Comunica\u00e7\u00e3o\"},\"image\":{\"@id\":\"https:\/\/www.notibras.com\/site\/#\/schema\/logo\/image\/\"},\"sameAs\":[\"https:\/\/www.facebook.com\/notibras\/\",\"https:\/\/x.com\/Notibras\",\"https:\/\/www.instagram.com\/notibras\/\"]},{\"@type\":\"Person\",\"@id\":\"https:\/\/www.notibras.com\/site\/#\/schema\/person\/36ab0979449956132d3e5b517ea76ac8\",\"name\":\"Reda\u00e7\u00e3o\",\"image\":{\"@type\":\"ImageObject\",\"inLanguage\":\"pt-BR\",\"@id\":\"https:\/\/secure.gravatar.com\/avatar\/e0a867bdedb85fd243eadf09663511f96fc81e0720a4a42581f334ad4303aa6b?s=96&d=mm&r=g\",\"url\":\"https:\/\/secure.gravatar.com\/avatar\/e0a867bdedb85fd243eadf09663511f96fc81e0720a4a42581f334ad4303aa6b?s=96&d=mm&r=g\",\"contentUrl\":\"https:\/\/secure.gravatar.com\/avatar\/e0a867bdedb85fd243eadf09663511f96fc81e0720a4a42581f334ad4303aa6b?s=96&d=mm&r=g\",\"caption\":\"Reda\u00e7\u00e3o\"}}]}<\/script>\n<!-- \/ Yoast SEO plugin. -->","yoast_head_json":{"title":"Sonia Clair, a verdadeira diva de Copacabana - Notibras","robots":{"index":"index","follow":"follow","max-snippet":"max-snippet:-1","max-image-preview":"max-image-preview:large","max-video-preview":"max-video-preview:-1"},"canonical":"https:\/\/www.notibras.com\/site\/sonia-clair-a-verdadeira-diva-de-copacabana\/","og_locale":"pt_BR","og_type":"article","og_title":"Sonia Clair, a verdadeira diva de Copacabana - Notibras","og_description":"Eu a conheci em outubro de 2001, quando fui transferido para o DEREG, que era um dep\u00f3sito do Banco do Brasil localizado bem na entrada da favela Kelson, na Penha Circular, um bairro do Rio de Janeiro. N\u00e3o me recordo exatamente como foi, mas lembro que ela se aproximou e, muito simp\u00e1tica, me deu as [&hellip;]","og_url":"https:\/\/www.notibras.com\/site\/sonia-clair-a-verdadeira-diva-de-copacabana\/","og_site_name":"Notibras","article_publisher":"https:\/\/www.facebook.com\/notibras\/","article_published_time":"2024-01-25T08:45:47+00:00","article_modified_time":"2024-01-25T08:48:28+00:00","og_image":[{"width":320,"height":240,"url":"https:\/\/www.notibras.com\/site\/wp-content\/uploads\/2024\/01\/1144bb00-5de2-4a34-8392-84af30ff0786.jpeg","type":"image\/jpeg"}],"author":"Reda\u00e7\u00e3o","twitter_card":"summary_large_image","twitter_creator":"@Notibras","twitter_site":"@Notibras","twitter_misc":{"Escrito por":"Reda\u00e7\u00e3o","Est. tempo de leitura":"3 minutos"},"schema":{"@context":"https:\/\/schema.org","@graph":[{"@type":"Article","@id":"https:\/\/www.notibras.com\/site\/sonia-clair-a-verdadeira-diva-de-copacabana\/#article","isPartOf":{"@id":"https:\/\/www.notibras.com\/site\/sonia-clair-a-verdadeira-diva-de-copacabana\/"},"author":{"name":"Reda\u00e7\u00e3o","@id":"https:\/\/www.notibras.com\/site\/#\/schema\/person\/36ab0979449956132d3e5b517ea76ac8"},"headline":"Sonia Clair, a verdadeira diva de Copacabana","datePublished":"2024-01-25T08:45:47+00:00","dateModified":"2024-01-25T08:48:28+00:00","mainEntityOfPage":{"@id":"https:\/\/www.notibras.com\/site\/sonia-clair-a-verdadeira-diva-de-copacabana\/"},"wordCount":463,"publisher":{"@id":"https:\/\/www.notibras.com\/site\/#organization"},"image":{"@id":"https:\/\/www.notibras.com\/site\/sonia-clair-a-verdadeira-diva-de-copacabana\/#primaryimage"},"thumbnailUrl":"https:\/\/www.notibras.com\/site\/wp-content\/uploads\/2024\/01\/1144bb00-5de2-4a34-8392-84af30ff0786.jpeg","articleSection":["Quadradinho em Foco"],"inLanguage":"pt-BR"},{"@type":"WebPage","@id":"https:\/\/www.notibras.com\/site\/sonia-clair-a-verdadeira-diva-de-copacabana\/","url":"https:\/\/www.notibras.com\/site\/sonia-clair-a-verdadeira-diva-de-copacabana\/","name":"Sonia Clair, a verdadeira diva de Copacabana - Notibras","isPartOf":{"@id":"https:\/\/www.notibras.com\/site\/#website"},"primaryImageOfPage":{"@id":"https:\/\/www.notibras.com\/site\/sonia-clair-a-verdadeira-diva-de-copacabana\/#primaryimage"},"image":{"@id":"https:\/\/www.notibras.com\/site\/sonia-clair-a-verdadeira-diva-de-copacabana\/#primaryimage"},"thumbnailUrl":"https:\/\/www.notibras.com\/site\/wp-content\/uploads\/2024\/01\/1144bb00-5de2-4a34-8392-84af30ff0786.jpeg","datePublished":"2024-01-25T08:45:47+00:00","dateModified":"2024-01-25T08:48:28+00:00","breadcrumb":{"@id":"https:\/\/www.notibras.com\/site\/sonia-clair-a-verdadeira-diva-de-copacabana\/#breadcrumb"},"inLanguage":"pt-BR","potentialAction":[{"@type":"ReadAction","target":["https:\/\/www.notibras.com\/site\/sonia-clair-a-verdadeira-diva-de-copacabana\/"]}]},{"@type":"ImageObject","inLanguage":"pt-BR","@id":"https:\/\/www.notibras.com\/site\/sonia-clair-a-verdadeira-diva-de-copacabana\/#primaryimage","url":"https:\/\/www.notibras.com\/site\/wp-content\/uploads\/2024\/01\/1144bb00-5de2-4a34-8392-84af30ff0786.jpeg","contentUrl":"https:\/\/www.notibras.com\/site\/wp-content\/uploads\/2024\/01\/1144bb00-5de2-4a34-8392-84af30ff0786.jpeg","width":320,"height":240},{"@type":"BreadcrumbList","@id":"https:\/\/www.notibras.com\/site\/sonia-clair-a-verdadeira-diva-de-copacabana\/#breadcrumb","itemListElement":[{"@type":"ListItem","position":1,"name":"In\u00edcio","item":"https:\/\/www.notibras.com\/site\/"},{"@type":"ListItem","position":2,"name":"Sonia Clair, a verdadeira diva de Copacabana"}]},{"@type":"WebSite","@id":"https:\/\/www.notibras.com\/site\/#website","url":"https:\/\/www.notibras.com\/site\/","name":"Notibras","description":"Not\u00edcias de Bras\u00edlia, do Brasil e do Mundo","publisher":{"@id":"https:\/\/www.notibras.com\/site\/#organization"},"potentialAction":[{"@type":"SearchAction","target":{"@type":"EntryPoint","urlTemplate":"https:\/\/www.notibras.com\/site\/?s={search_term_string}"},"query-input":{"@type":"PropertyValueSpecification","valueRequired":true,"valueName":"search_term_string"}}],"inLanguage":"pt-BR"},{"@type":"Organization","@id":"https:\/\/www.notibras.com\/site\/#organization","name":"Grupo Notibras de Comunica\u00e7\u00e3o","url":"https:\/\/www.notibras.com\/site\/","logo":{"@type":"ImageObject","inLanguage":"pt-BR","@id":"https:\/\/www.notibras.com\/site\/#\/schema\/logo\/image\/","url":"https:\/\/www.notibras.com\/site\/wp-content\/uploads\/2023\/01\/notibras23.png","contentUrl":"https:\/\/www.notibras.com\/site\/wp-content\/uploads\/2023\/01\/notibras23.png","width":350,"height":87,"caption":"Grupo Notibras de Comunica\u00e7\u00e3o"},"image":{"@id":"https:\/\/www.notibras.com\/site\/#\/schema\/logo\/image\/"},"sameAs":["https:\/\/www.facebook.com\/notibras\/","https:\/\/x.com\/Notibras","https:\/\/www.instagram.com\/notibras\/"]},{"@type":"Person","@id":"https:\/\/www.notibras.com\/site\/#\/schema\/person\/36ab0979449956132d3e5b517ea76ac8","name":"Reda\u00e7\u00e3o","image":{"@type":"ImageObject","inLanguage":"pt-BR","@id":"https:\/\/secure.gravatar.com\/avatar\/e0a867bdedb85fd243eadf09663511f96fc81e0720a4a42581f334ad4303aa6b?s=96&d=mm&r=g","url":"https:\/\/secure.gravatar.com\/avatar\/e0a867bdedb85fd243eadf09663511f96fc81e0720a4a42581f334ad4303aa6b?s=96&d=mm&r=g","contentUrl":"https:\/\/secure.gravatar.com\/avatar\/e0a867bdedb85fd243eadf09663511f96fc81e0720a4a42581f334ad4303aa6b?s=96&d=mm&r=g","caption":"Reda\u00e7\u00e3o"}}]}},"amp_enabled":true,"_links":{"self":[{"href":"https:\/\/www.notibras.com\/site\/wp-json\/wp\/v2\/posts\/321176","targetHints":{"allow":["GET"]}}],"collection":[{"href":"https:\/\/www.notibras.com\/site\/wp-json\/wp\/v2\/posts"}],"about":[{"href":"https:\/\/www.notibras.com\/site\/wp-json\/wp\/v2\/types\/post"}],"author":[{"embeddable":true,"href":"https:\/\/www.notibras.com\/site\/wp-json\/wp\/v2\/users\/2"}],"replies":[{"embeddable":true,"href":"https:\/\/www.notibras.com\/site\/wp-json\/wp\/v2\/comments?post=321176"}],"version-history":[{"count":3,"href":"https:\/\/www.notibras.com\/site\/wp-json\/wp\/v2\/posts\/321176\/revisions"}],"predecessor-version":[{"id":321181,"href":"https:\/\/www.notibras.com\/site\/wp-json\/wp\/v2\/posts\/321176\/revisions\/321181"}],"wp:featuredmedia":[{"embeddable":true,"href":"https:\/\/www.notibras.com\/site\/wp-json\/wp\/v2\/media\/321177"}],"wp:attachment":[{"href":"https:\/\/www.notibras.com\/site\/wp-json\/wp\/v2\/media?parent=321176"}],"wp:term":[{"taxonomy":"category","embeddable":true,"href":"https:\/\/www.notibras.com\/site\/wp-json\/wp\/v2\/categories?post=321176"},{"taxonomy":"post_tag","embeddable":true,"href":"https:\/\/www.notibras.com\/site\/wp-json\/wp\/v2\/tags?post=321176"}],"curies":[{"name":"wp","href":"https:\/\/api.w.org\/{rel}","templated":true}]}}