{"id":321185,"date":"2024-01-25T00:22:38","date_gmt":"2024-01-25T03:22:38","guid":{"rendered":"https:\/\/www.notibras.com\/site\/?p=321185"},"modified":"2024-01-25T06:24:59","modified_gmt":"2024-01-25T09:24:59","slug":"governo-vai-criar-200-excecoes-para-trabalho-em-feriados","status":"publish","type":"post","link":"https:\/\/www.notibras.com\/site\/governo-vai-criar-200-excecoes-para-trabalho-em-feriados\/","title":{"rendered":"Governo vai criar 200 exce\u00e7\u00f5es para trabalho em feriados"},"content":{"rendered":"<p>Uma nova portaria a ser editada at\u00e9 o in\u00edcio de fevereiro trar\u00e1 uma lista de cerca de 200 setores considerados essenciais que n\u00e3o precisar\u00e3o fechar acordos com os sindicatos para trabalho aos feriados. A informa\u00e7\u00e3o foi dada nesta quarta-feira (24) pelo ministro do Trabalho e Emprego, Luiz Marinho, e por entidades de trabalhadores e de empregados.<\/p>\n<p>O an\u00fancio ocorreu ap\u00f3s reuni\u00e3o nesta tarde entre representantes do governo, das centrais sindicais e dos empregadores. Segundo Marinho, a lista de exce\u00e7\u00f5es ainda n\u00e3o est\u00e1 definida, mas farm\u00e1cia e postos de gasolina est\u00e3o entre os setores que n\u00e3o precisar\u00e3o de acordo coletivo.<\/p>\n<p>\u201cFizemos o ajuste em todo o texto da portaria, que ser\u00e1 republicada. H\u00e1 uma bancada de relatores alterando o texto, que n\u00e3o apresentar\u00e1 hoje a vers\u00e3o final. A portaria anterior teve o \u00fanico objetivo de provocar essa conversa nacional, com uma mesa permanente para discutir o tema, inclusive daqui para frente\u201d, disse Marinho em entrevista coletiva ap\u00f3s a reuni\u00e3o.<\/p>\n<p>A portaria publicada em novembro de 2023 e revogada logo em seguida, invalidou uma outra portaria de 2021, que concedeu autoriza\u00e7\u00e3o permanente para o trabalho aos domingos e feriados em v\u00e1rios setores do com\u00e9rcio.<\/p>\n<p>Segundo o ministro, a nova portaria ser\u00e1 editada at\u00e9 5 de fevereiro e entrar\u00e1 em vigor logo ap\u00f3s a publica\u00e7\u00e3o. Em rela\u00e7\u00e3o ao trabalho aos domingos, as categorias fora da lista de exce\u00e7\u00f5es precisar\u00e3o de conven\u00e7\u00e3o para implementar o trabalho. \u201cA portaria do governo anterior agredia o que dizia a lei. A legisla\u00e7\u00e3o diz que pode trabalhar aos fins de semana, mas que o trabalho aos feriados precisa de negocia\u00e7\u00e3o [com os sindicatos]\u201d, acrescentou Marinho.<\/p>\n<p>Julimar Roberto, presidente da Confedera\u00e7\u00e3o Nacional dos Trabalhadores no Com\u00e9rcio e Servi\u00e7os (Contracs), ligada \u00e0 Central \u00danica dos Trabalhadores (CUT), explicou que os setores exclu\u00eddos ser\u00e3o listados num anexo da portaria.<\/p>\n<p>\u201cObservamos que existem alguns tipos de trabalhos que precisam funcionar por conta do atendimento \u00e0 popula\u00e7\u00e3o, trabalhos especiais. Farm\u00e1cia, por exemplo, que pode salvar a vida de uma pessoa. \u00c9 primordial. Esse \u00e9 o ajuste que foi feito, com um anexo de reda\u00e7\u00e3o, dizendo quais poder\u00e3o funcionar independentemente da negocia\u00e7\u00e3o coletiva\u201d, informou.<\/p>\n<p>Representante da Confedera\u00e7\u00e3o Nacional do Com\u00e9rcio (CNC), Ivo Dall\u2019Acqua disse que a lei trata apenas do com\u00e9rcio de produtos. Atividades ligadas a servi\u00e7os n\u00e3o ter\u00e3o necessidade de acordo coletivo, como bares, restaurantes e hot\u00e9is. Supermercados, no entanto, necessitam de conven\u00e7\u00e3o para abrirem aos feriados.<\/p>\n<p>\u201cA lei n\u00e3o contempla bares e restaurantes, que s\u00e3o do grupo de turismo e hospitalidade. A portaria vai deixar claro as categorias que poder\u00e3o funcionar sete dias por semana, como hot\u00e9is e outras atividades. A lei diz respeito a parte do com\u00e9rcio que cuida do atacado e varejo, com\u00e9rcio de mercadorias, compra e vendas. Por isso, a gente trata a excepcionalidade com cuidado para que todos tenham tratamento ison\u00f4mico\u201d, declarou.<\/p>\n<p>Al\u00e9m do Minist\u00e9rio do Trabalho e Emprego, a reuni\u00e3o teve a presen\u00e7a de representantes das seguintes centrais sindicais: CUT, Confedera\u00e7\u00e3o Nacional dos Trabalhadores no Com\u00e9rcio (CNTC) e Central dos Sindicatos Brasileiros (CSB). Os empregadores foram representados pela CNC.<\/p>\n<p><strong>Hist\u00f3rico<\/strong><br \/>\nEm novembro, o Minist\u00e9rio do Trabalho publicou uma portaria que obrigava a conven\u00e7\u00e3o coletiva para o trabalho aos feriados a todos os setores. Uma semana mais tarde, o texto foi revogado, ap\u00f3s a C\u00e2mara dos Deputados amea\u00e7ar aprovar um decreto legislativo cancelando a portaria.<\/p>\n","protected":false},"excerpt":{"rendered":"<p>Uma nova portaria a ser editada at\u00e9 o in\u00edcio de fevereiro trar\u00e1 uma lista de cerca de 200 setores considerados essenciais que n\u00e3o precisar\u00e3o fechar acordos com os sindicatos para trabalho aos feriados. A informa\u00e7\u00e3o foi dada nesta quarta-feira (24) pelo ministro do Trabalho e Emprego, Luiz Marinho, e por entidades de trabalhadores e de [&hellip;]<\/p>\n","protected":false},"author":2,"featured_media":321186,"comment_status":"closed","ping_status":"closed","sticky":false,"template":"","format":"standard","meta":{"_acf_changed":false,"footnotes":""},"categories":[161],"tags":[],"class_list":["post-321185","post","type-post","status-publish","format-standard","has-post-thumbnail","hentry","category-quadradinho-em-foco"],"acf":[],"yoast_head":"<!-- This site is optimized with the Yoast SEO plugin v27.2 - https:\/\/yoast.com\/product\/yoast-seo-wordpress\/ -->\n<title>Governo vai criar 200 exce\u00e7\u00f5es para trabalho em feriados - Notibras<\/title>\n<meta name=\"robots\" content=\"index, follow, max-snippet:-1, max-image-preview:large, max-video-preview:-1\" \/>\n<link rel=\"canonical\" href=\"https:\/\/www.notibras.com\/site\/governo-vai-criar-200-excecoes-para-trabalho-em-feriados\/\" \/>\n<meta property=\"og:locale\" content=\"pt_BR\" \/>\n<meta property=\"og:type\" content=\"article\" \/>\n<meta property=\"og:title\" content=\"Governo vai criar 200 exce\u00e7\u00f5es para trabalho em feriados - Notibras\" \/>\n<meta property=\"og:description\" content=\"Uma nova portaria a ser editada at\u00e9 o in\u00edcio de fevereiro trar\u00e1 uma lista de cerca de 200 setores considerados essenciais que n\u00e3o precisar\u00e3o fechar acordos com os sindicatos para trabalho aos feriados. A informa\u00e7\u00e3o foi dada nesta quarta-feira (24) pelo ministro do Trabalho e Emprego, Luiz Marinho, e por entidades de trabalhadores e de [&hellip;]\" \/>\n<meta property=\"og:url\" content=\"https:\/\/www.notibras.com\/site\/governo-vai-criar-200-excecoes-para-trabalho-em-feriados\/\" \/>\n<meta property=\"og:site_name\" content=\"Notibras\" \/>\n<meta property=\"article:publisher\" content=\"https:\/\/www.facebook.com\/notibras\/\" \/>\n<meta property=\"article:published_time\" content=\"2024-01-25T03:22:38+00:00\" \/>\n<meta property=\"article:modified_time\" content=\"2024-01-25T09:24:59+00:00\" \/>\n<meta property=\"og:image\" content=\"https:\/\/www.notibras.com\/site\/wp-content\/uploads\/2024\/01\/feri.exc_.webp\" \/>\n\t<meta property=\"og:image:width\" content=\"1170\" \/>\n\t<meta property=\"og:image:height\" content=\"700\" \/>\n\t<meta property=\"og:image:type\" content=\"image\/webp\" \/>\n<meta name=\"author\" content=\"Reda\u00e7\u00e3o\" \/>\n<meta name=\"twitter:card\" content=\"summary_large_image\" \/>\n<meta name=\"twitter:creator\" content=\"@Notibras\" \/>\n<meta name=\"twitter:site\" content=\"@Notibras\" \/>\n<meta name=\"twitter:label1\" content=\"Escrito por\" \/>\n\t<meta name=\"twitter:data1\" content=\"Reda\u00e7\u00e3o\" \/>\n\t<meta name=\"twitter:label2\" content=\"Est. tempo de leitura\" \/>\n\t<meta name=\"twitter:data2\" content=\"4 minutos\" \/>\n<script type=\"application\/ld+json\" class=\"yoast-schema-graph\">{\"@context\":\"https:\/\/schema.org\",\"@graph\":[{\"@type\":\"Article\",\"@id\":\"https:\/\/www.notibras.com\/site\/governo-vai-criar-200-excecoes-para-trabalho-em-feriados\/#article\",\"isPartOf\":{\"@id\":\"https:\/\/www.notibras.com\/site\/governo-vai-criar-200-excecoes-para-trabalho-em-feriados\/\"},\"author\":{\"name\":\"Reda\u00e7\u00e3o\",\"@id\":\"https:\/\/www.notibras.com\/site\/#\/schema\/person\/36ab0979449956132d3e5b517ea76ac8\"},\"headline\":\"Governo vai criar 200 exce\u00e7\u00f5es para trabalho em feriados\",\"datePublished\":\"2024-01-25T03:22:38+00:00\",\"dateModified\":\"2024-01-25T09:24:59+00:00\",\"mainEntityOfPage\":{\"@id\":\"https:\/\/www.notibras.com\/site\/governo-vai-criar-200-excecoes-para-trabalho-em-feriados\/\"},\"wordCount\":613,\"publisher\":{\"@id\":\"https:\/\/www.notibras.com\/site\/#organization\"},\"image\":{\"@id\":\"https:\/\/www.notibras.com\/site\/governo-vai-criar-200-excecoes-para-trabalho-em-feriados\/#primaryimage\"},\"thumbnailUrl\":\"https:\/\/www.notibras.com\/site\/wp-content\/uploads\/2024\/01\/feri.exc_.webp\",\"articleSection\":[\"Quadradinho em Foco\"],\"inLanguage\":\"pt-BR\"},{\"@type\":\"WebPage\",\"@id\":\"https:\/\/www.notibras.com\/site\/governo-vai-criar-200-excecoes-para-trabalho-em-feriados\/\",\"url\":\"https:\/\/www.notibras.com\/site\/governo-vai-criar-200-excecoes-para-trabalho-em-feriados\/\",\"name\":\"Governo vai criar 200 exce\u00e7\u00f5es para trabalho em feriados - Notibras\",\"isPartOf\":{\"@id\":\"https:\/\/www.notibras.com\/site\/#website\"},\"primaryImageOfPage\":{\"@id\":\"https:\/\/www.notibras.com\/site\/governo-vai-criar-200-excecoes-para-trabalho-em-feriados\/#primaryimage\"},\"image\":{\"@id\":\"https:\/\/www.notibras.com\/site\/governo-vai-criar-200-excecoes-para-trabalho-em-feriados\/#primaryimage\"},\"thumbnailUrl\":\"https:\/\/www.notibras.com\/site\/wp-content\/uploads\/2024\/01\/feri.exc_.webp\",\"datePublished\":\"2024-01-25T03:22:38+00:00\",\"dateModified\":\"2024-01-25T09:24:59+00:00\",\"breadcrumb\":{\"@id\":\"https:\/\/www.notibras.com\/site\/governo-vai-criar-200-excecoes-para-trabalho-em-feriados\/#breadcrumb\"},\"inLanguage\":\"pt-BR\",\"potentialAction\":[{\"@type\":\"ReadAction\",\"target\":[\"https:\/\/www.notibras.com\/site\/governo-vai-criar-200-excecoes-para-trabalho-em-feriados\/\"]}]},{\"@type\":\"ImageObject\",\"inLanguage\":\"pt-BR\",\"@id\":\"https:\/\/www.notibras.com\/site\/governo-vai-criar-200-excecoes-para-trabalho-em-feriados\/#primaryimage\",\"url\":\"https:\/\/www.notibras.com\/site\/wp-content\/uploads\/2024\/01\/feri.exc_.webp\",\"contentUrl\":\"https:\/\/www.notibras.com\/site\/wp-content\/uploads\/2024\/01\/feri.exc_.webp\",\"width\":1170,\"height\":700},{\"@type\":\"BreadcrumbList\",\"@id\":\"https:\/\/www.notibras.com\/site\/governo-vai-criar-200-excecoes-para-trabalho-em-feriados\/#breadcrumb\",\"itemListElement\":[{\"@type\":\"ListItem\",\"position\":1,\"name\":\"In\u00edcio\",\"item\":\"https:\/\/www.notibras.com\/site\/\"},{\"@type\":\"ListItem\",\"position\":2,\"name\":\"Governo vai criar 200 exce\u00e7\u00f5es para trabalho em feriados\"}]},{\"@type\":\"WebSite\",\"@id\":\"https:\/\/www.notibras.com\/site\/#website\",\"url\":\"https:\/\/www.notibras.com\/site\/\",\"name\":\"Notibras\",\"description\":\"Not\u00edcias de Bras\u00edlia, do Brasil e do Mundo\",\"publisher\":{\"@id\":\"https:\/\/www.notibras.com\/site\/#organization\"},\"potentialAction\":[{\"@type\":\"SearchAction\",\"target\":{\"@type\":\"EntryPoint\",\"urlTemplate\":\"https:\/\/www.notibras.com\/site\/?s={search_term_string}\"},\"query-input\":{\"@type\":\"PropertyValueSpecification\",\"valueRequired\":true,\"valueName\":\"search_term_string\"}}],\"inLanguage\":\"pt-BR\"},{\"@type\":\"Organization\",\"@id\":\"https:\/\/www.notibras.com\/site\/#organization\",\"name\":\"Grupo Notibras de Comunica\u00e7\u00e3o\",\"url\":\"https:\/\/www.notibras.com\/site\/\",\"logo\":{\"@type\":\"ImageObject\",\"inLanguage\":\"pt-BR\",\"@id\":\"https:\/\/www.notibras.com\/site\/#\/schema\/logo\/image\/\",\"url\":\"https:\/\/www.notibras.com\/site\/wp-content\/uploads\/2023\/01\/notibras23.png\",\"contentUrl\":\"https:\/\/www.notibras.com\/site\/wp-content\/uploads\/2023\/01\/notibras23.png\",\"width\":350,\"height\":87,\"caption\":\"Grupo Notibras de Comunica\u00e7\u00e3o\"},\"image\":{\"@id\":\"https:\/\/www.notibras.com\/site\/#\/schema\/logo\/image\/\"},\"sameAs\":[\"https:\/\/www.facebook.com\/notibras\/\",\"https:\/\/x.com\/Notibras\",\"https:\/\/www.instagram.com\/notibras\/\"]},{\"@type\":\"Person\",\"@id\":\"https:\/\/www.notibras.com\/site\/#\/schema\/person\/36ab0979449956132d3e5b517ea76ac8\",\"name\":\"Reda\u00e7\u00e3o\",\"image\":{\"@type\":\"ImageObject\",\"inLanguage\":\"pt-BR\",\"@id\":\"https:\/\/secure.gravatar.com\/avatar\/e0a867bdedb85fd243eadf09663511f96fc81e0720a4a42581f334ad4303aa6b?s=96&d=mm&r=g\",\"url\":\"https:\/\/secure.gravatar.com\/avatar\/e0a867bdedb85fd243eadf09663511f96fc81e0720a4a42581f334ad4303aa6b?s=96&d=mm&r=g\",\"contentUrl\":\"https:\/\/secure.gravatar.com\/avatar\/e0a867bdedb85fd243eadf09663511f96fc81e0720a4a42581f334ad4303aa6b?s=96&d=mm&r=g\",\"caption\":\"Reda\u00e7\u00e3o\"}}]}<\/script>\n<!-- \/ Yoast SEO plugin. -->","yoast_head_json":{"title":"Governo vai criar 200 exce\u00e7\u00f5es para trabalho em feriados - Notibras","robots":{"index":"index","follow":"follow","max-snippet":"max-snippet:-1","max-image-preview":"max-image-preview:large","max-video-preview":"max-video-preview:-1"},"canonical":"https:\/\/www.notibras.com\/site\/governo-vai-criar-200-excecoes-para-trabalho-em-feriados\/","og_locale":"pt_BR","og_type":"article","og_title":"Governo vai criar 200 exce\u00e7\u00f5es para trabalho em feriados - Notibras","og_description":"Uma nova portaria a ser editada at\u00e9 o in\u00edcio de fevereiro trar\u00e1 uma lista de cerca de 200 setores considerados essenciais que n\u00e3o precisar\u00e3o fechar acordos com os sindicatos para trabalho aos feriados. A informa\u00e7\u00e3o foi dada nesta quarta-feira (24) pelo ministro do Trabalho e Emprego, Luiz Marinho, e por entidades de trabalhadores e de [&hellip;]","og_url":"https:\/\/www.notibras.com\/site\/governo-vai-criar-200-excecoes-para-trabalho-em-feriados\/","og_site_name":"Notibras","article_publisher":"https:\/\/www.facebook.com\/notibras\/","article_published_time":"2024-01-25T03:22:38+00:00","article_modified_time":"2024-01-25T09:24:59+00:00","og_image":[{"width":1170,"height":700,"url":"https:\/\/www.notibras.com\/site\/wp-content\/uploads\/2024\/01\/feri.exc_.webp","type":"image\/webp"}],"author":"Reda\u00e7\u00e3o","twitter_card":"summary_large_image","twitter_creator":"@Notibras","twitter_site":"@Notibras","twitter_misc":{"Escrito por":"Reda\u00e7\u00e3o","Est. tempo de leitura":"4 minutos"},"schema":{"@context":"https:\/\/schema.org","@graph":[{"@type":"Article","@id":"https:\/\/www.notibras.com\/site\/governo-vai-criar-200-excecoes-para-trabalho-em-feriados\/#article","isPartOf":{"@id":"https:\/\/www.notibras.com\/site\/governo-vai-criar-200-excecoes-para-trabalho-em-feriados\/"},"author":{"name":"Reda\u00e7\u00e3o","@id":"https:\/\/www.notibras.com\/site\/#\/schema\/person\/36ab0979449956132d3e5b517ea76ac8"},"headline":"Governo vai criar 200 exce\u00e7\u00f5es para trabalho em feriados","datePublished":"2024-01-25T03:22:38+00:00","dateModified":"2024-01-25T09:24:59+00:00","mainEntityOfPage":{"@id":"https:\/\/www.notibras.com\/site\/governo-vai-criar-200-excecoes-para-trabalho-em-feriados\/"},"wordCount":613,"publisher":{"@id":"https:\/\/www.notibras.com\/site\/#organization"},"image":{"@id":"https:\/\/www.notibras.com\/site\/governo-vai-criar-200-excecoes-para-trabalho-em-feriados\/#primaryimage"},"thumbnailUrl":"https:\/\/www.notibras.com\/site\/wp-content\/uploads\/2024\/01\/feri.exc_.webp","articleSection":["Quadradinho em Foco"],"inLanguage":"pt-BR"},{"@type":"WebPage","@id":"https:\/\/www.notibras.com\/site\/governo-vai-criar-200-excecoes-para-trabalho-em-feriados\/","url":"https:\/\/www.notibras.com\/site\/governo-vai-criar-200-excecoes-para-trabalho-em-feriados\/","name":"Governo vai criar 200 exce\u00e7\u00f5es para trabalho em feriados - Notibras","isPartOf":{"@id":"https:\/\/www.notibras.com\/site\/#website"},"primaryImageOfPage":{"@id":"https:\/\/www.notibras.com\/site\/governo-vai-criar-200-excecoes-para-trabalho-em-feriados\/#primaryimage"},"image":{"@id":"https:\/\/www.notibras.com\/site\/governo-vai-criar-200-excecoes-para-trabalho-em-feriados\/#primaryimage"},"thumbnailUrl":"https:\/\/www.notibras.com\/site\/wp-content\/uploads\/2024\/01\/feri.exc_.webp","datePublished":"2024-01-25T03:22:38+00:00","dateModified":"2024-01-25T09:24:59+00:00","breadcrumb":{"@id":"https:\/\/www.notibras.com\/site\/governo-vai-criar-200-excecoes-para-trabalho-em-feriados\/#breadcrumb"},"inLanguage":"pt-BR","potentialAction":[{"@type":"ReadAction","target":["https:\/\/www.notibras.com\/site\/governo-vai-criar-200-excecoes-para-trabalho-em-feriados\/"]}]},{"@type":"ImageObject","inLanguage":"pt-BR","@id":"https:\/\/www.notibras.com\/site\/governo-vai-criar-200-excecoes-para-trabalho-em-feriados\/#primaryimage","url":"https:\/\/www.notibras.com\/site\/wp-content\/uploads\/2024\/01\/feri.exc_.webp","contentUrl":"https:\/\/www.notibras.com\/site\/wp-content\/uploads\/2024\/01\/feri.exc_.webp","width":1170,"height":700},{"@type":"BreadcrumbList","@id":"https:\/\/www.notibras.com\/site\/governo-vai-criar-200-excecoes-para-trabalho-em-feriados\/#breadcrumb","itemListElement":[{"@type":"ListItem","position":1,"name":"In\u00edcio","item":"https:\/\/www.notibras.com\/site\/"},{"@type":"ListItem","position":2,"name":"Governo vai criar 200 exce\u00e7\u00f5es para trabalho em feriados"}]},{"@type":"WebSite","@id":"https:\/\/www.notibras.com\/site\/#website","url":"https:\/\/www.notibras.com\/site\/","name":"Notibras","description":"Not\u00edcias de Bras\u00edlia, do Brasil e do Mundo","publisher":{"@id":"https:\/\/www.notibras.com\/site\/#organization"},"potentialAction":[{"@type":"SearchAction","target":{"@type":"EntryPoint","urlTemplate":"https:\/\/www.notibras.com\/site\/?s={search_term_string}"},"query-input":{"@type":"PropertyValueSpecification","valueRequired":true,"valueName":"search_term_string"}}],"inLanguage":"pt-BR"},{"@type":"Organization","@id":"https:\/\/www.notibras.com\/site\/#organization","name":"Grupo Notibras de Comunica\u00e7\u00e3o","url":"https:\/\/www.notibras.com\/site\/","logo":{"@type":"ImageObject","inLanguage":"pt-BR","@id":"https:\/\/www.notibras.com\/site\/#\/schema\/logo\/image\/","url":"https:\/\/www.notibras.com\/site\/wp-content\/uploads\/2023\/01\/notibras23.png","contentUrl":"https:\/\/www.notibras.com\/site\/wp-content\/uploads\/2023\/01\/notibras23.png","width":350,"height":87,"caption":"Grupo Notibras de Comunica\u00e7\u00e3o"},"image":{"@id":"https:\/\/www.notibras.com\/site\/#\/schema\/logo\/image\/"},"sameAs":["https:\/\/www.facebook.com\/notibras\/","https:\/\/x.com\/Notibras","https:\/\/www.instagram.com\/notibras\/"]},{"@type":"Person","@id":"https:\/\/www.notibras.com\/site\/#\/schema\/person\/36ab0979449956132d3e5b517ea76ac8","name":"Reda\u00e7\u00e3o","image":{"@type":"ImageObject","inLanguage":"pt-BR","@id":"https:\/\/secure.gravatar.com\/avatar\/e0a867bdedb85fd243eadf09663511f96fc81e0720a4a42581f334ad4303aa6b?s=96&d=mm&r=g","url":"https:\/\/secure.gravatar.com\/avatar\/e0a867bdedb85fd243eadf09663511f96fc81e0720a4a42581f334ad4303aa6b?s=96&d=mm&r=g","contentUrl":"https:\/\/secure.gravatar.com\/avatar\/e0a867bdedb85fd243eadf09663511f96fc81e0720a4a42581f334ad4303aa6b?s=96&d=mm&r=g","caption":"Reda\u00e7\u00e3o"}}]}},"amp_enabled":true,"_links":{"self":[{"href":"https:\/\/www.notibras.com\/site\/wp-json\/wp\/v2\/posts\/321185","targetHints":{"allow":["GET"]}}],"collection":[{"href":"https:\/\/www.notibras.com\/site\/wp-json\/wp\/v2\/posts"}],"about":[{"href":"https:\/\/www.notibras.com\/site\/wp-json\/wp\/v2\/types\/post"}],"author":[{"embeddable":true,"href":"https:\/\/www.notibras.com\/site\/wp-json\/wp\/v2\/users\/2"}],"replies":[{"embeddable":true,"href":"https:\/\/www.notibras.com\/site\/wp-json\/wp\/v2\/comments?post=321185"}],"version-history":[{"count":1,"href":"https:\/\/www.notibras.com\/site\/wp-json\/wp\/v2\/posts\/321185\/revisions"}],"predecessor-version":[{"id":321187,"href":"https:\/\/www.notibras.com\/site\/wp-json\/wp\/v2\/posts\/321185\/revisions\/321187"}],"wp:featuredmedia":[{"embeddable":true,"href":"https:\/\/www.notibras.com\/site\/wp-json\/wp\/v2\/media\/321186"}],"wp:attachment":[{"href":"https:\/\/www.notibras.com\/site\/wp-json\/wp\/v2\/media?parent=321185"}],"wp:term":[{"taxonomy":"category","embeddable":true,"href":"https:\/\/www.notibras.com\/site\/wp-json\/wp\/v2\/categories?post=321185"},{"taxonomy":"post_tag","embeddable":true,"href":"https:\/\/www.notibras.com\/site\/wp-json\/wp\/v2\/tags?post=321185"}],"curies":[{"name":"wp","href":"https:\/\/api.w.org\/{rel}","templated":true}]}}