{"id":321194,"date":"2024-01-25T00:54:00","date_gmt":"2024-01-25T03:54:00","guid":{"rendered":"https:\/\/www.notibras.com\/site\/?p=321194"},"modified":"2024-01-25T06:56:13","modified_gmt":"2024-01-25T09:56:13","slug":"governo-recolhem-800-kg-de-lixo-em-acao-contra-a-dengue","status":"publish","type":"post","link":"https:\/\/www.notibras.com\/site\/governo-recolhem-800-kg-de-lixo-em-acao-contra-a-dengue\/","title":{"rendered":"Governo recolhem 800 kg de lixo em a\u00e7\u00e3o contra a dengue"},"content":{"rendered":"<p>Mais uma medida para evitar a prolifera\u00e7\u00e3o do mosquito transmissor da dengue e outras doen\u00e7as ocorre em Bras\u00edlia. Na manh\u00e3 desta quarta-feira (24), cerca de 800 kg de inserv\u00edveis entre garrafas, latas e lixo em geral foram retirados do Parque da Cidade Sarah Kubitschek, pr\u00f3ximo a \u00e1reas do lago.<\/p>\n<p>\u201c\u00c9 importante porque dentro do Parque da Cidade n\u00f3s temos um fluxo muito grande de frequentadores. A gente n\u00e3o quer que ningu\u00e9m saia daqui contaminado com a dengue. Mas a popula\u00e7\u00e3o tamb\u00e9m precisa fazer em casa. \u00c9 importante a gente se conscientizar que \u00e9 importante o trabalho de cada um\u201d, observa o administrador do Parque da Cidade, Todi Moreno.<\/p>\n<p>A a\u00e7\u00e3o, batizada de De m\u00e3os dadas contra a dengue, \u00e9 realizada por uma uni\u00e3o de \u00f3rg\u00e3os do Distrito Federal, que incluem a Secretaria de Esporte e Lazer do Distrito Federal (SEL-DF), a administra\u00e7\u00e3o do Parque da Cidade Sarah Kubitschek, a Secretaria de Administra\u00e7\u00e3o Penitenci\u00e1ria do Distrito Federal (Seape-DF) e o Servi\u00e7o de Limpeza Urbana (SLU).<\/p>\n<p>O secret\u00e1rio de Esporte e Lazer, Renato Junqueira, explica que a medida chega para somar for\u00e7as \u00e0s a\u00e7\u00f5es j\u00e1 realizadas e que est\u00e3o em curso pelo GDF. \u201cO combate \u00e0 dengue \u00e9 uma responsabilidade de todos n\u00f3s e, juntos, devemos agir para intensificar as a\u00e7\u00f5es de bloqueio ao mosquito transmissor\u201d.<\/p>\n<p>A iniciativa envolveu 60 trabalhadores \u2013 30 reeducandos da Seape e 30 servidores do SLU. A limpeza come\u00e7ou no Estacionamento 10 e seguiu em dire\u00e7\u00e3o aos estacionamentos 9, 8 e 7. Nesse per\u00edodo, os espa\u00e7os foram limpos e os poss\u00edveis focos de dengue, eliminados.<\/p>\n<p>\u201cAuxiliar a comunidade nessas parcerias, nessas a\u00e7\u00f5es \u00e9 uma forma de a gente fomentar a ressocializa\u00e7\u00e3o da pessoa privada de liberdade, atuando na limpeza do parque, recolhendo inserv\u00edveis, objetos que acumulam \u00e1gua. O combate \u00e0 dengue \u00e9 um dever de todos\u201d, acrescenta Guilherme Almada, respons\u00e1vel pelo projeto M\u00e3os Dadas da Seape.<\/p>\n<p>Em novembro do ano passado, o espa\u00e7o recebeu a instala\u00e7\u00e3o de 20 dispositivos de combate ao Aedes aegypti. Os aparatos, instalados em pontos estrat\u00e9gicos, foram doados \u00e0 SEL e repassados para a administra\u00e7\u00e3o do Parque da Cidade.<\/p>\n<p>Chamados Aedes do Bem, os dispositivos s\u00e3o produzidos por uma multinacional de biotecnologia. Trata-se de uma solu\u00e7\u00e3o biol\u00f3gica segura e eficaz que n\u00e3o traz preju\u00edzo aos usu\u00e1rios. Al\u00e9m disso, a Piscina com Ondas recebe opera\u00e7\u00e3o de limpeza a cada 15 dias para evitar o ac\u00famulo de \u00e1gua parada no ponto alto de evolu\u00e7\u00e3o do mosquito.<\/p>\n","protected":false},"excerpt":{"rendered":"<p>Mais uma medida para evitar a prolifera\u00e7\u00e3o do mosquito transmissor da dengue e outras doen\u00e7as ocorre em Bras\u00edlia. Na manh\u00e3 desta quarta-feira (24), cerca de 800 kg de inserv\u00edveis entre garrafas, latas e lixo em geral foram retirados do Parque da Cidade Sarah Kubitschek, pr\u00f3ximo a \u00e1reas do lago. \u201c\u00c9 importante porque dentro do Parque [&hellip;]<\/p>\n","protected":false},"author":2,"featured_media":321195,"comment_status":"closed","ping_status":"closed","sticky":false,"template":"","format":"standard","meta":{"_acf_changed":false,"footnotes":""},"categories":[161],"tags":[],"class_list":["post-321194","post","type-post","status-publish","format-standard","has-post-thumbnail","hentry","category-quadradinho-em-foco"],"acf":[],"yoast_head":"<!-- This site is optimized with the Yoast SEO plugin v27.2 - https:\/\/yoast.com\/product\/yoast-seo-wordpress\/ -->\n<title>Governo recolhem 800 kg de lixo em a\u00e7\u00e3o contra a dengue - Notibras<\/title>\n<meta name=\"robots\" content=\"index, follow, max-snippet:-1, max-image-preview:large, max-video-preview:-1\" \/>\n<link rel=\"canonical\" href=\"https:\/\/www.notibras.com\/site\/governo-recolhem-800-kg-de-lixo-em-acao-contra-a-dengue\/\" \/>\n<meta property=\"og:locale\" content=\"pt_BR\" \/>\n<meta property=\"og:type\" content=\"article\" \/>\n<meta property=\"og:title\" content=\"Governo recolhem 800 kg de lixo em a\u00e7\u00e3o contra a dengue - Notibras\" \/>\n<meta property=\"og:description\" content=\"Mais uma medida para evitar a prolifera\u00e7\u00e3o do mosquito transmissor da dengue e outras doen\u00e7as ocorre em Bras\u00edlia. Na manh\u00e3 desta quarta-feira (24), cerca de 800 kg de inserv\u00edveis entre garrafas, latas e lixo em geral foram retirados do Parque da Cidade Sarah Kubitschek, pr\u00f3ximo a \u00e1reas do lago. \u201c\u00c9 importante porque dentro do Parque [&hellip;]\" \/>\n<meta property=\"og:url\" content=\"https:\/\/www.notibras.com\/site\/governo-recolhem-800-kg-de-lixo-em-acao-contra-a-dengue\/\" \/>\n<meta property=\"og:site_name\" content=\"Notibras\" \/>\n<meta property=\"article:publisher\" content=\"https:\/\/www.facebook.com\/notibras\/\" \/>\n<meta property=\"article:published_time\" content=\"2024-01-25T03:54:00+00:00\" \/>\n<meta property=\"article:modified_time\" content=\"2024-01-25T09:56:13+00:00\" \/>\n<meta property=\"og:image\" content=\"https:\/\/www.notibras.com\/site\/wp-content\/uploads\/2024\/01\/Dentro-1_1-5-1536x1024-1.jpg\" \/>\n\t<meta property=\"og:image:width\" content=\"1536\" \/>\n\t<meta property=\"og:image:height\" content=\"1024\" \/>\n\t<meta property=\"og:image:type\" content=\"image\/jpeg\" \/>\n<meta name=\"author\" content=\"Reda\u00e7\u00e3o\" \/>\n<meta name=\"twitter:card\" content=\"summary_large_image\" \/>\n<meta name=\"twitter:creator\" content=\"@Notibras\" \/>\n<meta name=\"twitter:site\" content=\"@Notibras\" \/>\n<meta name=\"twitter:label1\" content=\"Escrito por\" \/>\n\t<meta name=\"twitter:data1\" content=\"Reda\u00e7\u00e3o\" \/>\n\t<meta name=\"twitter:label2\" content=\"Est. tempo de leitura\" \/>\n\t<meta name=\"twitter:data2\" content=\"3 minutos\" \/>\n<script type=\"application\/ld+json\" class=\"yoast-schema-graph\">{\"@context\":\"https:\/\/schema.org\",\"@graph\":[{\"@type\":\"Article\",\"@id\":\"https:\/\/www.notibras.com\/site\/governo-recolhem-800-kg-de-lixo-em-acao-contra-a-dengue\/#article\",\"isPartOf\":{\"@id\":\"https:\/\/www.notibras.com\/site\/governo-recolhem-800-kg-de-lixo-em-acao-contra-a-dengue\/\"},\"author\":{\"name\":\"Reda\u00e7\u00e3o\",\"@id\":\"https:\/\/www.notibras.com\/site\/#\/schema\/person\/36ab0979449956132d3e5b517ea76ac8\"},\"headline\":\"Governo recolhem 800 kg de lixo em a\u00e7\u00e3o contra a dengue\",\"datePublished\":\"2024-01-25T03:54:00+00:00\",\"dateModified\":\"2024-01-25T09:56:13+00:00\",\"mainEntityOfPage\":{\"@id\":\"https:\/\/www.notibras.com\/site\/governo-recolhem-800-kg-de-lixo-em-acao-contra-a-dengue\/\"},\"wordCount\":438,\"publisher\":{\"@id\":\"https:\/\/www.notibras.com\/site\/#organization\"},\"image\":{\"@id\":\"https:\/\/www.notibras.com\/site\/governo-recolhem-800-kg-de-lixo-em-acao-contra-a-dengue\/#primaryimage\"},\"thumbnailUrl\":\"https:\/\/www.notibras.com\/site\/wp-content\/uploads\/2024\/01\/Dentro-1_1-5-1536x1024-1.jpg\",\"articleSection\":[\"Quadradinho em Foco\"],\"inLanguage\":\"pt-BR\"},{\"@type\":\"WebPage\",\"@id\":\"https:\/\/www.notibras.com\/site\/governo-recolhem-800-kg-de-lixo-em-acao-contra-a-dengue\/\",\"url\":\"https:\/\/www.notibras.com\/site\/governo-recolhem-800-kg-de-lixo-em-acao-contra-a-dengue\/\",\"name\":\"Governo recolhem 800 kg de lixo em a\u00e7\u00e3o contra a dengue - Notibras\",\"isPartOf\":{\"@id\":\"https:\/\/www.notibras.com\/site\/#website\"},\"primaryImageOfPage\":{\"@id\":\"https:\/\/www.notibras.com\/site\/governo-recolhem-800-kg-de-lixo-em-acao-contra-a-dengue\/#primaryimage\"},\"image\":{\"@id\":\"https:\/\/www.notibras.com\/site\/governo-recolhem-800-kg-de-lixo-em-acao-contra-a-dengue\/#primaryimage\"},\"thumbnailUrl\":\"https:\/\/www.notibras.com\/site\/wp-content\/uploads\/2024\/01\/Dentro-1_1-5-1536x1024-1.jpg\",\"datePublished\":\"2024-01-25T03:54:00+00:00\",\"dateModified\":\"2024-01-25T09:56:13+00:00\",\"breadcrumb\":{\"@id\":\"https:\/\/www.notibras.com\/site\/governo-recolhem-800-kg-de-lixo-em-acao-contra-a-dengue\/#breadcrumb\"},\"inLanguage\":\"pt-BR\",\"potentialAction\":[{\"@type\":\"ReadAction\",\"target\":[\"https:\/\/www.notibras.com\/site\/governo-recolhem-800-kg-de-lixo-em-acao-contra-a-dengue\/\"]}]},{\"@type\":\"ImageObject\",\"inLanguage\":\"pt-BR\",\"@id\":\"https:\/\/www.notibras.com\/site\/governo-recolhem-800-kg-de-lixo-em-acao-contra-a-dengue\/#primaryimage\",\"url\":\"https:\/\/www.notibras.com\/site\/wp-content\/uploads\/2024\/01\/Dentro-1_1-5-1536x1024-1.jpg\",\"contentUrl\":\"https:\/\/www.notibras.com\/site\/wp-content\/uploads\/2024\/01\/Dentro-1_1-5-1536x1024-1.jpg\",\"width\":1536,\"height\":1024},{\"@type\":\"BreadcrumbList\",\"@id\":\"https:\/\/www.notibras.com\/site\/governo-recolhem-800-kg-de-lixo-em-acao-contra-a-dengue\/#breadcrumb\",\"itemListElement\":[{\"@type\":\"ListItem\",\"position\":1,\"name\":\"In\u00edcio\",\"item\":\"https:\/\/www.notibras.com\/site\/\"},{\"@type\":\"ListItem\",\"position\":2,\"name\":\"Governo recolhem 800 kg de lixo em a\u00e7\u00e3o contra a dengue\"}]},{\"@type\":\"WebSite\",\"@id\":\"https:\/\/www.notibras.com\/site\/#website\",\"url\":\"https:\/\/www.notibras.com\/site\/\",\"name\":\"Notibras\",\"description\":\"Not\u00edcias de Bras\u00edlia, do Brasil e do Mundo\",\"publisher\":{\"@id\":\"https:\/\/www.notibras.com\/site\/#organization\"},\"potentialAction\":[{\"@type\":\"SearchAction\",\"target\":{\"@type\":\"EntryPoint\",\"urlTemplate\":\"https:\/\/www.notibras.com\/site\/?s={search_term_string}\"},\"query-input\":{\"@type\":\"PropertyValueSpecification\",\"valueRequired\":true,\"valueName\":\"search_term_string\"}}],\"inLanguage\":\"pt-BR\"},{\"@type\":\"Organization\",\"@id\":\"https:\/\/www.notibras.com\/site\/#organization\",\"name\":\"Grupo Notibras de Comunica\u00e7\u00e3o\",\"url\":\"https:\/\/www.notibras.com\/site\/\",\"logo\":{\"@type\":\"ImageObject\",\"inLanguage\":\"pt-BR\",\"@id\":\"https:\/\/www.notibras.com\/site\/#\/schema\/logo\/image\/\",\"url\":\"https:\/\/www.notibras.com\/site\/wp-content\/uploads\/2023\/01\/notibras23.png\",\"contentUrl\":\"https:\/\/www.notibras.com\/site\/wp-content\/uploads\/2023\/01\/notibras23.png\",\"width\":350,\"height\":87,\"caption\":\"Grupo Notibras de Comunica\u00e7\u00e3o\"},\"image\":{\"@id\":\"https:\/\/www.notibras.com\/site\/#\/schema\/logo\/image\/\"},\"sameAs\":[\"https:\/\/www.facebook.com\/notibras\/\",\"https:\/\/x.com\/Notibras\",\"https:\/\/www.instagram.com\/notibras\/\"]},{\"@type\":\"Person\",\"@id\":\"https:\/\/www.notibras.com\/site\/#\/schema\/person\/36ab0979449956132d3e5b517ea76ac8\",\"name\":\"Reda\u00e7\u00e3o\",\"image\":{\"@type\":\"ImageObject\",\"inLanguage\":\"pt-BR\",\"@id\":\"https:\/\/secure.gravatar.com\/avatar\/e0a867bdedb85fd243eadf09663511f96fc81e0720a4a42581f334ad4303aa6b?s=96&d=mm&r=g\",\"url\":\"https:\/\/secure.gravatar.com\/avatar\/e0a867bdedb85fd243eadf09663511f96fc81e0720a4a42581f334ad4303aa6b?s=96&d=mm&r=g\",\"contentUrl\":\"https:\/\/secure.gravatar.com\/avatar\/e0a867bdedb85fd243eadf09663511f96fc81e0720a4a42581f334ad4303aa6b?s=96&d=mm&r=g\",\"caption\":\"Reda\u00e7\u00e3o\"}}]}<\/script>\n<!-- \/ Yoast SEO plugin. -->","yoast_head_json":{"title":"Governo recolhem 800 kg de lixo em a\u00e7\u00e3o contra a dengue - Notibras","robots":{"index":"index","follow":"follow","max-snippet":"max-snippet:-1","max-image-preview":"max-image-preview:large","max-video-preview":"max-video-preview:-1"},"canonical":"https:\/\/www.notibras.com\/site\/governo-recolhem-800-kg-de-lixo-em-acao-contra-a-dengue\/","og_locale":"pt_BR","og_type":"article","og_title":"Governo recolhem 800 kg de lixo em a\u00e7\u00e3o contra a dengue - Notibras","og_description":"Mais uma medida para evitar a prolifera\u00e7\u00e3o do mosquito transmissor da dengue e outras doen\u00e7as ocorre em Bras\u00edlia. Na manh\u00e3 desta quarta-feira (24), cerca de 800 kg de inserv\u00edveis entre garrafas, latas e lixo em geral foram retirados do Parque da Cidade Sarah Kubitschek, pr\u00f3ximo a \u00e1reas do lago. \u201c\u00c9 importante porque dentro do Parque [&hellip;]","og_url":"https:\/\/www.notibras.com\/site\/governo-recolhem-800-kg-de-lixo-em-acao-contra-a-dengue\/","og_site_name":"Notibras","article_publisher":"https:\/\/www.facebook.com\/notibras\/","article_published_time":"2024-01-25T03:54:00+00:00","article_modified_time":"2024-01-25T09:56:13+00:00","og_image":[{"width":1536,"height":1024,"url":"https:\/\/www.notibras.com\/site\/wp-content\/uploads\/2024\/01\/Dentro-1_1-5-1536x1024-1.jpg","type":"image\/jpeg"}],"author":"Reda\u00e7\u00e3o","twitter_card":"summary_large_image","twitter_creator":"@Notibras","twitter_site":"@Notibras","twitter_misc":{"Escrito por":"Reda\u00e7\u00e3o","Est. tempo de leitura":"3 minutos"},"schema":{"@context":"https:\/\/schema.org","@graph":[{"@type":"Article","@id":"https:\/\/www.notibras.com\/site\/governo-recolhem-800-kg-de-lixo-em-acao-contra-a-dengue\/#article","isPartOf":{"@id":"https:\/\/www.notibras.com\/site\/governo-recolhem-800-kg-de-lixo-em-acao-contra-a-dengue\/"},"author":{"name":"Reda\u00e7\u00e3o","@id":"https:\/\/www.notibras.com\/site\/#\/schema\/person\/36ab0979449956132d3e5b517ea76ac8"},"headline":"Governo recolhem 800 kg de lixo em a\u00e7\u00e3o contra a dengue","datePublished":"2024-01-25T03:54:00+00:00","dateModified":"2024-01-25T09:56:13+00:00","mainEntityOfPage":{"@id":"https:\/\/www.notibras.com\/site\/governo-recolhem-800-kg-de-lixo-em-acao-contra-a-dengue\/"},"wordCount":438,"publisher":{"@id":"https:\/\/www.notibras.com\/site\/#organization"},"image":{"@id":"https:\/\/www.notibras.com\/site\/governo-recolhem-800-kg-de-lixo-em-acao-contra-a-dengue\/#primaryimage"},"thumbnailUrl":"https:\/\/www.notibras.com\/site\/wp-content\/uploads\/2024\/01\/Dentro-1_1-5-1536x1024-1.jpg","articleSection":["Quadradinho em Foco"],"inLanguage":"pt-BR"},{"@type":"WebPage","@id":"https:\/\/www.notibras.com\/site\/governo-recolhem-800-kg-de-lixo-em-acao-contra-a-dengue\/","url":"https:\/\/www.notibras.com\/site\/governo-recolhem-800-kg-de-lixo-em-acao-contra-a-dengue\/","name":"Governo recolhem 800 kg de lixo em a\u00e7\u00e3o contra a dengue - Notibras","isPartOf":{"@id":"https:\/\/www.notibras.com\/site\/#website"},"primaryImageOfPage":{"@id":"https:\/\/www.notibras.com\/site\/governo-recolhem-800-kg-de-lixo-em-acao-contra-a-dengue\/#primaryimage"},"image":{"@id":"https:\/\/www.notibras.com\/site\/governo-recolhem-800-kg-de-lixo-em-acao-contra-a-dengue\/#primaryimage"},"thumbnailUrl":"https:\/\/www.notibras.com\/site\/wp-content\/uploads\/2024\/01\/Dentro-1_1-5-1536x1024-1.jpg","datePublished":"2024-01-25T03:54:00+00:00","dateModified":"2024-01-25T09:56:13+00:00","breadcrumb":{"@id":"https:\/\/www.notibras.com\/site\/governo-recolhem-800-kg-de-lixo-em-acao-contra-a-dengue\/#breadcrumb"},"inLanguage":"pt-BR","potentialAction":[{"@type":"ReadAction","target":["https:\/\/www.notibras.com\/site\/governo-recolhem-800-kg-de-lixo-em-acao-contra-a-dengue\/"]}]},{"@type":"ImageObject","inLanguage":"pt-BR","@id":"https:\/\/www.notibras.com\/site\/governo-recolhem-800-kg-de-lixo-em-acao-contra-a-dengue\/#primaryimage","url":"https:\/\/www.notibras.com\/site\/wp-content\/uploads\/2024\/01\/Dentro-1_1-5-1536x1024-1.jpg","contentUrl":"https:\/\/www.notibras.com\/site\/wp-content\/uploads\/2024\/01\/Dentro-1_1-5-1536x1024-1.jpg","width":1536,"height":1024},{"@type":"BreadcrumbList","@id":"https:\/\/www.notibras.com\/site\/governo-recolhem-800-kg-de-lixo-em-acao-contra-a-dengue\/#breadcrumb","itemListElement":[{"@type":"ListItem","position":1,"name":"In\u00edcio","item":"https:\/\/www.notibras.com\/site\/"},{"@type":"ListItem","position":2,"name":"Governo recolhem 800 kg de lixo em a\u00e7\u00e3o contra a dengue"}]},{"@type":"WebSite","@id":"https:\/\/www.notibras.com\/site\/#website","url":"https:\/\/www.notibras.com\/site\/","name":"Notibras","description":"Not\u00edcias de Bras\u00edlia, do Brasil e do Mundo","publisher":{"@id":"https:\/\/www.notibras.com\/site\/#organization"},"potentialAction":[{"@type":"SearchAction","target":{"@type":"EntryPoint","urlTemplate":"https:\/\/www.notibras.com\/site\/?s={search_term_string}"},"query-input":{"@type":"PropertyValueSpecification","valueRequired":true,"valueName":"search_term_string"}}],"inLanguage":"pt-BR"},{"@type":"Organization","@id":"https:\/\/www.notibras.com\/site\/#organization","name":"Grupo Notibras de Comunica\u00e7\u00e3o","url":"https:\/\/www.notibras.com\/site\/","logo":{"@type":"ImageObject","inLanguage":"pt-BR","@id":"https:\/\/www.notibras.com\/site\/#\/schema\/logo\/image\/","url":"https:\/\/www.notibras.com\/site\/wp-content\/uploads\/2023\/01\/notibras23.png","contentUrl":"https:\/\/www.notibras.com\/site\/wp-content\/uploads\/2023\/01\/notibras23.png","width":350,"height":87,"caption":"Grupo Notibras de Comunica\u00e7\u00e3o"},"image":{"@id":"https:\/\/www.notibras.com\/site\/#\/schema\/logo\/image\/"},"sameAs":["https:\/\/www.facebook.com\/notibras\/","https:\/\/x.com\/Notibras","https:\/\/www.instagram.com\/notibras\/"]},{"@type":"Person","@id":"https:\/\/www.notibras.com\/site\/#\/schema\/person\/36ab0979449956132d3e5b517ea76ac8","name":"Reda\u00e7\u00e3o","image":{"@type":"ImageObject","inLanguage":"pt-BR","@id":"https:\/\/secure.gravatar.com\/avatar\/e0a867bdedb85fd243eadf09663511f96fc81e0720a4a42581f334ad4303aa6b?s=96&d=mm&r=g","url":"https:\/\/secure.gravatar.com\/avatar\/e0a867bdedb85fd243eadf09663511f96fc81e0720a4a42581f334ad4303aa6b?s=96&d=mm&r=g","contentUrl":"https:\/\/secure.gravatar.com\/avatar\/e0a867bdedb85fd243eadf09663511f96fc81e0720a4a42581f334ad4303aa6b?s=96&d=mm&r=g","caption":"Reda\u00e7\u00e3o"}}]}},"amp_enabled":true,"_links":{"self":[{"href":"https:\/\/www.notibras.com\/site\/wp-json\/wp\/v2\/posts\/321194","targetHints":{"allow":["GET"]}}],"collection":[{"href":"https:\/\/www.notibras.com\/site\/wp-json\/wp\/v2\/posts"}],"about":[{"href":"https:\/\/www.notibras.com\/site\/wp-json\/wp\/v2\/types\/post"}],"author":[{"embeddable":true,"href":"https:\/\/www.notibras.com\/site\/wp-json\/wp\/v2\/users\/2"}],"replies":[{"embeddable":true,"href":"https:\/\/www.notibras.com\/site\/wp-json\/wp\/v2\/comments?post=321194"}],"version-history":[{"count":1,"href":"https:\/\/www.notibras.com\/site\/wp-json\/wp\/v2\/posts\/321194\/revisions"}],"predecessor-version":[{"id":321196,"href":"https:\/\/www.notibras.com\/site\/wp-json\/wp\/v2\/posts\/321194\/revisions\/321196"}],"wp:featuredmedia":[{"embeddable":true,"href":"https:\/\/www.notibras.com\/site\/wp-json\/wp\/v2\/media\/321195"}],"wp:attachment":[{"href":"https:\/\/www.notibras.com\/site\/wp-json\/wp\/v2\/media?parent=321194"}],"wp:term":[{"taxonomy":"category","embeddable":true,"href":"https:\/\/www.notibras.com\/site\/wp-json\/wp\/v2\/categories?post=321194"},{"taxonomy":"post_tag","embeddable":true,"href":"https:\/\/www.notibras.com\/site\/wp-json\/wp\/v2\/tags?post=321194"}],"curies":[{"name":"wp","href":"https:\/\/api.w.org\/{rel}","templated":true}]}}