{"id":32120,"date":"2014-12-25T06:22:24","date_gmt":"2014-12-25T09:22:24","guid":{"rendered":"http:\/\/www.notibras.com\/site\/?p=32120"},"modified":"2014-12-25T06:22:24","modified_gmt":"2014-12-25T09:22:24","slug":"o-bem-do-natal-deve-se-estender-durante-todos-os-dias-do-ano","status":"publish","type":"post","link":"https:\/\/www.notibras.com\/site\/o-bem-do-natal-deve-se-estender-durante-todos-os-dias-do-ano\/","title":{"rendered":"O bem do Natal deve se estender durante todos os dias do ano"},"content":{"rendered":"<p>Entre os textos da liturgia cat\u00f3lica no tempo do Advento, que antecede o Natal, destaca-se, pela poesia e pela esperan\u00e7a que carrega, o cap\u00edtulo 11 do livro do profeta Isa\u00edas, sobre os tempos messi\u00e2nicos:<\/p>\n<p>&#8220;Um broto sair\u00e1 do tronco de Jess\u00e9, e um rebento nascer\u00e1 de suas ra\u00edzes. Sobre ele repousar\u00e1 o Esp\u00edrito do Senhor, Esp\u00edrito de sabedoria e de entendimento, Esp\u00edrito de prud\u00eancia e de coragem, Esp\u00edrito de ci\u00eancia e de temor ao Senhor&#8230; Ent\u00e3o o lobo ser\u00e1 h\u00f3spede do cordeiro, a pantera se deitar\u00e1 ao p\u00e9 do cabrito, o touro e o le\u00e3o comer\u00e3o juntos, e um menino pequeno os conduzir\u00e1; a vaca e o urso se fraternizar\u00e3o, suas crias repousar\u00e3o juntas, e o le\u00e3o comer\u00e1 palha com o boi. A crian\u00e7a de peito brincar\u00e1 junto \u00e0 toca da v\u00edbora e o menino desmamado meter\u00e1 a m\u00e3o na toca da serpente. N\u00e3o se far\u00e1 mal nem dano algum em todo o meu santo monte, porque a terra estar\u00e1 cheia da ci\u00eancia do Senhor, assim como as \u00e1guas enchem o mar&#8221;.<\/p>\n<p>No tempo do Natal, crist\u00e3os e n\u00e3o crist\u00e3os s\u00e3o tocados pela alegria, por sentimentos de solidariedade e fraternidade, sorriem e se abra\u00e7am e multiplicam gestos de fraternidade. Os pobres s\u00e3o lembrados; a cidade grande se faz bonita, enche-se de luzes, ergue \u00e1rvores enfeitadas. O povo troca presentes, h\u00e1 um ir e vir de cart\u00f5es recheados de palavras gentis e bons votos.<\/p>\n<p>Parece um pouco o mundo novo descrito por Isa\u00edas. Acabado, por\u00e9m, o per\u00edodo de festas, tudo volta a ser como antes. Adiamos o mundo novo que vivemos no Natal: fazemos o est\u00e1gio, treinamos e ficamos por a\u00ed. N\u00e3o estaria na hora de por m\u00e3os \u00e0 obra e continuar a constru\u00e7\u00e3o desse mundo bonito anunciado pelo profeta e experimentado no Natal?<\/p>\n<blockquote><p>\u00c9 preciso reconhecer que muitos vivem um tempo de Natal permanente, tocados pela f\u00e9 ou simplesmente pelos sentimentos de fraternidade e solidariedade. Penso em hospitais, como a Maternidade Amparo Maternal; no trabalho dos grupos que se dedicam \u00e0 popula\u00e7\u00e3o de rua ou da cracol\u00e2ndia; penso nas obras assistenciais e de promo\u00e7\u00e3o humana de v\u00e1rias denomina\u00e7\u00f5es crist\u00e3s e n\u00e3o crist\u00e3s. Cristo crian\u00e7a, Cristo pobre, Cristo descartado pela economia baseada no lucro, \u00e9 acolhido, curado, valorizado, amado de mil modos e jeitos. Louvado seja Deus por isso!<\/p><\/blockquote>\n<p>Devemos, por\u00e9m, tomar consci\u00eancia do mundo de dor e solid\u00e3o, de mis\u00e9ria absoluta e abandono em que ainda vivem filhos amados de Deus. Precisamos ir al\u00e9m do est\u00e1gio, ir do ensaio \u00e0 pr\u00e1tica. Deus concretizou o seu des\u00edgnio de salva\u00e7\u00e3o, fazendo com que seu filho, que era Deus no c\u00e9u, viesse a ser Deus na terra; que era Deus com o Pai e o Esp\u00edrito Santo desde sempre viesse a n\u00f3s, para ser Emanuel-Deus conosco.<\/p>\n<p>Que a presen\u00e7a do filho de Deus encarnado em nossa realidade humana nos ajude a construir o mundo sonhado por Isa\u00edas, para que a paz cubra a nossa terra como um manto. \u00a0Que o bem praticado se multiplique. Que os cora\u00e7\u00f5es abertos ao Cristo que vem ao nosso encontro permane\u00e7am abertos ao Cristo ferido, humilhado descartado, desempregado, deitado sob as nossas marquises e pontes, emigrante, refugiado. Cristo crian\u00e7a, adolescente, jovem, adulto, idoso, homem, mulher.<\/p>\n<p>Feliz viv\u00eancia do Natal para todos!<\/p>\n<p><strong>Dom Odilo Pedro Scherer<\/strong><\/p>\n","protected":false},"excerpt":{"rendered":"<p>Entre os textos da liturgia cat\u00f3lica no tempo do Advento, que antecede o Natal, destaca-se, pela poesia e pela esperan\u00e7a que carrega, o cap\u00edtulo 11 do livro do profeta Isa\u00edas, sobre os tempos messi\u00e2nicos: &#8220;Um broto sair\u00e1 do tronco de Jess\u00e9, e um rebento nascer\u00e1 de suas ra\u00edzes. Sobre ele repousar\u00e1 o Esp\u00edrito do Senhor, [&hellip;]<\/p>\n","protected":false},"author":2,"featured_media":32121,"comment_status":"open","ping_status":"closed","sticky":false,"template":"","format":"standard","meta":{"_acf_changed":false,"footnotes":""},"categories":[25],"tags":[],"class_list":["post-32120","post","type-post","status-publish","format-standard","has-post-thumbnail","hentry","category-opina-ai"],"acf":[],"yoast_head":"<!-- This site is optimized with the Yoast SEO plugin v27.2 - https:\/\/yoast.com\/product\/yoast-seo-wordpress\/ -->\n<title>O bem do Natal deve se estender durante todos os dias do ano - Notibras<\/title>\n<meta name=\"robots\" content=\"index, follow, max-snippet:-1, max-image-preview:large, max-video-preview:-1\" \/>\n<link rel=\"canonical\" href=\"https:\/\/www.notibras.com\/site\/o-bem-do-natal-deve-se-estender-durante-todos-os-dias-do-ano\/\" \/>\n<meta property=\"og:locale\" content=\"pt_BR\" \/>\n<meta property=\"og:type\" content=\"article\" \/>\n<meta property=\"og:title\" content=\"O bem do Natal deve se estender durante todos os dias do ano - Notibras\" \/>\n<meta property=\"og:description\" content=\"Entre os textos da liturgia cat\u00f3lica no tempo do Advento, que antecede o Natal, destaca-se, pela poesia e pela esperan\u00e7a que carrega, o cap\u00edtulo 11 do livro do profeta Isa\u00edas, sobre os tempos messi\u00e2nicos: &#8220;Um broto sair\u00e1 do tronco de Jess\u00e9, e um rebento nascer\u00e1 de suas ra\u00edzes. Sobre ele repousar\u00e1 o Esp\u00edrito do Senhor, [&hellip;]\" \/>\n<meta property=\"og:url\" content=\"https:\/\/www.notibras.com\/site\/o-bem-do-natal-deve-se-estender-durante-todos-os-dias-do-ano\/\" \/>\n<meta property=\"og:site_name\" content=\"Notibras\" \/>\n<meta property=\"article:publisher\" content=\"https:\/\/www.facebook.com\/notibras\/\" \/>\n<meta property=\"article:published_time\" content=\"2014-12-25T09:22:24+00:00\" \/>\n<meta property=\"og:image\" content=\"https:\/\/www.notibras.com\/site\/wp-content\/uploads\/2014\/12\/29269G-natal_presente_admissao_solidariedade_solidario_jornal_de_lavras.jpg\" \/>\n\t<meta property=\"og:image:width\" content=\"580\" \/>\n\t<meta property=\"og:image:height\" content=\"385\" \/>\n\t<meta property=\"og:image:type\" content=\"image\/jpeg\" \/>\n<meta name=\"author\" content=\"Reda\u00e7\u00e3o\" \/>\n<meta name=\"twitter:card\" content=\"summary_large_image\" \/>\n<meta name=\"twitter:creator\" content=\"@Notibras\" \/>\n<meta name=\"twitter:site\" content=\"@Notibras\" \/>\n<meta name=\"twitter:label1\" content=\"Escrito por\" \/>\n\t<meta name=\"twitter:data1\" content=\"Reda\u00e7\u00e3o\" \/>\n\t<meta name=\"twitter:label2\" content=\"Est. tempo de leitura\" \/>\n\t<meta name=\"twitter:data2\" content=\"3 minutos\" \/>\n<script type=\"application\/ld+json\" class=\"yoast-schema-graph\">{\"@context\":\"https:\/\/schema.org\",\"@graph\":[{\"@type\":\"Article\",\"@id\":\"https:\/\/www.notibras.com\/site\/o-bem-do-natal-deve-se-estender-durante-todos-os-dias-do-ano\/#article\",\"isPartOf\":{\"@id\":\"https:\/\/www.notibras.com\/site\/o-bem-do-natal-deve-se-estender-durante-todos-os-dias-do-ano\/\"},\"author\":{\"name\":\"Reda\u00e7\u00e3o\",\"@id\":\"https:\/\/www.notibras.com\/site\/#\/schema\/person\/36ab0979449956132d3e5b517ea76ac8\"},\"headline\":\"O bem do Natal deve se estender durante todos os dias do ano\",\"datePublished\":\"2014-12-25T09:22:24+00:00\",\"mainEntityOfPage\":{\"@id\":\"https:\/\/www.notibras.com\/site\/o-bem-do-natal-deve-se-estender-durante-todos-os-dias-do-ano\/\"},\"wordCount\":608,\"commentCount\":0,\"publisher\":{\"@id\":\"https:\/\/www.notibras.com\/site\/#organization\"},\"image\":{\"@id\":\"https:\/\/www.notibras.com\/site\/o-bem-do-natal-deve-se-estender-durante-todos-os-dias-do-ano\/#primaryimage\"},\"thumbnailUrl\":\"https:\/\/www.notibras.com\/site\/wp-content\/uploads\/2014\/12\/29269G-natal_presente_admissao_solidariedade_solidario_jornal_de_lavras.jpg\",\"articleSection\":[\"Opina a\u00ed\"],\"inLanguage\":\"pt-BR\",\"potentialAction\":[{\"@type\":\"CommentAction\",\"name\":\"Comment\",\"target\":[\"https:\/\/www.notibras.com\/site\/o-bem-do-natal-deve-se-estender-durante-todos-os-dias-do-ano\/#respond\"]}]},{\"@type\":\"WebPage\",\"@id\":\"https:\/\/www.notibras.com\/site\/o-bem-do-natal-deve-se-estender-durante-todos-os-dias-do-ano\/\",\"url\":\"https:\/\/www.notibras.com\/site\/o-bem-do-natal-deve-se-estender-durante-todos-os-dias-do-ano\/\",\"name\":\"O bem do Natal deve se estender durante todos os dias do ano - Notibras\",\"isPartOf\":{\"@id\":\"https:\/\/www.notibras.com\/site\/#website\"},\"primaryImageOfPage\":{\"@id\":\"https:\/\/www.notibras.com\/site\/o-bem-do-natal-deve-se-estender-durante-todos-os-dias-do-ano\/#primaryimage\"},\"image\":{\"@id\":\"https:\/\/www.notibras.com\/site\/o-bem-do-natal-deve-se-estender-durante-todos-os-dias-do-ano\/#primaryimage\"},\"thumbnailUrl\":\"https:\/\/www.notibras.com\/site\/wp-content\/uploads\/2014\/12\/29269G-natal_presente_admissao_solidariedade_solidario_jornal_de_lavras.jpg\",\"datePublished\":\"2014-12-25T09:22:24+00:00\",\"breadcrumb\":{\"@id\":\"https:\/\/www.notibras.com\/site\/o-bem-do-natal-deve-se-estender-durante-todos-os-dias-do-ano\/#breadcrumb\"},\"inLanguage\":\"pt-BR\",\"potentialAction\":[{\"@type\":\"ReadAction\",\"target\":[\"https:\/\/www.notibras.com\/site\/o-bem-do-natal-deve-se-estender-durante-todos-os-dias-do-ano\/\"]}]},{\"@type\":\"ImageObject\",\"inLanguage\":\"pt-BR\",\"@id\":\"https:\/\/www.notibras.com\/site\/o-bem-do-natal-deve-se-estender-durante-todos-os-dias-do-ano\/#primaryimage\",\"url\":\"https:\/\/www.notibras.com\/site\/wp-content\/uploads\/2014\/12\/29269G-natal_presente_admissao_solidariedade_solidario_jornal_de_lavras.jpg\",\"contentUrl\":\"https:\/\/www.notibras.com\/site\/wp-content\/uploads\/2014\/12\/29269G-natal_presente_admissao_solidariedade_solidario_jornal_de_lavras.jpg\",\"width\":580,\"height\":385},{\"@type\":\"BreadcrumbList\",\"@id\":\"https:\/\/www.notibras.com\/site\/o-bem-do-natal-deve-se-estender-durante-todos-os-dias-do-ano\/#breadcrumb\",\"itemListElement\":[{\"@type\":\"ListItem\",\"position\":1,\"name\":\"In\u00edcio\",\"item\":\"https:\/\/www.notibras.com\/site\/\"},{\"@type\":\"ListItem\",\"position\":2,\"name\":\"O bem do Natal deve se estender durante todos os dias do ano\"}]},{\"@type\":\"WebSite\",\"@id\":\"https:\/\/www.notibras.com\/site\/#website\",\"url\":\"https:\/\/www.notibras.com\/site\/\",\"name\":\"Notibras\",\"description\":\"Not\u00edcias de Bras\u00edlia, do Brasil e do Mundo\",\"publisher\":{\"@id\":\"https:\/\/www.notibras.com\/site\/#organization\"},\"potentialAction\":[{\"@type\":\"SearchAction\",\"target\":{\"@type\":\"EntryPoint\",\"urlTemplate\":\"https:\/\/www.notibras.com\/site\/?s={search_term_string}\"},\"query-input\":{\"@type\":\"PropertyValueSpecification\",\"valueRequired\":true,\"valueName\":\"search_term_string\"}}],\"inLanguage\":\"pt-BR\"},{\"@type\":\"Organization\",\"@id\":\"https:\/\/www.notibras.com\/site\/#organization\",\"name\":\"Grupo Notibras de Comunica\u00e7\u00e3o\",\"url\":\"https:\/\/www.notibras.com\/site\/\",\"logo\":{\"@type\":\"ImageObject\",\"inLanguage\":\"pt-BR\",\"@id\":\"https:\/\/www.notibras.com\/site\/#\/schema\/logo\/image\/\",\"url\":\"https:\/\/www.notibras.com\/site\/wp-content\/uploads\/2023\/01\/notibras23.png\",\"contentUrl\":\"https:\/\/www.notibras.com\/site\/wp-content\/uploads\/2023\/01\/notibras23.png\",\"width\":350,\"height\":87,\"caption\":\"Grupo Notibras de Comunica\u00e7\u00e3o\"},\"image\":{\"@id\":\"https:\/\/www.notibras.com\/site\/#\/schema\/logo\/image\/\"},\"sameAs\":[\"https:\/\/www.facebook.com\/notibras\/\",\"https:\/\/x.com\/Notibras\",\"https:\/\/www.instagram.com\/notibras\/\"]},{\"@type\":\"Person\",\"@id\":\"https:\/\/www.notibras.com\/site\/#\/schema\/person\/36ab0979449956132d3e5b517ea76ac8\",\"name\":\"Reda\u00e7\u00e3o\",\"image\":{\"@type\":\"ImageObject\",\"inLanguage\":\"pt-BR\",\"@id\":\"https:\/\/secure.gravatar.com\/avatar\/e0a867bdedb85fd243eadf09663511f96fc81e0720a4a42581f334ad4303aa6b?s=96&d=mm&r=g\",\"url\":\"https:\/\/secure.gravatar.com\/avatar\/e0a867bdedb85fd243eadf09663511f96fc81e0720a4a42581f334ad4303aa6b?s=96&d=mm&r=g\",\"contentUrl\":\"https:\/\/secure.gravatar.com\/avatar\/e0a867bdedb85fd243eadf09663511f96fc81e0720a4a42581f334ad4303aa6b?s=96&d=mm&r=g\",\"caption\":\"Reda\u00e7\u00e3o\"}}]}<\/script>\n<!-- \/ Yoast SEO plugin. -->","yoast_head_json":{"title":"O bem do Natal deve se estender durante todos os dias do ano - Notibras","robots":{"index":"index","follow":"follow","max-snippet":"max-snippet:-1","max-image-preview":"max-image-preview:large","max-video-preview":"max-video-preview:-1"},"canonical":"https:\/\/www.notibras.com\/site\/o-bem-do-natal-deve-se-estender-durante-todos-os-dias-do-ano\/","og_locale":"pt_BR","og_type":"article","og_title":"O bem do Natal deve se estender durante todos os dias do ano - Notibras","og_description":"Entre os textos da liturgia cat\u00f3lica no tempo do Advento, que antecede o Natal, destaca-se, pela poesia e pela esperan\u00e7a que carrega, o cap\u00edtulo 11 do livro do profeta Isa\u00edas, sobre os tempos messi\u00e2nicos: &#8220;Um broto sair\u00e1 do tronco de Jess\u00e9, e um rebento nascer\u00e1 de suas ra\u00edzes. Sobre ele repousar\u00e1 o Esp\u00edrito do Senhor, [&hellip;]","og_url":"https:\/\/www.notibras.com\/site\/o-bem-do-natal-deve-se-estender-durante-todos-os-dias-do-ano\/","og_site_name":"Notibras","article_publisher":"https:\/\/www.facebook.com\/notibras\/","article_published_time":"2014-12-25T09:22:24+00:00","og_image":[{"width":580,"height":385,"url":"https:\/\/www.notibras.com\/site\/wp-content\/uploads\/2014\/12\/29269G-natal_presente_admissao_solidariedade_solidario_jornal_de_lavras.jpg","type":"image\/jpeg"}],"author":"Reda\u00e7\u00e3o","twitter_card":"summary_large_image","twitter_creator":"@Notibras","twitter_site":"@Notibras","twitter_misc":{"Escrito por":"Reda\u00e7\u00e3o","Est. tempo de leitura":"3 minutos"},"schema":{"@context":"https:\/\/schema.org","@graph":[{"@type":"Article","@id":"https:\/\/www.notibras.com\/site\/o-bem-do-natal-deve-se-estender-durante-todos-os-dias-do-ano\/#article","isPartOf":{"@id":"https:\/\/www.notibras.com\/site\/o-bem-do-natal-deve-se-estender-durante-todos-os-dias-do-ano\/"},"author":{"name":"Reda\u00e7\u00e3o","@id":"https:\/\/www.notibras.com\/site\/#\/schema\/person\/36ab0979449956132d3e5b517ea76ac8"},"headline":"O bem do Natal deve se estender durante todos os dias do ano","datePublished":"2014-12-25T09:22:24+00:00","mainEntityOfPage":{"@id":"https:\/\/www.notibras.com\/site\/o-bem-do-natal-deve-se-estender-durante-todos-os-dias-do-ano\/"},"wordCount":608,"commentCount":0,"publisher":{"@id":"https:\/\/www.notibras.com\/site\/#organization"},"image":{"@id":"https:\/\/www.notibras.com\/site\/o-bem-do-natal-deve-se-estender-durante-todos-os-dias-do-ano\/#primaryimage"},"thumbnailUrl":"https:\/\/www.notibras.com\/site\/wp-content\/uploads\/2014\/12\/29269G-natal_presente_admissao_solidariedade_solidario_jornal_de_lavras.jpg","articleSection":["Opina a\u00ed"],"inLanguage":"pt-BR","potentialAction":[{"@type":"CommentAction","name":"Comment","target":["https:\/\/www.notibras.com\/site\/o-bem-do-natal-deve-se-estender-durante-todos-os-dias-do-ano\/#respond"]}]},{"@type":"WebPage","@id":"https:\/\/www.notibras.com\/site\/o-bem-do-natal-deve-se-estender-durante-todos-os-dias-do-ano\/","url":"https:\/\/www.notibras.com\/site\/o-bem-do-natal-deve-se-estender-durante-todos-os-dias-do-ano\/","name":"O bem do Natal deve se estender durante todos os dias do ano - Notibras","isPartOf":{"@id":"https:\/\/www.notibras.com\/site\/#website"},"primaryImageOfPage":{"@id":"https:\/\/www.notibras.com\/site\/o-bem-do-natal-deve-se-estender-durante-todos-os-dias-do-ano\/#primaryimage"},"image":{"@id":"https:\/\/www.notibras.com\/site\/o-bem-do-natal-deve-se-estender-durante-todos-os-dias-do-ano\/#primaryimage"},"thumbnailUrl":"https:\/\/www.notibras.com\/site\/wp-content\/uploads\/2014\/12\/29269G-natal_presente_admissao_solidariedade_solidario_jornal_de_lavras.jpg","datePublished":"2014-12-25T09:22:24+00:00","breadcrumb":{"@id":"https:\/\/www.notibras.com\/site\/o-bem-do-natal-deve-se-estender-durante-todos-os-dias-do-ano\/#breadcrumb"},"inLanguage":"pt-BR","potentialAction":[{"@type":"ReadAction","target":["https:\/\/www.notibras.com\/site\/o-bem-do-natal-deve-se-estender-durante-todos-os-dias-do-ano\/"]}]},{"@type":"ImageObject","inLanguage":"pt-BR","@id":"https:\/\/www.notibras.com\/site\/o-bem-do-natal-deve-se-estender-durante-todos-os-dias-do-ano\/#primaryimage","url":"https:\/\/www.notibras.com\/site\/wp-content\/uploads\/2014\/12\/29269G-natal_presente_admissao_solidariedade_solidario_jornal_de_lavras.jpg","contentUrl":"https:\/\/www.notibras.com\/site\/wp-content\/uploads\/2014\/12\/29269G-natal_presente_admissao_solidariedade_solidario_jornal_de_lavras.jpg","width":580,"height":385},{"@type":"BreadcrumbList","@id":"https:\/\/www.notibras.com\/site\/o-bem-do-natal-deve-se-estender-durante-todos-os-dias-do-ano\/#breadcrumb","itemListElement":[{"@type":"ListItem","position":1,"name":"In\u00edcio","item":"https:\/\/www.notibras.com\/site\/"},{"@type":"ListItem","position":2,"name":"O bem do Natal deve se estender durante todos os dias do ano"}]},{"@type":"WebSite","@id":"https:\/\/www.notibras.com\/site\/#website","url":"https:\/\/www.notibras.com\/site\/","name":"Notibras","description":"Not\u00edcias de Bras\u00edlia, do Brasil e do Mundo","publisher":{"@id":"https:\/\/www.notibras.com\/site\/#organization"},"potentialAction":[{"@type":"SearchAction","target":{"@type":"EntryPoint","urlTemplate":"https:\/\/www.notibras.com\/site\/?s={search_term_string}"},"query-input":{"@type":"PropertyValueSpecification","valueRequired":true,"valueName":"search_term_string"}}],"inLanguage":"pt-BR"},{"@type":"Organization","@id":"https:\/\/www.notibras.com\/site\/#organization","name":"Grupo Notibras de Comunica\u00e7\u00e3o","url":"https:\/\/www.notibras.com\/site\/","logo":{"@type":"ImageObject","inLanguage":"pt-BR","@id":"https:\/\/www.notibras.com\/site\/#\/schema\/logo\/image\/","url":"https:\/\/www.notibras.com\/site\/wp-content\/uploads\/2023\/01\/notibras23.png","contentUrl":"https:\/\/www.notibras.com\/site\/wp-content\/uploads\/2023\/01\/notibras23.png","width":350,"height":87,"caption":"Grupo Notibras de Comunica\u00e7\u00e3o"},"image":{"@id":"https:\/\/www.notibras.com\/site\/#\/schema\/logo\/image\/"},"sameAs":["https:\/\/www.facebook.com\/notibras\/","https:\/\/x.com\/Notibras","https:\/\/www.instagram.com\/notibras\/"]},{"@type":"Person","@id":"https:\/\/www.notibras.com\/site\/#\/schema\/person\/36ab0979449956132d3e5b517ea76ac8","name":"Reda\u00e7\u00e3o","image":{"@type":"ImageObject","inLanguage":"pt-BR","@id":"https:\/\/secure.gravatar.com\/avatar\/e0a867bdedb85fd243eadf09663511f96fc81e0720a4a42581f334ad4303aa6b?s=96&d=mm&r=g","url":"https:\/\/secure.gravatar.com\/avatar\/e0a867bdedb85fd243eadf09663511f96fc81e0720a4a42581f334ad4303aa6b?s=96&d=mm&r=g","contentUrl":"https:\/\/secure.gravatar.com\/avatar\/e0a867bdedb85fd243eadf09663511f96fc81e0720a4a42581f334ad4303aa6b?s=96&d=mm&r=g","caption":"Reda\u00e7\u00e3o"}}]}},"amp_enabled":true,"_links":{"self":[{"href":"https:\/\/www.notibras.com\/site\/wp-json\/wp\/v2\/posts\/32120","targetHints":{"allow":["GET"]}}],"collection":[{"href":"https:\/\/www.notibras.com\/site\/wp-json\/wp\/v2\/posts"}],"about":[{"href":"https:\/\/www.notibras.com\/site\/wp-json\/wp\/v2\/types\/post"}],"author":[{"embeddable":true,"href":"https:\/\/www.notibras.com\/site\/wp-json\/wp\/v2\/users\/2"}],"replies":[{"embeddable":true,"href":"https:\/\/www.notibras.com\/site\/wp-json\/wp\/v2\/comments?post=32120"}],"version-history":[{"count":0,"href":"https:\/\/www.notibras.com\/site\/wp-json\/wp\/v2\/posts\/32120\/revisions"}],"wp:featuredmedia":[{"embeddable":true,"href":"https:\/\/www.notibras.com\/site\/wp-json\/wp\/v2\/media\/32121"}],"wp:attachment":[{"href":"https:\/\/www.notibras.com\/site\/wp-json\/wp\/v2\/media?parent=32120"}],"wp:term":[{"taxonomy":"category","embeddable":true,"href":"https:\/\/www.notibras.com\/site\/wp-json\/wp\/v2\/categories?post=32120"},{"taxonomy":"post_tag","embeddable":true,"href":"https:\/\/www.notibras.com\/site\/wp-json\/wp\/v2\/tags?post=32120"}],"curies":[{"name":"wp","href":"https:\/\/api.w.org\/{rel}","templated":true}]}}