{"id":321212,"date":"2024-01-26T00:09:16","date_gmt":"2024-01-26T03:09:16","guid":{"rendered":"https:\/\/www.notibras.com\/site\/?p=321212"},"modified":"2024-01-26T06:01:19","modified_gmt":"2024-01-26T09:01:19","slug":"novos-casos-de-dengue-levam-buriti-a-decretar-emergencia","status":"publish","type":"post","link":"https:\/\/www.notibras.com\/site\/novos-casos-de-dengue-levam-buriti-a-decretar-emergencia\/","title":{"rendered":"Novos casos de dengue levam Buriti a decretar emerg\u00eancia"},"content":{"rendered":"<p>O Governo do Distrito Federal (GDF) declarou situa\u00e7\u00e3o de emerg\u00eancia no \u00e2mbito da sa\u00fade p\u00fablica em meio a uma explos\u00e3o de casos de dengue. O decreto foi publicado nesta quinta-feira (25) em edi\u00e7\u00e3o extra do Di\u00e1rio Oficial do DF.<\/p>\n<p>O texto cita n\u00e3o apenas a expans\u00e3o de casos da dengue, mas \u201crisco de epidemia por doen\u00e7as transmitidas pelo [mosquito] Aedes aegypti\u201d, o que inclui enfermidades como zika e Chikungunya, al\u00e9m da febre amarela.<\/p>\n<p>O decreto autoriza o governador do Distrito Federal, Ibaneis Rocha, a tomar medidas administrativas para conter a doen\u00e7a, incluindo a aquisi\u00e7\u00e3o de insumos e materiais e a contrata\u00e7\u00e3o de servi\u00e7os necess\u00e1rios ao atendimento da situa\u00e7\u00e3o emergencial.<\/p>\n<p>O decreto vai perdurar enquanto a situa\u00e7\u00e3o sanit\u00e1ria causada por arboviroses no Distrito Federal n\u00e3o for estabilizada.<\/p>\n<p><strong>N\u00fameros<\/strong><br \/>\nOs casos de dengue no DF &#8211; registrados nas tr\u00eas primeiras semanas de 2024 &#8211; aumentaram 646% em rela\u00e7\u00e3o ao mesmo per\u00edodo do ano passado. Neste per\u00edodo, houve 17.150 ocorr\u00eancias suspeitas da doen\u00e7a, das quais 16.628 s\u00e3o classificados como casos prov\u00e1veis pela pr\u00f3pria Secretaria de Sa\u00fade. Em 2023, foram 2.154 casos prov\u00e1veis da doen\u00e7a.<\/p>\n<p>Dados do boletim epidemiol\u00f3gico mostram que a regi\u00e3o administrativa da Ceil\u00e2ndia aparece com maior incid\u00eancia de dengue (3.963 casos), seguida por Sol Nascente\/P\u00f4r do Sol (1.110), Brazl\u00e2ndia (1.045) e Samambaia (997). H\u00e1 ainda tr\u00eas \u00f3bitos provocados pela doen\u00e7a j\u00e1 confirmados em 2024.<\/p>\n<p><strong>Perfil<\/strong><br \/>\nCom rela\u00e7\u00e3o ao perfil de casos prov\u00e1veis por sexo e faixa et\u00e1ria, observa-se maior incid\u00eancia no sexo feminino &#8211; 527,7 ocorr\u00eancias por 100 mil habitantes.<\/p>\n<p>J\u00e1 o grupo et\u00e1rio com maior incid\u00eancia de casos prov\u00e1veis de dengue est\u00e1 na faixa de 70 a 79 anos, com incid\u00eancia de 605,1 ocorr\u00eancias por 100 mil habitantes, seguido pelos grupos et\u00e1rios de 20 a 29 anos e 80 anos ou mais, com 589,3 e 575,4 ocorr\u00eancias por 100 mil habitantes, respectivamente.<\/p>\n<p><strong>Vacina<\/strong><br \/>\nO Minist\u00e9rio da Sa\u00fade informou nesta quinta-feira (25), em Bras\u00edlia, que 521 munic\u00edpios brasileiros foram selecionados para iniciar a vacina\u00e7\u00e3o contra a dengue via Sistema \u00danico de Sa\u00fade (SUS) a partir de fevereiro. As cidades comp\u00f5em 37 regi\u00f5es de sa\u00fade que s\u00e3o consideradas end\u00eamicas para a doen\u00e7a.<\/p>\n<p>As regi\u00f5es selecionadas atendem a tr\u00eas crit\u00e9rios: s\u00e3o formadas por munic\u00edpios de grande porte com mais de 100 mil habitantes; registram alta transmiss\u00e3o de dengue no per\u00edodo 2023-2024; e t\u00eam maior predomin\u00e2ncia do sorotipo DENV-2. Conforme a lista, 16 estados e o Distrito Federal t\u00eam cidades que preenchem os requisitos.<\/p>\n<p>O Minist\u00e9rio da Sa\u00fade confirmou ainda que ser\u00e3o vacinadas crian\u00e7as e adolescentes de 10 a 14 anos, uma das faixas et\u00e1rias que concentram maior n\u00famero de hospitaliza\u00e7\u00f5es por dengue. Os n\u00fameros mostram que, de janeiro de 2019 a novembro de 2023, o grupo respondeu por 16,4 mil hospitaliza\u00e7\u00f5es, atr\u00e1s apenas dos idosos, grupo para o qual a vacina n\u00e3o foi autorizada.<\/p>\n","protected":false},"excerpt":{"rendered":"<p>O Governo do Distrito Federal (GDF) declarou situa\u00e7\u00e3o de emerg\u00eancia no \u00e2mbito da sa\u00fade p\u00fablica em meio a uma explos\u00e3o de casos de dengue. O decreto foi publicado nesta quinta-feira (25) em edi\u00e7\u00e3o extra do Di\u00e1rio Oficial do DF. O texto cita n\u00e3o apenas a expans\u00e3o de casos da dengue, mas \u201crisco de epidemia por [&hellip;]<\/p>\n","protected":false},"author":2,"featured_media":321213,"comment_status":"closed","ping_status":"closed","sticky":false,"template":"","format":"standard","meta":{"_acf_changed":false,"footnotes":""},"categories":[161],"tags":[95],"class_list":["post-321212","post","type-post","status-publish","format-standard","has-post-thumbnail","hentry","category-quadradinho-em-foco","tag-capa"],"acf":[],"yoast_head":"<!-- This site is optimized with the Yoast SEO plugin v27.2 - https:\/\/yoast.com\/product\/yoast-seo-wordpress\/ -->\n<title>Novos casos de dengue levam Buriti a decretar emerg\u00eancia - Notibras<\/title>\n<meta name=\"robots\" content=\"index, follow, max-snippet:-1, max-image-preview:large, max-video-preview:-1\" \/>\n<link rel=\"canonical\" href=\"https:\/\/www.notibras.com\/site\/novos-casos-de-dengue-levam-buriti-a-decretar-emergencia\/\" \/>\n<meta property=\"og:locale\" content=\"pt_BR\" \/>\n<meta property=\"og:type\" content=\"article\" \/>\n<meta property=\"og:title\" content=\"Novos casos de dengue levam Buriti a decretar emerg\u00eancia - Notibras\" \/>\n<meta property=\"og:description\" content=\"O Governo do Distrito Federal (GDF) declarou situa\u00e7\u00e3o de emerg\u00eancia no \u00e2mbito da sa\u00fade p\u00fablica em meio a uma explos\u00e3o de casos de dengue. O decreto foi publicado nesta quinta-feira (25) em edi\u00e7\u00e3o extra do Di\u00e1rio Oficial do DF. O texto cita n\u00e3o apenas a expans\u00e3o de casos da dengue, mas \u201crisco de epidemia por [&hellip;]\" \/>\n<meta property=\"og:url\" content=\"https:\/\/www.notibras.com\/site\/novos-casos-de-dengue-levam-buriti-a-decretar-emergencia\/\" \/>\n<meta property=\"og:site_name\" content=\"Notibras\" \/>\n<meta property=\"article:publisher\" content=\"https:\/\/www.facebook.com\/notibras\/\" \/>\n<meta property=\"article:published_time\" content=\"2024-01-26T03:09:16+00:00\" \/>\n<meta property=\"article:modified_time\" content=\"2024-01-26T09:01:19+00:00\" \/>\n<meta property=\"og:image\" content=\"https:\/\/www.notibras.com\/site\/wp-content\/uploads\/2024\/01\/dengueemerg.df_.webp\" \/>\n\t<meta property=\"og:image:width\" content=\"1170\" \/>\n\t<meta property=\"og:image:height\" content=\"700\" \/>\n\t<meta property=\"og:image:type\" content=\"image\/webp\" \/>\n<meta name=\"author\" content=\"Reda\u00e7\u00e3o\" \/>\n<meta name=\"twitter:card\" content=\"summary_large_image\" \/>\n<meta name=\"twitter:creator\" content=\"@Notibras\" \/>\n<meta name=\"twitter:site\" content=\"@Notibras\" \/>\n<meta name=\"twitter:label1\" content=\"Escrito por\" \/>\n\t<meta name=\"twitter:data1\" content=\"Reda\u00e7\u00e3o\" \/>\n\t<meta name=\"twitter:label2\" content=\"Est. tempo de leitura\" \/>\n\t<meta name=\"twitter:data2\" content=\"3 minutos\" \/>\n<script type=\"application\/ld+json\" class=\"yoast-schema-graph\">{\"@context\":\"https:\/\/schema.org\",\"@graph\":[{\"@type\":\"Article\",\"@id\":\"https:\/\/www.notibras.com\/site\/novos-casos-de-dengue-levam-buriti-a-decretar-emergencia\/#article\",\"isPartOf\":{\"@id\":\"https:\/\/www.notibras.com\/site\/novos-casos-de-dengue-levam-buriti-a-decretar-emergencia\/\"},\"author\":{\"name\":\"Reda\u00e7\u00e3o\",\"@id\":\"https:\/\/www.notibras.com\/site\/#\/schema\/person\/36ab0979449956132d3e5b517ea76ac8\"},\"headline\":\"Novos casos de dengue levam Buriti a decretar emerg\u00eancia\",\"datePublished\":\"2024-01-26T03:09:16+00:00\",\"dateModified\":\"2024-01-26T09:01:19+00:00\",\"mainEntityOfPage\":{\"@id\":\"https:\/\/www.notibras.com\/site\/novos-casos-de-dengue-levam-buriti-a-decretar-emergencia\/\"},\"wordCount\":524,\"publisher\":{\"@id\":\"https:\/\/www.notibras.com\/site\/#organization\"},\"image\":{\"@id\":\"https:\/\/www.notibras.com\/site\/novos-casos-de-dengue-levam-buriti-a-decretar-emergencia\/#primaryimage\"},\"thumbnailUrl\":\"https:\/\/www.notibras.com\/site\/wp-content\/uploads\/2024\/01\/dengueemerg.df_.webp\",\"keywords\":[\"capa\"],\"articleSection\":[\"Quadradinho em Foco\"],\"inLanguage\":\"pt-BR\"},{\"@type\":\"WebPage\",\"@id\":\"https:\/\/www.notibras.com\/site\/novos-casos-de-dengue-levam-buriti-a-decretar-emergencia\/\",\"url\":\"https:\/\/www.notibras.com\/site\/novos-casos-de-dengue-levam-buriti-a-decretar-emergencia\/\",\"name\":\"Novos casos de dengue levam Buriti a decretar emerg\u00eancia - Notibras\",\"isPartOf\":{\"@id\":\"https:\/\/www.notibras.com\/site\/#website\"},\"primaryImageOfPage\":{\"@id\":\"https:\/\/www.notibras.com\/site\/novos-casos-de-dengue-levam-buriti-a-decretar-emergencia\/#primaryimage\"},\"image\":{\"@id\":\"https:\/\/www.notibras.com\/site\/novos-casos-de-dengue-levam-buriti-a-decretar-emergencia\/#primaryimage\"},\"thumbnailUrl\":\"https:\/\/www.notibras.com\/site\/wp-content\/uploads\/2024\/01\/dengueemerg.df_.webp\",\"datePublished\":\"2024-01-26T03:09:16+00:00\",\"dateModified\":\"2024-01-26T09:01:19+00:00\",\"breadcrumb\":{\"@id\":\"https:\/\/www.notibras.com\/site\/novos-casos-de-dengue-levam-buriti-a-decretar-emergencia\/#breadcrumb\"},\"inLanguage\":\"pt-BR\",\"potentialAction\":[{\"@type\":\"ReadAction\",\"target\":[\"https:\/\/www.notibras.com\/site\/novos-casos-de-dengue-levam-buriti-a-decretar-emergencia\/\"]}]},{\"@type\":\"ImageObject\",\"inLanguage\":\"pt-BR\",\"@id\":\"https:\/\/www.notibras.com\/site\/novos-casos-de-dengue-levam-buriti-a-decretar-emergencia\/#primaryimage\",\"url\":\"https:\/\/www.notibras.com\/site\/wp-content\/uploads\/2024\/01\/dengueemerg.df_.webp\",\"contentUrl\":\"https:\/\/www.notibras.com\/site\/wp-content\/uploads\/2024\/01\/dengueemerg.df_.webp\",\"width\":1170,\"height\":700},{\"@type\":\"BreadcrumbList\",\"@id\":\"https:\/\/www.notibras.com\/site\/novos-casos-de-dengue-levam-buriti-a-decretar-emergencia\/#breadcrumb\",\"itemListElement\":[{\"@type\":\"ListItem\",\"position\":1,\"name\":\"In\u00edcio\",\"item\":\"https:\/\/www.notibras.com\/site\/\"},{\"@type\":\"ListItem\",\"position\":2,\"name\":\"Novos casos de dengue levam Buriti a decretar emerg\u00eancia\"}]},{\"@type\":\"WebSite\",\"@id\":\"https:\/\/www.notibras.com\/site\/#website\",\"url\":\"https:\/\/www.notibras.com\/site\/\",\"name\":\"Notibras\",\"description\":\"Not\u00edcias de Bras\u00edlia, do Brasil e do Mundo\",\"publisher\":{\"@id\":\"https:\/\/www.notibras.com\/site\/#organization\"},\"potentialAction\":[{\"@type\":\"SearchAction\",\"target\":{\"@type\":\"EntryPoint\",\"urlTemplate\":\"https:\/\/www.notibras.com\/site\/?s={search_term_string}\"},\"query-input\":{\"@type\":\"PropertyValueSpecification\",\"valueRequired\":true,\"valueName\":\"search_term_string\"}}],\"inLanguage\":\"pt-BR\"},{\"@type\":\"Organization\",\"@id\":\"https:\/\/www.notibras.com\/site\/#organization\",\"name\":\"Grupo Notibras de Comunica\u00e7\u00e3o\",\"url\":\"https:\/\/www.notibras.com\/site\/\",\"logo\":{\"@type\":\"ImageObject\",\"inLanguage\":\"pt-BR\",\"@id\":\"https:\/\/www.notibras.com\/site\/#\/schema\/logo\/image\/\",\"url\":\"https:\/\/www.notibras.com\/site\/wp-content\/uploads\/2023\/01\/notibras23.png\",\"contentUrl\":\"https:\/\/www.notibras.com\/site\/wp-content\/uploads\/2023\/01\/notibras23.png\",\"width\":350,\"height\":87,\"caption\":\"Grupo Notibras de Comunica\u00e7\u00e3o\"},\"image\":{\"@id\":\"https:\/\/www.notibras.com\/site\/#\/schema\/logo\/image\/\"},\"sameAs\":[\"https:\/\/www.facebook.com\/notibras\/\",\"https:\/\/x.com\/Notibras\",\"https:\/\/www.instagram.com\/notibras\/\"]},{\"@type\":\"Person\",\"@id\":\"https:\/\/www.notibras.com\/site\/#\/schema\/person\/36ab0979449956132d3e5b517ea76ac8\",\"name\":\"Reda\u00e7\u00e3o\",\"image\":{\"@type\":\"ImageObject\",\"inLanguage\":\"pt-BR\",\"@id\":\"https:\/\/secure.gravatar.com\/avatar\/e0a867bdedb85fd243eadf09663511f96fc81e0720a4a42581f334ad4303aa6b?s=96&d=mm&r=g\",\"url\":\"https:\/\/secure.gravatar.com\/avatar\/e0a867bdedb85fd243eadf09663511f96fc81e0720a4a42581f334ad4303aa6b?s=96&d=mm&r=g\",\"contentUrl\":\"https:\/\/secure.gravatar.com\/avatar\/e0a867bdedb85fd243eadf09663511f96fc81e0720a4a42581f334ad4303aa6b?s=96&d=mm&r=g\",\"caption\":\"Reda\u00e7\u00e3o\"}}]}<\/script>\n<!-- \/ Yoast SEO plugin. -->","yoast_head_json":{"title":"Novos casos de dengue levam Buriti a decretar emerg\u00eancia - Notibras","robots":{"index":"index","follow":"follow","max-snippet":"max-snippet:-1","max-image-preview":"max-image-preview:large","max-video-preview":"max-video-preview:-1"},"canonical":"https:\/\/www.notibras.com\/site\/novos-casos-de-dengue-levam-buriti-a-decretar-emergencia\/","og_locale":"pt_BR","og_type":"article","og_title":"Novos casos de dengue levam Buriti a decretar emerg\u00eancia - Notibras","og_description":"O Governo do Distrito Federal (GDF) declarou situa\u00e7\u00e3o de emerg\u00eancia no \u00e2mbito da sa\u00fade p\u00fablica em meio a uma explos\u00e3o de casos de dengue. O decreto foi publicado nesta quinta-feira (25) em edi\u00e7\u00e3o extra do Di\u00e1rio Oficial do DF. O texto cita n\u00e3o apenas a expans\u00e3o de casos da dengue, mas \u201crisco de epidemia por [&hellip;]","og_url":"https:\/\/www.notibras.com\/site\/novos-casos-de-dengue-levam-buriti-a-decretar-emergencia\/","og_site_name":"Notibras","article_publisher":"https:\/\/www.facebook.com\/notibras\/","article_published_time":"2024-01-26T03:09:16+00:00","article_modified_time":"2024-01-26T09:01:19+00:00","og_image":[{"width":1170,"height":700,"url":"https:\/\/www.notibras.com\/site\/wp-content\/uploads\/2024\/01\/dengueemerg.df_.webp","type":"image\/webp"}],"author":"Reda\u00e7\u00e3o","twitter_card":"summary_large_image","twitter_creator":"@Notibras","twitter_site":"@Notibras","twitter_misc":{"Escrito por":"Reda\u00e7\u00e3o","Est. tempo de leitura":"3 minutos"},"schema":{"@context":"https:\/\/schema.org","@graph":[{"@type":"Article","@id":"https:\/\/www.notibras.com\/site\/novos-casos-de-dengue-levam-buriti-a-decretar-emergencia\/#article","isPartOf":{"@id":"https:\/\/www.notibras.com\/site\/novos-casos-de-dengue-levam-buriti-a-decretar-emergencia\/"},"author":{"name":"Reda\u00e7\u00e3o","@id":"https:\/\/www.notibras.com\/site\/#\/schema\/person\/36ab0979449956132d3e5b517ea76ac8"},"headline":"Novos casos de dengue levam Buriti a decretar emerg\u00eancia","datePublished":"2024-01-26T03:09:16+00:00","dateModified":"2024-01-26T09:01:19+00:00","mainEntityOfPage":{"@id":"https:\/\/www.notibras.com\/site\/novos-casos-de-dengue-levam-buriti-a-decretar-emergencia\/"},"wordCount":524,"publisher":{"@id":"https:\/\/www.notibras.com\/site\/#organization"},"image":{"@id":"https:\/\/www.notibras.com\/site\/novos-casos-de-dengue-levam-buriti-a-decretar-emergencia\/#primaryimage"},"thumbnailUrl":"https:\/\/www.notibras.com\/site\/wp-content\/uploads\/2024\/01\/dengueemerg.df_.webp","keywords":["capa"],"articleSection":["Quadradinho em Foco"],"inLanguage":"pt-BR"},{"@type":"WebPage","@id":"https:\/\/www.notibras.com\/site\/novos-casos-de-dengue-levam-buriti-a-decretar-emergencia\/","url":"https:\/\/www.notibras.com\/site\/novos-casos-de-dengue-levam-buriti-a-decretar-emergencia\/","name":"Novos casos de dengue levam Buriti a decretar emerg\u00eancia - Notibras","isPartOf":{"@id":"https:\/\/www.notibras.com\/site\/#website"},"primaryImageOfPage":{"@id":"https:\/\/www.notibras.com\/site\/novos-casos-de-dengue-levam-buriti-a-decretar-emergencia\/#primaryimage"},"image":{"@id":"https:\/\/www.notibras.com\/site\/novos-casos-de-dengue-levam-buriti-a-decretar-emergencia\/#primaryimage"},"thumbnailUrl":"https:\/\/www.notibras.com\/site\/wp-content\/uploads\/2024\/01\/dengueemerg.df_.webp","datePublished":"2024-01-26T03:09:16+00:00","dateModified":"2024-01-26T09:01:19+00:00","breadcrumb":{"@id":"https:\/\/www.notibras.com\/site\/novos-casos-de-dengue-levam-buriti-a-decretar-emergencia\/#breadcrumb"},"inLanguage":"pt-BR","potentialAction":[{"@type":"ReadAction","target":["https:\/\/www.notibras.com\/site\/novos-casos-de-dengue-levam-buriti-a-decretar-emergencia\/"]}]},{"@type":"ImageObject","inLanguage":"pt-BR","@id":"https:\/\/www.notibras.com\/site\/novos-casos-de-dengue-levam-buriti-a-decretar-emergencia\/#primaryimage","url":"https:\/\/www.notibras.com\/site\/wp-content\/uploads\/2024\/01\/dengueemerg.df_.webp","contentUrl":"https:\/\/www.notibras.com\/site\/wp-content\/uploads\/2024\/01\/dengueemerg.df_.webp","width":1170,"height":700},{"@type":"BreadcrumbList","@id":"https:\/\/www.notibras.com\/site\/novos-casos-de-dengue-levam-buriti-a-decretar-emergencia\/#breadcrumb","itemListElement":[{"@type":"ListItem","position":1,"name":"In\u00edcio","item":"https:\/\/www.notibras.com\/site\/"},{"@type":"ListItem","position":2,"name":"Novos casos de dengue levam Buriti a decretar emerg\u00eancia"}]},{"@type":"WebSite","@id":"https:\/\/www.notibras.com\/site\/#website","url":"https:\/\/www.notibras.com\/site\/","name":"Notibras","description":"Not\u00edcias de Bras\u00edlia, do Brasil e do Mundo","publisher":{"@id":"https:\/\/www.notibras.com\/site\/#organization"},"potentialAction":[{"@type":"SearchAction","target":{"@type":"EntryPoint","urlTemplate":"https:\/\/www.notibras.com\/site\/?s={search_term_string}"},"query-input":{"@type":"PropertyValueSpecification","valueRequired":true,"valueName":"search_term_string"}}],"inLanguage":"pt-BR"},{"@type":"Organization","@id":"https:\/\/www.notibras.com\/site\/#organization","name":"Grupo Notibras de Comunica\u00e7\u00e3o","url":"https:\/\/www.notibras.com\/site\/","logo":{"@type":"ImageObject","inLanguage":"pt-BR","@id":"https:\/\/www.notibras.com\/site\/#\/schema\/logo\/image\/","url":"https:\/\/www.notibras.com\/site\/wp-content\/uploads\/2023\/01\/notibras23.png","contentUrl":"https:\/\/www.notibras.com\/site\/wp-content\/uploads\/2023\/01\/notibras23.png","width":350,"height":87,"caption":"Grupo Notibras de Comunica\u00e7\u00e3o"},"image":{"@id":"https:\/\/www.notibras.com\/site\/#\/schema\/logo\/image\/"},"sameAs":["https:\/\/www.facebook.com\/notibras\/","https:\/\/x.com\/Notibras","https:\/\/www.instagram.com\/notibras\/"]},{"@type":"Person","@id":"https:\/\/www.notibras.com\/site\/#\/schema\/person\/36ab0979449956132d3e5b517ea76ac8","name":"Reda\u00e7\u00e3o","image":{"@type":"ImageObject","inLanguage":"pt-BR","@id":"https:\/\/secure.gravatar.com\/avatar\/e0a867bdedb85fd243eadf09663511f96fc81e0720a4a42581f334ad4303aa6b?s=96&d=mm&r=g","url":"https:\/\/secure.gravatar.com\/avatar\/e0a867bdedb85fd243eadf09663511f96fc81e0720a4a42581f334ad4303aa6b?s=96&d=mm&r=g","contentUrl":"https:\/\/secure.gravatar.com\/avatar\/e0a867bdedb85fd243eadf09663511f96fc81e0720a4a42581f334ad4303aa6b?s=96&d=mm&r=g","caption":"Reda\u00e7\u00e3o"}}]}},"amp_enabled":true,"_links":{"self":[{"href":"https:\/\/www.notibras.com\/site\/wp-json\/wp\/v2\/posts\/321212","targetHints":{"allow":["GET"]}}],"collection":[{"href":"https:\/\/www.notibras.com\/site\/wp-json\/wp\/v2\/posts"}],"about":[{"href":"https:\/\/www.notibras.com\/site\/wp-json\/wp\/v2\/types\/post"}],"author":[{"embeddable":true,"href":"https:\/\/www.notibras.com\/site\/wp-json\/wp\/v2\/users\/2"}],"replies":[{"embeddable":true,"href":"https:\/\/www.notibras.com\/site\/wp-json\/wp\/v2\/comments?post=321212"}],"version-history":[{"count":1,"href":"https:\/\/www.notibras.com\/site\/wp-json\/wp\/v2\/posts\/321212\/revisions"}],"predecessor-version":[{"id":321214,"href":"https:\/\/www.notibras.com\/site\/wp-json\/wp\/v2\/posts\/321212\/revisions\/321214"}],"wp:featuredmedia":[{"embeddable":true,"href":"https:\/\/www.notibras.com\/site\/wp-json\/wp\/v2\/media\/321213"}],"wp:attachment":[{"href":"https:\/\/www.notibras.com\/site\/wp-json\/wp\/v2\/media?parent=321212"}],"wp:term":[{"taxonomy":"category","embeddable":true,"href":"https:\/\/www.notibras.com\/site\/wp-json\/wp\/v2\/categories?post=321212"},{"taxonomy":"post_tag","embeddable":true,"href":"https:\/\/www.notibras.com\/site\/wp-json\/wp\/v2\/tags?post=321212"}],"curies":[{"name":"wp","href":"https:\/\/api.w.org\/{rel}","templated":true}]}}