{"id":321215,"date":"2024-01-26T06:25:28","date_gmt":"2024-01-26T09:25:28","guid":{"rendered":"https:\/\/www.notibras.com\/site\/?p=321215"},"modified":"2024-01-26T06:25:28","modified_gmt":"2024-01-26T09:25:28","slug":"tubarao-tortura-e-milicia-formam-um-medo-so","status":"publish","type":"post","link":"https:\/\/www.notibras.com\/site\/tubarao-tortura-e-milicia-formam-um-medo-so\/","title":{"rendered":"Tubar\u00e3o, tortura e mil\u00edcia formam um medo s\u00f3"},"content":{"rendered":"<p>Creio que todos n\u00f3s temos nossos medos. Pois bem, tamb\u00e9m c\u00e1 tenho os meus: tortura, fascismo, mil\u00edcia. J\u00e1 de tubar\u00e3o, confesso que n\u00e3o sinto medo. Tenho mesmo \u00e9 pavor!!!<\/p>\n<p>No entanto, at\u00e9 como um poss\u00edvel contrassenso, adoro praia. E foi justamente por conta disso que desenvolvi na minha mente covarde a t\u00e9cnica da isca. E confesso que a utilizo at\u00e9 mesmo na praia de Copacabana, onde nunca houve um ataque de tubar\u00e3o. Ali\u00e1s, esse lance de nunca talvez seja um exagero, mas n\u00e3o sei ao certo.<\/p>\n<p>Mas o que seria essa tal t\u00e9cnica da isca? \u00c9 bem simples: toda vez que vou entrar na \u00e1gua, sempre observo se h\u00e1 outras pessoas tomando banho. Ent\u00e3o, entro quase n\u00e3o aparentando medo. Obviamente que dou aquela molhada nos p\u00e9s e nos pulsos, como se estivesse preparando o meu corpo para as diferen\u00e7as de temperaturas entre a \u00e1gua e o ar, que no Rio s\u00e3o gritantes.<\/p>\n<p>Pura interpreta\u00e7\u00e3o de algu\u00e9m tentando disfar\u00e7ar o pavor de dar um mergulho entre as ondas, j\u00e1 que n\u00e3o consigo tirar da mente que logo ali vai ter um bicho de n\u00e3o sei quantos metros, com a boca cheia de dentes afiados, querendo atacar justamente este que escreve essas palavras t\u00e3o covardes. Sou mesmo covarde!!! Nossa, que liberdade poder escrever que tenho pavor de tubar\u00e3o!<\/p>\n<p>Todavia, estou aqui para contar a t\u00e9cnica que desenvolvi. Pois bem, nunca sou o cara mais distante na \u00e1gua. Ali\u00e1s, chamo esse indiv\u00edduo corajoso de isca. \u00c9 simples assim, pois tive que desenvolver, na minha imagina\u00e7\u00e3o doentia, um artif\u00edcio para conseguir dar aquele mergulho na praia.<\/p>\n<p>Por isso, penso que, caso haja um tubar\u00e3o por perto, ele v\u00e1 preferir degustar as carnes justamente daquele outro humano que fica l\u00e1 no fundo. Seja como for, agrade\u00e7o todos os dias por existirem muitas iscas, algumas mais corajosas que outras. Sem elas, eu n\u00e3o colocaria nem a pontinha do meu p\u00e9 na \u00e1gua e, provavelmente, teria que levar um baldinho para poder me molhar ali mesmo na areia da praia.<\/p>\n","protected":false},"excerpt":{"rendered":"<p>Creio que todos n\u00f3s temos nossos medos. Pois bem, tamb\u00e9m c\u00e1 tenho os meus: tortura, fascismo, mil\u00edcia. J\u00e1 de tubar\u00e3o, confesso que n\u00e3o sinto medo. Tenho mesmo \u00e9 pavor!!! No entanto, at\u00e9 como um poss\u00edvel contrassenso, adoro praia. E foi justamente por conta disso que desenvolvi na minha mente covarde a t\u00e9cnica da isca. E [&hellip;]<\/p>\n","protected":false},"author":2,"featured_media":321216,"comment_status":"closed","ping_status":"closed","sticky":false,"template":"","format":"standard","meta":{"_acf_changed":false,"footnotes":""},"categories":[161],"tags":[],"class_list":["post-321215","post","type-post","status-publish","format-standard","has-post-thumbnail","hentry","category-quadradinho-em-foco"],"acf":[],"yoast_head":"<!-- This site is optimized with the Yoast SEO plugin v27.2 - https:\/\/yoast.com\/product\/yoast-seo-wordpress\/ -->\n<title>Tubar\u00e3o, tortura e mil\u00edcia formam um medo s\u00f3 - Notibras<\/title>\n<meta name=\"robots\" content=\"index, follow, max-snippet:-1, max-image-preview:large, max-video-preview:-1\" \/>\n<link rel=\"canonical\" href=\"https:\/\/www.notibras.com\/site\/tubarao-tortura-e-milicia-formam-um-medo-so\/\" \/>\n<meta property=\"og:locale\" content=\"pt_BR\" \/>\n<meta property=\"og:type\" content=\"article\" \/>\n<meta property=\"og:title\" content=\"Tubar\u00e3o, tortura e mil\u00edcia formam um medo s\u00f3 - Notibras\" \/>\n<meta property=\"og:description\" content=\"Creio que todos n\u00f3s temos nossos medos. Pois bem, tamb\u00e9m c\u00e1 tenho os meus: tortura, fascismo, mil\u00edcia. J\u00e1 de tubar\u00e3o, confesso que n\u00e3o sinto medo. Tenho mesmo \u00e9 pavor!!! No entanto, at\u00e9 como um poss\u00edvel contrassenso, adoro praia. E foi justamente por conta disso que desenvolvi na minha mente covarde a t\u00e9cnica da isca. E [&hellip;]\" \/>\n<meta property=\"og:url\" content=\"https:\/\/www.notibras.com\/site\/tubarao-tortura-e-milicia-formam-um-medo-so\/\" \/>\n<meta property=\"og:site_name\" content=\"Notibras\" \/>\n<meta property=\"article:publisher\" content=\"https:\/\/www.facebook.com\/notibras\/\" \/>\n<meta property=\"article:published_time\" content=\"2024-01-26T09:25:28+00:00\" \/>\n<meta property=\"og:image\" content=\"https:\/\/www.notibras.com\/site\/wp-content\/uploads\/2024\/01\/9ab5110d-dc00-4141-8dd2-3a56f867939b.jpeg\" \/>\n\t<meta property=\"og:image:width\" content=\"1600\" \/>\n\t<meta property=\"og:image:height\" content=\"1199\" \/>\n\t<meta property=\"og:image:type\" content=\"image\/jpeg\" \/>\n<meta name=\"author\" content=\"Reda\u00e7\u00e3o\" \/>\n<meta name=\"twitter:card\" content=\"summary_large_image\" \/>\n<meta name=\"twitter:creator\" content=\"@Notibras\" \/>\n<meta name=\"twitter:site\" content=\"@Notibras\" \/>\n<meta name=\"twitter:label1\" content=\"Escrito por\" \/>\n\t<meta name=\"twitter:data1\" content=\"Reda\u00e7\u00e3o\" \/>\n\t<meta name=\"twitter:label2\" content=\"Est. tempo de leitura\" \/>\n\t<meta name=\"twitter:data2\" content=\"2 minutos\" \/>\n<script type=\"application\/ld+json\" class=\"yoast-schema-graph\">{\"@context\":\"https:\/\/schema.org\",\"@graph\":[{\"@type\":\"Article\",\"@id\":\"https:\/\/www.notibras.com\/site\/tubarao-tortura-e-milicia-formam-um-medo-so\/#article\",\"isPartOf\":{\"@id\":\"https:\/\/www.notibras.com\/site\/tubarao-tortura-e-milicia-formam-um-medo-so\/\"},\"author\":{\"name\":\"Reda\u00e7\u00e3o\",\"@id\":\"https:\/\/www.notibras.com\/site\/#\/schema\/person\/36ab0979449956132d3e5b517ea76ac8\"},\"headline\":\"Tubar\u00e3o, tortura e mil\u00edcia formam um medo s\u00f3\",\"datePublished\":\"2024-01-26T09:25:28+00:00\",\"mainEntityOfPage\":{\"@id\":\"https:\/\/www.notibras.com\/site\/tubarao-tortura-e-milicia-formam-um-medo-so\/\"},\"wordCount\":371,\"publisher\":{\"@id\":\"https:\/\/www.notibras.com\/site\/#organization\"},\"image\":{\"@id\":\"https:\/\/www.notibras.com\/site\/tubarao-tortura-e-milicia-formam-um-medo-so\/#primaryimage\"},\"thumbnailUrl\":\"https:\/\/www.notibras.com\/site\/wp-content\/uploads\/2024\/01\/9ab5110d-dc00-4141-8dd2-3a56f867939b.jpeg\",\"articleSection\":[\"Quadradinho em Foco\"],\"inLanguage\":\"pt-BR\"},{\"@type\":\"WebPage\",\"@id\":\"https:\/\/www.notibras.com\/site\/tubarao-tortura-e-milicia-formam-um-medo-so\/\",\"url\":\"https:\/\/www.notibras.com\/site\/tubarao-tortura-e-milicia-formam-um-medo-so\/\",\"name\":\"Tubar\u00e3o, tortura e mil\u00edcia formam um medo s\u00f3 - Notibras\",\"isPartOf\":{\"@id\":\"https:\/\/www.notibras.com\/site\/#website\"},\"primaryImageOfPage\":{\"@id\":\"https:\/\/www.notibras.com\/site\/tubarao-tortura-e-milicia-formam-um-medo-so\/#primaryimage\"},\"image\":{\"@id\":\"https:\/\/www.notibras.com\/site\/tubarao-tortura-e-milicia-formam-um-medo-so\/#primaryimage\"},\"thumbnailUrl\":\"https:\/\/www.notibras.com\/site\/wp-content\/uploads\/2024\/01\/9ab5110d-dc00-4141-8dd2-3a56f867939b.jpeg\",\"datePublished\":\"2024-01-26T09:25:28+00:00\",\"breadcrumb\":{\"@id\":\"https:\/\/www.notibras.com\/site\/tubarao-tortura-e-milicia-formam-um-medo-so\/#breadcrumb\"},\"inLanguage\":\"pt-BR\",\"potentialAction\":[{\"@type\":\"ReadAction\",\"target\":[\"https:\/\/www.notibras.com\/site\/tubarao-tortura-e-milicia-formam-um-medo-so\/\"]}]},{\"@type\":\"ImageObject\",\"inLanguage\":\"pt-BR\",\"@id\":\"https:\/\/www.notibras.com\/site\/tubarao-tortura-e-milicia-formam-um-medo-so\/#primaryimage\",\"url\":\"https:\/\/www.notibras.com\/site\/wp-content\/uploads\/2024\/01\/9ab5110d-dc00-4141-8dd2-3a56f867939b.jpeg\",\"contentUrl\":\"https:\/\/www.notibras.com\/site\/wp-content\/uploads\/2024\/01\/9ab5110d-dc00-4141-8dd2-3a56f867939b.jpeg\",\"width\":1600,\"height\":1199},{\"@type\":\"BreadcrumbList\",\"@id\":\"https:\/\/www.notibras.com\/site\/tubarao-tortura-e-milicia-formam-um-medo-so\/#breadcrumb\",\"itemListElement\":[{\"@type\":\"ListItem\",\"position\":1,\"name\":\"In\u00edcio\",\"item\":\"https:\/\/www.notibras.com\/site\/\"},{\"@type\":\"ListItem\",\"position\":2,\"name\":\"Tubar\u00e3o, tortura e mil\u00edcia formam um medo s\u00f3\"}]},{\"@type\":\"WebSite\",\"@id\":\"https:\/\/www.notibras.com\/site\/#website\",\"url\":\"https:\/\/www.notibras.com\/site\/\",\"name\":\"Notibras\",\"description\":\"Not\u00edcias de Bras\u00edlia, do Brasil e do Mundo\",\"publisher\":{\"@id\":\"https:\/\/www.notibras.com\/site\/#organization\"},\"potentialAction\":[{\"@type\":\"SearchAction\",\"target\":{\"@type\":\"EntryPoint\",\"urlTemplate\":\"https:\/\/www.notibras.com\/site\/?s={search_term_string}\"},\"query-input\":{\"@type\":\"PropertyValueSpecification\",\"valueRequired\":true,\"valueName\":\"search_term_string\"}}],\"inLanguage\":\"pt-BR\"},{\"@type\":\"Organization\",\"@id\":\"https:\/\/www.notibras.com\/site\/#organization\",\"name\":\"Grupo Notibras de Comunica\u00e7\u00e3o\",\"url\":\"https:\/\/www.notibras.com\/site\/\",\"logo\":{\"@type\":\"ImageObject\",\"inLanguage\":\"pt-BR\",\"@id\":\"https:\/\/www.notibras.com\/site\/#\/schema\/logo\/image\/\",\"url\":\"https:\/\/www.notibras.com\/site\/wp-content\/uploads\/2023\/01\/notibras23.png\",\"contentUrl\":\"https:\/\/www.notibras.com\/site\/wp-content\/uploads\/2023\/01\/notibras23.png\",\"width\":350,\"height\":87,\"caption\":\"Grupo Notibras de Comunica\u00e7\u00e3o\"},\"image\":{\"@id\":\"https:\/\/www.notibras.com\/site\/#\/schema\/logo\/image\/\"},\"sameAs\":[\"https:\/\/www.facebook.com\/notibras\/\",\"https:\/\/x.com\/Notibras\",\"https:\/\/www.instagram.com\/notibras\/\"]},{\"@type\":\"Person\",\"@id\":\"https:\/\/www.notibras.com\/site\/#\/schema\/person\/36ab0979449956132d3e5b517ea76ac8\",\"name\":\"Reda\u00e7\u00e3o\",\"image\":{\"@type\":\"ImageObject\",\"inLanguage\":\"pt-BR\",\"@id\":\"https:\/\/secure.gravatar.com\/avatar\/e0a867bdedb85fd243eadf09663511f96fc81e0720a4a42581f334ad4303aa6b?s=96&d=mm&r=g\",\"url\":\"https:\/\/secure.gravatar.com\/avatar\/e0a867bdedb85fd243eadf09663511f96fc81e0720a4a42581f334ad4303aa6b?s=96&d=mm&r=g\",\"contentUrl\":\"https:\/\/secure.gravatar.com\/avatar\/e0a867bdedb85fd243eadf09663511f96fc81e0720a4a42581f334ad4303aa6b?s=96&d=mm&r=g\",\"caption\":\"Reda\u00e7\u00e3o\"}}]}<\/script>\n<!-- \/ Yoast SEO plugin. -->","yoast_head_json":{"title":"Tubar\u00e3o, tortura e mil\u00edcia formam um medo s\u00f3 - Notibras","robots":{"index":"index","follow":"follow","max-snippet":"max-snippet:-1","max-image-preview":"max-image-preview:large","max-video-preview":"max-video-preview:-1"},"canonical":"https:\/\/www.notibras.com\/site\/tubarao-tortura-e-milicia-formam-um-medo-so\/","og_locale":"pt_BR","og_type":"article","og_title":"Tubar\u00e3o, tortura e mil\u00edcia formam um medo s\u00f3 - Notibras","og_description":"Creio que todos n\u00f3s temos nossos medos. Pois bem, tamb\u00e9m c\u00e1 tenho os meus: tortura, fascismo, mil\u00edcia. J\u00e1 de tubar\u00e3o, confesso que n\u00e3o sinto medo. Tenho mesmo \u00e9 pavor!!! No entanto, at\u00e9 como um poss\u00edvel contrassenso, adoro praia. E foi justamente por conta disso que desenvolvi na minha mente covarde a t\u00e9cnica da isca. E [&hellip;]","og_url":"https:\/\/www.notibras.com\/site\/tubarao-tortura-e-milicia-formam-um-medo-so\/","og_site_name":"Notibras","article_publisher":"https:\/\/www.facebook.com\/notibras\/","article_published_time":"2024-01-26T09:25:28+00:00","og_image":[{"width":1600,"height":1199,"url":"https:\/\/www.notibras.com\/site\/wp-content\/uploads\/2024\/01\/9ab5110d-dc00-4141-8dd2-3a56f867939b.jpeg","type":"image\/jpeg"}],"author":"Reda\u00e7\u00e3o","twitter_card":"summary_large_image","twitter_creator":"@Notibras","twitter_site":"@Notibras","twitter_misc":{"Escrito por":"Reda\u00e7\u00e3o","Est. tempo de leitura":"2 minutos"},"schema":{"@context":"https:\/\/schema.org","@graph":[{"@type":"Article","@id":"https:\/\/www.notibras.com\/site\/tubarao-tortura-e-milicia-formam-um-medo-so\/#article","isPartOf":{"@id":"https:\/\/www.notibras.com\/site\/tubarao-tortura-e-milicia-formam-um-medo-so\/"},"author":{"name":"Reda\u00e7\u00e3o","@id":"https:\/\/www.notibras.com\/site\/#\/schema\/person\/36ab0979449956132d3e5b517ea76ac8"},"headline":"Tubar\u00e3o, tortura e mil\u00edcia formam um medo s\u00f3","datePublished":"2024-01-26T09:25:28+00:00","mainEntityOfPage":{"@id":"https:\/\/www.notibras.com\/site\/tubarao-tortura-e-milicia-formam-um-medo-so\/"},"wordCount":371,"publisher":{"@id":"https:\/\/www.notibras.com\/site\/#organization"},"image":{"@id":"https:\/\/www.notibras.com\/site\/tubarao-tortura-e-milicia-formam-um-medo-so\/#primaryimage"},"thumbnailUrl":"https:\/\/www.notibras.com\/site\/wp-content\/uploads\/2024\/01\/9ab5110d-dc00-4141-8dd2-3a56f867939b.jpeg","articleSection":["Quadradinho em Foco"],"inLanguage":"pt-BR"},{"@type":"WebPage","@id":"https:\/\/www.notibras.com\/site\/tubarao-tortura-e-milicia-formam-um-medo-so\/","url":"https:\/\/www.notibras.com\/site\/tubarao-tortura-e-milicia-formam-um-medo-so\/","name":"Tubar\u00e3o, tortura e mil\u00edcia formam um medo s\u00f3 - Notibras","isPartOf":{"@id":"https:\/\/www.notibras.com\/site\/#website"},"primaryImageOfPage":{"@id":"https:\/\/www.notibras.com\/site\/tubarao-tortura-e-milicia-formam-um-medo-so\/#primaryimage"},"image":{"@id":"https:\/\/www.notibras.com\/site\/tubarao-tortura-e-milicia-formam-um-medo-so\/#primaryimage"},"thumbnailUrl":"https:\/\/www.notibras.com\/site\/wp-content\/uploads\/2024\/01\/9ab5110d-dc00-4141-8dd2-3a56f867939b.jpeg","datePublished":"2024-01-26T09:25:28+00:00","breadcrumb":{"@id":"https:\/\/www.notibras.com\/site\/tubarao-tortura-e-milicia-formam-um-medo-so\/#breadcrumb"},"inLanguage":"pt-BR","potentialAction":[{"@type":"ReadAction","target":["https:\/\/www.notibras.com\/site\/tubarao-tortura-e-milicia-formam-um-medo-so\/"]}]},{"@type":"ImageObject","inLanguage":"pt-BR","@id":"https:\/\/www.notibras.com\/site\/tubarao-tortura-e-milicia-formam-um-medo-so\/#primaryimage","url":"https:\/\/www.notibras.com\/site\/wp-content\/uploads\/2024\/01\/9ab5110d-dc00-4141-8dd2-3a56f867939b.jpeg","contentUrl":"https:\/\/www.notibras.com\/site\/wp-content\/uploads\/2024\/01\/9ab5110d-dc00-4141-8dd2-3a56f867939b.jpeg","width":1600,"height":1199},{"@type":"BreadcrumbList","@id":"https:\/\/www.notibras.com\/site\/tubarao-tortura-e-milicia-formam-um-medo-so\/#breadcrumb","itemListElement":[{"@type":"ListItem","position":1,"name":"In\u00edcio","item":"https:\/\/www.notibras.com\/site\/"},{"@type":"ListItem","position":2,"name":"Tubar\u00e3o, tortura e mil\u00edcia formam um medo s\u00f3"}]},{"@type":"WebSite","@id":"https:\/\/www.notibras.com\/site\/#website","url":"https:\/\/www.notibras.com\/site\/","name":"Notibras","description":"Not\u00edcias de Bras\u00edlia, do Brasil e do Mundo","publisher":{"@id":"https:\/\/www.notibras.com\/site\/#organization"},"potentialAction":[{"@type":"SearchAction","target":{"@type":"EntryPoint","urlTemplate":"https:\/\/www.notibras.com\/site\/?s={search_term_string}"},"query-input":{"@type":"PropertyValueSpecification","valueRequired":true,"valueName":"search_term_string"}}],"inLanguage":"pt-BR"},{"@type":"Organization","@id":"https:\/\/www.notibras.com\/site\/#organization","name":"Grupo Notibras de Comunica\u00e7\u00e3o","url":"https:\/\/www.notibras.com\/site\/","logo":{"@type":"ImageObject","inLanguage":"pt-BR","@id":"https:\/\/www.notibras.com\/site\/#\/schema\/logo\/image\/","url":"https:\/\/www.notibras.com\/site\/wp-content\/uploads\/2023\/01\/notibras23.png","contentUrl":"https:\/\/www.notibras.com\/site\/wp-content\/uploads\/2023\/01\/notibras23.png","width":350,"height":87,"caption":"Grupo Notibras de Comunica\u00e7\u00e3o"},"image":{"@id":"https:\/\/www.notibras.com\/site\/#\/schema\/logo\/image\/"},"sameAs":["https:\/\/www.facebook.com\/notibras\/","https:\/\/x.com\/Notibras","https:\/\/www.instagram.com\/notibras\/"]},{"@type":"Person","@id":"https:\/\/www.notibras.com\/site\/#\/schema\/person\/36ab0979449956132d3e5b517ea76ac8","name":"Reda\u00e7\u00e3o","image":{"@type":"ImageObject","inLanguage":"pt-BR","@id":"https:\/\/secure.gravatar.com\/avatar\/e0a867bdedb85fd243eadf09663511f96fc81e0720a4a42581f334ad4303aa6b?s=96&d=mm&r=g","url":"https:\/\/secure.gravatar.com\/avatar\/e0a867bdedb85fd243eadf09663511f96fc81e0720a4a42581f334ad4303aa6b?s=96&d=mm&r=g","contentUrl":"https:\/\/secure.gravatar.com\/avatar\/e0a867bdedb85fd243eadf09663511f96fc81e0720a4a42581f334ad4303aa6b?s=96&d=mm&r=g","caption":"Reda\u00e7\u00e3o"}}]}},"amp_enabled":true,"_links":{"self":[{"href":"https:\/\/www.notibras.com\/site\/wp-json\/wp\/v2\/posts\/321215","targetHints":{"allow":["GET"]}}],"collection":[{"href":"https:\/\/www.notibras.com\/site\/wp-json\/wp\/v2\/posts"}],"about":[{"href":"https:\/\/www.notibras.com\/site\/wp-json\/wp\/v2\/types\/post"}],"author":[{"embeddable":true,"href":"https:\/\/www.notibras.com\/site\/wp-json\/wp\/v2\/users\/2"}],"replies":[{"embeddable":true,"href":"https:\/\/www.notibras.com\/site\/wp-json\/wp\/v2\/comments?post=321215"}],"version-history":[{"count":1,"href":"https:\/\/www.notibras.com\/site\/wp-json\/wp\/v2\/posts\/321215\/revisions"}],"predecessor-version":[{"id":321217,"href":"https:\/\/www.notibras.com\/site\/wp-json\/wp\/v2\/posts\/321215\/revisions\/321217"}],"wp:featuredmedia":[{"embeddable":true,"href":"https:\/\/www.notibras.com\/site\/wp-json\/wp\/v2\/media\/321216"}],"wp:attachment":[{"href":"https:\/\/www.notibras.com\/site\/wp-json\/wp\/v2\/media?parent=321215"}],"wp:term":[{"taxonomy":"category","embeddable":true,"href":"https:\/\/www.notibras.com\/site\/wp-json\/wp\/v2\/categories?post=321215"},{"taxonomy":"post_tag","embeddable":true,"href":"https:\/\/www.notibras.com\/site\/wp-json\/wp\/v2\/tags?post=321215"}],"curies":[{"name":"wp","href":"https:\/\/api.w.org\/{rel}","templated":true}]}}