{"id":321230,"date":"2024-01-28T07:00:11","date_gmt":"2024-01-28T10:00:11","guid":{"rendered":"https:\/\/www.notibras.com\/site\/?p=321230"},"modified":"2024-01-28T07:13:52","modified_gmt":"2024-01-28T10:13:52","slug":"ibaneis-reconhece-gravidade-e-manda-matar-aedes-onde-estiver","status":"publish","type":"post","link":"https:\/\/www.notibras.com\/site\/ibaneis-reconhece-gravidade-e-manda-matar-aedes-onde-estiver\/","title":{"rendered":"Ibaneis reconhece gravidade e manda matar Aedes onde estiver"},"content":{"rendered":"<p>O assustador aumento de casos de dengue em todo o Distrito Federal levou o governador Ibaneis Rocha (MDB) a tomar uma decis\u00e3o dr\u00e1stica.: matar o Aedes onde quer que esteja, inclusive em casas e terrenos em que os propriet\u00e1rios n\u00e3o permitam a entrada de agentes sanit\u00e1rios. A decis\u00e3o foi tomada om o aval do Poder Judici\u00e1rio.<\/p>\n<p>Em postagem no X, Ibaneis anunciou que determinou a entrada dos agentes de sa\u00fade em im\u00f3veis abandonados, fechados ou im\u00f3veis cujo propriet\u00e1rio ou ocupante recuse a entrada da equipe sanit\u00e1ria. &#8220;Os profissionais \u00a0v\u00e3o realizar a inspe\u00e7\u00e3o para identificar e eliminar poss\u00edveis focos do mosquito, e toda a popula\u00e7\u00e3o ser\u00e1 avisada&#8221;, escreveu o governador.<\/p>\n<p>Essa decis\u00e3o, acrescentou, &#8220;se tornou necess\u00e1ria&#8221; devido ao aumento de casos de dengue que est\u00e1 ocorrendo na capital da Rep\u00fablica. Ibaneis afirma que espera contar &#8220;com a colabora\u00e7\u00e3o e a compreens\u00e3o de cada um para garantirmos a seguran\u00e7a e o bem-estar de todos&#8221;.<\/p>\n","protected":false},"excerpt":{"rendered":"<p>O assustador aumento de casos de dengue em todo o Distrito Federal levou o governador Ibaneis Rocha (MDB) a tomar uma decis\u00e3o dr\u00e1stica.: matar o Aedes onde quer que esteja, inclusive em casas e terrenos em que os propriet\u00e1rios n\u00e3o permitam a entrada de agentes sanit\u00e1rios. A decis\u00e3o foi tomada om o aval do Poder [&hellip;]<\/p>\n","protected":false},"author":2,"featured_media":321231,"comment_status":"closed","ping_status":"closed","sticky":false,"template":"","format":"standard","meta":{"_acf_changed":false,"footnotes":""},"categories":[161],"tags":[95],"class_list":["post-321230","post","type-post","status-publish","format-standard","has-post-thumbnail","hentry","category-quadradinho-em-foco","tag-capa"],"acf":[],"yoast_head":"<!-- This site is optimized with the Yoast SEO plugin v27.2 - https:\/\/yoast.com\/product\/yoast-seo-wordpress\/ -->\n<title>Ibaneis reconhece gravidade e manda matar Aedes onde estiver - Notibras<\/title>\n<meta name=\"robots\" content=\"index, follow, max-snippet:-1, max-image-preview:large, max-video-preview:-1\" \/>\n<link rel=\"canonical\" href=\"https:\/\/www.notibras.com\/site\/ibaneis-reconhece-gravidade-e-manda-matar-aedes-onde-estiver\/\" \/>\n<meta property=\"og:locale\" content=\"pt_BR\" \/>\n<meta property=\"og:type\" content=\"article\" \/>\n<meta property=\"og:title\" content=\"Ibaneis reconhece gravidade e manda matar Aedes onde estiver - Notibras\" \/>\n<meta property=\"og:description\" content=\"O assustador aumento de casos de dengue em todo o Distrito Federal levou o governador Ibaneis Rocha (MDB) a tomar uma decis\u00e3o dr\u00e1stica.: matar o Aedes onde quer que esteja, inclusive em casas e terrenos em que os propriet\u00e1rios n\u00e3o permitam a entrada de agentes sanit\u00e1rios. A decis\u00e3o foi tomada om o aval do Poder [&hellip;]\" \/>\n<meta property=\"og:url\" content=\"https:\/\/www.notibras.com\/site\/ibaneis-reconhece-gravidade-e-manda-matar-aedes-onde-estiver\/\" \/>\n<meta property=\"og:site_name\" content=\"Notibras\" \/>\n<meta property=\"article:publisher\" content=\"https:\/\/www.facebook.com\/notibras\/\" \/>\n<meta property=\"article:published_time\" content=\"2024-01-28T10:00:11+00:00\" \/>\n<meta property=\"article:modified_time\" content=\"2024-01-28T10:13:52+00:00\" \/>\n<meta property=\"og:image\" content=\"https:\/\/www.notibras.com\/site\/wp-content\/uploads\/2024\/01\/iiba.aedes_.webp\" \/>\n\t<meta property=\"og:image:width\" content=\"770\" \/>\n\t<meta property=\"og:image:height\" content=\"513\" \/>\n\t<meta property=\"og:image:type\" content=\"image\/webp\" \/>\n<meta name=\"author\" content=\"Reda\u00e7\u00e3o\" \/>\n<meta name=\"twitter:card\" content=\"summary_large_image\" \/>\n<meta name=\"twitter:creator\" content=\"@Notibras\" \/>\n<meta name=\"twitter:site\" content=\"@Notibras\" \/>\n<meta name=\"twitter:label1\" content=\"Escrito por\" \/>\n\t<meta name=\"twitter:data1\" content=\"Reda\u00e7\u00e3o\" \/>\n\t<meta name=\"twitter:label2\" content=\"Est. tempo de leitura\" \/>\n\t<meta name=\"twitter:data2\" content=\"1 minuto\" \/>\n<script type=\"application\/ld+json\" class=\"yoast-schema-graph\">{\"@context\":\"https:\/\/schema.org\",\"@graph\":[{\"@type\":\"Article\",\"@id\":\"https:\/\/www.notibras.com\/site\/ibaneis-reconhece-gravidade-e-manda-matar-aedes-onde-estiver\/#article\",\"isPartOf\":{\"@id\":\"https:\/\/www.notibras.com\/site\/ibaneis-reconhece-gravidade-e-manda-matar-aedes-onde-estiver\/\"},\"author\":{\"name\":\"Reda\u00e7\u00e3o\",\"@id\":\"https:\/\/www.notibras.com\/site\/#\/schema\/person\/36ab0979449956132d3e5b517ea76ac8\"},\"headline\":\"Ibaneis reconhece gravidade e manda matar Aedes onde estiver\",\"datePublished\":\"2024-01-28T10:00:11+00:00\",\"dateModified\":\"2024-01-28T10:13:52+00:00\",\"mainEntityOfPage\":{\"@id\":\"https:\/\/www.notibras.com\/site\/ibaneis-reconhece-gravidade-e-manda-matar-aedes-onde-estiver\/\"},\"wordCount\":183,\"publisher\":{\"@id\":\"https:\/\/www.notibras.com\/site\/#organization\"},\"image\":{\"@id\":\"https:\/\/www.notibras.com\/site\/ibaneis-reconhece-gravidade-e-manda-matar-aedes-onde-estiver\/#primaryimage\"},\"thumbnailUrl\":\"https:\/\/www.notibras.com\/site\/wp-content\/uploads\/2024\/01\/iiba.aedes_.webp\",\"keywords\":[\"capa\"],\"articleSection\":[\"Quadradinho em Foco\"],\"inLanguage\":\"pt-BR\"},{\"@type\":\"WebPage\",\"@id\":\"https:\/\/www.notibras.com\/site\/ibaneis-reconhece-gravidade-e-manda-matar-aedes-onde-estiver\/\",\"url\":\"https:\/\/www.notibras.com\/site\/ibaneis-reconhece-gravidade-e-manda-matar-aedes-onde-estiver\/\",\"name\":\"Ibaneis reconhece gravidade e manda matar Aedes onde estiver - Notibras\",\"isPartOf\":{\"@id\":\"https:\/\/www.notibras.com\/site\/#website\"},\"primaryImageOfPage\":{\"@id\":\"https:\/\/www.notibras.com\/site\/ibaneis-reconhece-gravidade-e-manda-matar-aedes-onde-estiver\/#primaryimage\"},\"image\":{\"@id\":\"https:\/\/www.notibras.com\/site\/ibaneis-reconhece-gravidade-e-manda-matar-aedes-onde-estiver\/#primaryimage\"},\"thumbnailUrl\":\"https:\/\/www.notibras.com\/site\/wp-content\/uploads\/2024\/01\/iiba.aedes_.webp\",\"datePublished\":\"2024-01-28T10:00:11+00:00\",\"dateModified\":\"2024-01-28T10:13:52+00:00\",\"breadcrumb\":{\"@id\":\"https:\/\/www.notibras.com\/site\/ibaneis-reconhece-gravidade-e-manda-matar-aedes-onde-estiver\/#breadcrumb\"},\"inLanguage\":\"pt-BR\",\"potentialAction\":[{\"@type\":\"ReadAction\",\"target\":[\"https:\/\/www.notibras.com\/site\/ibaneis-reconhece-gravidade-e-manda-matar-aedes-onde-estiver\/\"]}]},{\"@type\":\"ImageObject\",\"inLanguage\":\"pt-BR\",\"@id\":\"https:\/\/www.notibras.com\/site\/ibaneis-reconhece-gravidade-e-manda-matar-aedes-onde-estiver\/#primaryimage\",\"url\":\"https:\/\/www.notibras.com\/site\/wp-content\/uploads\/2024\/01\/iiba.aedes_.webp\",\"contentUrl\":\"https:\/\/www.notibras.com\/site\/wp-content\/uploads\/2024\/01\/iiba.aedes_.webp\",\"width\":770,\"height\":513},{\"@type\":\"BreadcrumbList\",\"@id\":\"https:\/\/www.notibras.com\/site\/ibaneis-reconhece-gravidade-e-manda-matar-aedes-onde-estiver\/#breadcrumb\",\"itemListElement\":[{\"@type\":\"ListItem\",\"position\":1,\"name\":\"In\u00edcio\",\"item\":\"https:\/\/www.notibras.com\/site\/\"},{\"@type\":\"ListItem\",\"position\":2,\"name\":\"Ibaneis reconhece gravidade e manda matar Aedes onde estiver\"}]},{\"@type\":\"WebSite\",\"@id\":\"https:\/\/www.notibras.com\/site\/#website\",\"url\":\"https:\/\/www.notibras.com\/site\/\",\"name\":\"Notibras\",\"description\":\"Not\u00edcias de Bras\u00edlia, do Brasil e do Mundo\",\"publisher\":{\"@id\":\"https:\/\/www.notibras.com\/site\/#organization\"},\"potentialAction\":[{\"@type\":\"SearchAction\",\"target\":{\"@type\":\"EntryPoint\",\"urlTemplate\":\"https:\/\/www.notibras.com\/site\/?s={search_term_string}\"},\"query-input\":{\"@type\":\"PropertyValueSpecification\",\"valueRequired\":true,\"valueName\":\"search_term_string\"}}],\"inLanguage\":\"pt-BR\"},{\"@type\":\"Organization\",\"@id\":\"https:\/\/www.notibras.com\/site\/#organization\",\"name\":\"Grupo Notibras de Comunica\u00e7\u00e3o\",\"url\":\"https:\/\/www.notibras.com\/site\/\",\"logo\":{\"@type\":\"ImageObject\",\"inLanguage\":\"pt-BR\",\"@id\":\"https:\/\/www.notibras.com\/site\/#\/schema\/logo\/image\/\",\"url\":\"https:\/\/www.notibras.com\/site\/wp-content\/uploads\/2023\/01\/notibras23.png\",\"contentUrl\":\"https:\/\/www.notibras.com\/site\/wp-content\/uploads\/2023\/01\/notibras23.png\",\"width\":350,\"height\":87,\"caption\":\"Grupo Notibras de Comunica\u00e7\u00e3o\"},\"image\":{\"@id\":\"https:\/\/www.notibras.com\/site\/#\/schema\/logo\/image\/\"},\"sameAs\":[\"https:\/\/www.facebook.com\/notibras\/\",\"https:\/\/x.com\/Notibras\",\"https:\/\/www.instagram.com\/notibras\/\"]},{\"@type\":\"Person\",\"@id\":\"https:\/\/www.notibras.com\/site\/#\/schema\/person\/36ab0979449956132d3e5b517ea76ac8\",\"name\":\"Reda\u00e7\u00e3o\",\"image\":{\"@type\":\"ImageObject\",\"inLanguage\":\"pt-BR\",\"@id\":\"https:\/\/secure.gravatar.com\/avatar\/e0a867bdedb85fd243eadf09663511f96fc81e0720a4a42581f334ad4303aa6b?s=96&d=mm&r=g\",\"url\":\"https:\/\/secure.gravatar.com\/avatar\/e0a867bdedb85fd243eadf09663511f96fc81e0720a4a42581f334ad4303aa6b?s=96&d=mm&r=g\",\"contentUrl\":\"https:\/\/secure.gravatar.com\/avatar\/e0a867bdedb85fd243eadf09663511f96fc81e0720a4a42581f334ad4303aa6b?s=96&d=mm&r=g\",\"caption\":\"Reda\u00e7\u00e3o\"}}]}<\/script>\n<!-- \/ Yoast SEO plugin. -->","yoast_head_json":{"title":"Ibaneis reconhece gravidade e manda matar Aedes onde estiver - Notibras","robots":{"index":"index","follow":"follow","max-snippet":"max-snippet:-1","max-image-preview":"max-image-preview:large","max-video-preview":"max-video-preview:-1"},"canonical":"https:\/\/www.notibras.com\/site\/ibaneis-reconhece-gravidade-e-manda-matar-aedes-onde-estiver\/","og_locale":"pt_BR","og_type":"article","og_title":"Ibaneis reconhece gravidade e manda matar Aedes onde estiver - Notibras","og_description":"O assustador aumento de casos de dengue em todo o Distrito Federal levou o governador Ibaneis Rocha (MDB) a tomar uma decis\u00e3o dr\u00e1stica.: matar o Aedes onde quer que esteja, inclusive em casas e terrenos em que os propriet\u00e1rios n\u00e3o permitam a entrada de agentes sanit\u00e1rios. A decis\u00e3o foi tomada om o aval do Poder [&hellip;]","og_url":"https:\/\/www.notibras.com\/site\/ibaneis-reconhece-gravidade-e-manda-matar-aedes-onde-estiver\/","og_site_name":"Notibras","article_publisher":"https:\/\/www.facebook.com\/notibras\/","article_published_time":"2024-01-28T10:00:11+00:00","article_modified_time":"2024-01-28T10:13:52+00:00","og_image":[{"width":770,"height":513,"url":"https:\/\/www.notibras.com\/site\/wp-content\/uploads\/2024\/01\/iiba.aedes_.webp","type":"image\/webp"}],"author":"Reda\u00e7\u00e3o","twitter_card":"summary_large_image","twitter_creator":"@Notibras","twitter_site":"@Notibras","twitter_misc":{"Escrito por":"Reda\u00e7\u00e3o","Est. tempo de leitura":"1 minuto"},"schema":{"@context":"https:\/\/schema.org","@graph":[{"@type":"Article","@id":"https:\/\/www.notibras.com\/site\/ibaneis-reconhece-gravidade-e-manda-matar-aedes-onde-estiver\/#article","isPartOf":{"@id":"https:\/\/www.notibras.com\/site\/ibaneis-reconhece-gravidade-e-manda-matar-aedes-onde-estiver\/"},"author":{"name":"Reda\u00e7\u00e3o","@id":"https:\/\/www.notibras.com\/site\/#\/schema\/person\/36ab0979449956132d3e5b517ea76ac8"},"headline":"Ibaneis reconhece gravidade e manda matar Aedes onde estiver","datePublished":"2024-01-28T10:00:11+00:00","dateModified":"2024-01-28T10:13:52+00:00","mainEntityOfPage":{"@id":"https:\/\/www.notibras.com\/site\/ibaneis-reconhece-gravidade-e-manda-matar-aedes-onde-estiver\/"},"wordCount":183,"publisher":{"@id":"https:\/\/www.notibras.com\/site\/#organization"},"image":{"@id":"https:\/\/www.notibras.com\/site\/ibaneis-reconhece-gravidade-e-manda-matar-aedes-onde-estiver\/#primaryimage"},"thumbnailUrl":"https:\/\/www.notibras.com\/site\/wp-content\/uploads\/2024\/01\/iiba.aedes_.webp","keywords":["capa"],"articleSection":["Quadradinho em Foco"],"inLanguage":"pt-BR"},{"@type":"WebPage","@id":"https:\/\/www.notibras.com\/site\/ibaneis-reconhece-gravidade-e-manda-matar-aedes-onde-estiver\/","url":"https:\/\/www.notibras.com\/site\/ibaneis-reconhece-gravidade-e-manda-matar-aedes-onde-estiver\/","name":"Ibaneis reconhece gravidade e manda matar Aedes onde estiver - Notibras","isPartOf":{"@id":"https:\/\/www.notibras.com\/site\/#website"},"primaryImageOfPage":{"@id":"https:\/\/www.notibras.com\/site\/ibaneis-reconhece-gravidade-e-manda-matar-aedes-onde-estiver\/#primaryimage"},"image":{"@id":"https:\/\/www.notibras.com\/site\/ibaneis-reconhece-gravidade-e-manda-matar-aedes-onde-estiver\/#primaryimage"},"thumbnailUrl":"https:\/\/www.notibras.com\/site\/wp-content\/uploads\/2024\/01\/iiba.aedes_.webp","datePublished":"2024-01-28T10:00:11+00:00","dateModified":"2024-01-28T10:13:52+00:00","breadcrumb":{"@id":"https:\/\/www.notibras.com\/site\/ibaneis-reconhece-gravidade-e-manda-matar-aedes-onde-estiver\/#breadcrumb"},"inLanguage":"pt-BR","potentialAction":[{"@type":"ReadAction","target":["https:\/\/www.notibras.com\/site\/ibaneis-reconhece-gravidade-e-manda-matar-aedes-onde-estiver\/"]}]},{"@type":"ImageObject","inLanguage":"pt-BR","@id":"https:\/\/www.notibras.com\/site\/ibaneis-reconhece-gravidade-e-manda-matar-aedes-onde-estiver\/#primaryimage","url":"https:\/\/www.notibras.com\/site\/wp-content\/uploads\/2024\/01\/iiba.aedes_.webp","contentUrl":"https:\/\/www.notibras.com\/site\/wp-content\/uploads\/2024\/01\/iiba.aedes_.webp","width":770,"height":513},{"@type":"BreadcrumbList","@id":"https:\/\/www.notibras.com\/site\/ibaneis-reconhece-gravidade-e-manda-matar-aedes-onde-estiver\/#breadcrumb","itemListElement":[{"@type":"ListItem","position":1,"name":"In\u00edcio","item":"https:\/\/www.notibras.com\/site\/"},{"@type":"ListItem","position":2,"name":"Ibaneis reconhece gravidade e manda matar Aedes onde estiver"}]},{"@type":"WebSite","@id":"https:\/\/www.notibras.com\/site\/#website","url":"https:\/\/www.notibras.com\/site\/","name":"Notibras","description":"Not\u00edcias de Bras\u00edlia, do Brasil e do Mundo","publisher":{"@id":"https:\/\/www.notibras.com\/site\/#organization"},"potentialAction":[{"@type":"SearchAction","target":{"@type":"EntryPoint","urlTemplate":"https:\/\/www.notibras.com\/site\/?s={search_term_string}"},"query-input":{"@type":"PropertyValueSpecification","valueRequired":true,"valueName":"search_term_string"}}],"inLanguage":"pt-BR"},{"@type":"Organization","@id":"https:\/\/www.notibras.com\/site\/#organization","name":"Grupo Notibras de Comunica\u00e7\u00e3o","url":"https:\/\/www.notibras.com\/site\/","logo":{"@type":"ImageObject","inLanguage":"pt-BR","@id":"https:\/\/www.notibras.com\/site\/#\/schema\/logo\/image\/","url":"https:\/\/www.notibras.com\/site\/wp-content\/uploads\/2023\/01\/notibras23.png","contentUrl":"https:\/\/www.notibras.com\/site\/wp-content\/uploads\/2023\/01\/notibras23.png","width":350,"height":87,"caption":"Grupo Notibras de Comunica\u00e7\u00e3o"},"image":{"@id":"https:\/\/www.notibras.com\/site\/#\/schema\/logo\/image\/"},"sameAs":["https:\/\/www.facebook.com\/notibras\/","https:\/\/x.com\/Notibras","https:\/\/www.instagram.com\/notibras\/"]},{"@type":"Person","@id":"https:\/\/www.notibras.com\/site\/#\/schema\/person\/36ab0979449956132d3e5b517ea76ac8","name":"Reda\u00e7\u00e3o","image":{"@type":"ImageObject","inLanguage":"pt-BR","@id":"https:\/\/secure.gravatar.com\/avatar\/e0a867bdedb85fd243eadf09663511f96fc81e0720a4a42581f334ad4303aa6b?s=96&d=mm&r=g","url":"https:\/\/secure.gravatar.com\/avatar\/e0a867bdedb85fd243eadf09663511f96fc81e0720a4a42581f334ad4303aa6b?s=96&d=mm&r=g","contentUrl":"https:\/\/secure.gravatar.com\/avatar\/e0a867bdedb85fd243eadf09663511f96fc81e0720a4a42581f334ad4303aa6b?s=96&d=mm&r=g","caption":"Reda\u00e7\u00e3o"}}]}},"amp_enabled":true,"_links":{"self":[{"href":"https:\/\/www.notibras.com\/site\/wp-json\/wp\/v2\/posts\/321230","targetHints":{"allow":["GET"]}}],"collection":[{"href":"https:\/\/www.notibras.com\/site\/wp-json\/wp\/v2\/posts"}],"about":[{"href":"https:\/\/www.notibras.com\/site\/wp-json\/wp\/v2\/types\/post"}],"author":[{"embeddable":true,"href":"https:\/\/www.notibras.com\/site\/wp-json\/wp\/v2\/users\/2"}],"replies":[{"embeddable":true,"href":"https:\/\/www.notibras.com\/site\/wp-json\/wp\/v2\/comments?post=321230"}],"version-history":[{"count":1,"href":"https:\/\/www.notibras.com\/site\/wp-json\/wp\/v2\/posts\/321230\/revisions"}],"predecessor-version":[{"id":321232,"href":"https:\/\/www.notibras.com\/site\/wp-json\/wp\/v2\/posts\/321230\/revisions\/321232"}],"wp:featuredmedia":[{"embeddable":true,"href":"https:\/\/www.notibras.com\/site\/wp-json\/wp\/v2\/media\/321231"}],"wp:attachment":[{"href":"https:\/\/www.notibras.com\/site\/wp-json\/wp\/v2\/media?parent=321230"}],"wp:term":[{"taxonomy":"category","embeddable":true,"href":"https:\/\/www.notibras.com\/site\/wp-json\/wp\/v2\/categories?post=321230"},{"taxonomy":"post_tag","embeddable":true,"href":"https:\/\/www.notibras.com\/site\/wp-json\/wp\/v2\/tags?post=321230"}],"curies":[{"name":"wp","href":"https:\/\/api.w.org\/{rel}","templated":true}]}}