{"id":321257,"date":"2024-01-28T00:00:45","date_gmt":"2024-01-28T03:00:45","guid":{"rendered":"https:\/\/www.notibras.com\/site\/?p=321257"},"modified":"2024-01-28T08:51:18","modified_gmt":"2024-01-28T11:51:18","slug":"pediatra-alerta-para-os-cuidados-com-a-saude-na-volta-as-aulas","status":"publish","type":"post","link":"https:\/\/www.notibras.com\/site\/pediatra-alerta-para-os-cuidados-com-a-saude-na-volta-as-aulas\/","title":{"rendered":"Pediatra alerta para os cuidados com a sa\u00fade na volta \u00e0s aulas"},"content":{"rendered":"<p>As aulas voltaram e com elas a aten\u00e7\u00e3o deve ser redobrada com o cuidado da sa\u00fade dos pequenos estudantes. A retomada ao conv\u00edvio social pode deixar as crian\u00e7as mais expostas a algumas doen\u00e7as. De acordo com o pediatra e coordenador de pediatria do Hospital Santa Helena, da Rede D\u2019Or, Thallys Ramalho, existem doen\u00e7as comuns da inf\u00e2ncia que s\u00e3o causadas habitualmente por v\u00edrus e que t\u00eam grande circula\u00e7\u00e3o nas unidades escolares.<\/p>\n<p>\u201cAs principais doen\u00e7as s\u00e3o as diarreias agudas; as infec\u00e7\u00f5es que acometem as vias a\u00e9reas superiores, principalmente os resfriados; s\u00edndrome m\u00e3o-p\u00e9-boca e estomatites. Al\u00e9m de pediculose (piolho) e escabiose (sarna). Para crian\u00e7as menores de dois anos, h\u00e1 de se considerar a possibilidade de bronquiolite, que pode ter uma evolu\u00e7\u00e3o mais grave em lactentes, quando ocorre em menores de um ano\u201d, explica o m\u00e9dico.<\/p>\n<p>Segundo o pediatra, para aqueles que iniciar\u00e3o o primeiro contato com a escola \u00e9 preciso tamb\u00e9m estar em alerta \u00e0 alimenta\u00e7\u00e3o e a hidrata\u00e7\u00e3o. \u201cAs crian\u00e7as possuem um maior risco de desidrata\u00e7\u00e3o, por esse motivo devemos ter uma aten\u00e7\u00e3o especial e constantemente oferecer \u00e1gua e sucos naturais. Em rela\u00e7\u00e3o \u00e0 alimenta\u00e7\u00e3o, evitar comidas gordurosas, embutidos e ricos em a\u00e7\u00facar, promovendo uma alimenta\u00e7\u00e3o mais saud\u00e1vel\u201d, explica.<\/p>\n<p>Como preven\u00e7\u00e3o, um ambiente arejado e limpo contribui para redu\u00e7\u00e3o da propaga\u00e7\u00e3o das doen\u00e7as. \u201c\u00c9 v\u00e1lido destacar que o ensino das no\u00e7\u00f5es b\u00e1sicas de higiene para as crian\u00e7as, como lavagem das m\u00e3os, tem um papel fundamental. Para os pais, a recomenda\u00e7\u00e3o \u00e9 n\u00e3o mandar para escola a crian\u00e7a com algum sintoma de gripe, diarreia ou at\u00e9 mesmo les\u00e3o de pele em piora e sem diagn\u00f3stico\u201d, conclui o pediatra.<\/p>\n","protected":false},"excerpt":{"rendered":"<p>As aulas voltaram e com elas a aten\u00e7\u00e3o deve ser redobrada com o cuidado da sa\u00fade dos pequenos estudantes. A retomada ao conv\u00edvio social pode deixar as crian\u00e7as mais expostas a algumas doen\u00e7as. De acordo com o pediatra e coordenador de pediatria do Hospital Santa Helena, da Rede D\u2019Or, Thallys Ramalho, existem doen\u00e7as comuns da [&hellip;]<\/p>\n","protected":false},"author":2,"featured_media":321258,"comment_status":"closed","ping_status":"closed","sticky":false,"template":"","format":"standard","meta":{"_acf_changed":false,"footnotes":""},"categories":[161],"tags":[],"class_list":["post-321257","post","type-post","status-publish","format-standard","has-post-thumbnail","hentry","category-quadradinho-em-foco"],"acf":[],"yoast_head":"<!-- This site is optimized with the Yoast SEO plugin v27.2 - https:\/\/yoast.com\/product\/yoast-seo-wordpress\/ -->\n<title>Pediatra alerta para os cuidados com a sa\u00fade na volta \u00e0s aulas - Notibras<\/title>\n<meta name=\"robots\" content=\"index, follow, max-snippet:-1, max-image-preview:large, max-video-preview:-1\" \/>\n<link rel=\"canonical\" href=\"https:\/\/www.notibras.com\/site\/pediatra-alerta-para-os-cuidados-com-a-saude-na-volta-as-aulas\/\" \/>\n<meta property=\"og:locale\" content=\"pt_BR\" \/>\n<meta property=\"og:type\" content=\"article\" \/>\n<meta property=\"og:title\" content=\"Pediatra alerta para os cuidados com a sa\u00fade na volta \u00e0s aulas - Notibras\" \/>\n<meta property=\"og:description\" content=\"As aulas voltaram e com elas a aten\u00e7\u00e3o deve ser redobrada com o cuidado da sa\u00fade dos pequenos estudantes. A retomada ao conv\u00edvio social pode deixar as crian\u00e7as mais expostas a algumas doen\u00e7as. De acordo com o pediatra e coordenador de pediatria do Hospital Santa Helena, da Rede D\u2019Or, Thallys Ramalho, existem doen\u00e7as comuns da [&hellip;]\" \/>\n<meta property=\"og:url\" content=\"https:\/\/www.notibras.com\/site\/pediatra-alerta-para-os-cuidados-com-a-saude-na-volta-as-aulas\/\" \/>\n<meta property=\"og:site_name\" content=\"Notibras\" \/>\n<meta property=\"article:publisher\" content=\"https:\/\/www.facebook.com\/notibras\/\" \/>\n<meta property=\"article:published_time\" content=\"2024-01-28T03:00:45+00:00\" \/>\n<meta property=\"article:modified_time\" content=\"2024-01-28T11:51:18+00:00\" \/>\n<meta property=\"og:image\" content=\"https:\/\/www.notibras.com\/site\/wp-content\/uploads\/2024\/01\/unnamed-2024-01-28T084830.098.jpg\" \/>\n\t<meta property=\"og:image:width\" content=\"660\" \/>\n\t<meta property=\"og:image:height\" content=\"400\" \/>\n\t<meta property=\"og:image:type\" content=\"image\/jpeg\" \/>\n<meta name=\"author\" content=\"Reda\u00e7\u00e3o\" \/>\n<meta name=\"twitter:card\" content=\"summary_large_image\" \/>\n<meta name=\"twitter:creator\" content=\"@Notibras\" \/>\n<meta name=\"twitter:site\" content=\"@Notibras\" \/>\n<meta name=\"twitter:label1\" content=\"Escrito por\" \/>\n\t<meta name=\"twitter:data1\" content=\"Reda\u00e7\u00e3o\" \/>\n\t<meta name=\"twitter:label2\" content=\"Est. tempo de leitura\" \/>\n\t<meta name=\"twitter:data2\" content=\"2 minutos\" \/>\n<script type=\"application\/ld+json\" class=\"yoast-schema-graph\">{\"@context\":\"https:\/\/schema.org\",\"@graph\":[{\"@type\":\"Article\",\"@id\":\"https:\/\/www.notibras.com\/site\/pediatra-alerta-para-os-cuidados-com-a-saude-na-volta-as-aulas\/#article\",\"isPartOf\":{\"@id\":\"https:\/\/www.notibras.com\/site\/pediatra-alerta-para-os-cuidados-com-a-saude-na-volta-as-aulas\/\"},\"author\":{\"name\":\"Reda\u00e7\u00e3o\",\"@id\":\"https:\/\/www.notibras.com\/site\/#\/schema\/person\/36ab0979449956132d3e5b517ea76ac8\"},\"headline\":\"Pediatra alerta para os cuidados com a sa\u00fade na volta \u00e0s aulas\",\"datePublished\":\"2024-01-28T03:00:45+00:00\",\"dateModified\":\"2024-01-28T11:51:18+00:00\",\"mainEntityOfPage\":{\"@id\":\"https:\/\/www.notibras.com\/site\/pediatra-alerta-para-os-cuidados-com-a-saude-na-volta-as-aulas\/\"},\"wordCount\":322,\"publisher\":{\"@id\":\"https:\/\/www.notibras.com\/site\/#organization\"},\"image\":{\"@id\":\"https:\/\/www.notibras.com\/site\/pediatra-alerta-para-os-cuidados-com-a-saude-na-volta-as-aulas\/#primaryimage\"},\"thumbnailUrl\":\"https:\/\/www.notibras.com\/site\/wp-content\/uploads\/2024\/01\/unnamed-2024-01-28T084830.098.jpg\",\"articleSection\":[\"Quadradinho em Foco\"],\"inLanguage\":\"pt-BR\"},{\"@type\":\"WebPage\",\"@id\":\"https:\/\/www.notibras.com\/site\/pediatra-alerta-para-os-cuidados-com-a-saude-na-volta-as-aulas\/\",\"url\":\"https:\/\/www.notibras.com\/site\/pediatra-alerta-para-os-cuidados-com-a-saude-na-volta-as-aulas\/\",\"name\":\"Pediatra alerta para os cuidados com a sa\u00fade na volta \u00e0s aulas - Notibras\",\"isPartOf\":{\"@id\":\"https:\/\/www.notibras.com\/site\/#website\"},\"primaryImageOfPage\":{\"@id\":\"https:\/\/www.notibras.com\/site\/pediatra-alerta-para-os-cuidados-com-a-saude-na-volta-as-aulas\/#primaryimage\"},\"image\":{\"@id\":\"https:\/\/www.notibras.com\/site\/pediatra-alerta-para-os-cuidados-com-a-saude-na-volta-as-aulas\/#primaryimage\"},\"thumbnailUrl\":\"https:\/\/www.notibras.com\/site\/wp-content\/uploads\/2024\/01\/unnamed-2024-01-28T084830.098.jpg\",\"datePublished\":\"2024-01-28T03:00:45+00:00\",\"dateModified\":\"2024-01-28T11:51:18+00:00\",\"breadcrumb\":{\"@id\":\"https:\/\/www.notibras.com\/site\/pediatra-alerta-para-os-cuidados-com-a-saude-na-volta-as-aulas\/#breadcrumb\"},\"inLanguage\":\"pt-BR\",\"potentialAction\":[{\"@type\":\"ReadAction\",\"target\":[\"https:\/\/www.notibras.com\/site\/pediatra-alerta-para-os-cuidados-com-a-saude-na-volta-as-aulas\/\"]}]},{\"@type\":\"ImageObject\",\"inLanguage\":\"pt-BR\",\"@id\":\"https:\/\/www.notibras.com\/site\/pediatra-alerta-para-os-cuidados-com-a-saude-na-volta-as-aulas\/#primaryimage\",\"url\":\"https:\/\/www.notibras.com\/site\/wp-content\/uploads\/2024\/01\/unnamed-2024-01-28T084830.098.jpg\",\"contentUrl\":\"https:\/\/www.notibras.com\/site\/wp-content\/uploads\/2024\/01\/unnamed-2024-01-28T084830.098.jpg\",\"width\":660,\"height\":400,\"caption\":\"SSUCv3H4sIAAAAAAAACpyRwW7DIAyG75P2DhHnRmpI0yV9lWoHB9wGlUIFZNNU9d1nIEycp1ziz\/i3f\/v5\/tY0bAavBDs1zxhRrLRefXAQlDWE97uNOzQSXU1QqmCdAl3DGYJYDNyRoFm1jviVkswHCKtHH5ttSEDAK2lk+CeRJzrnuCmJlKQKSjG2q5hf58QKyuL\/qsw\/n8UNXNGInzRwZcShRshGzvkpu30HdPfaGqxS2crVlxWg44O+Uno4JZS5VmU2LGnLpUzY1QQXR2C8m8rwTFv7gFnHLV9IFgtfwHuqkIVXvQSd1d6rVsaG5GFbCZN0jBh2PR\/2fBj7sYvfMIzbg3zARZFOmqgIUSxuStbuVZyAjfyDy76b2mGYsT3AkbcTjNAe5YXvJwE4igPt\/vULAAD\/\/wMAP7J92IoCAAA=\"},{\"@type\":\"BreadcrumbList\",\"@id\":\"https:\/\/www.notibras.com\/site\/pediatra-alerta-para-os-cuidados-com-a-saude-na-volta-as-aulas\/#breadcrumb\",\"itemListElement\":[{\"@type\":\"ListItem\",\"position\":1,\"name\":\"In\u00edcio\",\"item\":\"https:\/\/www.notibras.com\/site\/\"},{\"@type\":\"ListItem\",\"position\":2,\"name\":\"Pediatra alerta para os cuidados com a sa\u00fade na volta \u00e0s aulas\"}]},{\"@type\":\"WebSite\",\"@id\":\"https:\/\/www.notibras.com\/site\/#website\",\"url\":\"https:\/\/www.notibras.com\/site\/\",\"name\":\"Notibras\",\"description\":\"Not\u00edcias de Bras\u00edlia, do Brasil e do Mundo\",\"publisher\":{\"@id\":\"https:\/\/www.notibras.com\/site\/#organization\"},\"potentialAction\":[{\"@type\":\"SearchAction\",\"target\":{\"@type\":\"EntryPoint\",\"urlTemplate\":\"https:\/\/www.notibras.com\/site\/?s={search_term_string}\"},\"query-input\":{\"@type\":\"PropertyValueSpecification\",\"valueRequired\":true,\"valueName\":\"search_term_string\"}}],\"inLanguage\":\"pt-BR\"},{\"@type\":\"Organization\",\"@id\":\"https:\/\/www.notibras.com\/site\/#organization\",\"name\":\"Grupo Notibras de Comunica\u00e7\u00e3o\",\"url\":\"https:\/\/www.notibras.com\/site\/\",\"logo\":{\"@type\":\"ImageObject\",\"inLanguage\":\"pt-BR\",\"@id\":\"https:\/\/www.notibras.com\/site\/#\/schema\/logo\/image\/\",\"url\":\"https:\/\/www.notibras.com\/site\/wp-content\/uploads\/2023\/01\/notibras23.png\",\"contentUrl\":\"https:\/\/www.notibras.com\/site\/wp-content\/uploads\/2023\/01\/notibras23.png\",\"width\":350,\"height\":87,\"caption\":\"Grupo Notibras de Comunica\u00e7\u00e3o\"},\"image\":{\"@id\":\"https:\/\/www.notibras.com\/site\/#\/schema\/logo\/image\/\"},\"sameAs\":[\"https:\/\/www.facebook.com\/notibras\/\",\"https:\/\/x.com\/Notibras\",\"https:\/\/www.instagram.com\/notibras\/\"]},{\"@type\":\"Person\",\"@id\":\"https:\/\/www.notibras.com\/site\/#\/schema\/person\/36ab0979449956132d3e5b517ea76ac8\",\"name\":\"Reda\u00e7\u00e3o\",\"image\":{\"@type\":\"ImageObject\",\"inLanguage\":\"pt-BR\",\"@id\":\"https:\/\/secure.gravatar.com\/avatar\/e0a867bdedb85fd243eadf09663511f96fc81e0720a4a42581f334ad4303aa6b?s=96&d=mm&r=g\",\"url\":\"https:\/\/secure.gravatar.com\/avatar\/e0a867bdedb85fd243eadf09663511f96fc81e0720a4a42581f334ad4303aa6b?s=96&d=mm&r=g\",\"contentUrl\":\"https:\/\/secure.gravatar.com\/avatar\/e0a867bdedb85fd243eadf09663511f96fc81e0720a4a42581f334ad4303aa6b?s=96&d=mm&r=g\",\"caption\":\"Reda\u00e7\u00e3o\"}}]}<\/script>\n<!-- \/ Yoast SEO plugin. -->","yoast_head_json":{"title":"Pediatra alerta para os cuidados com a sa\u00fade na volta \u00e0s aulas - Notibras","robots":{"index":"index","follow":"follow","max-snippet":"max-snippet:-1","max-image-preview":"max-image-preview:large","max-video-preview":"max-video-preview:-1"},"canonical":"https:\/\/www.notibras.com\/site\/pediatra-alerta-para-os-cuidados-com-a-saude-na-volta-as-aulas\/","og_locale":"pt_BR","og_type":"article","og_title":"Pediatra alerta para os cuidados com a sa\u00fade na volta \u00e0s aulas - Notibras","og_description":"As aulas voltaram e com elas a aten\u00e7\u00e3o deve ser redobrada com o cuidado da sa\u00fade dos pequenos estudantes. A retomada ao conv\u00edvio social pode deixar as crian\u00e7as mais expostas a algumas doen\u00e7as. De acordo com o pediatra e coordenador de pediatria do Hospital Santa Helena, da Rede D\u2019Or, Thallys Ramalho, existem doen\u00e7as comuns da [&hellip;]","og_url":"https:\/\/www.notibras.com\/site\/pediatra-alerta-para-os-cuidados-com-a-saude-na-volta-as-aulas\/","og_site_name":"Notibras","article_publisher":"https:\/\/www.facebook.com\/notibras\/","article_published_time":"2024-01-28T03:00:45+00:00","article_modified_time":"2024-01-28T11:51:18+00:00","og_image":[{"width":660,"height":400,"url":"https:\/\/www.notibras.com\/site\/wp-content\/uploads\/2024\/01\/unnamed-2024-01-28T084830.098.jpg","type":"image\/jpeg"}],"author":"Reda\u00e7\u00e3o","twitter_card":"summary_large_image","twitter_creator":"@Notibras","twitter_site":"@Notibras","twitter_misc":{"Escrito por":"Reda\u00e7\u00e3o","Est. tempo de leitura":"2 minutos"},"schema":{"@context":"https:\/\/schema.org","@graph":[{"@type":"Article","@id":"https:\/\/www.notibras.com\/site\/pediatra-alerta-para-os-cuidados-com-a-saude-na-volta-as-aulas\/#article","isPartOf":{"@id":"https:\/\/www.notibras.com\/site\/pediatra-alerta-para-os-cuidados-com-a-saude-na-volta-as-aulas\/"},"author":{"name":"Reda\u00e7\u00e3o","@id":"https:\/\/www.notibras.com\/site\/#\/schema\/person\/36ab0979449956132d3e5b517ea76ac8"},"headline":"Pediatra alerta para os cuidados com a sa\u00fade na volta \u00e0s aulas","datePublished":"2024-01-28T03:00:45+00:00","dateModified":"2024-01-28T11:51:18+00:00","mainEntityOfPage":{"@id":"https:\/\/www.notibras.com\/site\/pediatra-alerta-para-os-cuidados-com-a-saude-na-volta-as-aulas\/"},"wordCount":322,"publisher":{"@id":"https:\/\/www.notibras.com\/site\/#organization"},"image":{"@id":"https:\/\/www.notibras.com\/site\/pediatra-alerta-para-os-cuidados-com-a-saude-na-volta-as-aulas\/#primaryimage"},"thumbnailUrl":"https:\/\/www.notibras.com\/site\/wp-content\/uploads\/2024\/01\/unnamed-2024-01-28T084830.098.jpg","articleSection":["Quadradinho em Foco"],"inLanguage":"pt-BR"},{"@type":"WebPage","@id":"https:\/\/www.notibras.com\/site\/pediatra-alerta-para-os-cuidados-com-a-saude-na-volta-as-aulas\/","url":"https:\/\/www.notibras.com\/site\/pediatra-alerta-para-os-cuidados-com-a-saude-na-volta-as-aulas\/","name":"Pediatra alerta para os cuidados com a sa\u00fade na volta \u00e0s aulas - Notibras","isPartOf":{"@id":"https:\/\/www.notibras.com\/site\/#website"},"primaryImageOfPage":{"@id":"https:\/\/www.notibras.com\/site\/pediatra-alerta-para-os-cuidados-com-a-saude-na-volta-as-aulas\/#primaryimage"},"image":{"@id":"https:\/\/www.notibras.com\/site\/pediatra-alerta-para-os-cuidados-com-a-saude-na-volta-as-aulas\/#primaryimage"},"thumbnailUrl":"https:\/\/www.notibras.com\/site\/wp-content\/uploads\/2024\/01\/unnamed-2024-01-28T084830.098.jpg","datePublished":"2024-01-28T03:00:45+00:00","dateModified":"2024-01-28T11:51:18+00:00","breadcrumb":{"@id":"https:\/\/www.notibras.com\/site\/pediatra-alerta-para-os-cuidados-com-a-saude-na-volta-as-aulas\/#breadcrumb"},"inLanguage":"pt-BR","potentialAction":[{"@type":"ReadAction","target":["https:\/\/www.notibras.com\/site\/pediatra-alerta-para-os-cuidados-com-a-saude-na-volta-as-aulas\/"]}]},{"@type":"ImageObject","inLanguage":"pt-BR","@id":"https:\/\/www.notibras.com\/site\/pediatra-alerta-para-os-cuidados-com-a-saude-na-volta-as-aulas\/#primaryimage","url":"https:\/\/www.notibras.com\/site\/wp-content\/uploads\/2024\/01\/unnamed-2024-01-28T084830.098.jpg","contentUrl":"https:\/\/www.notibras.com\/site\/wp-content\/uploads\/2024\/01\/unnamed-2024-01-28T084830.098.jpg","width":660,"height":400,"caption":"SSUCv3H4sIAAAAAAAACpyRwW7DIAyG75P2DhHnRmpI0yV9lWoHB9wGlUIFZNNU9d1nIEycp1ziz\/i3f\/v5\/tY0bAavBDs1zxhRrLRefXAQlDWE97uNOzQSXU1QqmCdAl3DGYJYDNyRoFm1jviVkswHCKtHH5ttSEDAK2lk+CeRJzrnuCmJlKQKSjG2q5hf58QKyuL\/qsw\/n8UNXNGInzRwZcShRshGzvkpu30HdPfaGqxS2crVlxWg44O+Uno4JZS5VmU2LGnLpUzY1QQXR2C8m8rwTFv7gFnHLV9IFgtfwHuqkIVXvQSd1d6rVsaG5GFbCZN0jBh2PR\/2fBj7sYvfMIzbg3zARZFOmqgIUSxuStbuVZyAjfyDy76b2mGYsT3AkbcTjNAe5YXvJwE4igPt\/vULAAD\/\/wMAP7J92IoCAAA="},{"@type":"BreadcrumbList","@id":"https:\/\/www.notibras.com\/site\/pediatra-alerta-para-os-cuidados-com-a-saude-na-volta-as-aulas\/#breadcrumb","itemListElement":[{"@type":"ListItem","position":1,"name":"In\u00edcio","item":"https:\/\/www.notibras.com\/site\/"},{"@type":"ListItem","position":2,"name":"Pediatra alerta para os cuidados com a sa\u00fade na volta \u00e0s aulas"}]},{"@type":"WebSite","@id":"https:\/\/www.notibras.com\/site\/#website","url":"https:\/\/www.notibras.com\/site\/","name":"Notibras","description":"Not\u00edcias de Bras\u00edlia, do Brasil e do Mundo","publisher":{"@id":"https:\/\/www.notibras.com\/site\/#organization"},"potentialAction":[{"@type":"SearchAction","target":{"@type":"EntryPoint","urlTemplate":"https:\/\/www.notibras.com\/site\/?s={search_term_string}"},"query-input":{"@type":"PropertyValueSpecification","valueRequired":true,"valueName":"search_term_string"}}],"inLanguage":"pt-BR"},{"@type":"Organization","@id":"https:\/\/www.notibras.com\/site\/#organization","name":"Grupo Notibras de Comunica\u00e7\u00e3o","url":"https:\/\/www.notibras.com\/site\/","logo":{"@type":"ImageObject","inLanguage":"pt-BR","@id":"https:\/\/www.notibras.com\/site\/#\/schema\/logo\/image\/","url":"https:\/\/www.notibras.com\/site\/wp-content\/uploads\/2023\/01\/notibras23.png","contentUrl":"https:\/\/www.notibras.com\/site\/wp-content\/uploads\/2023\/01\/notibras23.png","width":350,"height":87,"caption":"Grupo Notibras de Comunica\u00e7\u00e3o"},"image":{"@id":"https:\/\/www.notibras.com\/site\/#\/schema\/logo\/image\/"},"sameAs":["https:\/\/www.facebook.com\/notibras\/","https:\/\/x.com\/Notibras","https:\/\/www.instagram.com\/notibras\/"]},{"@type":"Person","@id":"https:\/\/www.notibras.com\/site\/#\/schema\/person\/36ab0979449956132d3e5b517ea76ac8","name":"Reda\u00e7\u00e3o","image":{"@type":"ImageObject","inLanguage":"pt-BR","@id":"https:\/\/secure.gravatar.com\/avatar\/e0a867bdedb85fd243eadf09663511f96fc81e0720a4a42581f334ad4303aa6b?s=96&d=mm&r=g","url":"https:\/\/secure.gravatar.com\/avatar\/e0a867bdedb85fd243eadf09663511f96fc81e0720a4a42581f334ad4303aa6b?s=96&d=mm&r=g","contentUrl":"https:\/\/secure.gravatar.com\/avatar\/e0a867bdedb85fd243eadf09663511f96fc81e0720a4a42581f334ad4303aa6b?s=96&d=mm&r=g","caption":"Reda\u00e7\u00e3o"}}]}},"amp_enabled":true,"_links":{"self":[{"href":"https:\/\/www.notibras.com\/site\/wp-json\/wp\/v2\/posts\/321257","targetHints":{"allow":["GET"]}}],"collection":[{"href":"https:\/\/www.notibras.com\/site\/wp-json\/wp\/v2\/posts"}],"about":[{"href":"https:\/\/www.notibras.com\/site\/wp-json\/wp\/v2\/types\/post"}],"author":[{"embeddable":true,"href":"https:\/\/www.notibras.com\/site\/wp-json\/wp\/v2\/users\/2"}],"replies":[{"embeddable":true,"href":"https:\/\/www.notibras.com\/site\/wp-json\/wp\/v2\/comments?post=321257"}],"version-history":[{"count":1,"href":"https:\/\/www.notibras.com\/site\/wp-json\/wp\/v2\/posts\/321257\/revisions"}],"predecessor-version":[{"id":321259,"href":"https:\/\/www.notibras.com\/site\/wp-json\/wp\/v2\/posts\/321257\/revisions\/321259"}],"wp:featuredmedia":[{"embeddable":true,"href":"https:\/\/www.notibras.com\/site\/wp-json\/wp\/v2\/media\/321258"}],"wp:attachment":[{"href":"https:\/\/www.notibras.com\/site\/wp-json\/wp\/v2\/media?parent=321257"}],"wp:term":[{"taxonomy":"category","embeddable":true,"href":"https:\/\/www.notibras.com\/site\/wp-json\/wp\/v2\/categories?post=321257"},{"taxonomy":"post_tag","embeddable":true,"href":"https:\/\/www.notibras.com\/site\/wp-json\/wp\/v2\/tags?post=321257"}],"curies":[{"name":"wp","href":"https:\/\/api.w.org\/{rel}","templated":true}]}}