{"id":321260,"date":"2024-01-28T00:00:44","date_gmt":"2024-01-28T03:00:44","guid":{"rendered":"https:\/\/www.notibras.com\/site\/?p=321260"},"modified":"2024-01-28T08:56:35","modified_gmt":"2024-01-28T11:56:35","slug":"verao-e-viagens-alertam-para-o-risco-de-intoxicacao-alimentar","status":"publish","type":"post","link":"https:\/\/www.notibras.com\/site\/verao-e-viagens-alertam-para-o-risco-de-intoxicacao-alimentar\/","title":{"rendered":"Ver\u00e3o e viagens alertam para o risco de intoxica\u00e7\u00e3o alimentar"},"content":{"rendered":"<p>Os primeiros meses do ano costumam ser escolhidos pela maioria dos brasileiros para o per\u00edodo de f\u00e9rias, onde muitos aproveitam para viajar. Junto com a divers\u00e3o, aparece o risco de intoxica\u00e7\u00e3o alimentar, um problema de sa\u00fade que normalmente ocorre quando a pessoa ingere \u00e1gua ou alimentos contaminados com toxinas produzidas por microrganismos. N\u00e1useas, v\u00f4mitos, diarreia, dor abdominal, mal-estar, febre, falta de apetite e desidrata\u00e7\u00e3o s\u00e3o alguns dos sintomas da intoxica\u00e7\u00e3o alimentar.<\/p>\n<p>De acordo com a m\u00e9dica especialista em endoscopia digestiva do Hospital DF Star, da Rede D\u2019Or, Paula Botelho, a intoxica\u00e7\u00e3o pode afetar qualquer pessoa, em qualquer \u00e9poca do ano. No entanto, durante o ver\u00e3o, o \u00edndice de contamina\u00e7\u00e3o alimentar aumenta, uma vez que o calor e a umidade do ar intensificam os riscos. \u201cNo per\u00edodo de f\u00e9rias ocorre o aumento do consumo de alimentos fora do contexto habitual, propiciando o maior contato com alimentos contaminados. Isso acontece porque o armazenamento incorreto e a m\u00e1 higieniza\u00e7\u00e3o pessoal e dos alimentos facilitam a prolifera\u00e7\u00e3o de agentes nocivos e a sua dissemina\u00e7\u00e3o, especialmente nos ambientes com alta exposi\u00e7\u00e3o ao calor. Por isso, \u00e9 preciso redobrar a aten\u00e7\u00e3o com o qu\u00ea e onde comer, observando as condi\u00e7\u00f5es de higiene e de conserva\u00e7\u00e3o dos alimentos\u201d, afirma a m\u00e9dica.<\/p>\n<p>Alimentos como carnes cruas ou mal passadas, leites e seus derivados, ovos, maionese caseira, enlatados e frutos do mar s\u00e3o mais suscet\u00edveis a intoxica\u00e7\u00e3o alimentar. \u201cA contamina\u00e7\u00e3o pode acontecer pelo manuseio incorreto dos alimentos, falta de higieniza\u00e7\u00e3o ou armazenamento inadequado dos alimentos. Portanto, manipular os alimentos de forma adequada \u00e9 uma maneira de prevenir a condi\u00e7\u00e3o. Lembrando sempre de higienizar as m\u00e3os corretamente e utilizar somente utens\u00edlios bem limpos\u201d, explica Paula Botelho.<\/p>\n<p>Em caso de sintomas de intoxica\u00e7\u00e3o alimentar \u00e9 necess\u00e1rio que se busque atendimento m\u00e9dico. A m\u00e9dica explica que medidas de suporte como soro de reidrata\u00e7\u00e3o oral e analgesia s\u00e3o as bases da terap\u00eautica para a maioria dos casos. \u201c\u00c9 importante tamb\u00e9m manter uma dieta leve e saud\u00e1vel. Em geral, trata-se de doen\u00e7a autolimitada, por\u00e9m, \u00e9 necess\u00e1rio procurar atendimento m\u00e9dico especializado, principalmente em casos de sintomas mais graves. O atendimento precoce \u00e9 fundamental para prevenir complica\u00e7\u00f5es que podem afetar a qualidade de vida dos pacientes\u201d, afirma.<\/p>\n<p>Segundo a m\u00e9dica especialista em endoscopia digestiva da Rede D\u2019Or, Paula Botelho, os cuidados necess\u00e1rios para evitar intoxica\u00e7\u00e3o alimentar s\u00e3o lavar muito bem as m\u00e3os antes das refei\u00e7\u00f5es e antes de preparar alimentos; ficar atento \u00e0 higiene de restaurantes e barraquinhas antes de se alimentar; evitar alimentos de locais sujos, com moscas e de proced\u00eancia duvidosa; fazer escolhas saud\u00e1veis na praia como frutas da esta\u00e7\u00e3o, \u00e1gua de coco, suco de fruta natural, salada de frutas e sandu\u00edche natural fresco; evitar consumir alimentos com molhos \u00e0 base de maionese, ovos ou creme de leite que estejam \u00e0 temperatura ambiente; tomar cuidado com as bebidas alco\u00f3licas, pois elas favorecem a desidrata\u00e7\u00e3o; garantir-se de que frutos do mar estejam bem cozidos e bem armazenados, pois podem conter microrganismos causadores de doen\u00e7as; n\u00e3o deixar alimentos crus ou cozidos expostos \u00e0 temperatura ambiente; realizar o descongelamento sempre em geladeira; e manter-se sempre hidratado.<\/p>\n","protected":false},"excerpt":{"rendered":"<p>Os primeiros meses do ano costumam ser escolhidos pela maioria dos brasileiros para o per\u00edodo de f\u00e9rias, onde muitos aproveitam para viajar. Junto com a divers\u00e3o, aparece o risco de intoxica\u00e7\u00e3o alimentar, um problema de sa\u00fade que normalmente ocorre quando a pessoa ingere \u00e1gua ou alimentos contaminados com toxinas produzidas por microrganismos. N\u00e1useas, v\u00f4mitos, diarreia, [&hellip;]<\/p>\n","protected":false},"author":2,"featured_media":278184,"comment_status":"closed","ping_status":"closed","sticky":false,"template":"","format":"standard","meta":{"_acf_changed":false,"footnotes":""},"categories":[161],"tags":[],"class_list":["post-321260","post","type-post","status-publish","format-standard","has-post-thumbnail","hentry","category-quadradinho-em-foco"],"acf":[],"yoast_head":"<!-- This site is optimized with the Yoast SEO plugin v27.2 - https:\/\/yoast.com\/product\/yoast-seo-wordpress\/ -->\n<title>Ver\u00e3o e viagens alertam para o risco de intoxica\u00e7\u00e3o alimentar - Notibras<\/title>\n<meta name=\"robots\" content=\"index, follow, max-snippet:-1, max-image-preview:large, max-video-preview:-1\" \/>\n<link rel=\"canonical\" href=\"https:\/\/www.notibras.com\/site\/verao-e-viagens-alertam-para-o-risco-de-intoxicacao-alimentar\/\" \/>\n<meta property=\"og:locale\" content=\"pt_BR\" \/>\n<meta property=\"og:type\" content=\"article\" \/>\n<meta property=\"og:title\" content=\"Ver\u00e3o e viagens alertam para o risco de intoxica\u00e7\u00e3o alimentar - Notibras\" \/>\n<meta property=\"og:description\" content=\"Os primeiros meses do ano costumam ser escolhidos pela maioria dos brasileiros para o per\u00edodo de f\u00e9rias, onde muitos aproveitam para viajar. Junto com a divers\u00e3o, aparece o risco de intoxica\u00e7\u00e3o alimentar, um problema de sa\u00fade que normalmente ocorre quando a pessoa ingere \u00e1gua ou alimentos contaminados com toxinas produzidas por microrganismos. N\u00e1useas, v\u00f4mitos, diarreia, [&hellip;]\" \/>\n<meta property=\"og:url\" content=\"https:\/\/www.notibras.com\/site\/verao-e-viagens-alertam-para-o-risco-de-intoxicacao-alimentar\/\" \/>\n<meta property=\"og:site_name\" content=\"Notibras\" \/>\n<meta property=\"article:publisher\" content=\"https:\/\/www.facebook.com\/notibras\/\" \/>\n<meta property=\"article:published_time\" content=\"2024-01-28T03:00:44+00:00\" \/>\n<meta property=\"article:modified_time\" content=\"2024-01-28T11:56:35+00:00\" \/>\n<meta property=\"og:image\" content=\"https:\/\/www.notibras.com\/site\/wp-content\/uploads\/2022\/01\/calor-extermo.webp\" \/>\n\t<meta property=\"og:image:width\" content=\"800\" \/>\n\t<meta property=\"og:image:height\" content=\"450\" \/>\n\t<meta property=\"og:image:type\" content=\"image\/webp\" \/>\n<meta name=\"author\" content=\"Reda\u00e7\u00e3o\" \/>\n<meta name=\"twitter:card\" content=\"summary_large_image\" \/>\n<meta name=\"twitter:creator\" content=\"@Notibras\" \/>\n<meta name=\"twitter:site\" content=\"@Notibras\" \/>\n<meta name=\"twitter:label1\" content=\"Escrito por\" \/>\n\t<meta name=\"twitter:data1\" content=\"Reda\u00e7\u00e3o\" \/>\n\t<meta name=\"twitter:label2\" content=\"Est. tempo de leitura\" \/>\n\t<meta name=\"twitter:data2\" content=\"3 minutos\" \/>\n<script type=\"application\/ld+json\" class=\"yoast-schema-graph\">{\"@context\":\"https:\/\/schema.org\",\"@graph\":[{\"@type\":\"Article\",\"@id\":\"https:\/\/www.notibras.com\/site\/verao-e-viagens-alertam-para-o-risco-de-intoxicacao-alimentar\/#article\",\"isPartOf\":{\"@id\":\"https:\/\/www.notibras.com\/site\/verao-e-viagens-alertam-para-o-risco-de-intoxicacao-alimentar\/\"},\"author\":{\"name\":\"Reda\u00e7\u00e3o\",\"@id\":\"https:\/\/www.notibras.com\/site\/#\/schema\/person\/36ab0979449956132d3e5b517ea76ac8\"},\"headline\":\"Ver\u00e3o e viagens alertam para o risco de intoxica\u00e7\u00e3o alimentar\",\"datePublished\":\"2024-01-28T03:00:44+00:00\",\"dateModified\":\"2024-01-28T11:56:35+00:00\",\"mainEntityOfPage\":{\"@id\":\"https:\/\/www.notibras.com\/site\/verao-e-viagens-alertam-para-o-risco-de-intoxicacao-alimentar\/\"},\"wordCount\":573,\"publisher\":{\"@id\":\"https:\/\/www.notibras.com\/site\/#organization\"},\"image\":{\"@id\":\"https:\/\/www.notibras.com\/site\/verao-e-viagens-alertam-para-o-risco-de-intoxicacao-alimentar\/#primaryimage\"},\"thumbnailUrl\":\"https:\/\/www.notibras.com\/site\/wp-content\/uploads\/2022\/01\/calor-extermo.webp\",\"articleSection\":[\"Quadradinho em Foco\"],\"inLanguage\":\"pt-BR\"},{\"@type\":\"WebPage\",\"@id\":\"https:\/\/www.notibras.com\/site\/verao-e-viagens-alertam-para-o-risco-de-intoxicacao-alimentar\/\",\"url\":\"https:\/\/www.notibras.com\/site\/verao-e-viagens-alertam-para-o-risco-de-intoxicacao-alimentar\/\",\"name\":\"Ver\u00e3o e viagens alertam para o risco de intoxica\u00e7\u00e3o alimentar - Notibras\",\"isPartOf\":{\"@id\":\"https:\/\/www.notibras.com\/site\/#website\"},\"primaryImageOfPage\":{\"@id\":\"https:\/\/www.notibras.com\/site\/verao-e-viagens-alertam-para-o-risco-de-intoxicacao-alimentar\/#primaryimage\"},\"image\":{\"@id\":\"https:\/\/www.notibras.com\/site\/verao-e-viagens-alertam-para-o-risco-de-intoxicacao-alimentar\/#primaryimage\"},\"thumbnailUrl\":\"https:\/\/www.notibras.com\/site\/wp-content\/uploads\/2022\/01\/calor-extermo.webp\",\"datePublished\":\"2024-01-28T03:00:44+00:00\",\"dateModified\":\"2024-01-28T11:56:35+00:00\",\"breadcrumb\":{\"@id\":\"https:\/\/www.notibras.com\/site\/verao-e-viagens-alertam-para-o-risco-de-intoxicacao-alimentar\/#breadcrumb\"},\"inLanguage\":\"pt-BR\",\"potentialAction\":[{\"@type\":\"ReadAction\",\"target\":[\"https:\/\/www.notibras.com\/site\/verao-e-viagens-alertam-para-o-risco-de-intoxicacao-alimentar\/\"]}]},{\"@type\":\"ImageObject\",\"inLanguage\":\"pt-BR\",\"@id\":\"https:\/\/www.notibras.com\/site\/verao-e-viagens-alertam-para-o-risco-de-intoxicacao-alimentar\/#primaryimage\",\"url\":\"https:\/\/www.notibras.com\/site\/wp-content\/uploads\/2022\/01\/calor-extermo.webp\",\"contentUrl\":\"https:\/\/www.notibras.com\/site\/wp-content\/uploads\/2022\/01\/calor-extermo.webp\",\"width\":800,\"height\":450},{\"@type\":\"BreadcrumbList\",\"@id\":\"https:\/\/www.notibras.com\/site\/verao-e-viagens-alertam-para-o-risco-de-intoxicacao-alimentar\/#breadcrumb\",\"itemListElement\":[{\"@type\":\"ListItem\",\"position\":1,\"name\":\"In\u00edcio\",\"item\":\"https:\/\/www.notibras.com\/site\/\"},{\"@type\":\"ListItem\",\"position\":2,\"name\":\"Ver\u00e3o e viagens alertam para o risco de intoxica\u00e7\u00e3o alimentar\"}]},{\"@type\":\"WebSite\",\"@id\":\"https:\/\/www.notibras.com\/site\/#website\",\"url\":\"https:\/\/www.notibras.com\/site\/\",\"name\":\"Notibras\",\"description\":\"Not\u00edcias de Bras\u00edlia, do Brasil e do Mundo\",\"publisher\":{\"@id\":\"https:\/\/www.notibras.com\/site\/#organization\"},\"potentialAction\":[{\"@type\":\"SearchAction\",\"target\":{\"@type\":\"EntryPoint\",\"urlTemplate\":\"https:\/\/www.notibras.com\/site\/?s={search_term_string}\"},\"query-input\":{\"@type\":\"PropertyValueSpecification\",\"valueRequired\":true,\"valueName\":\"search_term_string\"}}],\"inLanguage\":\"pt-BR\"},{\"@type\":\"Organization\",\"@id\":\"https:\/\/www.notibras.com\/site\/#organization\",\"name\":\"Grupo Notibras de Comunica\u00e7\u00e3o\",\"url\":\"https:\/\/www.notibras.com\/site\/\",\"logo\":{\"@type\":\"ImageObject\",\"inLanguage\":\"pt-BR\",\"@id\":\"https:\/\/www.notibras.com\/site\/#\/schema\/logo\/image\/\",\"url\":\"https:\/\/www.notibras.com\/site\/wp-content\/uploads\/2023\/01\/notibras23.png\",\"contentUrl\":\"https:\/\/www.notibras.com\/site\/wp-content\/uploads\/2023\/01\/notibras23.png\",\"width\":350,\"height\":87,\"caption\":\"Grupo Notibras de Comunica\u00e7\u00e3o\"},\"image\":{\"@id\":\"https:\/\/www.notibras.com\/site\/#\/schema\/logo\/image\/\"},\"sameAs\":[\"https:\/\/www.facebook.com\/notibras\/\",\"https:\/\/x.com\/Notibras\",\"https:\/\/www.instagram.com\/notibras\/\"]},{\"@type\":\"Person\",\"@id\":\"https:\/\/www.notibras.com\/site\/#\/schema\/person\/36ab0979449956132d3e5b517ea76ac8\",\"name\":\"Reda\u00e7\u00e3o\",\"image\":{\"@type\":\"ImageObject\",\"inLanguage\":\"pt-BR\",\"@id\":\"https:\/\/secure.gravatar.com\/avatar\/e0a867bdedb85fd243eadf09663511f96fc81e0720a4a42581f334ad4303aa6b?s=96&d=mm&r=g\",\"url\":\"https:\/\/secure.gravatar.com\/avatar\/e0a867bdedb85fd243eadf09663511f96fc81e0720a4a42581f334ad4303aa6b?s=96&d=mm&r=g\",\"contentUrl\":\"https:\/\/secure.gravatar.com\/avatar\/e0a867bdedb85fd243eadf09663511f96fc81e0720a4a42581f334ad4303aa6b?s=96&d=mm&r=g\",\"caption\":\"Reda\u00e7\u00e3o\"}}]}<\/script>\n<!-- \/ Yoast SEO plugin. -->","yoast_head_json":{"title":"Ver\u00e3o e viagens alertam para o risco de intoxica\u00e7\u00e3o alimentar - Notibras","robots":{"index":"index","follow":"follow","max-snippet":"max-snippet:-1","max-image-preview":"max-image-preview:large","max-video-preview":"max-video-preview:-1"},"canonical":"https:\/\/www.notibras.com\/site\/verao-e-viagens-alertam-para-o-risco-de-intoxicacao-alimentar\/","og_locale":"pt_BR","og_type":"article","og_title":"Ver\u00e3o e viagens alertam para o risco de intoxica\u00e7\u00e3o alimentar - Notibras","og_description":"Os primeiros meses do ano costumam ser escolhidos pela maioria dos brasileiros para o per\u00edodo de f\u00e9rias, onde muitos aproveitam para viajar. Junto com a divers\u00e3o, aparece o risco de intoxica\u00e7\u00e3o alimentar, um problema de sa\u00fade que normalmente ocorre quando a pessoa ingere \u00e1gua ou alimentos contaminados com toxinas produzidas por microrganismos. N\u00e1useas, v\u00f4mitos, diarreia, [&hellip;]","og_url":"https:\/\/www.notibras.com\/site\/verao-e-viagens-alertam-para-o-risco-de-intoxicacao-alimentar\/","og_site_name":"Notibras","article_publisher":"https:\/\/www.facebook.com\/notibras\/","article_published_time":"2024-01-28T03:00:44+00:00","article_modified_time":"2024-01-28T11:56:35+00:00","og_image":[{"width":800,"height":450,"url":"https:\/\/www.notibras.com\/site\/wp-content\/uploads\/2022\/01\/calor-extermo.webp","type":"image\/webp"}],"author":"Reda\u00e7\u00e3o","twitter_card":"summary_large_image","twitter_creator":"@Notibras","twitter_site":"@Notibras","twitter_misc":{"Escrito por":"Reda\u00e7\u00e3o","Est. tempo de leitura":"3 minutos"},"schema":{"@context":"https:\/\/schema.org","@graph":[{"@type":"Article","@id":"https:\/\/www.notibras.com\/site\/verao-e-viagens-alertam-para-o-risco-de-intoxicacao-alimentar\/#article","isPartOf":{"@id":"https:\/\/www.notibras.com\/site\/verao-e-viagens-alertam-para-o-risco-de-intoxicacao-alimentar\/"},"author":{"name":"Reda\u00e7\u00e3o","@id":"https:\/\/www.notibras.com\/site\/#\/schema\/person\/36ab0979449956132d3e5b517ea76ac8"},"headline":"Ver\u00e3o e viagens alertam para o risco de intoxica\u00e7\u00e3o alimentar","datePublished":"2024-01-28T03:00:44+00:00","dateModified":"2024-01-28T11:56:35+00:00","mainEntityOfPage":{"@id":"https:\/\/www.notibras.com\/site\/verao-e-viagens-alertam-para-o-risco-de-intoxicacao-alimentar\/"},"wordCount":573,"publisher":{"@id":"https:\/\/www.notibras.com\/site\/#organization"},"image":{"@id":"https:\/\/www.notibras.com\/site\/verao-e-viagens-alertam-para-o-risco-de-intoxicacao-alimentar\/#primaryimage"},"thumbnailUrl":"https:\/\/www.notibras.com\/site\/wp-content\/uploads\/2022\/01\/calor-extermo.webp","articleSection":["Quadradinho em Foco"],"inLanguage":"pt-BR"},{"@type":"WebPage","@id":"https:\/\/www.notibras.com\/site\/verao-e-viagens-alertam-para-o-risco-de-intoxicacao-alimentar\/","url":"https:\/\/www.notibras.com\/site\/verao-e-viagens-alertam-para-o-risco-de-intoxicacao-alimentar\/","name":"Ver\u00e3o e viagens alertam para o risco de intoxica\u00e7\u00e3o alimentar - Notibras","isPartOf":{"@id":"https:\/\/www.notibras.com\/site\/#website"},"primaryImageOfPage":{"@id":"https:\/\/www.notibras.com\/site\/verao-e-viagens-alertam-para-o-risco-de-intoxicacao-alimentar\/#primaryimage"},"image":{"@id":"https:\/\/www.notibras.com\/site\/verao-e-viagens-alertam-para-o-risco-de-intoxicacao-alimentar\/#primaryimage"},"thumbnailUrl":"https:\/\/www.notibras.com\/site\/wp-content\/uploads\/2022\/01\/calor-extermo.webp","datePublished":"2024-01-28T03:00:44+00:00","dateModified":"2024-01-28T11:56:35+00:00","breadcrumb":{"@id":"https:\/\/www.notibras.com\/site\/verao-e-viagens-alertam-para-o-risco-de-intoxicacao-alimentar\/#breadcrumb"},"inLanguage":"pt-BR","potentialAction":[{"@type":"ReadAction","target":["https:\/\/www.notibras.com\/site\/verao-e-viagens-alertam-para-o-risco-de-intoxicacao-alimentar\/"]}]},{"@type":"ImageObject","inLanguage":"pt-BR","@id":"https:\/\/www.notibras.com\/site\/verao-e-viagens-alertam-para-o-risco-de-intoxicacao-alimentar\/#primaryimage","url":"https:\/\/www.notibras.com\/site\/wp-content\/uploads\/2022\/01\/calor-extermo.webp","contentUrl":"https:\/\/www.notibras.com\/site\/wp-content\/uploads\/2022\/01\/calor-extermo.webp","width":800,"height":450},{"@type":"BreadcrumbList","@id":"https:\/\/www.notibras.com\/site\/verao-e-viagens-alertam-para-o-risco-de-intoxicacao-alimentar\/#breadcrumb","itemListElement":[{"@type":"ListItem","position":1,"name":"In\u00edcio","item":"https:\/\/www.notibras.com\/site\/"},{"@type":"ListItem","position":2,"name":"Ver\u00e3o e viagens alertam para o risco de intoxica\u00e7\u00e3o alimentar"}]},{"@type":"WebSite","@id":"https:\/\/www.notibras.com\/site\/#website","url":"https:\/\/www.notibras.com\/site\/","name":"Notibras","description":"Not\u00edcias de Bras\u00edlia, do Brasil e do Mundo","publisher":{"@id":"https:\/\/www.notibras.com\/site\/#organization"},"potentialAction":[{"@type":"SearchAction","target":{"@type":"EntryPoint","urlTemplate":"https:\/\/www.notibras.com\/site\/?s={search_term_string}"},"query-input":{"@type":"PropertyValueSpecification","valueRequired":true,"valueName":"search_term_string"}}],"inLanguage":"pt-BR"},{"@type":"Organization","@id":"https:\/\/www.notibras.com\/site\/#organization","name":"Grupo Notibras de Comunica\u00e7\u00e3o","url":"https:\/\/www.notibras.com\/site\/","logo":{"@type":"ImageObject","inLanguage":"pt-BR","@id":"https:\/\/www.notibras.com\/site\/#\/schema\/logo\/image\/","url":"https:\/\/www.notibras.com\/site\/wp-content\/uploads\/2023\/01\/notibras23.png","contentUrl":"https:\/\/www.notibras.com\/site\/wp-content\/uploads\/2023\/01\/notibras23.png","width":350,"height":87,"caption":"Grupo Notibras de Comunica\u00e7\u00e3o"},"image":{"@id":"https:\/\/www.notibras.com\/site\/#\/schema\/logo\/image\/"},"sameAs":["https:\/\/www.facebook.com\/notibras\/","https:\/\/x.com\/Notibras","https:\/\/www.instagram.com\/notibras\/"]},{"@type":"Person","@id":"https:\/\/www.notibras.com\/site\/#\/schema\/person\/36ab0979449956132d3e5b517ea76ac8","name":"Reda\u00e7\u00e3o","image":{"@type":"ImageObject","inLanguage":"pt-BR","@id":"https:\/\/secure.gravatar.com\/avatar\/e0a867bdedb85fd243eadf09663511f96fc81e0720a4a42581f334ad4303aa6b?s=96&d=mm&r=g","url":"https:\/\/secure.gravatar.com\/avatar\/e0a867bdedb85fd243eadf09663511f96fc81e0720a4a42581f334ad4303aa6b?s=96&d=mm&r=g","contentUrl":"https:\/\/secure.gravatar.com\/avatar\/e0a867bdedb85fd243eadf09663511f96fc81e0720a4a42581f334ad4303aa6b?s=96&d=mm&r=g","caption":"Reda\u00e7\u00e3o"}}]}},"amp_enabled":true,"_links":{"self":[{"href":"https:\/\/www.notibras.com\/site\/wp-json\/wp\/v2\/posts\/321260","targetHints":{"allow":["GET"]}}],"collection":[{"href":"https:\/\/www.notibras.com\/site\/wp-json\/wp\/v2\/posts"}],"about":[{"href":"https:\/\/www.notibras.com\/site\/wp-json\/wp\/v2\/types\/post"}],"author":[{"embeddable":true,"href":"https:\/\/www.notibras.com\/site\/wp-json\/wp\/v2\/users\/2"}],"replies":[{"embeddable":true,"href":"https:\/\/www.notibras.com\/site\/wp-json\/wp\/v2\/comments?post=321260"}],"version-history":[{"count":1,"href":"https:\/\/www.notibras.com\/site\/wp-json\/wp\/v2\/posts\/321260\/revisions"}],"predecessor-version":[{"id":321261,"href":"https:\/\/www.notibras.com\/site\/wp-json\/wp\/v2\/posts\/321260\/revisions\/321261"}],"wp:featuredmedia":[{"embeddable":true,"href":"https:\/\/www.notibras.com\/site\/wp-json\/wp\/v2\/media\/278184"}],"wp:attachment":[{"href":"https:\/\/www.notibras.com\/site\/wp-json\/wp\/v2\/media?parent=321260"}],"wp:term":[{"taxonomy":"category","embeddable":true,"href":"https:\/\/www.notibras.com\/site\/wp-json\/wp\/v2\/categories?post=321260"},{"taxonomy":"post_tag","embeddable":true,"href":"https:\/\/www.notibras.com\/site\/wp-json\/wp\/v2\/tags?post=321260"}],"curies":[{"name":"wp","href":"https:\/\/api.w.org\/{rel}","templated":true}]}}