{"id":321262,"date":"2024-01-28T09:10:19","date_gmt":"2024-01-28T12:10:19","guid":{"rendered":"https:\/\/www.notibras.com\/site\/?p=321262"},"modified":"2024-01-28T09:43:23","modified_gmt":"2024-01-28T12:43:23","slug":"encontro-com-guilherme-um-dos-nossos-escribas","status":"publish","type":"post","link":"https:\/\/www.notibras.com\/site\/encontro-com-guilherme-um-dos-nossos-escribas\/","title":{"rendered":"Encontro com Guilherme, um dos nossos escribas"},"content":{"rendered":"<p>No dia 12 de janeiro deste 2024 que se inicia, l\u00e1 estava eu de passagem por S\u00e3o Carlos, quando me dei conta que ali mora um dos grandes contistas\/cronistas contempor\u00e2neos. Seu nome? Ah, isso sei de cor e salteado, pois ele \u00e9 meu colega no <strong>Notibras<\/strong>: Guilherme Martins.<\/p>\n<p>Como n\u00e3o sabia se meu amigo estava na cidade, mandei-lhe uma mensagem enquanto abastecia o carro. E, antes que eu pagasse pelo combust\u00edvel, eis que recebo a resposta: &#8220;Que maravilha, Edu! Ent\u00e3o, vamos tomar um caf\u00e9!&#8221;<\/p>\n<p>Pronto! O danado havia me fisgado por duas raz\u00f5es \u00f3bvias, que acompanham qualquer escritor. A primeira, obviamente, era o caf\u00e9, que j\u00e1 previa ser gourmet, tamanho o apre\u00e7o que h\u00e1 tempos sei que o Guilherme possui pela bebida mais brasileira de todas. O outro motivo \u00e9 que o meu amigo \u00e9 um \u00f3timo contador de causos, o que me faria dar boas risadas, al\u00e9m de ser o mote para v\u00e1rias hist\u00f3rias.<\/p>\n<p>Como n\u00e3o conhecia S\u00e3o Carlos, parei numa esquina e aguardei pela chegada do Guilherme, que, em menos de 10 minutos, surgiu em um belo autom\u00f3vel branco e impecavelmente limpo, como se tivesse sa\u00eddo de uma concession\u00e1ria. Era n\u00edtido o contraste com o meu, que, na verdade, pertence \u00e0 minha amada esposa, a Dona Irene: vermelho e todo sujo, muito por conta das fortes chuvas da viagem.<\/p>\n<p>O Guilherme desceu e veio me cumprimentar. Logo depois, ele me disse para segui-lo, pois conhecia uma excelente padaria ali perto, que servia o melhor caf\u00e9 da cidade. Sem tempo nem \u00e2nimo para contestar meu colega, obedeci, j\u00e1 prevendo o agrad\u00e1vel momento.<\/p>\n<p>Mal chegamos, escolhemos uma aconchegante mesa ao fundo. Fizemos os pedidos e, por quase duas horas, falamos sobre diversos assuntos, mas um, em especial, tomou boa parte: a literatura.<\/p>\n<p>&#8211; Edu, quais s\u00e3o as suas inspira\u00e7\u00f5es?<\/p>\n<p>&#8211; V\u00e1rias coisas. Pode ser uma frase que ou\u00e7o, uma foto que acho legal ou uma situa\u00e7\u00e3o engra\u00e7ada. E as suas?<\/p>\n<p>&#8211; Olha, vou te dar um exemplo. Um dia, ao sair de um restaurante, acabei dando um chute em uma pedra. Por esses acasos da vida, ela bateu no tronco de uma \u00e1rvore. Isso foi uma baita sorte!<\/p>\n<p>&#8211; Por qu\u00ea?<\/p>\n<p>&#8211; \u00c9 que atr\u00e1s dessa \u00e1rvore estava uma Ferrari. Imagina se a pedra atinge a lataria? Eu estaria lascado!<\/p>\n<p>Enquanto meus olhos se arregalavam, vislumbrei a encrenca que o Guilherme poderia ter se metido. Ele, ent\u00e3o, me disse que riu de nervoso naquele momento, mas que a trajet\u00f3ria de algo t\u00e3o simples e comum, no caso, uma pedra, poderia dar uma \u00f3tima hist\u00f3ria. Foi da\u00ed que surgiu o conto &#8220;A pedra&#8221;, que j\u00e1 estampou as p\u00e1ginas de Notibras.<\/p>\n<p>O papo estava excelente, mas a estrada me esperava. O Guilherme me deu um abra\u00e7o bem apertado, depois entrou no seu autom\u00f3vel, que, de t\u00e3o branco, poderia fazer propaganda para aquele famoso sab\u00e3o em p\u00f3. Virei a chave e ouvi o ronco do motor do ve\u00edculo vermelho, que, certamente, chegaria ainda mais sujo na Cidade Maravilhosa.<\/p>\n","protected":false},"excerpt":{"rendered":"<p>No dia 12 de janeiro deste 2024 que se inicia, l\u00e1 estava eu de passagem por S\u00e3o Carlos, quando me dei conta que ali mora um dos grandes contistas\/cronistas contempor\u00e2neos. Seu nome? Ah, isso sei de cor e salteado, pois ele \u00e9 meu colega no Notibras: Guilherme Martins. Como n\u00e3o sabia se meu amigo estava [&hellip;]<\/p>\n","protected":false},"author":2,"featured_media":321263,"comment_status":"closed","ping_status":"closed","sticky":false,"template":"","format":"standard","meta":{"_acf_changed":false,"footnotes":""},"categories":[161],"tags":[],"class_list":["post-321262","post","type-post","status-publish","format-standard","has-post-thumbnail","hentry","category-quadradinho-em-foco"],"acf":[],"yoast_head":"<!-- This site is optimized with the Yoast SEO plugin v27.2 - https:\/\/yoast.com\/product\/yoast-seo-wordpress\/ -->\n<title>Encontro com Guilherme, um dos nossos escribas - Notibras<\/title>\n<meta name=\"robots\" content=\"index, follow, max-snippet:-1, max-image-preview:large, max-video-preview:-1\" \/>\n<link rel=\"canonical\" href=\"https:\/\/www.notibras.com\/site\/encontro-com-guilherme-um-dos-nossos-escribas\/\" \/>\n<meta property=\"og:locale\" content=\"pt_BR\" \/>\n<meta property=\"og:type\" content=\"article\" \/>\n<meta property=\"og:title\" content=\"Encontro com Guilherme, um dos nossos escribas - Notibras\" \/>\n<meta property=\"og:description\" content=\"No dia 12 de janeiro deste 2024 que se inicia, l\u00e1 estava eu de passagem por S\u00e3o Carlos, quando me dei conta que ali mora um dos grandes contistas\/cronistas contempor\u00e2neos. Seu nome? Ah, isso sei de cor e salteado, pois ele \u00e9 meu colega no Notibras: Guilherme Martins. Como n\u00e3o sabia se meu amigo estava [&hellip;]\" \/>\n<meta property=\"og:url\" content=\"https:\/\/www.notibras.com\/site\/encontro-com-guilherme-um-dos-nossos-escribas\/\" \/>\n<meta property=\"og:site_name\" content=\"Notibras\" \/>\n<meta property=\"article:publisher\" content=\"https:\/\/www.facebook.com\/notibras\/\" \/>\n<meta property=\"article:published_time\" content=\"2024-01-28T12:10:19+00:00\" \/>\n<meta property=\"article:modified_time\" content=\"2024-01-28T12:43:23+00:00\" \/>\n<meta property=\"og:image\" content=\"https:\/\/www.notibras.com\/site\/wp-content\/uploads\/2024\/01\/du.gui_.jpg\" \/>\n\t<meta property=\"og:image:width\" content=\"1280\" \/>\n\t<meta property=\"og:image:height\" content=\"960\" \/>\n\t<meta property=\"og:image:type\" content=\"image\/jpeg\" \/>\n<meta name=\"author\" content=\"Reda\u00e7\u00e3o\" \/>\n<meta name=\"twitter:card\" content=\"summary_large_image\" \/>\n<meta name=\"twitter:creator\" content=\"@Notibras\" \/>\n<meta name=\"twitter:site\" content=\"@Notibras\" \/>\n<meta name=\"twitter:label1\" content=\"Escrito por\" \/>\n\t<meta name=\"twitter:data1\" content=\"Reda\u00e7\u00e3o\" \/>\n\t<meta name=\"twitter:label2\" content=\"Est. tempo de leitura\" \/>\n\t<meta name=\"twitter:data2\" content=\"3 minutos\" \/>\n<script type=\"application\/ld+json\" class=\"yoast-schema-graph\">{\"@context\":\"https:\/\/schema.org\",\"@graph\":[{\"@type\":\"Article\",\"@id\":\"https:\/\/www.notibras.com\/site\/encontro-com-guilherme-um-dos-nossos-escribas\/#article\",\"isPartOf\":{\"@id\":\"https:\/\/www.notibras.com\/site\/encontro-com-guilherme-um-dos-nossos-escribas\/\"},\"author\":{\"name\":\"Reda\u00e7\u00e3o\",\"@id\":\"https:\/\/www.notibras.com\/site\/#\/schema\/person\/36ab0979449956132d3e5b517ea76ac8\"},\"headline\":\"Encontro com Guilherme, um dos nossos escribas\",\"datePublished\":\"2024-01-28T12:10:19+00:00\",\"dateModified\":\"2024-01-28T12:43:23+00:00\",\"mainEntityOfPage\":{\"@id\":\"https:\/\/www.notibras.com\/site\/encontro-com-guilherme-um-dos-nossos-escribas\/\"},\"wordCount\":529,\"publisher\":{\"@id\":\"https:\/\/www.notibras.com\/site\/#organization\"},\"image\":{\"@id\":\"https:\/\/www.notibras.com\/site\/encontro-com-guilherme-um-dos-nossos-escribas\/#primaryimage\"},\"thumbnailUrl\":\"https:\/\/www.notibras.com\/site\/wp-content\/uploads\/2024\/01\/du.gui_.jpg\",\"articleSection\":[\"Quadradinho em Foco\"],\"inLanguage\":\"pt-BR\"},{\"@type\":\"WebPage\",\"@id\":\"https:\/\/www.notibras.com\/site\/encontro-com-guilherme-um-dos-nossos-escribas\/\",\"url\":\"https:\/\/www.notibras.com\/site\/encontro-com-guilherme-um-dos-nossos-escribas\/\",\"name\":\"Encontro com Guilherme, um dos nossos escribas - Notibras\",\"isPartOf\":{\"@id\":\"https:\/\/www.notibras.com\/site\/#website\"},\"primaryImageOfPage\":{\"@id\":\"https:\/\/www.notibras.com\/site\/encontro-com-guilherme-um-dos-nossos-escribas\/#primaryimage\"},\"image\":{\"@id\":\"https:\/\/www.notibras.com\/site\/encontro-com-guilherme-um-dos-nossos-escribas\/#primaryimage\"},\"thumbnailUrl\":\"https:\/\/www.notibras.com\/site\/wp-content\/uploads\/2024\/01\/du.gui_.jpg\",\"datePublished\":\"2024-01-28T12:10:19+00:00\",\"dateModified\":\"2024-01-28T12:43:23+00:00\",\"breadcrumb\":{\"@id\":\"https:\/\/www.notibras.com\/site\/encontro-com-guilherme-um-dos-nossos-escribas\/#breadcrumb\"},\"inLanguage\":\"pt-BR\",\"potentialAction\":[{\"@type\":\"ReadAction\",\"target\":[\"https:\/\/www.notibras.com\/site\/encontro-com-guilherme-um-dos-nossos-escribas\/\"]}]},{\"@type\":\"ImageObject\",\"inLanguage\":\"pt-BR\",\"@id\":\"https:\/\/www.notibras.com\/site\/encontro-com-guilherme-um-dos-nossos-escribas\/#primaryimage\",\"url\":\"https:\/\/www.notibras.com\/site\/wp-content\/uploads\/2024\/01\/du.gui_.jpg\",\"contentUrl\":\"https:\/\/www.notibras.com\/site\/wp-content\/uploads\/2024\/01\/du.gui_.jpg\",\"width\":1280,\"height\":960},{\"@type\":\"BreadcrumbList\",\"@id\":\"https:\/\/www.notibras.com\/site\/encontro-com-guilherme-um-dos-nossos-escribas\/#breadcrumb\",\"itemListElement\":[{\"@type\":\"ListItem\",\"position\":1,\"name\":\"In\u00edcio\",\"item\":\"https:\/\/www.notibras.com\/site\/\"},{\"@type\":\"ListItem\",\"position\":2,\"name\":\"Encontro com Guilherme, um dos nossos escribas\"}]},{\"@type\":\"WebSite\",\"@id\":\"https:\/\/www.notibras.com\/site\/#website\",\"url\":\"https:\/\/www.notibras.com\/site\/\",\"name\":\"Notibras\",\"description\":\"Not\u00edcias de Bras\u00edlia, do Brasil e do Mundo\",\"publisher\":{\"@id\":\"https:\/\/www.notibras.com\/site\/#organization\"},\"potentialAction\":[{\"@type\":\"SearchAction\",\"target\":{\"@type\":\"EntryPoint\",\"urlTemplate\":\"https:\/\/www.notibras.com\/site\/?s={search_term_string}\"},\"query-input\":{\"@type\":\"PropertyValueSpecification\",\"valueRequired\":true,\"valueName\":\"search_term_string\"}}],\"inLanguage\":\"pt-BR\"},{\"@type\":\"Organization\",\"@id\":\"https:\/\/www.notibras.com\/site\/#organization\",\"name\":\"Grupo Notibras de Comunica\u00e7\u00e3o\",\"url\":\"https:\/\/www.notibras.com\/site\/\",\"logo\":{\"@type\":\"ImageObject\",\"inLanguage\":\"pt-BR\",\"@id\":\"https:\/\/www.notibras.com\/site\/#\/schema\/logo\/image\/\",\"url\":\"https:\/\/www.notibras.com\/site\/wp-content\/uploads\/2023\/01\/notibras23.png\",\"contentUrl\":\"https:\/\/www.notibras.com\/site\/wp-content\/uploads\/2023\/01\/notibras23.png\",\"width\":350,\"height\":87,\"caption\":\"Grupo Notibras de Comunica\u00e7\u00e3o\"},\"image\":{\"@id\":\"https:\/\/www.notibras.com\/site\/#\/schema\/logo\/image\/\"},\"sameAs\":[\"https:\/\/www.facebook.com\/notibras\/\",\"https:\/\/x.com\/Notibras\",\"https:\/\/www.instagram.com\/notibras\/\"]},{\"@type\":\"Person\",\"@id\":\"https:\/\/www.notibras.com\/site\/#\/schema\/person\/36ab0979449956132d3e5b517ea76ac8\",\"name\":\"Reda\u00e7\u00e3o\",\"image\":{\"@type\":\"ImageObject\",\"inLanguage\":\"pt-BR\",\"@id\":\"https:\/\/secure.gravatar.com\/avatar\/e0a867bdedb85fd243eadf09663511f96fc81e0720a4a42581f334ad4303aa6b?s=96&d=mm&r=g\",\"url\":\"https:\/\/secure.gravatar.com\/avatar\/e0a867bdedb85fd243eadf09663511f96fc81e0720a4a42581f334ad4303aa6b?s=96&d=mm&r=g\",\"contentUrl\":\"https:\/\/secure.gravatar.com\/avatar\/e0a867bdedb85fd243eadf09663511f96fc81e0720a4a42581f334ad4303aa6b?s=96&d=mm&r=g\",\"caption\":\"Reda\u00e7\u00e3o\"}}]}<\/script>\n<!-- \/ Yoast SEO plugin. -->","yoast_head_json":{"title":"Encontro com Guilherme, um dos nossos escribas - Notibras","robots":{"index":"index","follow":"follow","max-snippet":"max-snippet:-1","max-image-preview":"max-image-preview:large","max-video-preview":"max-video-preview:-1"},"canonical":"https:\/\/www.notibras.com\/site\/encontro-com-guilherme-um-dos-nossos-escribas\/","og_locale":"pt_BR","og_type":"article","og_title":"Encontro com Guilherme, um dos nossos escribas - Notibras","og_description":"No dia 12 de janeiro deste 2024 que se inicia, l\u00e1 estava eu de passagem por S\u00e3o Carlos, quando me dei conta que ali mora um dos grandes contistas\/cronistas contempor\u00e2neos. Seu nome? Ah, isso sei de cor e salteado, pois ele \u00e9 meu colega no Notibras: Guilherme Martins. Como n\u00e3o sabia se meu amigo estava [&hellip;]","og_url":"https:\/\/www.notibras.com\/site\/encontro-com-guilherme-um-dos-nossos-escribas\/","og_site_name":"Notibras","article_publisher":"https:\/\/www.facebook.com\/notibras\/","article_published_time":"2024-01-28T12:10:19+00:00","article_modified_time":"2024-01-28T12:43:23+00:00","og_image":[{"width":1280,"height":960,"url":"https:\/\/www.notibras.com\/site\/wp-content\/uploads\/2024\/01\/du.gui_.jpg","type":"image\/jpeg"}],"author":"Reda\u00e7\u00e3o","twitter_card":"summary_large_image","twitter_creator":"@Notibras","twitter_site":"@Notibras","twitter_misc":{"Escrito por":"Reda\u00e7\u00e3o","Est. tempo de leitura":"3 minutos"},"schema":{"@context":"https:\/\/schema.org","@graph":[{"@type":"Article","@id":"https:\/\/www.notibras.com\/site\/encontro-com-guilherme-um-dos-nossos-escribas\/#article","isPartOf":{"@id":"https:\/\/www.notibras.com\/site\/encontro-com-guilherme-um-dos-nossos-escribas\/"},"author":{"name":"Reda\u00e7\u00e3o","@id":"https:\/\/www.notibras.com\/site\/#\/schema\/person\/36ab0979449956132d3e5b517ea76ac8"},"headline":"Encontro com Guilherme, um dos nossos escribas","datePublished":"2024-01-28T12:10:19+00:00","dateModified":"2024-01-28T12:43:23+00:00","mainEntityOfPage":{"@id":"https:\/\/www.notibras.com\/site\/encontro-com-guilherme-um-dos-nossos-escribas\/"},"wordCount":529,"publisher":{"@id":"https:\/\/www.notibras.com\/site\/#organization"},"image":{"@id":"https:\/\/www.notibras.com\/site\/encontro-com-guilherme-um-dos-nossos-escribas\/#primaryimage"},"thumbnailUrl":"https:\/\/www.notibras.com\/site\/wp-content\/uploads\/2024\/01\/du.gui_.jpg","articleSection":["Quadradinho em Foco"],"inLanguage":"pt-BR"},{"@type":"WebPage","@id":"https:\/\/www.notibras.com\/site\/encontro-com-guilherme-um-dos-nossos-escribas\/","url":"https:\/\/www.notibras.com\/site\/encontro-com-guilherme-um-dos-nossos-escribas\/","name":"Encontro com Guilherme, um dos nossos escribas - Notibras","isPartOf":{"@id":"https:\/\/www.notibras.com\/site\/#website"},"primaryImageOfPage":{"@id":"https:\/\/www.notibras.com\/site\/encontro-com-guilherme-um-dos-nossos-escribas\/#primaryimage"},"image":{"@id":"https:\/\/www.notibras.com\/site\/encontro-com-guilherme-um-dos-nossos-escribas\/#primaryimage"},"thumbnailUrl":"https:\/\/www.notibras.com\/site\/wp-content\/uploads\/2024\/01\/du.gui_.jpg","datePublished":"2024-01-28T12:10:19+00:00","dateModified":"2024-01-28T12:43:23+00:00","breadcrumb":{"@id":"https:\/\/www.notibras.com\/site\/encontro-com-guilherme-um-dos-nossos-escribas\/#breadcrumb"},"inLanguage":"pt-BR","potentialAction":[{"@type":"ReadAction","target":["https:\/\/www.notibras.com\/site\/encontro-com-guilherme-um-dos-nossos-escribas\/"]}]},{"@type":"ImageObject","inLanguage":"pt-BR","@id":"https:\/\/www.notibras.com\/site\/encontro-com-guilherme-um-dos-nossos-escribas\/#primaryimage","url":"https:\/\/www.notibras.com\/site\/wp-content\/uploads\/2024\/01\/du.gui_.jpg","contentUrl":"https:\/\/www.notibras.com\/site\/wp-content\/uploads\/2024\/01\/du.gui_.jpg","width":1280,"height":960},{"@type":"BreadcrumbList","@id":"https:\/\/www.notibras.com\/site\/encontro-com-guilherme-um-dos-nossos-escribas\/#breadcrumb","itemListElement":[{"@type":"ListItem","position":1,"name":"In\u00edcio","item":"https:\/\/www.notibras.com\/site\/"},{"@type":"ListItem","position":2,"name":"Encontro com Guilherme, um dos nossos escribas"}]},{"@type":"WebSite","@id":"https:\/\/www.notibras.com\/site\/#website","url":"https:\/\/www.notibras.com\/site\/","name":"Notibras","description":"Not\u00edcias de Bras\u00edlia, do Brasil e do Mundo","publisher":{"@id":"https:\/\/www.notibras.com\/site\/#organization"},"potentialAction":[{"@type":"SearchAction","target":{"@type":"EntryPoint","urlTemplate":"https:\/\/www.notibras.com\/site\/?s={search_term_string}"},"query-input":{"@type":"PropertyValueSpecification","valueRequired":true,"valueName":"search_term_string"}}],"inLanguage":"pt-BR"},{"@type":"Organization","@id":"https:\/\/www.notibras.com\/site\/#organization","name":"Grupo Notibras de Comunica\u00e7\u00e3o","url":"https:\/\/www.notibras.com\/site\/","logo":{"@type":"ImageObject","inLanguage":"pt-BR","@id":"https:\/\/www.notibras.com\/site\/#\/schema\/logo\/image\/","url":"https:\/\/www.notibras.com\/site\/wp-content\/uploads\/2023\/01\/notibras23.png","contentUrl":"https:\/\/www.notibras.com\/site\/wp-content\/uploads\/2023\/01\/notibras23.png","width":350,"height":87,"caption":"Grupo Notibras de Comunica\u00e7\u00e3o"},"image":{"@id":"https:\/\/www.notibras.com\/site\/#\/schema\/logo\/image\/"},"sameAs":["https:\/\/www.facebook.com\/notibras\/","https:\/\/x.com\/Notibras","https:\/\/www.instagram.com\/notibras\/"]},{"@type":"Person","@id":"https:\/\/www.notibras.com\/site\/#\/schema\/person\/36ab0979449956132d3e5b517ea76ac8","name":"Reda\u00e7\u00e3o","image":{"@type":"ImageObject","inLanguage":"pt-BR","@id":"https:\/\/secure.gravatar.com\/avatar\/e0a867bdedb85fd243eadf09663511f96fc81e0720a4a42581f334ad4303aa6b?s=96&d=mm&r=g","url":"https:\/\/secure.gravatar.com\/avatar\/e0a867bdedb85fd243eadf09663511f96fc81e0720a4a42581f334ad4303aa6b?s=96&d=mm&r=g","contentUrl":"https:\/\/secure.gravatar.com\/avatar\/e0a867bdedb85fd243eadf09663511f96fc81e0720a4a42581f334ad4303aa6b?s=96&d=mm&r=g","caption":"Reda\u00e7\u00e3o"}}]}},"amp_enabled":true,"_links":{"self":[{"href":"https:\/\/www.notibras.com\/site\/wp-json\/wp\/v2\/posts\/321262","targetHints":{"allow":["GET"]}}],"collection":[{"href":"https:\/\/www.notibras.com\/site\/wp-json\/wp\/v2\/posts"}],"about":[{"href":"https:\/\/www.notibras.com\/site\/wp-json\/wp\/v2\/types\/post"}],"author":[{"embeddable":true,"href":"https:\/\/www.notibras.com\/site\/wp-json\/wp\/v2\/users\/2"}],"replies":[{"embeddable":true,"href":"https:\/\/www.notibras.com\/site\/wp-json\/wp\/v2\/comments?post=321262"}],"version-history":[{"count":2,"href":"https:\/\/www.notibras.com\/site\/wp-json\/wp\/v2\/posts\/321262\/revisions"}],"predecessor-version":[{"id":321269,"href":"https:\/\/www.notibras.com\/site\/wp-json\/wp\/v2\/posts\/321262\/revisions\/321269"}],"wp:featuredmedia":[{"embeddable":true,"href":"https:\/\/www.notibras.com\/site\/wp-json\/wp\/v2\/media\/321263"}],"wp:attachment":[{"href":"https:\/\/www.notibras.com\/site\/wp-json\/wp\/v2\/media?parent=321262"}],"wp:term":[{"taxonomy":"category","embeddable":true,"href":"https:\/\/www.notibras.com\/site\/wp-json\/wp\/v2\/categories?post=321262"},{"taxonomy":"post_tag","embeddable":true,"href":"https:\/\/www.notibras.com\/site\/wp-json\/wp\/v2\/tags?post=321262"}],"curies":[{"name":"wp","href":"https:\/\/api.w.org\/{rel}","templated":true}]}}