{"id":321329,"date":"2024-01-29T00:28:15","date_gmt":"2024-01-29T03:28:15","guid":{"rendered":"https:\/\/www.notibras.com\/site\/?p=321329"},"modified":"2024-01-29T07:30:21","modified_gmt":"2024-01-29T10:30:21","slug":"luta-pela-visibilidade-trans-reune-ativistas-em-brasilia","status":"publish","type":"post","link":"https:\/\/www.notibras.com\/site\/luta-pela-visibilidade-trans-reune-ativistas-em-brasilia\/","title":{"rendered":"Luta pela visibilidade trans re\u00fane ativistas em Bras\u00edlia"},"content":{"rendered":"<p>Travestis e Transexuais de diversas partes do Brasil se reuniram em Bras\u00edlia, desde a tarde at\u00e9 a noite deste domingo (28), na primeira marcha pela visibilidade trans, que celebra os 20 anos do Dia Nacional da Visibilidade Trans, em 29 de janeiro.<\/p>\n<p>A \u201cMarsha\u201d Trans Brasil \u00e9 organizada pela Associa\u00e7\u00e3o Nacional de Travestis e Transexuais (Antra) e pelo Instituto Brasileiro de Transmasculinidades (Ibrat). A \u201cMarsha\u201d, grafada com S, faz refer\u00eancia \u00e0 ativista norte-americana Marsha P. Johnson. A drag queen se identificava como gay e travesti e lutou pelos direitos da comunidade LGBTQIA+, entre o fim da d\u00e9cada de 1960 e meados dos anos 1970.<\/p>\n<p>As deputadas federais Erika Hilton (PSol-SP) e Duda Salabert (PDT-MG), as primeiras parlamentares federais trans do pa\u00eds, s\u00e3o madrinhas desta marcha.<\/p>\n<p>A secret\u00e1ria de Articula\u00e7\u00e3o Pol\u00edtica da Antra, Bruna Benevides, afirma que a pauta priorit\u00e1ria do movimento \u00e9 o direito \u00e0 vida das pessoas trans, com o fim da transfobia. \u201cA comunidade trans ainda n\u00e3o tem assegurado o direito \u00e0 vida plenamente no Brasil. Isso \u00e9 muito grave! Porque, se n\u00f3s temos uma viol\u00eancia sistem\u00e1tica que alcan\u00e7a a nossa comunidade, como \u00e9 que a gente vai pensar em outras pol\u00edticas p\u00fablicas?\u201d, questiona.<\/p>\n<p>Bruna Benevides tamb\u00e9m cobra a efetiva\u00e7\u00e3o de pol\u00edticas p\u00fablicas, a ratifica\u00e7\u00e3o de conquistas, al\u00e9m da destina\u00e7\u00e3o de recursos financeiros \u00e0 Secret\u00e1ria Nacional LGBTQIA+ do Minist\u00e9rio dos Direitos Humanos e da Cidadania.<\/p>\n<p>\u201cNeste momento, que o governo federal saia do arm\u00e1rio e assuma um compromisso com a vida das pessoas trans\u201d, cobra. \u201cPorque, quando a gente v\u00ea a luta antirracista avan\u00e7ar, a luta das mulheres, o combate \u00e0 misoginia, o combate \u00e0 viol\u00eancia de g\u00eanero, o combate ao genoc\u00eddio dos nossos povos origin\u00e1rios, ou mesmo a prote\u00e7\u00e3o de povos ind\u00edgenas e de nossas crian\u00e7as e idosos, a gente fica espantado e pergunta: quando vai chegar a comunidade LGBTQIA+? Porque a gente ainda n\u00e3o est\u00e1 posicionado na centralidade desse processo?\u201d, acrescenta.<\/p>\n<p>A transexualidade \u00e9 um aspecto da diversidade de g\u00eanero, em que os indiv\u00edduos n\u00e3o se identificam com o g\u00eanero que lhes foi atribu\u00eddo no nascimento e pode n\u00e3o se alinhar com os padr\u00f5es tradicionais masculinos ou femininos.<\/p>\n<p><strong>Festa e luta<\/strong><br \/>\nNa concentra\u00e7\u00e3o, no in\u00edcio da tarde, em frente ao Congresso Nacional, uma bandeira com as cores do movimento trans (rosa, azul e branco) recebeu mensagens escritas e assinaturas das pessoas presentes. E ao redor da bandeira, centenas de ativistas dan\u00e7aram ao som do verso da can\u00e7\u00e3o \u201cFlutua\u201d, do cantor brasileiro Johnny Hooker e da cantora trans Liniker: \u201cNingu\u00e9m vai poder querer nos dizer como amar\u201d.<\/p>\n<p>A respons\u00e1vel pela discotecagem, no alto de trio el\u00e9trico, a DJ [disc jockey] Ella Nasser, de 32 anos, afirma que os corpos trans s\u00e3o v\u00edtimas preferenciais da viol\u00eancia no pa\u00eds. \u201cSomos as primeiras a morrer. E a gente n\u00e3o pode deixar os outros confort\u00e1veis em matar a gente, nos violentar e nos colocar em vulnerabilidade. Precisamos, realmente, mostrar para as pessoas que n\u00e3o devem fazer barulho s\u00f3 para a popula\u00e7\u00e3o, mas, principalmente, para o governo. Mostrar para eles que a gente existe.\u201d<\/p>\n<p>A trans Laynna Souza, que conquistou o t\u00edtulo Miss Brasil Diversidade 2022, ostentou a faixa e a coroa na marcha trans. Ela veio a Bras\u00edlia pela primeira vez, vinda Manaus (AM), onde tem um sal\u00e3o de beleza e tamb\u00e9m trabalha com transexuais em situa\u00e7\u00e3o de rua, no projeto \u201cViva melhor com sua identidade de g\u00eanero\u201d. \u201cQuero mais dignidade, mais respeito, mais compaix\u00e3o e que n\u00e3o as vejam apenas como corpos e, sim, como pessoas, como seres humanos. Essas vidas s\u00e3o importantes para n\u00f3s.\u201d<\/p>\n<p><strong>Cren\u00e7a e religiosidade<\/strong><br \/>\nO respeito \u00e0 cren\u00e7a e religiosidade das pessoas trans foi outra bandeira levantada durante a marcha, em Bras\u00edlia. A coordenadora Nacional da Conex\u00e3o Nacional de Mulheres Transsexuais e Travestis de Ax\u00e9 (Conat), Fernanda de Oya de Xang\u00f4, de 52 anos, entende que a luta nunca pode parar para n\u00e3o serem invisibilizadas e pede inclus\u00e3o. \u201cInfelizmente, o acolhimento a n\u00f3s ainda n\u00e3o existe totalmente. S\u00f3 queremos ser reconhecidas, ter a nossa identidade feminina dentro das casas de ax\u00e9. Por causa do colonialismo, por causa desse patriarcado, que \u00e9 fundamentalista, n\u00e3o v\u00ea muitas de n\u00f3s como m\u00e3es de santo\u201d.<\/p>\n<p>Vestida da cabe\u00e7a aos p\u00e9s de rosa choque, maquiada e segurando um leque enorme, a assistente social Camila Lima, de 39 anos, chamou a aten\u00e7\u00e3o do p\u00fablico e foi bastante procurada para tirar fotos. Ela coordena uma unidade de acolhimento do albergue municipal de Primavera do Leste (MT) e conta que tem 20 anos de trajet\u00f3ria como ativista e representante da resist\u00eancia da popula\u00e7\u00e3o trans.<\/p>\n<p>\u201cChegou o momento de a gente soltar a nossa voz, expor as nossas necessidades e mostrar que os preconceitos ainda nos batem muito fortemente. E nossas dificuldades e obst\u00e1culos ainda s\u00e3o muitos. Temos necessidades espec\u00edficas.\u201d<\/p>\n<p>Ludmila Santiago, integrante da associa\u00e7\u00e3o pelos direitos de travestis e transexuais do g\u00eanero feminino do Distrito Federal, Nave Trans, protesta contra a manuten\u00e7\u00e3o na nova Carteira Nacional de Identidade (CNI) da distin\u00e7\u00e3o entre os nomes de registro civil e social e tamb\u00e9m o campo &#8220;sexo&#8221;, no documento, o que ela considera um retrocesso. \u201cDepois de muito di\u00e1logo com o movimento social, infelizmente, voltaram com a ideia de colocar e demarcar o \u2018sexo\u2019 nesse documento, o que faz com que ele seja extremamente transf\u00f3bico para a apresenta\u00e7\u00e3o de pessoas travestis e transexuais\u201d, avalia a representante da Nave Trans.<\/p>\n<p><strong>Direitos<\/strong><br \/>\nA Defensoria P\u00fablica do Distrito Federal itinerante esteve presente na marcha para atuar na defesa e promo\u00e7\u00e3o de direitos das pessoas trans, em quest\u00f5es jur\u00eddicas espec\u00edficas como retifica\u00e7\u00e3o de nome e g\u00eanero no registro civil, repara\u00e7\u00e3o por viola\u00e7\u00f5es de direitos, cometidas pelo Estado, pessoas e entes privados, explicou o defensor P\u00fablico, Ronan Figueiredo.<\/p>\n<p>\u201cA sociedade, como um todo, \u00e9 estruturalmente transf\u00f3bica. Nenhum equipamento, nenhuma institui\u00e7\u00e3o est\u00e1 livre disso, seja o sistema de justi\u00e7a, seja da sa\u00fade, seja da educa\u00e7\u00e3o. Mas, eu posso falar que a Defensoria P\u00fablica do Distrito Federal tem um compromisso radical de uma atua\u00e7\u00e3o anti discriminat\u00f3ria e anti transf\u00f3bica, em especial\u201d, garantiu o defensor.<\/p>\n<p><strong>Eventos<\/strong><br \/>\nEm S\u00e3o Paulo, tamb\u00e9m, neste domingo, ocorreu a VIII Caminhada Trans com o tema Pelo Direito de Sobreviver, Existir e Resistir, coordenada pela organiza\u00e7\u00e3o n\u00e3o governamental (ONG) Projeto S\u00e9foras. Nesta edi\u00e7\u00e3o, a caminhada partiu do v\u00e3o do Museu de Arte de S\u00e3o Paulo (Masp), na Avenida Paulista, seguiu pela rua Augusta at\u00e9 chegar ao Largo do Arouche, no centro da capital paulista.<\/p>\n<p>Nesta segunda-feira (29) uma sess\u00e3o solene no Congresso Nacional marcar\u00e1 os 20 anos da data criada, em 2004, ap\u00f3s sess\u00e3o legislativa de apresenta\u00e7\u00e3o da campanha Travesti e Respeito, do Minist\u00e9rio da Sa\u00fade. O dia da Visibilidade Trans.<\/p>\n<p>No finmal da tarde, a Antra apresentar\u00e1, no audit\u00f3rio do Minist\u00e9rio dos Direitos Humanos e da Cidadania (MDHC), o Dossi\u00ea Assassinatos e viol\u00eancias contra travestis e transexuais brasileiras \u2013 2024, com dados de 2023.<\/p>\n<p>Na ocasi\u00e3o, est\u00e1 prevista a entrega do trof\u00e9u Fernanda Benvenutty, em homenagem \u00e0 militante transsexual de Jo\u00e3o Pessoa (PB), que atuou em defesa os direitos de transg\u00eaneros, morta em 2020, aos 57 anos.<\/p>\n<p>Na ter\u00e7a-feira (30), o semin\u00e1rio Travestis e Mulheres Trans na Pol\u00edtica Internacional marcar\u00e1 o encerramento das atividades relacionadas aos 20 anos da data que destaca a visibilidade trans.<\/p>\n","protected":false},"excerpt":{"rendered":"<p>Travestis e Transexuais de diversas partes do Brasil se reuniram em Bras\u00edlia, desde a tarde at\u00e9 a noite deste domingo (28), na primeira marcha pela visibilidade trans, que celebra os 20 anos do Dia Nacional da Visibilidade Trans, em 29 de janeiro. A \u201cMarsha\u201d Trans Brasil \u00e9 organizada pela Associa\u00e7\u00e3o Nacional de Travestis e Transexuais [&hellip;]<\/p>\n","protected":false},"author":2,"featured_media":321330,"comment_status":"closed","ping_status":"closed","sticky":false,"template":"","format":"standard","meta":{"_acf_changed":false,"footnotes":""},"categories":[161],"tags":[95],"class_list":["post-321329","post","type-post","status-publish","format-standard","has-post-thumbnail","hentry","category-quadradinho-em-foco","tag-capa"],"acf":[],"yoast_head":"<!-- This site is optimized with the Yoast SEO plugin v27.2 - https:\/\/yoast.com\/product\/yoast-seo-wordpress\/ -->\n<title>Luta pela visibilidade trans re\u00fane ativistas em Bras\u00edlia - Notibras<\/title>\n<meta name=\"robots\" content=\"index, follow, max-snippet:-1, max-image-preview:large, max-video-preview:-1\" \/>\n<link rel=\"canonical\" href=\"https:\/\/www.notibras.com\/site\/luta-pela-visibilidade-trans-reune-ativistas-em-brasilia\/\" \/>\n<meta property=\"og:locale\" content=\"pt_BR\" \/>\n<meta property=\"og:type\" content=\"article\" \/>\n<meta property=\"og:title\" content=\"Luta pela visibilidade trans re\u00fane ativistas em Bras\u00edlia - Notibras\" \/>\n<meta property=\"og:description\" content=\"Travestis e Transexuais de diversas partes do Brasil se reuniram em Bras\u00edlia, desde a tarde at\u00e9 a noite deste domingo (28), na primeira marcha pela visibilidade trans, que celebra os 20 anos do Dia Nacional da Visibilidade Trans, em 29 de janeiro. A \u201cMarsha\u201d Trans Brasil \u00e9 organizada pela Associa\u00e7\u00e3o Nacional de Travestis e Transexuais [&hellip;]\" \/>\n<meta property=\"og:url\" content=\"https:\/\/www.notibras.com\/site\/luta-pela-visibilidade-trans-reune-ativistas-em-brasilia\/\" \/>\n<meta property=\"og:site_name\" content=\"Notibras\" \/>\n<meta property=\"article:publisher\" content=\"https:\/\/www.facebook.com\/notibras\/\" \/>\n<meta property=\"article:published_time\" content=\"2024-01-29T03:28:15+00:00\" \/>\n<meta property=\"article:modified_time\" content=\"2024-01-29T10:30:21+00:00\" \/>\n<meta property=\"og:image\" content=\"https:\/\/www.notibras.com\/site\/wp-content\/uploads\/2024\/01\/trans.vi_.df_.webp\" \/>\n\t<meta property=\"og:image:width\" content=\"1170\" \/>\n\t<meta property=\"og:image:height\" content=\"700\" \/>\n\t<meta property=\"og:image:type\" content=\"image\/webp\" \/>\n<meta name=\"author\" content=\"Reda\u00e7\u00e3o\" \/>\n<meta name=\"twitter:card\" content=\"summary_large_image\" \/>\n<meta name=\"twitter:creator\" content=\"@Notibras\" \/>\n<meta name=\"twitter:site\" content=\"@Notibras\" \/>\n<meta name=\"twitter:label1\" content=\"Escrito por\" \/>\n\t<meta name=\"twitter:data1\" content=\"Reda\u00e7\u00e3o\" \/>\n\t<meta name=\"twitter:label2\" content=\"Est. tempo de leitura\" \/>\n\t<meta name=\"twitter:data2\" content=\"7 minutos\" \/>\n<script type=\"application\/ld+json\" class=\"yoast-schema-graph\">{\"@context\":\"https:\/\/schema.org\",\"@graph\":[{\"@type\":\"Article\",\"@id\":\"https:\/\/www.notibras.com\/site\/luta-pela-visibilidade-trans-reune-ativistas-em-brasilia\/#article\",\"isPartOf\":{\"@id\":\"https:\/\/www.notibras.com\/site\/luta-pela-visibilidade-trans-reune-ativistas-em-brasilia\/\"},\"author\":{\"name\":\"Reda\u00e7\u00e3o\",\"@id\":\"https:\/\/www.notibras.com\/site\/#\/schema\/person\/36ab0979449956132d3e5b517ea76ac8\"},\"headline\":\"Luta pela visibilidade trans re\u00fane ativistas em Bras\u00edlia\",\"datePublished\":\"2024-01-29T03:28:15+00:00\",\"dateModified\":\"2024-01-29T10:30:21+00:00\",\"mainEntityOfPage\":{\"@id\":\"https:\/\/www.notibras.com\/site\/luta-pela-visibilidade-trans-reune-ativistas-em-brasilia\/\"},\"wordCount\":1300,\"publisher\":{\"@id\":\"https:\/\/www.notibras.com\/site\/#organization\"},\"image\":{\"@id\":\"https:\/\/www.notibras.com\/site\/luta-pela-visibilidade-trans-reune-ativistas-em-brasilia\/#primaryimage\"},\"thumbnailUrl\":\"https:\/\/www.notibras.com\/site\/wp-content\/uploads\/2024\/01\/trans.vi_.df_.webp\",\"keywords\":[\"capa\"],\"articleSection\":[\"Quadradinho em Foco\"],\"inLanguage\":\"pt-BR\"},{\"@type\":\"WebPage\",\"@id\":\"https:\/\/www.notibras.com\/site\/luta-pela-visibilidade-trans-reune-ativistas-em-brasilia\/\",\"url\":\"https:\/\/www.notibras.com\/site\/luta-pela-visibilidade-trans-reune-ativistas-em-brasilia\/\",\"name\":\"Luta pela visibilidade trans re\u00fane ativistas em Bras\u00edlia - Notibras\",\"isPartOf\":{\"@id\":\"https:\/\/www.notibras.com\/site\/#website\"},\"primaryImageOfPage\":{\"@id\":\"https:\/\/www.notibras.com\/site\/luta-pela-visibilidade-trans-reune-ativistas-em-brasilia\/#primaryimage\"},\"image\":{\"@id\":\"https:\/\/www.notibras.com\/site\/luta-pela-visibilidade-trans-reune-ativistas-em-brasilia\/#primaryimage\"},\"thumbnailUrl\":\"https:\/\/www.notibras.com\/site\/wp-content\/uploads\/2024\/01\/trans.vi_.df_.webp\",\"datePublished\":\"2024-01-29T03:28:15+00:00\",\"dateModified\":\"2024-01-29T10:30:21+00:00\",\"breadcrumb\":{\"@id\":\"https:\/\/www.notibras.com\/site\/luta-pela-visibilidade-trans-reune-ativistas-em-brasilia\/#breadcrumb\"},\"inLanguage\":\"pt-BR\",\"potentialAction\":[{\"@type\":\"ReadAction\",\"target\":[\"https:\/\/www.notibras.com\/site\/luta-pela-visibilidade-trans-reune-ativistas-em-brasilia\/\"]}]},{\"@type\":\"ImageObject\",\"inLanguage\":\"pt-BR\",\"@id\":\"https:\/\/www.notibras.com\/site\/luta-pela-visibilidade-trans-reune-ativistas-em-brasilia\/#primaryimage\",\"url\":\"https:\/\/www.notibras.com\/site\/wp-content\/uploads\/2024\/01\/trans.vi_.df_.webp\",\"contentUrl\":\"https:\/\/www.notibras.com\/site\/wp-content\/uploads\/2024\/01\/trans.vi_.df_.webp\",\"width\":1170,\"height\":700},{\"@type\":\"BreadcrumbList\",\"@id\":\"https:\/\/www.notibras.com\/site\/luta-pela-visibilidade-trans-reune-ativistas-em-brasilia\/#breadcrumb\",\"itemListElement\":[{\"@type\":\"ListItem\",\"position\":1,\"name\":\"In\u00edcio\",\"item\":\"https:\/\/www.notibras.com\/site\/\"},{\"@type\":\"ListItem\",\"position\":2,\"name\":\"Luta pela visibilidade trans re\u00fane ativistas em Bras\u00edlia\"}]},{\"@type\":\"WebSite\",\"@id\":\"https:\/\/www.notibras.com\/site\/#website\",\"url\":\"https:\/\/www.notibras.com\/site\/\",\"name\":\"Notibras\",\"description\":\"Not\u00edcias de Bras\u00edlia, do Brasil e do Mundo\",\"publisher\":{\"@id\":\"https:\/\/www.notibras.com\/site\/#organization\"},\"potentialAction\":[{\"@type\":\"SearchAction\",\"target\":{\"@type\":\"EntryPoint\",\"urlTemplate\":\"https:\/\/www.notibras.com\/site\/?s={search_term_string}\"},\"query-input\":{\"@type\":\"PropertyValueSpecification\",\"valueRequired\":true,\"valueName\":\"search_term_string\"}}],\"inLanguage\":\"pt-BR\"},{\"@type\":\"Organization\",\"@id\":\"https:\/\/www.notibras.com\/site\/#organization\",\"name\":\"Grupo Notibras de Comunica\u00e7\u00e3o\",\"url\":\"https:\/\/www.notibras.com\/site\/\",\"logo\":{\"@type\":\"ImageObject\",\"inLanguage\":\"pt-BR\",\"@id\":\"https:\/\/www.notibras.com\/site\/#\/schema\/logo\/image\/\",\"url\":\"https:\/\/www.notibras.com\/site\/wp-content\/uploads\/2023\/01\/notibras23.png\",\"contentUrl\":\"https:\/\/www.notibras.com\/site\/wp-content\/uploads\/2023\/01\/notibras23.png\",\"width\":350,\"height\":87,\"caption\":\"Grupo Notibras de Comunica\u00e7\u00e3o\"},\"image\":{\"@id\":\"https:\/\/www.notibras.com\/site\/#\/schema\/logo\/image\/\"},\"sameAs\":[\"https:\/\/www.facebook.com\/notibras\/\",\"https:\/\/x.com\/Notibras\",\"https:\/\/www.instagram.com\/notibras\/\"]},{\"@type\":\"Person\",\"@id\":\"https:\/\/www.notibras.com\/site\/#\/schema\/person\/36ab0979449956132d3e5b517ea76ac8\",\"name\":\"Reda\u00e7\u00e3o\",\"image\":{\"@type\":\"ImageObject\",\"inLanguage\":\"pt-BR\",\"@id\":\"https:\/\/secure.gravatar.com\/avatar\/e0a867bdedb85fd243eadf09663511f96fc81e0720a4a42581f334ad4303aa6b?s=96&d=mm&r=g\",\"url\":\"https:\/\/secure.gravatar.com\/avatar\/e0a867bdedb85fd243eadf09663511f96fc81e0720a4a42581f334ad4303aa6b?s=96&d=mm&r=g\",\"contentUrl\":\"https:\/\/secure.gravatar.com\/avatar\/e0a867bdedb85fd243eadf09663511f96fc81e0720a4a42581f334ad4303aa6b?s=96&d=mm&r=g\",\"caption\":\"Reda\u00e7\u00e3o\"}}]}<\/script>\n<!-- \/ Yoast SEO plugin. -->","yoast_head_json":{"title":"Luta pela visibilidade trans re\u00fane ativistas em Bras\u00edlia - Notibras","robots":{"index":"index","follow":"follow","max-snippet":"max-snippet:-1","max-image-preview":"max-image-preview:large","max-video-preview":"max-video-preview:-1"},"canonical":"https:\/\/www.notibras.com\/site\/luta-pela-visibilidade-trans-reune-ativistas-em-brasilia\/","og_locale":"pt_BR","og_type":"article","og_title":"Luta pela visibilidade trans re\u00fane ativistas em Bras\u00edlia - Notibras","og_description":"Travestis e Transexuais de diversas partes do Brasil se reuniram em Bras\u00edlia, desde a tarde at\u00e9 a noite deste domingo (28), na primeira marcha pela visibilidade trans, que celebra os 20 anos do Dia Nacional da Visibilidade Trans, em 29 de janeiro. A \u201cMarsha\u201d Trans Brasil \u00e9 organizada pela Associa\u00e7\u00e3o Nacional de Travestis e Transexuais [&hellip;]","og_url":"https:\/\/www.notibras.com\/site\/luta-pela-visibilidade-trans-reune-ativistas-em-brasilia\/","og_site_name":"Notibras","article_publisher":"https:\/\/www.facebook.com\/notibras\/","article_published_time":"2024-01-29T03:28:15+00:00","article_modified_time":"2024-01-29T10:30:21+00:00","og_image":[{"width":1170,"height":700,"url":"https:\/\/www.notibras.com\/site\/wp-content\/uploads\/2024\/01\/trans.vi_.df_.webp","type":"image\/webp"}],"author":"Reda\u00e7\u00e3o","twitter_card":"summary_large_image","twitter_creator":"@Notibras","twitter_site":"@Notibras","twitter_misc":{"Escrito por":"Reda\u00e7\u00e3o","Est. tempo de leitura":"7 minutos"},"schema":{"@context":"https:\/\/schema.org","@graph":[{"@type":"Article","@id":"https:\/\/www.notibras.com\/site\/luta-pela-visibilidade-trans-reune-ativistas-em-brasilia\/#article","isPartOf":{"@id":"https:\/\/www.notibras.com\/site\/luta-pela-visibilidade-trans-reune-ativistas-em-brasilia\/"},"author":{"name":"Reda\u00e7\u00e3o","@id":"https:\/\/www.notibras.com\/site\/#\/schema\/person\/36ab0979449956132d3e5b517ea76ac8"},"headline":"Luta pela visibilidade trans re\u00fane ativistas em Bras\u00edlia","datePublished":"2024-01-29T03:28:15+00:00","dateModified":"2024-01-29T10:30:21+00:00","mainEntityOfPage":{"@id":"https:\/\/www.notibras.com\/site\/luta-pela-visibilidade-trans-reune-ativistas-em-brasilia\/"},"wordCount":1300,"publisher":{"@id":"https:\/\/www.notibras.com\/site\/#organization"},"image":{"@id":"https:\/\/www.notibras.com\/site\/luta-pela-visibilidade-trans-reune-ativistas-em-brasilia\/#primaryimage"},"thumbnailUrl":"https:\/\/www.notibras.com\/site\/wp-content\/uploads\/2024\/01\/trans.vi_.df_.webp","keywords":["capa"],"articleSection":["Quadradinho em Foco"],"inLanguage":"pt-BR"},{"@type":"WebPage","@id":"https:\/\/www.notibras.com\/site\/luta-pela-visibilidade-trans-reune-ativistas-em-brasilia\/","url":"https:\/\/www.notibras.com\/site\/luta-pela-visibilidade-trans-reune-ativistas-em-brasilia\/","name":"Luta pela visibilidade trans re\u00fane ativistas em Bras\u00edlia - Notibras","isPartOf":{"@id":"https:\/\/www.notibras.com\/site\/#website"},"primaryImageOfPage":{"@id":"https:\/\/www.notibras.com\/site\/luta-pela-visibilidade-trans-reune-ativistas-em-brasilia\/#primaryimage"},"image":{"@id":"https:\/\/www.notibras.com\/site\/luta-pela-visibilidade-trans-reune-ativistas-em-brasilia\/#primaryimage"},"thumbnailUrl":"https:\/\/www.notibras.com\/site\/wp-content\/uploads\/2024\/01\/trans.vi_.df_.webp","datePublished":"2024-01-29T03:28:15+00:00","dateModified":"2024-01-29T10:30:21+00:00","breadcrumb":{"@id":"https:\/\/www.notibras.com\/site\/luta-pela-visibilidade-trans-reune-ativistas-em-brasilia\/#breadcrumb"},"inLanguage":"pt-BR","potentialAction":[{"@type":"ReadAction","target":["https:\/\/www.notibras.com\/site\/luta-pela-visibilidade-trans-reune-ativistas-em-brasilia\/"]}]},{"@type":"ImageObject","inLanguage":"pt-BR","@id":"https:\/\/www.notibras.com\/site\/luta-pela-visibilidade-trans-reune-ativistas-em-brasilia\/#primaryimage","url":"https:\/\/www.notibras.com\/site\/wp-content\/uploads\/2024\/01\/trans.vi_.df_.webp","contentUrl":"https:\/\/www.notibras.com\/site\/wp-content\/uploads\/2024\/01\/trans.vi_.df_.webp","width":1170,"height":700},{"@type":"BreadcrumbList","@id":"https:\/\/www.notibras.com\/site\/luta-pela-visibilidade-trans-reune-ativistas-em-brasilia\/#breadcrumb","itemListElement":[{"@type":"ListItem","position":1,"name":"In\u00edcio","item":"https:\/\/www.notibras.com\/site\/"},{"@type":"ListItem","position":2,"name":"Luta pela visibilidade trans re\u00fane ativistas em Bras\u00edlia"}]},{"@type":"WebSite","@id":"https:\/\/www.notibras.com\/site\/#website","url":"https:\/\/www.notibras.com\/site\/","name":"Notibras","description":"Not\u00edcias de Bras\u00edlia, do Brasil e do Mundo","publisher":{"@id":"https:\/\/www.notibras.com\/site\/#organization"},"potentialAction":[{"@type":"SearchAction","target":{"@type":"EntryPoint","urlTemplate":"https:\/\/www.notibras.com\/site\/?s={search_term_string}"},"query-input":{"@type":"PropertyValueSpecification","valueRequired":true,"valueName":"search_term_string"}}],"inLanguage":"pt-BR"},{"@type":"Organization","@id":"https:\/\/www.notibras.com\/site\/#organization","name":"Grupo Notibras de Comunica\u00e7\u00e3o","url":"https:\/\/www.notibras.com\/site\/","logo":{"@type":"ImageObject","inLanguage":"pt-BR","@id":"https:\/\/www.notibras.com\/site\/#\/schema\/logo\/image\/","url":"https:\/\/www.notibras.com\/site\/wp-content\/uploads\/2023\/01\/notibras23.png","contentUrl":"https:\/\/www.notibras.com\/site\/wp-content\/uploads\/2023\/01\/notibras23.png","width":350,"height":87,"caption":"Grupo Notibras de Comunica\u00e7\u00e3o"},"image":{"@id":"https:\/\/www.notibras.com\/site\/#\/schema\/logo\/image\/"},"sameAs":["https:\/\/www.facebook.com\/notibras\/","https:\/\/x.com\/Notibras","https:\/\/www.instagram.com\/notibras\/"]},{"@type":"Person","@id":"https:\/\/www.notibras.com\/site\/#\/schema\/person\/36ab0979449956132d3e5b517ea76ac8","name":"Reda\u00e7\u00e3o","image":{"@type":"ImageObject","inLanguage":"pt-BR","@id":"https:\/\/secure.gravatar.com\/avatar\/e0a867bdedb85fd243eadf09663511f96fc81e0720a4a42581f334ad4303aa6b?s=96&d=mm&r=g","url":"https:\/\/secure.gravatar.com\/avatar\/e0a867bdedb85fd243eadf09663511f96fc81e0720a4a42581f334ad4303aa6b?s=96&d=mm&r=g","contentUrl":"https:\/\/secure.gravatar.com\/avatar\/e0a867bdedb85fd243eadf09663511f96fc81e0720a4a42581f334ad4303aa6b?s=96&d=mm&r=g","caption":"Reda\u00e7\u00e3o"}}]}},"amp_enabled":true,"_links":{"self":[{"href":"https:\/\/www.notibras.com\/site\/wp-json\/wp\/v2\/posts\/321329","targetHints":{"allow":["GET"]}}],"collection":[{"href":"https:\/\/www.notibras.com\/site\/wp-json\/wp\/v2\/posts"}],"about":[{"href":"https:\/\/www.notibras.com\/site\/wp-json\/wp\/v2\/types\/post"}],"author":[{"embeddable":true,"href":"https:\/\/www.notibras.com\/site\/wp-json\/wp\/v2\/users\/2"}],"replies":[{"embeddable":true,"href":"https:\/\/www.notibras.com\/site\/wp-json\/wp\/v2\/comments?post=321329"}],"version-history":[{"count":1,"href":"https:\/\/www.notibras.com\/site\/wp-json\/wp\/v2\/posts\/321329\/revisions"}],"predecessor-version":[{"id":321331,"href":"https:\/\/www.notibras.com\/site\/wp-json\/wp\/v2\/posts\/321329\/revisions\/321331"}],"wp:featuredmedia":[{"embeddable":true,"href":"https:\/\/www.notibras.com\/site\/wp-json\/wp\/v2\/media\/321330"}],"wp:attachment":[{"href":"https:\/\/www.notibras.com\/site\/wp-json\/wp\/v2\/media?parent=321329"}],"wp:term":[{"taxonomy":"category","embeddable":true,"href":"https:\/\/www.notibras.com\/site\/wp-json\/wp\/v2\/categories?post=321329"},{"taxonomy":"post_tag","embeddable":true,"href":"https:\/\/www.notibras.com\/site\/wp-json\/wp\/v2\/tags?post=321329"}],"curies":[{"name":"wp","href":"https:\/\/api.w.org\/{rel}","templated":true}]}}