{"id":32133,"date":"2014-12-25T09:11:34","date_gmt":"2014-12-25T12:11:34","guid":{"rendered":"http:\/\/www.notibras.com\/site\/?p=32133"},"modified":"2014-12-26T07:38:09","modified_gmt":"2014-12-26T10:38:09","slug":"claro-tim-e-vivo-cortarao-internet-apos-fim-de-franquia-dos-planos-pre-pago-e-controle","status":"publish","type":"post","link":"https:\/\/www.notibras.com\/site\/claro-tim-e-vivo-cortarao-internet-apos-fim-de-franquia-dos-planos-pre-pago-e-controle\/","title":{"rendered":"Operadoras cortar\u00e3o internet ap\u00f3s a franquia do pr\u00e9-pago"},"content":{"rendered":"<p>As operadoras Claro, Vivo e TIM iniciar\u00e3o o corte da internet m\u00f3vel dos clientes dos planos pr\u00e9-pagos e controle que usarem toda a franquia antes do fim do m\u00eas. Navegar com velocidade reduzida ser\u00e1 bem mais dif\u00edcil a partir de janeiro.<\/p>\n<p>Os clientes da Claro que usarem todo o pacote contratado ter\u00e3o o servi\u00e7o de navega\u00e7\u00e3o suspenso a partir do dia 28. A Vivo estender\u00e1 a mesma estrat\u00e9gia, j\u00e1 implantada para ga\u00fachos e mineiros, a partir do dia 30 para mais 11 Estados e o Distrito Federal.<\/p>\n<p>A mudan\u00e7a ser\u00e1 aplicada a usu\u00e1rios dos planos da Vivo nos Estados do Acre, Amap\u00e1, Amazonas, Goi\u00e1s, Maranh\u00e3o, Mato Grosso, Mato Grosso do Sul, Par\u00e1, Rond\u00f4nia, Roraima e Tocantins, al\u00e9m do Distrito Federal.<\/p>\n<p>A TIM publicou em seu site que, a partir de 15 de janeiro, a conex\u00e3o ser\u00e1 interrompida ao limite da franquia di\u00e1ria para planos Infinity Web 10, Web 30, Web 100, Web 10+Torpedo, Web30+Torpedo e Turbo 7. A implementa\u00e7\u00e3o come\u00e7a nos Estados de Pernambuco, Rio Grande do Sul e S\u00e3o Paulo (na \u00e1rea de DDD 19, no interior). Os planos Infinity Pr\u00e9, Infinity Controle, Liberty Controle e Liberty Controle Express tamb\u00e9m ser\u00e3o afetados.<\/p>\n<p>Para os clientes da Oi dos planos pr\u00e9-pago e controle, desde o dia 9 n\u00e3o \u00e9 mais poss\u00edvel manter o acesso \u00e0 internet com velocidade reduzida ao fim da franquia.<\/p>\n<p>No dois casos (planos pr\u00e9 e controle), para restabelecer o acesso \u00e0 web, o cliente gastar\u00e1 mais, pois a op\u00e7\u00e3o ser\u00e1 comprar mais cr\u00e9ditos (no plano pr\u00e9) ou contratar um pacote adicional. O cliente do plano controle tamb\u00e9m pode migrar para um pacote com franquia superior, mais caro.<\/p>\n<blockquote><p>As operadoras devem avisar os clientes sobre as altera\u00e7\u00f5es nos planos de servi\u00e7os e ofertas com, no m\u00ednimo, 30 dias de anteced\u00eancia, segundo o Regulamento Geral de Direitos do Consumidor de Servi\u00e7os de Telecomunica\u00e7\u00f5es.<\/p><\/blockquote>\n<p>O corte da conex\u00e3o ao fim da franquia j\u00e1 acontece em outros pa\u00edses. As operadoras afirmam que o modelo de redu\u00e7\u00e3o de velocidade ap\u00f3s o consumo dos pacotes pode criar uma percep\u00e7\u00e3o negativa dos servi\u00e7os.<\/p>\n<p>A TIM informou em outubro que &#8220;mudan\u00e7as no formato de tarifa\u00e7\u00e3o de dados m\u00f3veis s\u00e3o um movimento natural, em linha com o crescimento cont\u00ednuo do uso de internet nos celulares e outros dispositivos&#8221;.<\/p>\n<p>A Vivo afirma a mudan\u00e7a prima pela oferta da melhor experi\u00eancia de uso da internet ao usu\u00e1rios. A empresa diz estar ajustando os pacotes de internet pr\u00e9-paga e enviar\u00e1 um SMS quando o consumo atingir 80% da franquia e outro no momento em que ela acabar, j\u00e1 com a op\u00e7\u00e3o de contrata\u00e7\u00e3o de um pacote adicional.<\/p>\n<p>A Oi tamb\u00e9m defende que &#8220;o fim da velocidade reduzida, aliada ao novo modelo de cobran\u00e7a por pacotes adicionais, \u00e9 uma tend\u00eancia mundial para garantir melhor experi\u00eancia de navega\u00e7\u00e3o&#8221;. A Claro informa que os usu\u00e1rios poder\u00e3o desfrutar de uma rede de alta velocidade com a mudan\u00e7a.<\/p>\n","protected":false},"excerpt":{"rendered":"<p>As operadoras Claro, Vivo e TIM iniciar\u00e3o o corte da internet m\u00f3vel dos clientes dos planos pr\u00e9-pagos e controle que usarem toda a franquia antes do fim do m\u00eas. Navegar com velocidade reduzida ser\u00e1 bem mais dif\u00edcil a partir de janeiro. Os clientes da Claro que usarem todo o pacote contratado ter\u00e3o o servi\u00e7o de [&hellip;]<\/p>\n","protected":false},"author":1,"featured_media":32135,"comment_status":"open","ping_status":"closed","sticky":false,"template":"","format":"standard","meta":{"_acf_changed":false,"footnotes":""},"categories":[16],"tags":[],"class_list":["post-32133","post","type-post","status-publish","format-standard","has-post-thumbnail","hentry","category-brasil"],"acf":[],"yoast_head":"<!-- This site is optimized with the Yoast SEO plugin v27.2 - https:\/\/yoast.com\/product\/yoast-seo-wordpress\/ -->\n<title>Operadoras cortar\u00e3o internet ap\u00f3s a franquia do pr\u00e9-pago - Notibras<\/title>\n<meta name=\"robots\" content=\"index, follow, max-snippet:-1, max-image-preview:large, max-video-preview:-1\" \/>\n<link rel=\"canonical\" href=\"https:\/\/www.notibras.com\/site\/claro-tim-e-vivo-cortarao-internet-apos-fim-de-franquia-dos-planos-pre-pago-e-controle\/\" \/>\n<meta property=\"og:locale\" content=\"pt_BR\" \/>\n<meta property=\"og:type\" content=\"article\" \/>\n<meta property=\"og:title\" content=\"Operadoras cortar\u00e3o internet ap\u00f3s a franquia do pr\u00e9-pago - Notibras\" \/>\n<meta property=\"og:description\" content=\"As operadoras Claro, Vivo e TIM iniciar\u00e3o o corte da internet m\u00f3vel dos clientes dos planos pr\u00e9-pagos e controle que usarem toda a franquia antes do fim do m\u00eas. Navegar com velocidade reduzida ser\u00e1 bem mais dif\u00edcil a partir de janeiro. Os clientes da Claro que usarem todo o pacote contratado ter\u00e3o o servi\u00e7o de [&hellip;]\" \/>\n<meta property=\"og:url\" content=\"https:\/\/www.notibras.com\/site\/claro-tim-e-vivo-cortarao-internet-apos-fim-de-franquia-dos-planos-pre-pago-e-controle\/\" \/>\n<meta property=\"og:site_name\" content=\"Notibras\" \/>\n<meta property=\"article:publisher\" content=\"https:\/\/www.facebook.com\/notibras\/\" \/>\n<meta property=\"article:published_time\" content=\"2014-12-25T12:11:34+00:00\" \/>\n<meta property=\"article:modified_time\" content=\"2014-12-26T10:38:09+00:00\" \/>\n<meta property=\"og:image\" content=\"https:\/\/www.notibras.com\/site\/wp-content\/uploads\/2014\/12\/Sem-t\u00edtulo-118.jpg\" \/>\n\t<meta property=\"og:image:width\" content=\"506\" \/>\n\t<meta property=\"og:image:height\" content=\"336\" \/>\n\t<meta property=\"og:image:type\" content=\"image\/jpeg\" \/>\n<meta name=\"author\" content=\"Reda\u00e7\u00e3o\" \/>\n<meta name=\"twitter:card\" content=\"summary_large_image\" \/>\n<meta name=\"twitter:creator\" content=\"@Notibras\" \/>\n<meta name=\"twitter:site\" content=\"@Notibras\" \/>\n<meta name=\"twitter:label1\" content=\"Escrito por\" \/>\n\t<meta name=\"twitter:data1\" content=\"Reda\u00e7\u00e3o\" \/>\n\t<meta name=\"twitter:label2\" content=\"Est. tempo de leitura\" \/>\n\t<meta name=\"twitter:data2\" content=\"3 minutos\" \/>\n<script type=\"application\/ld+json\" class=\"yoast-schema-graph\">{\"@context\":\"https:\/\/schema.org\",\"@graph\":[{\"@type\":\"Article\",\"@id\":\"https:\/\/www.notibras.com\/site\/claro-tim-e-vivo-cortarao-internet-apos-fim-de-franquia-dos-planos-pre-pago-e-controle\/#article\",\"isPartOf\":{\"@id\":\"https:\/\/www.notibras.com\/site\/claro-tim-e-vivo-cortarao-internet-apos-fim-de-franquia-dos-planos-pre-pago-e-controle\/\"},\"author\":{\"name\":\"Reda\u00e7\u00e3o\",\"@id\":\"https:\/\/www.notibras.com\/site\/#\/schema\/person\/00b8e1aa08f9ef6563e878c5159d01cf\"},\"headline\":\"Operadoras cortar\u00e3o internet ap\u00f3s a franquia do pr\u00e9-pago\",\"datePublished\":\"2014-12-25T12:11:34+00:00\",\"dateModified\":\"2014-12-26T10:38:09+00:00\",\"mainEntityOfPage\":{\"@id\":\"https:\/\/www.notibras.com\/site\/claro-tim-e-vivo-cortarao-internet-apos-fim-de-franquia-dos-planos-pre-pago-e-controle\/\"},\"wordCount\":531,\"commentCount\":0,\"publisher\":{\"@id\":\"https:\/\/www.notibras.com\/site\/#organization\"},\"image\":{\"@id\":\"https:\/\/www.notibras.com\/site\/claro-tim-e-vivo-cortarao-internet-apos-fim-de-franquia-dos-planos-pre-pago-e-controle\/#primaryimage\"},\"thumbnailUrl\":\"https:\/\/www.notibras.com\/site\/wp-content\/uploads\/2014\/12\/Sem-t\u00edtulo-118.jpg\",\"articleSection\":[\"Brasil\"],\"inLanguage\":\"pt-BR\",\"potentialAction\":[{\"@type\":\"CommentAction\",\"name\":\"Comment\",\"target\":[\"https:\/\/www.notibras.com\/site\/claro-tim-e-vivo-cortarao-internet-apos-fim-de-franquia-dos-planos-pre-pago-e-controle\/#respond\"]}]},{\"@type\":\"WebPage\",\"@id\":\"https:\/\/www.notibras.com\/site\/claro-tim-e-vivo-cortarao-internet-apos-fim-de-franquia-dos-planos-pre-pago-e-controle\/\",\"url\":\"https:\/\/www.notibras.com\/site\/claro-tim-e-vivo-cortarao-internet-apos-fim-de-franquia-dos-planos-pre-pago-e-controle\/\",\"name\":\"Operadoras cortar\u00e3o internet ap\u00f3s a franquia do pr\u00e9-pago - Notibras\",\"isPartOf\":{\"@id\":\"https:\/\/www.notibras.com\/site\/#website\"},\"primaryImageOfPage\":{\"@id\":\"https:\/\/www.notibras.com\/site\/claro-tim-e-vivo-cortarao-internet-apos-fim-de-franquia-dos-planos-pre-pago-e-controle\/#primaryimage\"},\"image\":{\"@id\":\"https:\/\/www.notibras.com\/site\/claro-tim-e-vivo-cortarao-internet-apos-fim-de-franquia-dos-planos-pre-pago-e-controle\/#primaryimage\"},\"thumbnailUrl\":\"https:\/\/www.notibras.com\/site\/wp-content\/uploads\/2014\/12\/Sem-t\u00edtulo-118.jpg\",\"datePublished\":\"2014-12-25T12:11:34+00:00\",\"dateModified\":\"2014-12-26T10:38:09+00:00\",\"breadcrumb\":{\"@id\":\"https:\/\/www.notibras.com\/site\/claro-tim-e-vivo-cortarao-internet-apos-fim-de-franquia-dos-planos-pre-pago-e-controle\/#breadcrumb\"},\"inLanguage\":\"pt-BR\",\"potentialAction\":[{\"@type\":\"ReadAction\",\"target\":[\"https:\/\/www.notibras.com\/site\/claro-tim-e-vivo-cortarao-internet-apos-fim-de-franquia-dos-planos-pre-pago-e-controle\/\"]}]},{\"@type\":\"ImageObject\",\"inLanguage\":\"pt-BR\",\"@id\":\"https:\/\/www.notibras.com\/site\/claro-tim-e-vivo-cortarao-internet-apos-fim-de-franquia-dos-planos-pre-pago-e-controle\/#primaryimage\",\"url\":\"https:\/\/www.notibras.com\/site\/wp-content\/uploads\/2014\/12\/Sem-t\u00edtulo-118.jpg\",\"contentUrl\":\"https:\/\/www.notibras.com\/site\/wp-content\/uploads\/2014\/12\/Sem-t\u00edtulo-118.jpg\",\"width\":506,\"height\":336},{\"@type\":\"BreadcrumbList\",\"@id\":\"https:\/\/www.notibras.com\/site\/claro-tim-e-vivo-cortarao-internet-apos-fim-de-franquia-dos-planos-pre-pago-e-controle\/#breadcrumb\",\"itemListElement\":[{\"@type\":\"ListItem\",\"position\":1,\"name\":\"In\u00edcio\",\"item\":\"https:\/\/www.notibras.com\/site\/\"},{\"@type\":\"ListItem\",\"position\":2,\"name\":\"Operadoras cortar\u00e3o internet ap\u00f3s a franquia do pr\u00e9-pago\"}]},{\"@type\":\"WebSite\",\"@id\":\"https:\/\/www.notibras.com\/site\/#website\",\"url\":\"https:\/\/www.notibras.com\/site\/\",\"name\":\"Notibras\",\"description\":\"Not\u00edcias de Bras\u00edlia, do Brasil e do Mundo\",\"publisher\":{\"@id\":\"https:\/\/www.notibras.com\/site\/#organization\"},\"potentialAction\":[{\"@type\":\"SearchAction\",\"target\":{\"@type\":\"EntryPoint\",\"urlTemplate\":\"https:\/\/www.notibras.com\/site\/?s={search_term_string}\"},\"query-input\":{\"@type\":\"PropertyValueSpecification\",\"valueRequired\":true,\"valueName\":\"search_term_string\"}}],\"inLanguage\":\"pt-BR\"},{\"@type\":\"Organization\",\"@id\":\"https:\/\/www.notibras.com\/site\/#organization\",\"name\":\"Grupo Notibras de Comunica\u00e7\u00e3o\",\"url\":\"https:\/\/www.notibras.com\/site\/\",\"logo\":{\"@type\":\"ImageObject\",\"inLanguage\":\"pt-BR\",\"@id\":\"https:\/\/www.notibras.com\/site\/#\/schema\/logo\/image\/\",\"url\":\"https:\/\/www.notibras.com\/site\/wp-content\/uploads\/2023\/01\/notibras23.png\",\"contentUrl\":\"https:\/\/www.notibras.com\/site\/wp-content\/uploads\/2023\/01\/notibras23.png\",\"width\":350,\"height\":87,\"caption\":\"Grupo Notibras de Comunica\u00e7\u00e3o\"},\"image\":{\"@id\":\"https:\/\/www.notibras.com\/site\/#\/schema\/logo\/image\/\"},\"sameAs\":[\"https:\/\/www.facebook.com\/notibras\/\",\"https:\/\/x.com\/Notibras\",\"https:\/\/www.instagram.com\/notibras\/\"]},{\"@type\":\"Person\",\"@id\":\"https:\/\/www.notibras.com\/site\/#\/schema\/person\/00b8e1aa08f9ef6563e878c5159d01cf\",\"name\":\"Reda\u00e7\u00e3o\",\"image\":{\"@type\":\"ImageObject\",\"inLanguage\":\"pt-BR\",\"@id\":\"https:\/\/secure.gravatar.com\/avatar\/ac5a707d5b47784a5ed426c6e213e201423c750890f64e4c379114dade67dfb9?s=96&d=mm&r=g\",\"url\":\"https:\/\/secure.gravatar.com\/avatar\/ac5a707d5b47784a5ed426c6e213e201423c750890f64e4c379114dade67dfb9?s=96&d=mm&r=g\",\"contentUrl\":\"https:\/\/secure.gravatar.com\/avatar\/ac5a707d5b47784a5ed426c6e213e201423c750890f64e4c379114dade67dfb9?s=96&d=mm&r=g\",\"caption\":\"Reda\u00e7\u00e3o\"}}]}<\/script>\n<!-- \/ Yoast SEO plugin. -->","yoast_head_json":{"title":"Operadoras cortar\u00e3o internet ap\u00f3s a franquia do pr\u00e9-pago - Notibras","robots":{"index":"index","follow":"follow","max-snippet":"max-snippet:-1","max-image-preview":"max-image-preview:large","max-video-preview":"max-video-preview:-1"},"canonical":"https:\/\/www.notibras.com\/site\/claro-tim-e-vivo-cortarao-internet-apos-fim-de-franquia-dos-planos-pre-pago-e-controle\/","og_locale":"pt_BR","og_type":"article","og_title":"Operadoras cortar\u00e3o internet ap\u00f3s a franquia do pr\u00e9-pago - Notibras","og_description":"As operadoras Claro, Vivo e TIM iniciar\u00e3o o corte da internet m\u00f3vel dos clientes dos planos pr\u00e9-pagos e controle que usarem toda a franquia antes do fim do m\u00eas. Navegar com velocidade reduzida ser\u00e1 bem mais dif\u00edcil a partir de janeiro. Os clientes da Claro que usarem todo o pacote contratado ter\u00e3o o servi\u00e7o de [&hellip;]","og_url":"https:\/\/www.notibras.com\/site\/claro-tim-e-vivo-cortarao-internet-apos-fim-de-franquia-dos-planos-pre-pago-e-controle\/","og_site_name":"Notibras","article_publisher":"https:\/\/www.facebook.com\/notibras\/","article_published_time":"2014-12-25T12:11:34+00:00","article_modified_time":"2014-12-26T10:38:09+00:00","og_image":[{"width":506,"height":336,"url":"https:\/\/www.notibras.com\/site\/wp-content\/uploads\/2014\/12\/Sem-t\u00edtulo-118.jpg","type":"image\/jpeg"}],"author":"Reda\u00e7\u00e3o","twitter_card":"summary_large_image","twitter_creator":"@Notibras","twitter_site":"@Notibras","twitter_misc":{"Escrito por":"Reda\u00e7\u00e3o","Est. tempo de leitura":"3 minutos"},"schema":{"@context":"https:\/\/schema.org","@graph":[{"@type":"Article","@id":"https:\/\/www.notibras.com\/site\/claro-tim-e-vivo-cortarao-internet-apos-fim-de-franquia-dos-planos-pre-pago-e-controle\/#article","isPartOf":{"@id":"https:\/\/www.notibras.com\/site\/claro-tim-e-vivo-cortarao-internet-apos-fim-de-franquia-dos-planos-pre-pago-e-controle\/"},"author":{"name":"Reda\u00e7\u00e3o","@id":"https:\/\/www.notibras.com\/site\/#\/schema\/person\/00b8e1aa08f9ef6563e878c5159d01cf"},"headline":"Operadoras cortar\u00e3o internet ap\u00f3s a franquia do pr\u00e9-pago","datePublished":"2014-12-25T12:11:34+00:00","dateModified":"2014-12-26T10:38:09+00:00","mainEntityOfPage":{"@id":"https:\/\/www.notibras.com\/site\/claro-tim-e-vivo-cortarao-internet-apos-fim-de-franquia-dos-planos-pre-pago-e-controle\/"},"wordCount":531,"commentCount":0,"publisher":{"@id":"https:\/\/www.notibras.com\/site\/#organization"},"image":{"@id":"https:\/\/www.notibras.com\/site\/claro-tim-e-vivo-cortarao-internet-apos-fim-de-franquia-dos-planos-pre-pago-e-controle\/#primaryimage"},"thumbnailUrl":"https:\/\/www.notibras.com\/site\/wp-content\/uploads\/2014\/12\/Sem-t\u00edtulo-118.jpg","articleSection":["Brasil"],"inLanguage":"pt-BR","potentialAction":[{"@type":"CommentAction","name":"Comment","target":["https:\/\/www.notibras.com\/site\/claro-tim-e-vivo-cortarao-internet-apos-fim-de-franquia-dos-planos-pre-pago-e-controle\/#respond"]}]},{"@type":"WebPage","@id":"https:\/\/www.notibras.com\/site\/claro-tim-e-vivo-cortarao-internet-apos-fim-de-franquia-dos-planos-pre-pago-e-controle\/","url":"https:\/\/www.notibras.com\/site\/claro-tim-e-vivo-cortarao-internet-apos-fim-de-franquia-dos-planos-pre-pago-e-controle\/","name":"Operadoras cortar\u00e3o internet ap\u00f3s a franquia do pr\u00e9-pago - Notibras","isPartOf":{"@id":"https:\/\/www.notibras.com\/site\/#website"},"primaryImageOfPage":{"@id":"https:\/\/www.notibras.com\/site\/claro-tim-e-vivo-cortarao-internet-apos-fim-de-franquia-dos-planos-pre-pago-e-controle\/#primaryimage"},"image":{"@id":"https:\/\/www.notibras.com\/site\/claro-tim-e-vivo-cortarao-internet-apos-fim-de-franquia-dos-planos-pre-pago-e-controle\/#primaryimage"},"thumbnailUrl":"https:\/\/www.notibras.com\/site\/wp-content\/uploads\/2014\/12\/Sem-t\u00edtulo-118.jpg","datePublished":"2014-12-25T12:11:34+00:00","dateModified":"2014-12-26T10:38:09+00:00","breadcrumb":{"@id":"https:\/\/www.notibras.com\/site\/claro-tim-e-vivo-cortarao-internet-apos-fim-de-franquia-dos-planos-pre-pago-e-controle\/#breadcrumb"},"inLanguage":"pt-BR","potentialAction":[{"@type":"ReadAction","target":["https:\/\/www.notibras.com\/site\/claro-tim-e-vivo-cortarao-internet-apos-fim-de-franquia-dos-planos-pre-pago-e-controle\/"]}]},{"@type":"ImageObject","inLanguage":"pt-BR","@id":"https:\/\/www.notibras.com\/site\/claro-tim-e-vivo-cortarao-internet-apos-fim-de-franquia-dos-planos-pre-pago-e-controle\/#primaryimage","url":"https:\/\/www.notibras.com\/site\/wp-content\/uploads\/2014\/12\/Sem-t\u00edtulo-118.jpg","contentUrl":"https:\/\/www.notibras.com\/site\/wp-content\/uploads\/2014\/12\/Sem-t\u00edtulo-118.jpg","width":506,"height":336},{"@type":"BreadcrumbList","@id":"https:\/\/www.notibras.com\/site\/claro-tim-e-vivo-cortarao-internet-apos-fim-de-franquia-dos-planos-pre-pago-e-controle\/#breadcrumb","itemListElement":[{"@type":"ListItem","position":1,"name":"In\u00edcio","item":"https:\/\/www.notibras.com\/site\/"},{"@type":"ListItem","position":2,"name":"Operadoras cortar\u00e3o internet ap\u00f3s a franquia do pr\u00e9-pago"}]},{"@type":"WebSite","@id":"https:\/\/www.notibras.com\/site\/#website","url":"https:\/\/www.notibras.com\/site\/","name":"Notibras","description":"Not\u00edcias de Bras\u00edlia, do Brasil e do Mundo","publisher":{"@id":"https:\/\/www.notibras.com\/site\/#organization"},"potentialAction":[{"@type":"SearchAction","target":{"@type":"EntryPoint","urlTemplate":"https:\/\/www.notibras.com\/site\/?s={search_term_string}"},"query-input":{"@type":"PropertyValueSpecification","valueRequired":true,"valueName":"search_term_string"}}],"inLanguage":"pt-BR"},{"@type":"Organization","@id":"https:\/\/www.notibras.com\/site\/#organization","name":"Grupo Notibras de Comunica\u00e7\u00e3o","url":"https:\/\/www.notibras.com\/site\/","logo":{"@type":"ImageObject","inLanguage":"pt-BR","@id":"https:\/\/www.notibras.com\/site\/#\/schema\/logo\/image\/","url":"https:\/\/www.notibras.com\/site\/wp-content\/uploads\/2023\/01\/notibras23.png","contentUrl":"https:\/\/www.notibras.com\/site\/wp-content\/uploads\/2023\/01\/notibras23.png","width":350,"height":87,"caption":"Grupo Notibras de Comunica\u00e7\u00e3o"},"image":{"@id":"https:\/\/www.notibras.com\/site\/#\/schema\/logo\/image\/"},"sameAs":["https:\/\/www.facebook.com\/notibras\/","https:\/\/x.com\/Notibras","https:\/\/www.instagram.com\/notibras\/"]},{"@type":"Person","@id":"https:\/\/www.notibras.com\/site\/#\/schema\/person\/00b8e1aa08f9ef6563e878c5159d01cf","name":"Reda\u00e7\u00e3o","image":{"@type":"ImageObject","inLanguage":"pt-BR","@id":"https:\/\/secure.gravatar.com\/avatar\/ac5a707d5b47784a5ed426c6e213e201423c750890f64e4c379114dade67dfb9?s=96&d=mm&r=g","url":"https:\/\/secure.gravatar.com\/avatar\/ac5a707d5b47784a5ed426c6e213e201423c750890f64e4c379114dade67dfb9?s=96&d=mm&r=g","contentUrl":"https:\/\/secure.gravatar.com\/avatar\/ac5a707d5b47784a5ed426c6e213e201423c750890f64e4c379114dade67dfb9?s=96&d=mm&r=g","caption":"Reda\u00e7\u00e3o"}}]}},"amp_enabled":true,"_links":{"self":[{"href":"https:\/\/www.notibras.com\/site\/wp-json\/wp\/v2\/posts\/32133","targetHints":{"allow":["GET"]}}],"collection":[{"href":"https:\/\/www.notibras.com\/site\/wp-json\/wp\/v2\/posts"}],"about":[{"href":"https:\/\/www.notibras.com\/site\/wp-json\/wp\/v2\/types\/post"}],"author":[{"embeddable":true,"href":"https:\/\/www.notibras.com\/site\/wp-json\/wp\/v2\/users\/1"}],"replies":[{"embeddable":true,"href":"https:\/\/www.notibras.com\/site\/wp-json\/wp\/v2\/comments?post=32133"}],"version-history":[{"count":0,"href":"https:\/\/www.notibras.com\/site\/wp-json\/wp\/v2\/posts\/32133\/revisions"}],"wp:featuredmedia":[{"embeddable":true,"href":"https:\/\/www.notibras.com\/site\/wp-json\/wp\/v2\/media\/32135"}],"wp:attachment":[{"href":"https:\/\/www.notibras.com\/site\/wp-json\/wp\/v2\/media?parent=32133"}],"wp:term":[{"taxonomy":"category","embeddable":true,"href":"https:\/\/www.notibras.com\/site\/wp-json\/wp\/v2\/categories?post=32133"},{"taxonomy":"post_tag","embeddable":true,"href":"https:\/\/www.notibras.com\/site\/wp-json\/wp\/v2\/tags?post=32133"}],"curies":[{"name":"wp","href":"https:\/\/api.w.org\/{rel}","templated":true}]}}