{"id":321332,"date":"2024-01-29T06:00:50","date_gmt":"2024-01-29T09:00:50","guid":{"rendered":"https:\/\/www.notibras.com\/site\/?p=321332"},"modified":"2024-01-29T07:47:49","modified_gmt":"2024-01-29T10:47:49","slug":"chova-ou-faca-sol-a-fe-estara-sempre-em-primeiro-lugar","status":"publish","type":"post","link":"https:\/\/www.notibras.com\/site\/chova-ou-faca-sol-a-fe-estara-sempre-em-primeiro-lugar\/","title":{"rendered":"Chova ou fa\u00e7a sol, a f\u00e9 estar\u00e1 sempre em primeiro lugar"},"content":{"rendered":"<p>No pulsar do cotidiano, a f\u00e9 tece seus fios invis\u00edveis, conectando o ser humano \u00e0 cren\u00e7a intr\u00ednseca na bondade do pr\u00f3ximo. Nas pequenas intera\u00e7\u00f5es, como sorrisos trocados e gestos de gentileza, emerge a convic\u00e7\u00e3o de que, apesar das sombras que permeiam o mundo, h\u00e1 uma luz interior que guia a confian\u00e7a nas pessoas.<\/p>\n<p>\u00c9 na simplicidade dos encontros que a f\u00e9 se revela, muitas vezes desafiando as adversidades. Nos olhares compartilhados, ecoa a convic\u00e7\u00e3o de que, mesmo diante das incertezas, a humanidade \u00e9 capaz de transmutar desafios em oportunidades de crescimento e solidariedade.<\/p>\n<p>A f\u00e9 no ser do humano se manifesta nos gestos altru\u00edstas, na capacidade de se doar sem esperar recompensas imediatas. \u00c9 um eco de esperan\u00e7a que ressoa nos cora\u00e7\u00f5es, lembrando-nos de que, apesar das falhas e imperfei\u00e7\u00f5es, existe uma predisposi\u00e7\u00e3o inata para a compaix\u00e3o e compreens\u00e3o m\u00fatua.<\/p>\n<p>Nas tramas da vida, a f\u00e9 no ser do humano transcende barreiras culturais e sociais. \u00c9 um fio condutor que une diferentes vis\u00f5es de mundo, ancorando a convic\u00e7\u00e3o de que, no cerne de cada pessoa, h\u00e1 um desejo genu\u00edno de construir la\u00e7os que perdurem.<\/p>\n<p>Assim, a f\u00e9 no ser do humano n\u00e3o \u00e9 ing\u00eanua, mas uma escolha consciente de enxergar al\u00e9m das superficialidades. \u00c9 um convite para cultivar rela\u00e7\u00f5es baseadas na confian\u00e7a m\u00fatua, reconhecendo que, mesmo diante das tempestades, a capacidade de renova\u00e7\u00e3o e reden\u00e7\u00e3o reside no \u00edntimo de cada ser.<\/p>\n<p>Que, ao trilharmos os caminhos intricados da exist\u00eancia, possamos nutrir essa f\u00e9 intr\u00ednseca, tecendo uma rede de confian\u00e7a que ilumine os cora\u00e7\u00f5es e fortale\u00e7a a cren\u00e7a de que, juntos, somos capazes de forjar um mundo onde a f\u00e9 no ser do humano seja a luz que guia nossos passos.<\/p>\n<p><strong>*Aos nossos leitores:\u00a0<em>Notibras<\/em>\u00a0abriu este espa\u00e7o editorial para o segmento PcD. Para que possamos interagir, mostrarmos que somos pessoas comuns. Encaminhe sugest\u00f5es, mande seus textos. Prometo que tudo ser\u00e1 bem recebido e aproveitado. Meu WhasApp \u00e9 +55 61 98425-4895.<\/strong><\/p>\n","protected":false},"excerpt":{"rendered":"<p>No pulsar do cotidiano, a f\u00e9 tece seus fios invis\u00edveis, conectando o ser humano \u00e0 cren\u00e7a intr\u00ednseca na bondade do pr\u00f3ximo. Nas pequenas intera\u00e7\u00f5es, como sorrisos trocados e gestos de gentileza, emerge a convic\u00e7\u00e3o de que, apesar das sombras que permeiam o mundo, h\u00e1 uma luz interior que guia a confian\u00e7a nas pessoas. \u00c9 na [&hellip;]<\/p>\n","protected":false},"author":2,"featured_media":188639,"comment_status":"closed","ping_status":"closed","sticky":false,"template":"","format":"standard","meta":{"_acf_changed":false,"footnotes":""},"categories":[161],"tags":[],"class_list":["post-321332","post","type-post","status-publish","format-standard","has-post-thumbnail","hentry","category-quadradinho-em-foco"],"acf":[],"yoast_head":"<!-- This site is optimized with the Yoast SEO plugin v27.2 - https:\/\/yoast.com\/product\/yoast-seo-wordpress\/ -->\n<title>Chova ou fa\u00e7a sol, a f\u00e9 estar\u00e1 sempre em primeiro lugar - Notibras<\/title>\n<meta name=\"robots\" content=\"index, follow, max-snippet:-1, max-image-preview:large, max-video-preview:-1\" \/>\n<link rel=\"canonical\" href=\"https:\/\/www.notibras.com\/site\/chova-ou-faca-sol-a-fe-estara-sempre-em-primeiro-lugar\/\" \/>\n<meta property=\"og:locale\" content=\"pt_BR\" \/>\n<meta property=\"og:type\" content=\"article\" \/>\n<meta property=\"og:title\" content=\"Chova ou fa\u00e7a sol, a f\u00e9 estar\u00e1 sempre em primeiro lugar - Notibras\" \/>\n<meta property=\"og:description\" content=\"No pulsar do cotidiano, a f\u00e9 tece seus fios invis\u00edveis, conectando o ser humano \u00e0 cren\u00e7a intr\u00ednseca na bondade do pr\u00f3ximo. Nas pequenas intera\u00e7\u00f5es, como sorrisos trocados e gestos de gentileza, emerge a convic\u00e7\u00e3o de que, apesar das sombras que permeiam o mundo, h\u00e1 uma luz interior que guia a confian\u00e7a nas pessoas. \u00c9 na [&hellip;]\" \/>\n<meta property=\"og:url\" content=\"https:\/\/www.notibras.com\/site\/chova-ou-faca-sol-a-fe-estara-sempre-em-primeiro-lugar\/\" \/>\n<meta property=\"og:site_name\" content=\"Notibras\" \/>\n<meta property=\"article:publisher\" content=\"https:\/\/www.facebook.com\/notibras\/\" \/>\n<meta property=\"article:published_time\" content=\"2024-01-29T09:00:50+00:00\" \/>\n<meta property=\"article:modified_time\" content=\"2024-01-29T10:47:49+00:00\" \/>\n<meta property=\"og:image\" content=\"https:\/\/www.notibras.com\/site\/wp-content\/uploads\/2018\/08\/cadeirante-825x542.jpg\" \/>\n\t<meta property=\"og:image:width\" content=\"825\" \/>\n\t<meta property=\"og:image:height\" content=\"542\" \/>\n\t<meta property=\"og:image:type\" content=\"image\/jpeg\" \/>\n<meta name=\"author\" content=\"Reda\u00e7\u00e3o\" \/>\n<meta name=\"twitter:card\" content=\"summary_large_image\" \/>\n<meta name=\"twitter:creator\" content=\"@Notibras\" \/>\n<meta name=\"twitter:site\" content=\"@Notibras\" \/>\n<meta name=\"twitter:label1\" content=\"Escrito por\" \/>\n\t<meta name=\"twitter:data1\" content=\"Reda\u00e7\u00e3o\" \/>\n\t<meta name=\"twitter:label2\" content=\"Est. tempo de leitura\" \/>\n\t<meta name=\"twitter:data2\" content=\"2 minutos\" \/>\n<script type=\"application\/ld+json\" class=\"yoast-schema-graph\">{\"@context\":\"https:\/\/schema.org\",\"@graph\":[{\"@type\":\"Article\",\"@id\":\"https:\/\/www.notibras.com\/site\/chova-ou-faca-sol-a-fe-estara-sempre-em-primeiro-lugar\/#article\",\"isPartOf\":{\"@id\":\"https:\/\/www.notibras.com\/site\/chova-ou-faca-sol-a-fe-estara-sempre-em-primeiro-lugar\/\"},\"author\":{\"name\":\"Reda\u00e7\u00e3o\",\"@id\":\"https:\/\/www.notibras.com\/site\/#\/schema\/person\/36ab0979449956132d3e5b517ea76ac8\"},\"headline\":\"Chova ou fa\u00e7a sol, a f\u00e9 estar\u00e1 sempre em primeiro lugar\",\"datePublished\":\"2024-01-29T09:00:50+00:00\",\"dateModified\":\"2024-01-29T10:47:49+00:00\",\"mainEntityOfPage\":{\"@id\":\"https:\/\/www.notibras.com\/site\/chova-ou-faca-sol-a-fe-estara-sempre-em-primeiro-lugar\/\"},\"wordCount\":358,\"publisher\":{\"@id\":\"https:\/\/www.notibras.com\/site\/#organization\"},\"image\":{\"@id\":\"https:\/\/www.notibras.com\/site\/chova-ou-faca-sol-a-fe-estara-sempre-em-primeiro-lugar\/#primaryimage\"},\"thumbnailUrl\":\"https:\/\/www.notibras.com\/site\/wp-content\/uploads\/2018\/08\/cadeirante-825x542.jpg\",\"articleSection\":[\"Quadradinho em Foco\"],\"inLanguage\":\"pt-BR\"},{\"@type\":\"WebPage\",\"@id\":\"https:\/\/www.notibras.com\/site\/chova-ou-faca-sol-a-fe-estara-sempre-em-primeiro-lugar\/\",\"url\":\"https:\/\/www.notibras.com\/site\/chova-ou-faca-sol-a-fe-estara-sempre-em-primeiro-lugar\/\",\"name\":\"Chova ou fa\u00e7a sol, a f\u00e9 estar\u00e1 sempre em primeiro lugar - Notibras\",\"isPartOf\":{\"@id\":\"https:\/\/www.notibras.com\/site\/#website\"},\"primaryImageOfPage\":{\"@id\":\"https:\/\/www.notibras.com\/site\/chova-ou-faca-sol-a-fe-estara-sempre-em-primeiro-lugar\/#primaryimage\"},\"image\":{\"@id\":\"https:\/\/www.notibras.com\/site\/chova-ou-faca-sol-a-fe-estara-sempre-em-primeiro-lugar\/#primaryimage\"},\"thumbnailUrl\":\"https:\/\/www.notibras.com\/site\/wp-content\/uploads\/2018\/08\/cadeirante-825x542.jpg\",\"datePublished\":\"2024-01-29T09:00:50+00:00\",\"dateModified\":\"2024-01-29T10:47:49+00:00\",\"breadcrumb\":{\"@id\":\"https:\/\/www.notibras.com\/site\/chova-ou-faca-sol-a-fe-estara-sempre-em-primeiro-lugar\/#breadcrumb\"},\"inLanguage\":\"pt-BR\",\"potentialAction\":[{\"@type\":\"ReadAction\",\"target\":[\"https:\/\/www.notibras.com\/site\/chova-ou-faca-sol-a-fe-estara-sempre-em-primeiro-lugar\/\"]}]},{\"@type\":\"ImageObject\",\"inLanguage\":\"pt-BR\",\"@id\":\"https:\/\/www.notibras.com\/site\/chova-ou-faca-sol-a-fe-estara-sempre-em-primeiro-lugar\/#primaryimage\",\"url\":\"https:\/\/www.notibras.com\/site\/wp-content\/uploads\/2018\/08\/cadeirante-825x542.jpg\",\"contentUrl\":\"https:\/\/www.notibras.com\/site\/wp-content\/uploads\/2018\/08\/cadeirante-825x542.jpg\",\"width\":825,\"height\":542,\"caption\":\"Foto\/Arquivo Notibras\"},{\"@type\":\"BreadcrumbList\",\"@id\":\"https:\/\/www.notibras.com\/site\/chova-ou-faca-sol-a-fe-estara-sempre-em-primeiro-lugar\/#breadcrumb\",\"itemListElement\":[{\"@type\":\"ListItem\",\"position\":1,\"name\":\"In\u00edcio\",\"item\":\"https:\/\/www.notibras.com\/site\/\"},{\"@type\":\"ListItem\",\"position\":2,\"name\":\"Chova ou fa\u00e7a sol, a f\u00e9 estar\u00e1 sempre em primeiro lugar\"}]},{\"@type\":\"WebSite\",\"@id\":\"https:\/\/www.notibras.com\/site\/#website\",\"url\":\"https:\/\/www.notibras.com\/site\/\",\"name\":\"Notibras\",\"description\":\"Not\u00edcias de Bras\u00edlia, do Brasil e do Mundo\",\"publisher\":{\"@id\":\"https:\/\/www.notibras.com\/site\/#organization\"},\"potentialAction\":[{\"@type\":\"SearchAction\",\"target\":{\"@type\":\"EntryPoint\",\"urlTemplate\":\"https:\/\/www.notibras.com\/site\/?s={search_term_string}\"},\"query-input\":{\"@type\":\"PropertyValueSpecification\",\"valueRequired\":true,\"valueName\":\"search_term_string\"}}],\"inLanguage\":\"pt-BR\"},{\"@type\":\"Organization\",\"@id\":\"https:\/\/www.notibras.com\/site\/#organization\",\"name\":\"Grupo Notibras de Comunica\u00e7\u00e3o\",\"url\":\"https:\/\/www.notibras.com\/site\/\",\"logo\":{\"@type\":\"ImageObject\",\"inLanguage\":\"pt-BR\",\"@id\":\"https:\/\/www.notibras.com\/site\/#\/schema\/logo\/image\/\",\"url\":\"https:\/\/www.notibras.com\/site\/wp-content\/uploads\/2023\/01\/notibras23.png\",\"contentUrl\":\"https:\/\/www.notibras.com\/site\/wp-content\/uploads\/2023\/01\/notibras23.png\",\"width\":350,\"height\":87,\"caption\":\"Grupo Notibras de Comunica\u00e7\u00e3o\"},\"image\":{\"@id\":\"https:\/\/www.notibras.com\/site\/#\/schema\/logo\/image\/\"},\"sameAs\":[\"https:\/\/www.facebook.com\/notibras\/\",\"https:\/\/x.com\/Notibras\",\"https:\/\/www.instagram.com\/notibras\/\"]},{\"@type\":\"Person\",\"@id\":\"https:\/\/www.notibras.com\/site\/#\/schema\/person\/36ab0979449956132d3e5b517ea76ac8\",\"name\":\"Reda\u00e7\u00e3o\",\"image\":{\"@type\":\"ImageObject\",\"inLanguage\":\"pt-BR\",\"@id\":\"https:\/\/secure.gravatar.com\/avatar\/e0a867bdedb85fd243eadf09663511f96fc81e0720a4a42581f334ad4303aa6b?s=96&d=mm&r=g\",\"url\":\"https:\/\/secure.gravatar.com\/avatar\/e0a867bdedb85fd243eadf09663511f96fc81e0720a4a42581f334ad4303aa6b?s=96&d=mm&r=g\",\"contentUrl\":\"https:\/\/secure.gravatar.com\/avatar\/e0a867bdedb85fd243eadf09663511f96fc81e0720a4a42581f334ad4303aa6b?s=96&d=mm&r=g\",\"caption\":\"Reda\u00e7\u00e3o\"}}]}<\/script>\n<!-- \/ Yoast SEO plugin. -->","yoast_head_json":{"title":"Chova ou fa\u00e7a sol, a f\u00e9 estar\u00e1 sempre em primeiro lugar - Notibras","robots":{"index":"index","follow":"follow","max-snippet":"max-snippet:-1","max-image-preview":"max-image-preview:large","max-video-preview":"max-video-preview:-1"},"canonical":"https:\/\/www.notibras.com\/site\/chova-ou-faca-sol-a-fe-estara-sempre-em-primeiro-lugar\/","og_locale":"pt_BR","og_type":"article","og_title":"Chova ou fa\u00e7a sol, a f\u00e9 estar\u00e1 sempre em primeiro lugar - Notibras","og_description":"No pulsar do cotidiano, a f\u00e9 tece seus fios invis\u00edveis, conectando o ser humano \u00e0 cren\u00e7a intr\u00ednseca na bondade do pr\u00f3ximo. Nas pequenas intera\u00e7\u00f5es, como sorrisos trocados e gestos de gentileza, emerge a convic\u00e7\u00e3o de que, apesar das sombras que permeiam o mundo, h\u00e1 uma luz interior que guia a confian\u00e7a nas pessoas. \u00c9 na [&hellip;]","og_url":"https:\/\/www.notibras.com\/site\/chova-ou-faca-sol-a-fe-estara-sempre-em-primeiro-lugar\/","og_site_name":"Notibras","article_publisher":"https:\/\/www.facebook.com\/notibras\/","article_published_time":"2024-01-29T09:00:50+00:00","article_modified_time":"2024-01-29T10:47:49+00:00","og_image":[{"width":825,"height":542,"url":"https:\/\/www.notibras.com\/site\/wp-content\/uploads\/2018\/08\/cadeirante-825x542.jpg","type":"image\/jpeg"}],"author":"Reda\u00e7\u00e3o","twitter_card":"summary_large_image","twitter_creator":"@Notibras","twitter_site":"@Notibras","twitter_misc":{"Escrito por":"Reda\u00e7\u00e3o","Est. tempo de leitura":"2 minutos"},"schema":{"@context":"https:\/\/schema.org","@graph":[{"@type":"Article","@id":"https:\/\/www.notibras.com\/site\/chova-ou-faca-sol-a-fe-estara-sempre-em-primeiro-lugar\/#article","isPartOf":{"@id":"https:\/\/www.notibras.com\/site\/chova-ou-faca-sol-a-fe-estara-sempre-em-primeiro-lugar\/"},"author":{"name":"Reda\u00e7\u00e3o","@id":"https:\/\/www.notibras.com\/site\/#\/schema\/person\/36ab0979449956132d3e5b517ea76ac8"},"headline":"Chova ou fa\u00e7a sol, a f\u00e9 estar\u00e1 sempre em primeiro lugar","datePublished":"2024-01-29T09:00:50+00:00","dateModified":"2024-01-29T10:47:49+00:00","mainEntityOfPage":{"@id":"https:\/\/www.notibras.com\/site\/chova-ou-faca-sol-a-fe-estara-sempre-em-primeiro-lugar\/"},"wordCount":358,"publisher":{"@id":"https:\/\/www.notibras.com\/site\/#organization"},"image":{"@id":"https:\/\/www.notibras.com\/site\/chova-ou-faca-sol-a-fe-estara-sempre-em-primeiro-lugar\/#primaryimage"},"thumbnailUrl":"https:\/\/www.notibras.com\/site\/wp-content\/uploads\/2018\/08\/cadeirante-825x542.jpg","articleSection":["Quadradinho em Foco"],"inLanguage":"pt-BR"},{"@type":"WebPage","@id":"https:\/\/www.notibras.com\/site\/chova-ou-faca-sol-a-fe-estara-sempre-em-primeiro-lugar\/","url":"https:\/\/www.notibras.com\/site\/chova-ou-faca-sol-a-fe-estara-sempre-em-primeiro-lugar\/","name":"Chova ou fa\u00e7a sol, a f\u00e9 estar\u00e1 sempre em primeiro lugar - Notibras","isPartOf":{"@id":"https:\/\/www.notibras.com\/site\/#website"},"primaryImageOfPage":{"@id":"https:\/\/www.notibras.com\/site\/chova-ou-faca-sol-a-fe-estara-sempre-em-primeiro-lugar\/#primaryimage"},"image":{"@id":"https:\/\/www.notibras.com\/site\/chova-ou-faca-sol-a-fe-estara-sempre-em-primeiro-lugar\/#primaryimage"},"thumbnailUrl":"https:\/\/www.notibras.com\/site\/wp-content\/uploads\/2018\/08\/cadeirante-825x542.jpg","datePublished":"2024-01-29T09:00:50+00:00","dateModified":"2024-01-29T10:47:49+00:00","breadcrumb":{"@id":"https:\/\/www.notibras.com\/site\/chova-ou-faca-sol-a-fe-estara-sempre-em-primeiro-lugar\/#breadcrumb"},"inLanguage":"pt-BR","potentialAction":[{"@type":"ReadAction","target":["https:\/\/www.notibras.com\/site\/chova-ou-faca-sol-a-fe-estara-sempre-em-primeiro-lugar\/"]}]},{"@type":"ImageObject","inLanguage":"pt-BR","@id":"https:\/\/www.notibras.com\/site\/chova-ou-faca-sol-a-fe-estara-sempre-em-primeiro-lugar\/#primaryimage","url":"https:\/\/www.notibras.com\/site\/wp-content\/uploads\/2018\/08\/cadeirante-825x542.jpg","contentUrl":"https:\/\/www.notibras.com\/site\/wp-content\/uploads\/2018\/08\/cadeirante-825x542.jpg","width":825,"height":542,"caption":"Foto\/Arquivo Notibras"},{"@type":"BreadcrumbList","@id":"https:\/\/www.notibras.com\/site\/chova-ou-faca-sol-a-fe-estara-sempre-em-primeiro-lugar\/#breadcrumb","itemListElement":[{"@type":"ListItem","position":1,"name":"In\u00edcio","item":"https:\/\/www.notibras.com\/site\/"},{"@type":"ListItem","position":2,"name":"Chova ou fa\u00e7a sol, a f\u00e9 estar\u00e1 sempre em primeiro lugar"}]},{"@type":"WebSite","@id":"https:\/\/www.notibras.com\/site\/#website","url":"https:\/\/www.notibras.com\/site\/","name":"Notibras","description":"Not\u00edcias de Bras\u00edlia, do Brasil e do Mundo","publisher":{"@id":"https:\/\/www.notibras.com\/site\/#organization"},"potentialAction":[{"@type":"SearchAction","target":{"@type":"EntryPoint","urlTemplate":"https:\/\/www.notibras.com\/site\/?s={search_term_string}"},"query-input":{"@type":"PropertyValueSpecification","valueRequired":true,"valueName":"search_term_string"}}],"inLanguage":"pt-BR"},{"@type":"Organization","@id":"https:\/\/www.notibras.com\/site\/#organization","name":"Grupo Notibras de Comunica\u00e7\u00e3o","url":"https:\/\/www.notibras.com\/site\/","logo":{"@type":"ImageObject","inLanguage":"pt-BR","@id":"https:\/\/www.notibras.com\/site\/#\/schema\/logo\/image\/","url":"https:\/\/www.notibras.com\/site\/wp-content\/uploads\/2023\/01\/notibras23.png","contentUrl":"https:\/\/www.notibras.com\/site\/wp-content\/uploads\/2023\/01\/notibras23.png","width":350,"height":87,"caption":"Grupo Notibras de Comunica\u00e7\u00e3o"},"image":{"@id":"https:\/\/www.notibras.com\/site\/#\/schema\/logo\/image\/"},"sameAs":["https:\/\/www.facebook.com\/notibras\/","https:\/\/x.com\/Notibras","https:\/\/www.instagram.com\/notibras\/"]},{"@type":"Person","@id":"https:\/\/www.notibras.com\/site\/#\/schema\/person\/36ab0979449956132d3e5b517ea76ac8","name":"Reda\u00e7\u00e3o","image":{"@type":"ImageObject","inLanguage":"pt-BR","@id":"https:\/\/secure.gravatar.com\/avatar\/e0a867bdedb85fd243eadf09663511f96fc81e0720a4a42581f334ad4303aa6b?s=96&d=mm&r=g","url":"https:\/\/secure.gravatar.com\/avatar\/e0a867bdedb85fd243eadf09663511f96fc81e0720a4a42581f334ad4303aa6b?s=96&d=mm&r=g","contentUrl":"https:\/\/secure.gravatar.com\/avatar\/e0a867bdedb85fd243eadf09663511f96fc81e0720a4a42581f334ad4303aa6b?s=96&d=mm&r=g","caption":"Reda\u00e7\u00e3o"}}]}},"amp_enabled":true,"_links":{"self":[{"href":"https:\/\/www.notibras.com\/site\/wp-json\/wp\/v2\/posts\/321332","targetHints":{"allow":["GET"]}}],"collection":[{"href":"https:\/\/www.notibras.com\/site\/wp-json\/wp\/v2\/posts"}],"about":[{"href":"https:\/\/www.notibras.com\/site\/wp-json\/wp\/v2\/types\/post"}],"author":[{"embeddable":true,"href":"https:\/\/www.notibras.com\/site\/wp-json\/wp\/v2\/users\/2"}],"replies":[{"embeddable":true,"href":"https:\/\/www.notibras.com\/site\/wp-json\/wp\/v2\/comments?post=321332"}],"version-history":[{"count":1,"href":"https:\/\/www.notibras.com\/site\/wp-json\/wp\/v2\/posts\/321332\/revisions"}],"predecessor-version":[{"id":321333,"href":"https:\/\/www.notibras.com\/site\/wp-json\/wp\/v2\/posts\/321332\/revisions\/321333"}],"wp:featuredmedia":[{"embeddable":true,"href":"https:\/\/www.notibras.com\/site\/wp-json\/wp\/v2\/media\/188639"}],"wp:attachment":[{"href":"https:\/\/www.notibras.com\/site\/wp-json\/wp\/v2\/media?parent=321332"}],"wp:term":[{"taxonomy":"category","embeddable":true,"href":"https:\/\/www.notibras.com\/site\/wp-json\/wp\/v2\/categories?post=321332"},{"taxonomy":"post_tag","embeddable":true,"href":"https:\/\/www.notibras.com\/site\/wp-json\/wp\/v2\/tags?post=321332"}],"curies":[{"name":"wp","href":"https:\/\/api.w.org\/{rel}","templated":true}]}}