{"id":321337,"date":"2024-01-29T00:00:25","date_gmt":"2024-01-29T03:00:25","guid":{"rendered":"https:\/\/www.notibras.com\/site\/?p=321337"},"modified":"2024-01-29T08:00:00","modified_gmt":"2024-01-29T11:00:00","slug":"aleitamento-materno-no-df-supera-media-nacional","status":"publish","type":"post","link":"https:\/\/www.notibras.com\/site\/aleitamento-materno-no-df-supera-media-nacional\/","title":{"rendered":"Aleitamento materno no DF supera m\u00e9dia nacional"},"content":{"rendered":"<p>O Distrito Federal ultrapassou a m\u00e9dia nacional de aleitamento materno. Estudo elaborado pela Secretaria de Sa\u00fade (SES-DF) revelou que 66,2% dos beb\u00eas de at\u00e9 seis meses se alimentavam apenas do leite da m\u00e3e, n\u00famero quase 20 pontos porcentuais acima do \u00edndice registrado no Brasil, que \u00e9 de 45,7%. Al\u00e9m disso, 66% das crian\u00e7as entre 6 e 24 meses ainda estavam em amamenta\u00e7\u00e3o continuada, n\u00famero maior que a m\u00e9dia brasileira, de 43,6%. Os dados s\u00e3o do boletim informativo Estado Nutricional e Consumo Alimentar no Distrito Federal desenvolvido pela Ger\u00eancia de Servi\u00e7os de Nutri\u00e7\u00e3o, da Secretaria de Sa\u00fade (SES-DF).<\/p>\n<p>O estudo re\u00fane os dados coletados pelo sistema informatizado e-SUS, que traz o prontu\u00e1rio eletr\u00f4nico do atendimento nas unidades b\u00e1sicas de sa\u00fade (UBSs). Lan\u00e7ada internamente em 27 de dezembro do ano passado, a pesquisa analisa as informa\u00e7\u00f5es referentes ao per\u00edodo de 2022.<\/p>\n<p>\u201cConseguimos fazer esse boletim anualmente referente ao ano anterior. Ele traz todos os dados dos pacientes acompanhados pela Aten\u00e7\u00e3o Prim\u00e1ria, com informa\u00e7\u00f5es sobre consumo alimentar\u201d, afirma a gerente de Servi\u00e7os de Nutri\u00e7\u00e3o da SES-DF, Carolina Gama. \u201cOs dados do estudo come\u00e7am bem mostrando que estamos de acordo com a orienta\u00e7\u00e3o da OMS de manter a amamenta\u00e7\u00e3o at\u00e9 os 2 anos\u201d, completa.<\/p>\n<p>O bom resultado do DF reflete o trabalho feito na rede p\u00fablica de Sa\u00fade, com assist\u00eancia \u00e0s m\u00e3es durante o pr\u00e9-natal, o parto e o p\u00f3s-parto nos hospitais e nas unidades b\u00e1sicas de sa\u00fade (UBSs). Anualmente os profissionais da sa\u00fade s\u00e3o capacitados sobre manejo de amamenta\u00e7\u00e3o e aconselhamento de amamenta\u00e7\u00e3o.<\/p>\n<p>\u201cToda m\u00e3e que tem um beb\u00ea na rede p\u00fablica tem assist\u00eancia \u00e0 amamenta\u00e7\u00e3o. Ela recebe apoio e orienta\u00e7\u00e3o de posicionamento, pega, n\u00e3o utiliza\u00e7\u00e3o de bicos, chupetas e mamadeiras, como resolver as dificuldades e \u00e9 informada da import\u00e2ncia do aleitamento materno exclusivo at\u00e9 o sexto m\u00eas e continuado at\u00e9 pelo menos 2 anos\u201d, revela a coordenadora do Centro de Refer\u00eancia em Bancos de Leites Humanos do DF, a enfermeira Gra\u00e7a da Cruz.<\/p>\n<p>A capital conta com a Casa de Parto de S\u00e3o Sebasti\u00e3o e mais nove hospitais certificados com o selo Amigo da Crian\u00e7a, conferido pelo Minist\u00e9rio da Sa\u00fade aos locais que cumprem os 10 passos para o sucesso do aleitamento materno institu\u00eddos pelo Fundo das Na\u00e7\u00f5es Unidas para a Inf\u00e2ncia (Unicef) e pela Organiza\u00e7\u00e3o Mundial da Sa\u00fade (OMS). H\u00e1 ainda 14 bancos de leite humano e sete postos de coleta.<\/p>\n<p>\u201cA Rede Brasileira de Banco de Leite Humano \u00e9 muito forte. Todas as unidades de UTI neonatal do DF t\u00eam banco de leite e postos de coleta que prestam assist\u00eancia \u00e0 amamenta\u00e7\u00e3o. O que \u00e9 muito importante porque a amamenta\u00e7\u00e3o n\u00e3o \u00e9 f\u00e1cil. Essa mulher precisa de apoio e oferecemos de modo que ela seja protagonista e tenha uma rede apoio efetiva na fam\u00edlia\u201d, acrescenta a enfermeira.<\/p>\n<p>Al\u00e9m disso, existe um esfor\u00e7o do governo para alcan\u00e7ar 100% das crian\u00e7as. \u201cAinda vamos trabalhar para que esses outros 33% tenham oportunidade de receber os benef\u00edcios do aleitamento materno. Para melhorar ainda mais esse \u00edndice, precisamos que a rede suplementar tamb\u00e9m oferte essa assist\u00eancia\u201d, complementa Gra\u00e7a da Cruz.<\/p>\n<p><strong>Pontos de aten\u00e7\u00e3o<\/strong><br \/>\nApesar dos bons n\u00fameros em rela\u00e7\u00e3o ao aleitamento materno, o estudo revela aspectos que merecem aten\u00e7\u00e3o do sistema p\u00fablico. \u201cO que a gente pretende com esse boletim \u00e9 trazer os dados da vigil\u00e2ncia alimentar e nutricional para que as equipes de sa\u00fade possam utilizar para o planejamento de a\u00e7\u00f5es\u201d, afirma Carolina Gama.<\/p>\n<p>Os pontos de preocupa\u00e7\u00e3o s\u00e3o o consumo de ultraprocessados (produtos alimentares e bebidas que sofreram tipos espec\u00edficos de processamento contendo subst\u00e2ncias sintetizadas) e os \u00edndices de sobrepeso e obesidade.<\/p>\n<p>A pesquisa mostra que 35% das crian\u00e7as de 6 a 24 meses consomem alimentos ultraprocessados. O n\u00famero cresce mais ainda nas outras faixas et\u00e1rias representando 81%, de 2 a 4 anos; 87%, de 5 a 10 anos; e 83%, adolescentes. Nos adultos, a preval\u00eancia tamb\u00e9m \u00e9 alta, marcando 75%.<\/p>\n<p>O excesso de peso tamb\u00e9m \u00e9 outro aspecto de alerta. O estudo traz que entre os adultos a maioria est\u00e1 em sobrepeso, o equivalente a 34,77%. H\u00e1 tamb\u00e9m o percentual de 19,56% com obesidade. Nos idosos, os \u00edndices s\u00e3o superiores, com 50,93% com sobrepeso.<\/p>\n<p>\u201cEsses dados ajudam as equipes de sa\u00fade, os gestores locais e as regionais de sa\u00fade a utilizarem essa realidade para o desenvolvimento de a\u00e7\u00f5es que tenham como objetivo minimamente conter esse cen\u00e1rio, al\u00e9m do objetivo de melhorar para ter uma sociedade mais saud\u00e1vel\u201d, completa a nutricionista.<\/p>\n<p>Hoje, o governo j\u00e1 atua nesse sentido com nutricionistas integrando as equipes multidisciplinares das unidades b\u00e1sicas de sa\u00fade. As UBSs tamb\u00e9m contam com atividades coletivas e individuais para promo\u00e7\u00e3o da vida mais saud\u00e1vel.<\/p>\n","protected":false},"excerpt":{"rendered":"<p>O Distrito Federal ultrapassou a m\u00e9dia nacional de aleitamento materno. Estudo elaborado pela Secretaria de Sa\u00fade (SES-DF) revelou que 66,2% dos beb\u00eas de at\u00e9 seis meses se alimentavam apenas do leite da m\u00e3e, n\u00famero quase 20 pontos porcentuais acima do \u00edndice registrado no Brasil, que \u00e9 de 45,7%. Al\u00e9m disso, 66% das crian\u00e7as entre 6 [&hellip;]<\/p>\n","protected":false},"author":2,"featured_media":321338,"comment_status":"closed","ping_status":"closed","sticky":false,"template":"","format":"standard","meta":{"_acf_changed":false,"footnotes":""},"categories":[161],"tags":[],"class_list":["post-321337","post","type-post","status-publish","format-standard","has-post-thumbnail","hentry","category-quadradinho-em-foco"],"acf":[],"yoast_head":"<!-- This site is optimized with the Yoast SEO plugin v27.2 - https:\/\/yoast.com\/product\/yoast-seo-wordpress\/ -->\n<title>Aleitamento materno no DF supera m\u00e9dia nacional - Notibras<\/title>\n<meta name=\"robots\" content=\"index, follow, max-snippet:-1, max-image-preview:large, max-video-preview:-1\" \/>\n<link rel=\"canonical\" href=\"https:\/\/www.notibras.com\/site\/aleitamento-materno-no-df-supera-media-nacional\/\" \/>\n<meta property=\"og:locale\" content=\"pt_BR\" \/>\n<meta property=\"og:type\" content=\"article\" \/>\n<meta property=\"og:title\" content=\"Aleitamento materno no DF supera m\u00e9dia nacional - Notibras\" \/>\n<meta property=\"og:description\" content=\"O Distrito Federal ultrapassou a m\u00e9dia nacional de aleitamento materno. Estudo elaborado pela Secretaria de Sa\u00fade (SES-DF) revelou que 66,2% dos beb\u00eas de at\u00e9 seis meses se alimentavam apenas do leite da m\u00e3e, n\u00famero quase 20 pontos porcentuais acima do \u00edndice registrado no Brasil, que \u00e9 de 45,7%. Al\u00e9m disso, 66% das crian\u00e7as entre 6 [&hellip;]\" \/>\n<meta property=\"og:url\" content=\"https:\/\/www.notibras.com\/site\/aleitamento-materno-no-df-supera-media-nacional\/\" \/>\n<meta property=\"og:site_name\" content=\"Notibras\" \/>\n<meta property=\"article:publisher\" content=\"https:\/\/www.facebook.com\/notibras\/\" \/>\n<meta property=\"article:published_time\" content=\"2024-01-29T03:00:25+00:00\" \/>\n<meta property=\"article:modified_time\" content=\"2024-01-29T11:00:00+00:00\" \/>\n<meta property=\"og:image\" content=\"https:\/\/www.notibras.com\/site\/wp-content\/uploads\/2024\/01\/maebebeleite.jpg\" \/>\n\t<meta property=\"og:image:width\" content=\"533\" \/>\n\t<meta property=\"og:image:height\" content=\"799\" \/>\n\t<meta property=\"og:image:type\" content=\"image\/jpeg\" \/>\n<meta name=\"author\" content=\"Reda\u00e7\u00e3o\" \/>\n<meta name=\"twitter:card\" content=\"summary_large_image\" \/>\n<meta name=\"twitter:creator\" content=\"@Notibras\" \/>\n<meta name=\"twitter:site\" content=\"@Notibras\" \/>\n<meta name=\"twitter:label1\" content=\"Escrito por\" \/>\n\t<meta name=\"twitter:data1\" content=\"Reda\u00e7\u00e3o\" \/>\n\t<meta name=\"twitter:label2\" content=\"Est. tempo de leitura\" \/>\n\t<meta name=\"twitter:data2\" content=\"5 minutos\" \/>\n<script type=\"application\/ld+json\" class=\"yoast-schema-graph\">{\"@context\":\"https:\/\/schema.org\",\"@graph\":[{\"@type\":\"Article\",\"@id\":\"https:\/\/www.notibras.com\/site\/aleitamento-materno-no-df-supera-media-nacional\/#article\",\"isPartOf\":{\"@id\":\"https:\/\/www.notibras.com\/site\/aleitamento-materno-no-df-supera-media-nacional\/\"},\"author\":{\"name\":\"Reda\u00e7\u00e3o\",\"@id\":\"https:\/\/www.notibras.com\/site\/#\/schema\/person\/36ab0979449956132d3e5b517ea76ac8\"},\"headline\":\"Aleitamento materno no DF supera m\u00e9dia nacional\",\"datePublished\":\"2024-01-29T03:00:25+00:00\",\"dateModified\":\"2024-01-29T11:00:00+00:00\",\"mainEntityOfPage\":{\"@id\":\"https:\/\/www.notibras.com\/site\/aleitamento-materno-no-df-supera-media-nacional\/\"},\"wordCount\":840,\"publisher\":{\"@id\":\"https:\/\/www.notibras.com\/site\/#organization\"},\"image\":{\"@id\":\"https:\/\/www.notibras.com\/site\/aleitamento-materno-no-df-supera-media-nacional\/#primaryimage\"},\"thumbnailUrl\":\"https:\/\/www.notibras.com\/site\/wp-content\/uploads\/2024\/01\/maebebeleite.jpg\",\"articleSection\":[\"Quadradinho em Foco\"],\"inLanguage\":\"pt-BR\"},{\"@type\":\"WebPage\",\"@id\":\"https:\/\/www.notibras.com\/site\/aleitamento-materno-no-df-supera-media-nacional\/\",\"url\":\"https:\/\/www.notibras.com\/site\/aleitamento-materno-no-df-supera-media-nacional\/\",\"name\":\"Aleitamento materno no DF supera m\u00e9dia nacional - Notibras\",\"isPartOf\":{\"@id\":\"https:\/\/www.notibras.com\/site\/#website\"},\"primaryImageOfPage\":{\"@id\":\"https:\/\/www.notibras.com\/site\/aleitamento-materno-no-df-supera-media-nacional\/#primaryimage\"},\"image\":{\"@id\":\"https:\/\/www.notibras.com\/site\/aleitamento-materno-no-df-supera-media-nacional\/#primaryimage\"},\"thumbnailUrl\":\"https:\/\/www.notibras.com\/site\/wp-content\/uploads\/2024\/01\/maebebeleite.jpg\",\"datePublished\":\"2024-01-29T03:00:25+00:00\",\"dateModified\":\"2024-01-29T11:00:00+00:00\",\"breadcrumb\":{\"@id\":\"https:\/\/www.notibras.com\/site\/aleitamento-materno-no-df-supera-media-nacional\/#breadcrumb\"},\"inLanguage\":\"pt-BR\",\"potentialAction\":[{\"@type\":\"ReadAction\",\"target\":[\"https:\/\/www.notibras.com\/site\/aleitamento-materno-no-df-supera-media-nacional\/\"]}]},{\"@type\":\"ImageObject\",\"inLanguage\":\"pt-BR\",\"@id\":\"https:\/\/www.notibras.com\/site\/aleitamento-materno-no-df-supera-media-nacional\/#primaryimage\",\"url\":\"https:\/\/www.notibras.com\/site\/wp-content\/uploads\/2024\/01\/maebebeleite.jpg\",\"contentUrl\":\"https:\/\/www.notibras.com\/site\/wp-content\/uploads\/2024\/01\/maebebeleite.jpg\",\"width\":533,\"height\":799},{\"@type\":\"BreadcrumbList\",\"@id\":\"https:\/\/www.notibras.com\/site\/aleitamento-materno-no-df-supera-media-nacional\/#breadcrumb\",\"itemListElement\":[{\"@type\":\"ListItem\",\"position\":1,\"name\":\"In\u00edcio\",\"item\":\"https:\/\/www.notibras.com\/site\/\"},{\"@type\":\"ListItem\",\"position\":2,\"name\":\"Aleitamento materno no DF supera m\u00e9dia nacional\"}]},{\"@type\":\"WebSite\",\"@id\":\"https:\/\/www.notibras.com\/site\/#website\",\"url\":\"https:\/\/www.notibras.com\/site\/\",\"name\":\"Notibras\",\"description\":\"Not\u00edcias de Bras\u00edlia, do Brasil e do Mundo\",\"publisher\":{\"@id\":\"https:\/\/www.notibras.com\/site\/#organization\"},\"potentialAction\":[{\"@type\":\"SearchAction\",\"target\":{\"@type\":\"EntryPoint\",\"urlTemplate\":\"https:\/\/www.notibras.com\/site\/?s={search_term_string}\"},\"query-input\":{\"@type\":\"PropertyValueSpecification\",\"valueRequired\":true,\"valueName\":\"search_term_string\"}}],\"inLanguage\":\"pt-BR\"},{\"@type\":\"Organization\",\"@id\":\"https:\/\/www.notibras.com\/site\/#organization\",\"name\":\"Grupo Notibras de Comunica\u00e7\u00e3o\",\"url\":\"https:\/\/www.notibras.com\/site\/\",\"logo\":{\"@type\":\"ImageObject\",\"inLanguage\":\"pt-BR\",\"@id\":\"https:\/\/www.notibras.com\/site\/#\/schema\/logo\/image\/\",\"url\":\"https:\/\/www.notibras.com\/site\/wp-content\/uploads\/2023\/01\/notibras23.png\",\"contentUrl\":\"https:\/\/www.notibras.com\/site\/wp-content\/uploads\/2023\/01\/notibras23.png\",\"width\":350,\"height\":87,\"caption\":\"Grupo Notibras de Comunica\u00e7\u00e3o\"},\"image\":{\"@id\":\"https:\/\/www.notibras.com\/site\/#\/schema\/logo\/image\/\"},\"sameAs\":[\"https:\/\/www.facebook.com\/notibras\/\",\"https:\/\/x.com\/Notibras\",\"https:\/\/www.instagram.com\/notibras\/\"]},{\"@type\":\"Person\",\"@id\":\"https:\/\/www.notibras.com\/site\/#\/schema\/person\/36ab0979449956132d3e5b517ea76ac8\",\"name\":\"Reda\u00e7\u00e3o\",\"image\":{\"@type\":\"ImageObject\",\"inLanguage\":\"pt-BR\",\"@id\":\"https:\/\/secure.gravatar.com\/avatar\/e0a867bdedb85fd243eadf09663511f96fc81e0720a4a42581f334ad4303aa6b?s=96&d=mm&r=g\",\"url\":\"https:\/\/secure.gravatar.com\/avatar\/e0a867bdedb85fd243eadf09663511f96fc81e0720a4a42581f334ad4303aa6b?s=96&d=mm&r=g\",\"contentUrl\":\"https:\/\/secure.gravatar.com\/avatar\/e0a867bdedb85fd243eadf09663511f96fc81e0720a4a42581f334ad4303aa6b?s=96&d=mm&r=g\",\"caption\":\"Reda\u00e7\u00e3o\"}}]}<\/script>\n<!-- \/ Yoast SEO plugin. -->","yoast_head_json":{"title":"Aleitamento materno no DF supera m\u00e9dia nacional - Notibras","robots":{"index":"index","follow":"follow","max-snippet":"max-snippet:-1","max-image-preview":"max-image-preview:large","max-video-preview":"max-video-preview:-1"},"canonical":"https:\/\/www.notibras.com\/site\/aleitamento-materno-no-df-supera-media-nacional\/","og_locale":"pt_BR","og_type":"article","og_title":"Aleitamento materno no DF supera m\u00e9dia nacional - Notibras","og_description":"O Distrito Federal ultrapassou a m\u00e9dia nacional de aleitamento materno. Estudo elaborado pela Secretaria de Sa\u00fade (SES-DF) revelou que 66,2% dos beb\u00eas de at\u00e9 seis meses se alimentavam apenas do leite da m\u00e3e, n\u00famero quase 20 pontos porcentuais acima do \u00edndice registrado no Brasil, que \u00e9 de 45,7%. Al\u00e9m disso, 66% das crian\u00e7as entre 6 [&hellip;]","og_url":"https:\/\/www.notibras.com\/site\/aleitamento-materno-no-df-supera-media-nacional\/","og_site_name":"Notibras","article_publisher":"https:\/\/www.facebook.com\/notibras\/","article_published_time":"2024-01-29T03:00:25+00:00","article_modified_time":"2024-01-29T11:00:00+00:00","og_image":[{"width":533,"height":799,"url":"https:\/\/www.notibras.com\/site\/wp-content\/uploads\/2024\/01\/maebebeleite.jpg","type":"image\/jpeg"}],"author":"Reda\u00e7\u00e3o","twitter_card":"summary_large_image","twitter_creator":"@Notibras","twitter_site":"@Notibras","twitter_misc":{"Escrito por":"Reda\u00e7\u00e3o","Est. tempo de leitura":"5 minutos"},"schema":{"@context":"https:\/\/schema.org","@graph":[{"@type":"Article","@id":"https:\/\/www.notibras.com\/site\/aleitamento-materno-no-df-supera-media-nacional\/#article","isPartOf":{"@id":"https:\/\/www.notibras.com\/site\/aleitamento-materno-no-df-supera-media-nacional\/"},"author":{"name":"Reda\u00e7\u00e3o","@id":"https:\/\/www.notibras.com\/site\/#\/schema\/person\/36ab0979449956132d3e5b517ea76ac8"},"headline":"Aleitamento materno no DF supera m\u00e9dia nacional","datePublished":"2024-01-29T03:00:25+00:00","dateModified":"2024-01-29T11:00:00+00:00","mainEntityOfPage":{"@id":"https:\/\/www.notibras.com\/site\/aleitamento-materno-no-df-supera-media-nacional\/"},"wordCount":840,"publisher":{"@id":"https:\/\/www.notibras.com\/site\/#organization"},"image":{"@id":"https:\/\/www.notibras.com\/site\/aleitamento-materno-no-df-supera-media-nacional\/#primaryimage"},"thumbnailUrl":"https:\/\/www.notibras.com\/site\/wp-content\/uploads\/2024\/01\/maebebeleite.jpg","articleSection":["Quadradinho em Foco"],"inLanguage":"pt-BR"},{"@type":"WebPage","@id":"https:\/\/www.notibras.com\/site\/aleitamento-materno-no-df-supera-media-nacional\/","url":"https:\/\/www.notibras.com\/site\/aleitamento-materno-no-df-supera-media-nacional\/","name":"Aleitamento materno no DF supera m\u00e9dia nacional - Notibras","isPartOf":{"@id":"https:\/\/www.notibras.com\/site\/#website"},"primaryImageOfPage":{"@id":"https:\/\/www.notibras.com\/site\/aleitamento-materno-no-df-supera-media-nacional\/#primaryimage"},"image":{"@id":"https:\/\/www.notibras.com\/site\/aleitamento-materno-no-df-supera-media-nacional\/#primaryimage"},"thumbnailUrl":"https:\/\/www.notibras.com\/site\/wp-content\/uploads\/2024\/01\/maebebeleite.jpg","datePublished":"2024-01-29T03:00:25+00:00","dateModified":"2024-01-29T11:00:00+00:00","breadcrumb":{"@id":"https:\/\/www.notibras.com\/site\/aleitamento-materno-no-df-supera-media-nacional\/#breadcrumb"},"inLanguage":"pt-BR","potentialAction":[{"@type":"ReadAction","target":["https:\/\/www.notibras.com\/site\/aleitamento-materno-no-df-supera-media-nacional\/"]}]},{"@type":"ImageObject","inLanguage":"pt-BR","@id":"https:\/\/www.notibras.com\/site\/aleitamento-materno-no-df-supera-media-nacional\/#primaryimage","url":"https:\/\/www.notibras.com\/site\/wp-content\/uploads\/2024\/01\/maebebeleite.jpg","contentUrl":"https:\/\/www.notibras.com\/site\/wp-content\/uploads\/2024\/01\/maebebeleite.jpg","width":533,"height":799},{"@type":"BreadcrumbList","@id":"https:\/\/www.notibras.com\/site\/aleitamento-materno-no-df-supera-media-nacional\/#breadcrumb","itemListElement":[{"@type":"ListItem","position":1,"name":"In\u00edcio","item":"https:\/\/www.notibras.com\/site\/"},{"@type":"ListItem","position":2,"name":"Aleitamento materno no DF supera m\u00e9dia nacional"}]},{"@type":"WebSite","@id":"https:\/\/www.notibras.com\/site\/#website","url":"https:\/\/www.notibras.com\/site\/","name":"Notibras","description":"Not\u00edcias de Bras\u00edlia, do Brasil e do Mundo","publisher":{"@id":"https:\/\/www.notibras.com\/site\/#organization"},"potentialAction":[{"@type":"SearchAction","target":{"@type":"EntryPoint","urlTemplate":"https:\/\/www.notibras.com\/site\/?s={search_term_string}"},"query-input":{"@type":"PropertyValueSpecification","valueRequired":true,"valueName":"search_term_string"}}],"inLanguage":"pt-BR"},{"@type":"Organization","@id":"https:\/\/www.notibras.com\/site\/#organization","name":"Grupo Notibras de Comunica\u00e7\u00e3o","url":"https:\/\/www.notibras.com\/site\/","logo":{"@type":"ImageObject","inLanguage":"pt-BR","@id":"https:\/\/www.notibras.com\/site\/#\/schema\/logo\/image\/","url":"https:\/\/www.notibras.com\/site\/wp-content\/uploads\/2023\/01\/notibras23.png","contentUrl":"https:\/\/www.notibras.com\/site\/wp-content\/uploads\/2023\/01\/notibras23.png","width":350,"height":87,"caption":"Grupo Notibras de Comunica\u00e7\u00e3o"},"image":{"@id":"https:\/\/www.notibras.com\/site\/#\/schema\/logo\/image\/"},"sameAs":["https:\/\/www.facebook.com\/notibras\/","https:\/\/x.com\/Notibras","https:\/\/www.instagram.com\/notibras\/"]},{"@type":"Person","@id":"https:\/\/www.notibras.com\/site\/#\/schema\/person\/36ab0979449956132d3e5b517ea76ac8","name":"Reda\u00e7\u00e3o","image":{"@type":"ImageObject","inLanguage":"pt-BR","@id":"https:\/\/secure.gravatar.com\/avatar\/e0a867bdedb85fd243eadf09663511f96fc81e0720a4a42581f334ad4303aa6b?s=96&d=mm&r=g","url":"https:\/\/secure.gravatar.com\/avatar\/e0a867bdedb85fd243eadf09663511f96fc81e0720a4a42581f334ad4303aa6b?s=96&d=mm&r=g","contentUrl":"https:\/\/secure.gravatar.com\/avatar\/e0a867bdedb85fd243eadf09663511f96fc81e0720a4a42581f334ad4303aa6b?s=96&d=mm&r=g","caption":"Reda\u00e7\u00e3o"}}]}},"amp_enabled":true,"_links":{"self":[{"href":"https:\/\/www.notibras.com\/site\/wp-json\/wp\/v2\/posts\/321337","targetHints":{"allow":["GET"]}}],"collection":[{"href":"https:\/\/www.notibras.com\/site\/wp-json\/wp\/v2\/posts"}],"about":[{"href":"https:\/\/www.notibras.com\/site\/wp-json\/wp\/v2\/types\/post"}],"author":[{"embeddable":true,"href":"https:\/\/www.notibras.com\/site\/wp-json\/wp\/v2\/users\/2"}],"replies":[{"embeddable":true,"href":"https:\/\/www.notibras.com\/site\/wp-json\/wp\/v2\/comments?post=321337"}],"version-history":[{"count":1,"href":"https:\/\/www.notibras.com\/site\/wp-json\/wp\/v2\/posts\/321337\/revisions"}],"predecessor-version":[{"id":321339,"href":"https:\/\/www.notibras.com\/site\/wp-json\/wp\/v2\/posts\/321337\/revisions\/321339"}],"wp:featuredmedia":[{"embeddable":true,"href":"https:\/\/www.notibras.com\/site\/wp-json\/wp\/v2\/media\/321338"}],"wp:attachment":[{"href":"https:\/\/www.notibras.com\/site\/wp-json\/wp\/v2\/media?parent=321337"}],"wp:term":[{"taxonomy":"category","embeddable":true,"href":"https:\/\/www.notibras.com\/site\/wp-json\/wp\/v2\/categories?post=321337"},{"taxonomy":"post_tag","embeddable":true,"href":"https:\/\/www.notibras.com\/site\/wp-json\/wp\/v2\/tags?post=321337"}],"curies":[{"name":"wp","href":"https:\/\/api.w.org\/{rel}","templated":true}]}}