{"id":321400,"date":"2024-01-30T00:21:39","date_gmt":"2024-01-30T03:21:39","guid":{"rendered":"https:\/\/www.notibras.com\/site\/?p=321400"},"modified":"2024-01-30T09:23:33","modified_gmt":"2024-01-30T12:23:33","slug":"outback-lanca-drink-especial-com-a-cara-do-verao","status":"publish","type":"post","link":"https:\/\/www.notibras.com\/site\/outback-lanca-drink-especial-com-a-cara-do-verao\/","title":{"rendered":"Outback lan\u00e7a drink especial com a cara do ver\u00e3o"},"content":{"rendered":"<p>Os drinques sem \u00e1lcool, conhecidos como mocktails, v\u00eam ganhando espa\u00e7o no cora\u00e7\u00e3o dos consumidores por atenderem a demanda de alternativas saborosas, alinhadas ao estilo de vida mais equilibrado da gera\u00e7\u00e3o Z. S\u00f3 nos 155 restaurantes do Outback espalhados pelo Brasil, a categoria de mocktail cresceu 13% no ano passado no comparativo com 2022.<\/p>\n<p>Seguindo essa tend\u00eancia, o Bold Flavour do Outback se uniu \u00e0 energia da Red Bull para uma super novidade: a partir de 29 de janeiro, clientes poder\u00e3o saborear o lan\u00e7amento Tropical Summer Fresh (R$ 29,90), mocktail que sobe o n\u00edvel de refresc\u00e2ncia e energia com a combina\u00e7\u00e3o de Red Bull\u00ae Tropical, limonada, xarope de gengibre e uma espuma c\u00edtrica refrescante com toque de xarope de manga. A op\u00e7\u00e3o est\u00e1 dispon\u00edvel exclusivamente nos restaurantes f\u00edsicos do Outback em todo o Brasil.<\/p>\n<p>\u201cEstamos sempre atentos \u00e0s mudan\u00e7as de h\u00e1bito de consumo e \u00e0s tend\u00eancias do mercado para trazermos novidades que estejam alinhadas aos desejos dos nossos clientes. Aproveitando o \u00e1pice do ver\u00e3o, apresentamos um mocktail que oferece uma uni\u00e3o poderosa de sabores e nossa primeira parceria com a Red Bull, para que os consumidores de ambas as marcas possam desfrutar de uma experi\u00eancia in\u00e9dita dentro de nossos restaurantes\u201d, diz Laura Godoi, gerente de marketing e pesquisa do Outback no Brasil.<\/p>\n","protected":false},"excerpt":{"rendered":"<p>Os drinques sem \u00e1lcool, conhecidos como mocktails, v\u00eam ganhando espa\u00e7o no cora\u00e7\u00e3o dos consumidores por atenderem a demanda de alternativas saborosas, alinhadas ao estilo de vida mais equilibrado da gera\u00e7\u00e3o Z. S\u00f3 nos 155 restaurantes do Outback espalhados pelo Brasil, a categoria de mocktail cresceu 13% no ano passado no comparativo com 2022. Seguindo essa [&hellip;]<\/p>\n","protected":false},"author":2,"featured_media":321401,"comment_status":"closed","ping_status":"closed","sticky":false,"template":"","format":"standard","meta":{"_acf_changed":false,"footnotes":""},"categories":[161],"tags":[],"class_list":["post-321400","post","type-post","status-publish","format-standard","has-post-thumbnail","hentry","category-quadradinho-em-foco"],"acf":[],"yoast_head":"<!-- This site is optimized with the Yoast SEO plugin v27.2 - https:\/\/yoast.com\/product\/yoast-seo-wordpress\/ -->\n<title>Outback lan\u00e7a drink especial com a cara do ver\u00e3o - Notibras<\/title>\n<meta name=\"robots\" content=\"index, follow, max-snippet:-1, max-image-preview:large, max-video-preview:-1\" \/>\n<link rel=\"canonical\" href=\"https:\/\/www.notibras.com\/site\/outback-lanca-drink-especial-com-a-cara-do-verao\/\" \/>\n<meta property=\"og:locale\" content=\"pt_BR\" \/>\n<meta property=\"og:type\" content=\"article\" \/>\n<meta property=\"og:title\" content=\"Outback lan\u00e7a drink especial com a cara do ver\u00e3o - Notibras\" \/>\n<meta property=\"og:description\" content=\"Os drinques sem \u00e1lcool, conhecidos como mocktails, v\u00eam ganhando espa\u00e7o no cora\u00e7\u00e3o dos consumidores por atenderem a demanda de alternativas saborosas, alinhadas ao estilo de vida mais equilibrado da gera\u00e7\u00e3o Z. S\u00f3 nos 155 restaurantes do Outback espalhados pelo Brasil, a categoria de mocktail cresceu 13% no ano passado no comparativo com 2022. Seguindo essa [&hellip;]\" \/>\n<meta property=\"og:url\" content=\"https:\/\/www.notibras.com\/site\/outback-lanca-drink-especial-com-a-cara-do-verao\/\" \/>\n<meta property=\"og:site_name\" content=\"Notibras\" \/>\n<meta property=\"article:publisher\" content=\"https:\/\/www.facebook.com\/notibras\/\" \/>\n<meta property=\"article:published_time\" content=\"2024-01-30T03:21:39+00:00\" \/>\n<meta property=\"article:modified_time\" content=\"2024-01-30T12:23:33+00:00\" \/>\n<meta property=\"og:image\" content=\"https:\/\/www.notibras.com\/site\/wp-content\/uploads\/2024\/01\/Outback-Drink-Red-Bull-scaled.jpg\" \/>\n\t<meta property=\"og:image:width\" content=\"2560\" \/>\n\t<meta property=\"og:image:height\" content=\"1707\" \/>\n\t<meta property=\"og:image:type\" content=\"image\/jpeg\" \/>\n<meta name=\"author\" content=\"Reda\u00e7\u00e3o\" \/>\n<meta name=\"twitter:card\" content=\"summary_large_image\" \/>\n<meta name=\"twitter:creator\" content=\"@Notibras\" \/>\n<meta name=\"twitter:site\" content=\"@Notibras\" \/>\n<meta name=\"twitter:label1\" content=\"Escrito por\" \/>\n\t<meta name=\"twitter:data1\" content=\"Reda\u00e7\u00e3o\" \/>\n\t<meta name=\"twitter:label2\" content=\"Est. tempo de leitura\" \/>\n\t<meta name=\"twitter:data2\" content=\"2 minutos\" \/>\n<script type=\"application\/ld+json\" class=\"yoast-schema-graph\">{\"@context\":\"https:\/\/schema.org\",\"@graph\":[{\"@type\":\"Article\",\"@id\":\"https:\/\/www.notibras.com\/site\/outback-lanca-drink-especial-com-a-cara-do-verao\/#article\",\"isPartOf\":{\"@id\":\"https:\/\/www.notibras.com\/site\/outback-lanca-drink-especial-com-a-cara-do-verao\/\"},\"author\":{\"name\":\"Reda\u00e7\u00e3o\",\"@id\":\"https:\/\/www.notibras.com\/site\/#\/schema\/person\/36ab0979449956132d3e5b517ea76ac8\"},\"headline\":\"Outback lan\u00e7a drink especial com a cara do ver\u00e3o\",\"datePublished\":\"2024-01-30T03:21:39+00:00\",\"dateModified\":\"2024-01-30T12:23:33+00:00\",\"mainEntityOfPage\":{\"@id\":\"https:\/\/www.notibras.com\/site\/outback-lanca-drink-especial-com-a-cara-do-verao\/\"},\"wordCount\":237,\"publisher\":{\"@id\":\"https:\/\/www.notibras.com\/site\/#organization\"},\"image\":{\"@id\":\"https:\/\/www.notibras.com\/site\/outback-lanca-drink-especial-com-a-cara-do-verao\/#primaryimage\"},\"thumbnailUrl\":\"https:\/\/www.notibras.com\/site\/wp-content\/uploads\/2024\/01\/Outback-Drink-Red-Bull-scaled.jpg\",\"articleSection\":[\"Quadradinho em Foco\"],\"inLanguage\":\"pt-BR\"},{\"@type\":\"WebPage\",\"@id\":\"https:\/\/www.notibras.com\/site\/outback-lanca-drink-especial-com-a-cara-do-verao\/\",\"url\":\"https:\/\/www.notibras.com\/site\/outback-lanca-drink-especial-com-a-cara-do-verao\/\",\"name\":\"Outback lan\u00e7a drink especial com a cara do ver\u00e3o - Notibras\",\"isPartOf\":{\"@id\":\"https:\/\/www.notibras.com\/site\/#website\"},\"primaryImageOfPage\":{\"@id\":\"https:\/\/www.notibras.com\/site\/outback-lanca-drink-especial-com-a-cara-do-verao\/#primaryimage\"},\"image\":{\"@id\":\"https:\/\/www.notibras.com\/site\/outback-lanca-drink-especial-com-a-cara-do-verao\/#primaryimage\"},\"thumbnailUrl\":\"https:\/\/www.notibras.com\/site\/wp-content\/uploads\/2024\/01\/Outback-Drink-Red-Bull-scaled.jpg\",\"datePublished\":\"2024-01-30T03:21:39+00:00\",\"dateModified\":\"2024-01-30T12:23:33+00:00\",\"breadcrumb\":{\"@id\":\"https:\/\/www.notibras.com\/site\/outback-lanca-drink-especial-com-a-cara-do-verao\/#breadcrumb\"},\"inLanguage\":\"pt-BR\",\"potentialAction\":[{\"@type\":\"ReadAction\",\"target\":[\"https:\/\/www.notibras.com\/site\/outback-lanca-drink-especial-com-a-cara-do-verao\/\"]}]},{\"@type\":\"ImageObject\",\"inLanguage\":\"pt-BR\",\"@id\":\"https:\/\/www.notibras.com\/site\/outback-lanca-drink-especial-com-a-cara-do-verao\/#primaryimage\",\"url\":\"https:\/\/www.notibras.com\/site\/wp-content\/uploads\/2024\/01\/Outback-Drink-Red-Bull-scaled.jpg\",\"contentUrl\":\"https:\/\/www.notibras.com\/site\/wp-content\/uploads\/2024\/01\/Outback-Drink-Red-Bull-scaled.jpg\",\"width\":2560,\"height\":1707},{\"@type\":\"BreadcrumbList\",\"@id\":\"https:\/\/www.notibras.com\/site\/outback-lanca-drink-especial-com-a-cara-do-verao\/#breadcrumb\",\"itemListElement\":[{\"@type\":\"ListItem\",\"position\":1,\"name\":\"In\u00edcio\",\"item\":\"https:\/\/www.notibras.com\/site\/\"},{\"@type\":\"ListItem\",\"position\":2,\"name\":\"Outback lan\u00e7a drink especial com a cara do ver\u00e3o\"}]},{\"@type\":\"WebSite\",\"@id\":\"https:\/\/www.notibras.com\/site\/#website\",\"url\":\"https:\/\/www.notibras.com\/site\/\",\"name\":\"Notibras\",\"description\":\"Not\u00edcias de Bras\u00edlia, do Brasil e do Mundo\",\"publisher\":{\"@id\":\"https:\/\/www.notibras.com\/site\/#organization\"},\"potentialAction\":[{\"@type\":\"SearchAction\",\"target\":{\"@type\":\"EntryPoint\",\"urlTemplate\":\"https:\/\/www.notibras.com\/site\/?s={search_term_string}\"},\"query-input\":{\"@type\":\"PropertyValueSpecification\",\"valueRequired\":true,\"valueName\":\"search_term_string\"}}],\"inLanguage\":\"pt-BR\"},{\"@type\":\"Organization\",\"@id\":\"https:\/\/www.notibras.com\/site\/#organization\",\"name\":\"Grupo Notibras de Comunica\u00e7\u00e3o\",\"url\":\"https:\/\/www.notibras.com\/site\/\",\"logo\":{\"@type\":\"ImageObject\",\"inLanguage\":\"pt-BR\",\"@id\":\"https:\/\/www.notibras.com\/site\/#\/schema\/logo\/image\/\",\"url\":\"https:\/\/www.notibras.com\/site\/wp-content\/uploads\/2023\/01\/notibras23.png\",\"contentUrl\":\"https:\/\/www.notibras.com\/site\/wp-content\/uploads\/2023\/01\/notibras23.png\",\"width\":350,\"height\":87,\"caption\":\"Grupo Notibras de Comunica\u00e7\u00e3o\"},\"image\":{\"@id\":\"https:\/\/www.notibras.com\/site\/#\/schema\/logo\/image\/\"},\"sameAs\":[\"https:\/\/www.facebook.com\/notibras\/\",\"https:\/\/x.com\/Notibras\",\"https:\/\/www.instagram.com\/notibras\/\"]},{\"@type\":\"Person\",\"@id\":\"https:\/\/www.notibras.com\/site\/#\/schema\/person\/36ab0979449956132d3e5b517ea76ac8\",\"name\":\"Reda\u00e7\u00e3o\",\"image\":{\"@type\":\"ImageObject\",\"inLanguage\":\"pt-BR\",\"@id\":\"https:\/\/secure.gravatar.com\/avatar\/e0a867bdedb85fd243eadf09663511f96fc81e0720a4a42581f334ad4303aa6b?s=96&d=mm&r=g\",\"url\":\"https:\/\/secure.gravatar.com\/avatar\/e0a867bdedb85fd243eadf09663511f96fc81e0720a4a42581f334ad4303aa6b?s=96&d=mm&r=g\",\"contentUrl\":\"https:\/\/secure.gravatar.com\/avatar\/e0a867bdedb85fd243eadf09663511f96fc81e0720a4a42581f334ad4303aa6b?s=96&d=mm&r=g\",\"caption\":\"Reda\u00e7\u00e3o\"}}]}<\/script>\n<!-- \/ Yoast SEO plugin. -->","yoast_head_json":{"title":"Outback lan\u00e7a drink especial com a cara do ver\u00e3o - Notibras","robots":{"index":"index","follow":"follow","max-snippet":"max-snippet:-1","max-image-preview":"max-image-preview:large","max-video-preview":"max-video-preview:-1"},"canonical":"https:\/\/www.notibras.com\/site\/outback-lanca-drink-especial-com-a-cara-do-verao\/","og_locale":"pt_BR","og_type":"article","og_title":"Outback lan\u00e7a drink especial com a cara do ver\u00e3o - Notibras","og_description":"Os drinques sem \u00e1lcool, conhecidos como mocktails, v\u00eam ganhando espa\u00e7o no cora\u00e7\u00e3o dos consumidores por atenderem a demanda de alternativas saborosas, alinhadas ao estilo de vida mais equilibrado da gera\u00e7\u00e3o Z. S\u00f3 nos 155 restaurantes do Outback espalhados pelo Brasil, a categoria de mocktail cresceu 13% no ano passado no comparativo com 2022. Seguindo essa [&hellip;]","og_url":"https:\/\/www.notibras.com\/site\/outback-lanca-drink-especial-com-a-cara-do-verao\/","og_site_name":"Notibras","article_publisher":"https:\/\/www.facebook.com\/notibras\/","article_published_time":"2024-01-30T03:21:39+00:00","article_modified_time":"2024-01-30T12:23:33+00:00","og_image":[{"width":2560,"height":1707,"url":"https:\/\/www.notibras.com\/site\/wp-content\/uploads\/2024\/01\/Outback-Drink-Red-Bull-scaled.jpg","type":"image\/jpeg"}],"author":"Reda\u00e7\u00e3o","twitter_card":"summary_large_image","twitter_creator":"@Notibras","twitter_site":"@Notibras","twitter_misc":{"Escrito por":"Reda\u00e7\u00e3o","Est. tempo de leitura":"2 minutos"},"schema":{"@context":"https:\/\/schema.org","@graph":[{"@type":"Article","@id":"https:\/\/www.notibras.com\/site\/outback-lanca-drink-especial-com-a-cara-do-verao\/#article","isPartOf":{"@id":"https:\/\/www.notibras.com\/site\/outback-lanca-drink-especial-com-a-cara-do-verao\/"},"author":{"name":"Reda\u00e7\u00e3o","@id":"https:\/\/www.notibras.com\/site\/#\/schema\/person\/36ab0979449956132d3e5b517ea76ac8"},"headline":"Outback lan\u00e7a drink especial com a cara do ver\u00e3o","datePublished":"2024-01-30T03:21:39+00:00","dateModified":"2024-01-30T12:23:33+00:00","mainEntityOfPage":{"@id":"https:\/\/www.notibras.com\/site\/outback-lanca-drink-especial-com-a-cara-do-verao\/"},"wordCount":237,"publisher":{"@id":"https:\/\/www.notibras.com\/site\/#organization"},"image":{"@id":"https:\/\/www.notibras.com\/site\/outback-lanca-drink-especial-com-a-cara-do-verao\/#primaryimage"},"thumbnailUrl":"https:\/\/www.notibras.com\/site\/wp-content\/uploads\/2024\/01\/Outback-Drink-Red-Bull-scaled.jpg","articleSection":["Quadradinho em Foco"],"inLanguage":"pt-BR"},{"@type":"WebPage","@id":"https:\/\/www.notibras.com\/site\/outback-lanca-drink-especial-com-a-cara-do-verao\/","url":"https:\/\/www.notibras.com\/site\/outback-lanca-drink-especial-com-a-cara-do-verao\/","name":"Outback lan\u00e7a drink especial com a cara do ver\u00e3o - Notibras","isPartOf":{"@id":"https:\/\/www.notibras.com\/site\/#website"},"primaryImageOfPage":{"@id":"https:\/\/www.notibras.com\/site\/outback-lanca-drink-especial-com-a-cara-do-verao\/#primaryimage"},"image":{"@id":"https:\/\/www.notibras.com\/site\/outback-lanca-drink-especial-com-a-cara-do-verao\/#primaryimage"},"thumbnailUrl":"https:\/\/www.notibras.com\/site\/wp-content\/uploads\/2024\/01\/Outback-Drink-Red-Bull-scaled.jpg","datePublished":"2024-01-30T03:21:39+00:00","dateModified":"2024-01-30T12:23:33+00:00","breadcrumb":{"@id":"https:\/\/www.notibras.com\/site\/outback-lanca-drink-especial-com-a-cara-do-verao\/#breadcrumb"},"inLanguage":"pt-BR","potentialAction":[{"@type":"ReadAction","target":["https:\/\/www.notibras.com\/site\/outback-lanca-drink-especial-com-a-cara-do-verao\/"]}]},{"@type":"ImageObject","inLanguage":"pt-BR","@id":"https:\/\/www.notibras.com\/site\/outback-lanca-drink-especial-com-a-cara-do-verao\/#primaryimage","url":"https:\/\/www.notibras.com\/site\/wp-content\/uploads\/2024\/01\/Outback-Drink-Red-Bull-scaled.jpg","contentUrl":"https:\/\/www.notibras.com\/site\/wp-content\/uploads\/2024\/01\/Outback-Drink-Red-Bull-scaled.jpg","width":2560,"height":1707},{"@type":"BreadcrumbList","@id":"https:\/\/www.notibras.com\/site\/outback-lanca-drink-especial-com-a-cara-do-verao\/#breadcrumb","itemListElement":[{"@type":"ListItem","position":1,"name":"In\u00edcio","item":"https:\/\/www.notibras.com\/site\/"},{"@type":"ListItem","position":2,"name":"Outback lan\u00e7a drink especial com a cara do ver\u00e3o"}]},{"@type":"WebSite","@id":"https:\/\/www.notibras.com\/site\/#website","url":"https:\/\/www.notibras.com\/site\/","name":"Notibras","description":"Not\u00edcias de Bras\u00edlia, do Brasil e do Mundo","publisher":{"@id":"https:\/\/www.notibras.com\/site\/#organization"},"potentialAction":[{"@type":"SearchAction","target":{"@type":"EntryPoint","urlTemplate":"https:\/\/www.notibras.com\/site\/?s={search_term_string}"},"query-input":{"@type":"PropertyValueSpecification","valueRequired":true,"valueName":"search_term_string"}}],"inLanguage":"pt-BR"},{"@type":"Organization","@id":"https:\/\/www.notibras.com\/site\/#organization","name":"Grupo Notibras de Comunica\u00e7\u00e3o","url":"https:\/\/www.notibras.com\/site\/","logo":{"@type":"ImageObject","inLanguage":"pt-BR","@id":"https:\/\/www.notibras.com\/site\/#\/schema\/logo\/image\/","url":"https:\/\/www.notibras.com\/site\/wp-content\/uploads\/2023\/01\/notibras23.png","contentUrl":"https:\/\/www.notibras.com\/site\/wp-content\/uploads\/2023\/01\/notibras23.png","width":350,"height":87,"caption":"Grupo Notibras de Comunica\u00e7\u00e3o"},"image":{"@id":"https:\/\/www.notibras.com\/site\/#\/schema\/logo\/image\/"},"sameAs":["https:\/\/www.facebook.com\/notibras\/","https:\/\/x.com\/Notibras","https:\/\/www.instagram.com\/notibras\/"]},{"@type":"Person","@id":"https:\/\/www.notibras.com\/site\/#\/schema\/person\/36ab0979449956132d3e5b517ea76ac8","name":"Reda\u00e7\u00e3o","image":{"@type":"ImageObject","inLanguage":"pt-BR","@id":"https:\/\/secure.gravatar.com\/avatar\/e0a867bdedb85fd243eadf09663511f96fc81e0720a4a42581f334ad4303aa6b?s=96&d=mm&r=g","url":"https:\/\/secure.gravatar.com\/avatar\/e0a867bdedb85fd243eadf09663511f96fc81e0720a4a42581f334ad4303aa6b?s=96&d=mm&r=g","contentUrl":"https:\/\/secure.gravatar.com\/avatar\/e0a867bdedb85fd243eadf09663511f96fc81e0720a4a42581f334ad4303aa6b?s=96&d=mm&r=g","caption":"Reda\u00e7\u00e3o"}}]}},"amp_enabled":true,"_links":{"self":[{"href":"https:\/\/www.notibras.com\/site\/wp-json\/wp\/v2\/posts\/321400","targetHints":{"allow":["GET"]}}],"collection":[{"href":"https:\/\/www.notibras.com\/site\/wp-json\/wp\/v2\/posts"}],"about":[{"href":"https:\/\/www.notibras.com\/site\/wp-json\/wp\/v2\/types\/post"}],"author":[{"embeddable":true,"href":"https:\/\/www.notibras.com\/site\/wp-json\/wp\/v2\/users\/2"}],"replies":[{"embeddable":true,"href":"https:\/\/www.notibras.com\/site\/wp-json\/wp\/v2\/comments?post=321400"}],"version-history":[{"count":1,"href":"https:\/\/www.notibras.com\/site\/wp-json\/wp\/v2\/posts\/321400\/revisions"}],"predecessor-version":[{"id":321402,"href":"https:\/\/www.notibras.com\/site\/wp-json\/wp\/v2\/posts\/321400\/revisions\/321402"}],"wp:featuredmedia":[{"embeddable":true,"href":"https:\/\/www.notibras.com\/site\/wp-json\/wp\/v2\/media\/321401"}],"wp:attachment":[{"href":"https:\/\/www.notibras.com\/site\/wp-json\/wp\/v2\/media?parent=321400"}],"wp:term":[{"taxonomy":"category","embeddable":true,"href":"https:\/\/www.notibras.com\/site\/wp-json\/wp\/v2\/categories?post=321400"},{"taxonomy":"post_tag","embeddable":true,"href":"https:\/\/www.notibras.com\/site\/wp-json\/wp\/v2\/tags?post=321400"}],"curies":[{"name":"wp","href":"https:\/\/api.w.org\/{rel}","templated":true}]}}